{"id":386600,"date":"2026-03-13T00:30:35","date_gmt":"2026-03-13T03:30:35","guid":{"rendered":"https:\/\/www.notibras.com\/site\/?p=386600"},"modified":"2026-03-12T07:23:58","modified_gmt":"2026-03-12T10:23:58","slug":"ei-cuidado-fenix","status":"publish","type":"post","link":"https:\/\/www.notibras.com\/site\/ei-cuidado-fenix\/","title":{"rendered":"Ei, cuidado, F\u00eanix!"},"content":{"rendered":"<p>&#8220;Aprendi que as pistas s\u00f3 fazem sentido se conseguirmos estabelecer rela\u00e7\u00f5es entre elas. F\u00eanix-Notre Dame&#8230; Seriam mesmo apenas coincid\u00eancias?&#8221;<\/p>\n<p>O homem vivia nas ruas e eu pouco sabia dele. Sempre o observara, mas nada de pintar a fa\u00edsca. Passou a ser para mim: o homem-sem-hist\u00f3ria.<\/p>\n<p>Naquela manh\u00e3, um inc\u00eandio destru\u00edra a \u00d3pera La F\u00eanice, constru\u00edda h\u00e1 dois s\u00e9culos em Veneza. No Brasil, A TV mostraria \u00e0 exaust\u00e3o a<br \/>\ntrag\u00e9dia da menina Raquel, 9 anos, encontrada morta, estrangulada, dentro de uma bolsa, na rodovi\u00e1ria de Curitiba.<\/p>\n<p>\u00c0 noite, no Jornal Nacional, acompanho o discurso da vit\u00f3ria de Barack Obama, o primeiro negro eleito presidente dos Estados Unidos da Am\u00e9rica. Adorme\u00e7o. Sonho com o homem-sem-hist\u00f3ria e acordo com o r\u00e1dio replicando as trombetas do pastor Abravanel:<\/p>\n<p>&#8220;A chama fumegante&#8230; a chama que queima e salva a alma&#8230; Arrependei-vos, pecadores!&#8221;<\/p>\n<p>Penso no homem-sem-hist\u00f3ria, nas imagens desconexas do sonho\/del\u00edrio, mas o que fica mesmo s\u00e3o as pragas de fogo do Abravanel.<\/p>\n<p>Caf\u00e9 requentado, p\u00e3o amanhecido e um cigarro antes do c\u00e2ncer fatal.<\/p>\n<p>Fecho o c\u00f4modo\/ostra e saio para a rua em busca de fatos que inspirem um texto qualquer.<\/p>\n<p>&#8220;N\u00e3o, n\u00e3o posso passar pela vida repetindo a triste saga daquele homem-sem-nome, sem passado, sem hist\u00f3ria&#8221;.<\/p>\n<p>Entro na Biblioteca Municipal e pesquiso num site sobre Veneza. Em dois s\u00e9culos, tr\u00eas sinistros. Praga fatal de fogo, destrui\u00e7\u00e3o e reconstru\u00e7\u00e3o eterna na cidade que flutua sobre as \u00e1guas.<\/p>\n<p>La F\u00eanice\/F\u00eanix, a casa de espet\u00e1culo queimou por completo. F\u00eanix, a ave mitol\u00f3gica grega que quando acuada queima sob o sol e do pouco que sobra de seus restos mortais, surge milagrosamente uma esp\u00e9cie de verme que se desenvolve em segundos, gerando uma nova ave, id\u00eantica \u00e0 F\u00eanix. Da\u00ed o mito: o renascer das pr\u00f3prias cinzas.<\/p>\n<p>Saio do site da F\u00eanix e entro em Not\u00edcias do Minuto. No discurso de Obama, a frase lapidar, &#8220;N\u00f3s somos um; somos o mundo! Sim, n\u00f3s podemos!&#8221;. Noutra p\u00e1gina, nova manchete: &#8220;Bolsa do caso Raquel foi comprada na Loja F\u00eanix&#8221;. Penso n\u00e3o passar de coincid\u00eancias. Aprendi que as pistas s\u00f3 fazem sentido se conseguirmos estabelecer rela\u00e7\u00f5es entre elas. F\u00eanix&#8230;. Seriam mesmo apenas coincid\u00eancias?<\/p>\n<p>Deixo a Biblioteca e enveredo pela ruela at\u00e9 o Bar Ves\u00favio. L\u00e1 encontro Jorge Cabe\u00e7a, morador de rua e excelente papo. Fila um cigarro e vai direto ao assunto:<\/p>\n<p>&#8220;Professor, o pobre do Chaves dormia debaixo da marquise e tacaram fogo nele, meu! Ningu\u00e9m sabe quem&#8230; nem teve tempo de acordar! Morreu sozinho; feito um porquinho assado!&#8221;<\/p>\n<p>Pobre diabo, o Loco Chaves.<\/p>\n<p>Pago a cerveja e ganho a rua. As not\u00edcias girando em minha cabe\u00e7a: Veneza, Curitiba, Raquel, Obama, Loco Chaves, F\u00eanix&#8230; Z\u00e1z!<\/p>\n<p>Para fechar a combust\u00e3o, Paris: violento inc\u00eandio queima a Catedral de Notre Dame. Templo hist\u00f3rico da humanidade. Cinzas.<\/p>\n<p>Fim da tarde; giro a chave e estou de volta ao c\u00f4modo\/ostra. Abro o g\u00e1s do fog\u00e3o e penso na hist\u00f3ria do homem-sem-hist\u00f3ria. Como seria o seu passado? Seus sonhos, amores, desventuras? Teria ele vivido em Veneza ou conhecido a Notre Dame? Talvez tenha passado pela rodovi\u00e1ria de Curitiba segundos antes do corpinho da menina Raquel ter sido abandonado debaixo daquela escada?<\/p>\n<p>Decido mandar tudo pelos ares. Apanho o isqueiro, risco a pedra e nada. Risco outra vez: nada! Nenhuma explos\u00e3o. A cozinha ainda est\u00e1 ali; e eu continuo irremediavelmente vivo. Verifico o botij\u00e3o. Sem g\u00e1s. O espelho da janela reflete meu riso de canto de boca, pat\u00e9tico e impotente.<\/p>\n<p>Tu \u00e9s incompetente at\u00e9 para fechar a cena, hein&#8230; Mequetrefe! Vives com o c\u00e9rebro em chamas e ainda tens aquele sonho de menino de um dia tornar-se bombeiro&#8230;Merda!<\/p>\n<p>Ligo o r\u00e1dio e o pastor Abravanel berra e baba:<\/p>\n<p>&#8220;O esp\u00edrito humano \u00e9 indestrut\u00edvel e sua capacidade de renascer das cinzas \u00e9 infinita&#8230; F\u00eanix&#8230; F\u00eanix&#8230; Notre Dame&#8230; Arrependei-vos, pecadores!&#8230;o fogo escarlate purificar\u00e1!&#8221;.<\/p>\n<p>Desligo o r\u00e1dio e ligo a TV, implorando o sono hipn\u00f3tico dos raios cat\u00f3dicos. Acomodado no pequeno sof\u00e1, aos p\u00e9s da cama, o homem-sem-hist\u00f3ria balbucia palavras desconexas, em del\u00edrio\/transe.<\/p>\n<p>Digo-lhe a sauda\u00e7\u00e3o-c\u00f3digo:<\/p>\n<p>&#8220;Boa noite, parceiro.&#8221;<\/p>\n<p>Depois \u2013 at\u00f4nito-, grito para a grande ave acocorada no canto da pequena sala:<\/p>\n<p>&#8220;Ei, cuidado F\u00eanix!!!&#8221;.<\/p>\n<p><strong>&#8230;&#8230;&#8230;&#8230;&#8230;&#8230;&#8230;&#8230;&#8230;&#8230;&#8230;&#8230;&#8230;&#8230;&#8230;&#8230;..<\/strong><\/p>\n<p><strong>Gilberto Motta \u00e9 escritor, jornalista, professor\/pesquisador e leitor contumaz h\u00e1 30 anos do conto &#8220;O Pirot\u00e9cnico Zacarias&#8221;, de Murilo Rubi\u00e3o. Vive, nos \u00faltimos anos, na Guarda do Emba\u00fa, vila de pescadores, turistas e nativos no litoral Sul de SC.<\/strong><\/p>\n","protected":false},"excerpt":{"rendered":"<p>&#8220;Aprendi que as pistas s\u00f3 fazem sentido se conseguirmos estabelecer rela\u00e7\u00f5es entre elas. F\u00eanix-Notre Dame&#8230; Seriam mesmo apenas coincid\u00eancias?&#8221; O homem vivia nas ruas e eu pouco sabia dele. Sempre o observara, mas nada de pintar a fa\u00edsca. Passou a ser para mim: o homem-sem-hist\u00f3ria. Naquela manh\u00e3, um inc\u00eandio destru\u00edra a \u00d3pera La F\u00eanice, constru\u00edda [&hellip;]<\/p>\n","protected":false},"author":21,"featured_media":386601,"comment_status":"closed","ping_status":"closed","sticky":false,"template":"","format":"standard","meta":{"_acf_changed":false,"footnotes":""},"categories":[234],"tags":[],"class_list":["post-386600","post","type-post","status-publish","format-standard","has-post-thumbnail","hentry","category-cafe-literario"],"acf":[],"yoast_head":"<!-- This site is optimized with the Yoast SEO plugin v27.2 - https:\/\/yoast.com\/product\/yoast-seo-wordpress\/ -->\n<title>Ei, cuidado, F\u00eanix! - Notibras<\/title>\n<meta name=\"robots\" content=\"index, follow, max-snippet:-1, max-image-preview:large, max-video-preview:-1\" \/>\n<link rel=\"canonical\" href=\"https:\/\/www.notibras.com\/site\/ei-cuidado-fenix\/\" \/>\n<meta property=\"og:locale\" content=\"pt_BR\" \/>\n<meta property=\"og:type\" content=\"article\" \/>\n<meta property=\"og:title\" content=\"Ei, cuidado, F\u00eanix! - Notibras\" \/>\n<meta property=\"og:description\" content=\"&#8220;Aprendi que as pistas s\u00f3 fazem sentido se conseguirmos estabelecer rela\u00e7\u00f5es entre elas. F\u00eanix-Notre Dame&#8230; Seriam mesmo apenas coincid\u00eancias?&#8221; O homem vivia nas ruas e eu pouco sabia dele. Sempre o observara, mas nada de pintar a fa\u00edsca. Passou a ser para mim: o homem-sem-hist\u00f3ria. Naquela manh\u00e3, um inc\u00eandio destru\u00edra a \u00d3pera La F\u00eanice, constru\u00edda [&hellip;]\" \/>\n<meta property=\"og:url\" content=\"https:\/\/www.notibras.com\/site\/ei-cuidado-fenix\/\" \/>\n<meta property=\"og:site_name\" content=\"Notibras\" \/>\n<meta property=\"article:publisher\" content=\"https:\/\/www.facebook.com\/notibras\/\" \/>\n<meta property=\"article:published_time\" content=\"2026-03-13T03:30:35+00:00\" \/>\n<meta property=\"og:image\" content=\"https:\/\/www.notibras.com\/site\/wp-content\/uploads\/2026\/03\/image-6.png\" \/>\n\t<meta property=\"og:image:width\" content=\"720\" \/>\n\t<meta property=\"og:image:height\" content=\"478\" \/>\n\t<meta property=\"og:image:type\" content=\"image\/png\" \/>\n<meta name=\"author\" content=\"Eduardo Mart\u00ednez\" \/>\n<meta name=\"twitter:card\" content=\"summary_large_image\" \/>\n<meta name=\"twitter:creator\" content=\"@Notibras\" \/>\n<meta name=\"twitter:site\" content=\"@Notibras\" \/>\n<meta name=\"twitter:label1\" content=\"Escrito por\" \/>\n\t<meta name=\"twitter:data1\" content=\"Eduardo Mart\u00ednez\" \/>\n\t<meta name=\"twitter:label2\" content=\"Est. tempo de leitura\" \/>\n\t<meta name=\"twitter:data2\" content=\"5 minutos\" \/>\n<script type=\"application\/ld+json\" class=\"yoast-schema-graph\">{\"@context\":\"https:\/\/schema.org\",\"@graph\":[{\"@type\":\"Article\",\"@id\":\"https:\/\/www.notibras.com\/site\/ei-cuidado-fenix\/#article\",\"isPartOf\":{\"@id\":\"https:\/\/www.notibras.com\/site\/ei-cuidado-fenix\/\"},\"author\":{\"name\":\"Eduardo Mart\u00ednez\",\"@id\":\"https:\/\/www.notibras.com\/site\/#\/schema\/person\/5b7fabf2aedc3ada2105f03b22b4d3dd\"},\"headline\":\"Ei, cuidado, F\u00eanix!\",\"datePublished\":\"2026-03-13T03:30:35+00:00\",\"mainEntityOfPage\":{\"@id\":\"https:\/\/www.notibras.com\/site\/ei-cuidado-fenix\/\"},\"wordCount\":805,\"publisher\":{\"@id\":\"https:\/\/www.notibras.com\/site\/#organization\"},\"image\":{\"@id\":\"https:\/\/www.notibras.com\/site\/ei-cuidado-fenix\/#primaryimage\"},\"thumbnailUrl\":\"https:\/\/www.notibras.com\/site\/wp-content\/uploads\/2026\/03\/image-6.png\",\"articleSection\":[\"Caf\u00e9 Liter\u00e1rio\"],\"inLanguage\":\"pt-BR\"},{\"@type\":\"WebPage\",\"@id\":\"https:\/\/www.notibras.com\/site\/ei-cuidado-fenix\/\",\"url\":\"https:\/\/www.notibras.com\/site\/ei-cuidado-fenix\/\",\"name\":\"Ei, cuidado, F\u00eanix! - Notibras\",\"isPartOf\":{\"@id\":\"https:\/\/www.notibras.com\/site\/#website\"},\"primaryImageOfPage\":{\"@id\":\"https:\/\/www.notibras.com\/site\/ei-cuidado-fenix\/#primaryimage\"},\"image\":{\"@id\":\"https:\/\/www.notibras.com\/site\/ei-cuidado-fenix\/#primaryimage\"},\"thumbnailUrl\":\"https:\/\/www.notibras.com\/site\/wp-content\/uploads\/2026\/03\/image-6.png\",\"datePublished\":\"2026-03-13T03:30:35+00:00\",\"breadcrumb\":{\"@id\":\"https:\/\/www.notibras.com\/site\/ei-cuidado-fenix\/#breadcrumb\"},\"inLanguage\":\"pt-BR\",\"potentialAction\":[{\"@type\":\"ReadAction\",\"target\":[\"https:\/\/www.notibras.com\/site\/ei-cuidado-fenix\/\"]}]},{\"@type\":\"ImageObject\",\"inLanguage\":\"pt-BR\",\"@id\":\"https:\/\/www.notibras.com\/site\/ei-cuidado-fenix\/#primaryimage\",\"url\":\"https:\/\/www.notibras.com\/site\/wp-content\/uploads\/2026\/03\/image-6.png\",\"contentUrl\":\"https:\/\/www.notibras.com\/site\/wp-content\/uploads\/2026\/03\/image-6.png\",\"width\":720,\"height\":478},{\"@type\":\"BreadcrumbList\",\"@id\":\"https:\/\/www.notibras.com\/site\/ei-cuidado-fenix\/#breadcrumb\",\"itemListElement\":[{\"@type\":\"ListItem\",\"position\":1,\"name\":\"In\u00edcio\",\"item\":\"https:\/\/www.notibras.com\/site\/\"},{\"@type\":\"ListItem\",\"position\":2,\"name\":\"Ei, cuidado, F\u00eanix!\"}]},{\"@type\":\"WebSite\",\"@id\":\"https:\/\/www.notibras.com\/site\/#website\",\"url\":\"https:\/\/www.notibras.com\/site\/\",\"name\":\"Notibras\",\"description\":\"Not\u00edcias de Bras\u00edlia, do Brasil e do Mundo\",\"publisher\":{\"@id\":\"https:\/\/www.notibras.com\/site\/#organization\"},\"potentialAction\":[{\"@type\":\"SearchAction\",\"target\":{\"@type\":\"EntryPoint\",\"urlTemplate\":\"https:\/\/www.notibras.com\/site\/?s={search_term_string}\"},\"query-input\":{\"@type\":\"PropertyValueSpecification\",\"valueRequired\":true,\"valueName\":\"search_term_string\"}}],\"inLanguage\":\"pt-BR\"},{\"@type\":\"Organization\",\"@id\":\"https:\/\/www.notibras.com\/site\/#organization\",\"name\":\"Grupo Notibras de Comunica\u00e7\u00e3o\",\"url\":\"https:\/\/www.notibras.com\/site\/\",\"logo\":{\"@type\":\"ImageObject\",\"inLanguage\":\"pt-BR\",\"@id\":\"https:\/\/www.notibras.com\/site\/#\/schema\/logo\/image\/\",\"url\":\"https:\/\/www.notibras.com\/site\/wp-content\/uploads\/2023\/01\/notibras23.png\",\"contentUrl\":\"https:\/\/www.notibras.com\/site\/wp-content\/uploads\/2023\/01\/notibras23.png\",\"width\":350,\"height\":87,\"caption\":\"Grupo Notibras de Comunica\u00e7\u00e3o\"},\"image\":{\"@id\":\"https:\/\/www.notibras.com\/site\/#\/schema\/logo\/image\/\"},\"sameAs\":[\"https:\/\/www.facebook.com\/notibras\/\",\"https:\/\/x.com\/Notibras\",\"https:\/\/www.instagram.com\/notibras\/\"]},{\"@type\":\"Person\",\"@id\":\"https:\/\/www.notibras.com\/site\/#\/schema\/person\/5b7fabf2aedc3ada2105f03b22b4d3dd\",\"name\":\"Eduardo Mart\u00ednez\",\"image\":{\"@type\":\"ImageObject\",\"inLanguage\":\"pt-BR\",\"@id\":\"https:\/\/secure.gravatar.com\/avatar\/7902f906289926289cbcda644b5197c796b893c6ffd7b9a536a42d290f7704a0?s=96&d=mm&r=g\",\"url\":\"https:\/\/secure.gravatar.com\/avatar\/7902f906289926289cbcda644b5197c796b893c6ffd7b9a536a42d290f7704a0?s=96&d=mm&r=g\",\"contentUrl\":\"https:\/\/secure.gravatar.com\/avatar\/7902f906289926289cbcda644b5197c796b893c6ffd7b9a536a42d290f7704a0?s=96&d=mm&r=g\",\"caption\":\"Eduardo Mart\u00ednez\"}}]}<\/script>\n<!-- \/ Yoast SEO plugin. -->","yoast_head_json":{"title":"Ei, cuidado, F\u00eanix! - Notibras","robots":{"index":"index","follow":"follow","max-snippet":"max-snippet:-1","max-image-preview":"max-image-preview:large","max-video-preview":"max-video-preview:-1"},"canonical":"https:\/\/www.notibras.com\/site\/ei-cuidado-fenix\/","og_locale":"pt_BR","og_type":"article","og_title":"Ei, cuidado, F\u00eanix! - Notibras","og_description":"&#8220;Aprendi que as pistas s\u00f3 fazem sentido se conseguirmos estabelecer rela\u00e7\u00f5es entre elas. F\u00eanix-Notre Dame&#8230; Seriam mesmo apenas coincid\u00eancias?&#8221; O homem vivia nas ruas e eu pouco sabia dele. Sempre o observara, mas nada de pintar a fa\u00edsca. Passou a ser para mim: o homem-sem-hist\u00f3ria. Naquela manh\u00e3, um inc\u00eandio destru\u00edra a \u00d3pera La F\u00eanice, constru\u00edda [&hellip;]","og_url":"https:\/\/www.notibras.com\/site\/ei-cuidado-fenix\/","og_site_name":"Notibras","article_publisher":"https:\/\/www.facebook.com\/notibras\/","article_published_time":"2026-03-13T03:30:35+00:00","og_image":[{"width":720,"height":478,"url":"https:\/\/www.notibras.com\/site\/wp-content\/uploads\/2026\/03\/image-6.png","type":"image\/png"}],"author":"Eduardo Mart\u00ednez","twitter_card":"summary_large_image","twitter_creator":"@Notibras","twitter_site":"@Notibras","twitter_misc":{"Escrito por":"Eduardo Mart\u00ednez","Est. tempo de leitura":"5 minutos"},"schema":{"@context":"https:\/\/schema.org","@graph":[{"@type":"Article","@id":"https:\/\/www.notibras.com\/site\/ei-cuidado-fenix\/#article","isPartOf":{"@id":"https:\/\/www.notibras.com\/site\/ei-cuidado-fenix\/"},"author":{"name":"Eduardo Mart\u00ednez","@id":"https:\/\/www.notibras.com\/site\/#\/schema\/person\/5b7fabf2aedc3ada2105f03b22b4d3dd"},"headline":"Ei, cuidado, F\u00eanix!","datePublished":"2026-03-13T03:30:35+00:00","mainEntityOfPage":{"@id":"https:\/\/www.notibras.com\/site\/ei-cuidado-fenix\/"},"wordCount":805,"publisher":{"@id":"https:\/\/www.notibras.com\/site\/#organization"},"image":{"@id":"https:\/\/www.notibras.com\/site\/ei-cuidado-fenix\/#primaryimage"},"thumbnailUrl":"https:\/\/www.notibras.com\/site\/wp-content\/uploads\/2026\/03\/image-6.png","articleSection":["Caf\u00e9 Liter\u00e1rio"],"inLanguage":"pt-BR"},{"@type":"WebPage","@id":"https:\/\/www.notibras.com\/site\/ei-cuidado-fenix\/","url":"https:\/\/www.notibras.com\/site\/ei-cuidado-fenix\/","name":"Ei, cuidado, F\u00eanix! - Notibras","isPartOf":{"@id":"https:\/\/www.notibras.com\/site\/#website"},"primaryImageOfPage":{"@id":"https:\/\/www.notibras.com\/site\/ei-cuidado-fenix\/#primaryimage"},"image":{"@id":"https:\/\/www.notibras.com\/site\/ei-cuidado-fenix\/#primaryimage"},"thumbnailUrl":"https:\/\/www.notibras.com\/site\/wp-content\/uploads\/2026\/03\/image-6.png","datePublished":"2026-03-13T03:30:35+00:00","breadcrumb":{"@id":"https:\/\/www.notibras.com\/site\/ei-cuidado-fenix\/#breadcrumb"},"inLanguage":"pt-BR","potentialAction":[{"@type":"ReadAction","target":["https:\/\/www.notibras.com\/site\/ei-cuidado-fenix\/"]}]},{"@type":"ImageObject","inLanguage":"pt-BR","@id":"https:\/\/www.notibras.com\/site\/ei-cuidado-fenix\/#primaryimage","url":"https:\/\/www.notibras.com\/site\/wp-content\/uploads\/2026\/03\/image-6.png","contentUrl":"https:\/\/www.notibras.com\/site\/wp-content\/uploads\/2026\/03\/image-6.png","width":720,"height":478},{"@type":"BreadcrumbList","@id":"https:\/\/www.notibras.com\/site\/ei-cuidado-fenix\/#breadcrumb","itemListElement":[{"@type":"ListItem","position":1,"name":"In\u00edcio","item":"https:\/\/www.notibras.com\/site\/"},{"@type":"ListItem","position":2,"name":"Ei, cuidado, F\u00eanix!"}]},{"@type":"WebSite","@id":"https:\/\/www.notibras.com\/site\/#website","url":"https:\/\/www.notibras.com\/site\/","name":"Notibras","description":"Not\u00edcias de Bras\u00edlia, do Brasil e do Mundo","publisher":{"@id":"https:\/\/www.notibras.com\/site\/#organization"},"potentialAction":[{"@type":"SearchAction","target":{"@type":"EntryPoint","urlTemplate":"https:\/\/www.notibras.com\/site\/?s={search_term_string}"},"query-input":{"@type":"PropertyValueSpecification","valueRequired":true,"valueName":"search_term_string"}}],"inLanguage":"pt-BR"},{"@type":"Organization","@id":"https:\/\/www.notibras.com\/site\/#organization","name":"Grupo Notibras de Comunica\u00e7\u00e3o","url":"https:\/\/www.notibras.com\/site\/","logo":{"@type":"ImageObject","inLanguage":"pt-BR","@id":"https:\/\/www.notibras.com\/site\/#\/schema\/logo\/image\/","url":"https:\/\/www.notibras.com\/site\/wp-content\/uploads\/2023\/01\/notibras23.png","contentUrl":"https:\/\/www.notibras.com\/site\/wp-content\/uploads\/2023\/01\/notibras23.png","width":350,"height":87,"caption":"Grupo Notibras de Comunica\u00e7\u00e3o"},"image":{"@id":"https:\/\/www.notibras.com\/site\/#\/schema\/logo\/image\/"},"sameAs":["https:\/\/www.facebook.com\/notibras\/","https:\/\/x.com\/Notibras","https:\/\/www.instagram.com\/notibras\/"]},{"@type":"Person","@id":"https:\/\/www.notibras.com\/site\/#\/schema\/person\/5b7fabf2aedc3ada2105f03b22b4d3dd","name":"Eduardo Mart\u00ednez","image":{"@type":"ImageObject","inLanguage":"pt-BR","@id":"https:\/\/secure.gravatar.com\/avatar\/7902f906289926289cbcda644b5197c796b893c6ffd7b9a536a42d290f7704a0?s=96&d=mm&r=g","url":"https:\/\/secure.gravatar.com\/avatar\/7902f906289926289cbcda644b5197c796b893c6ffd7b9a536a42d290f7704a0?s=96&d=mm&r=g","contentUrl":"https:\/\/secure.gravatar.com\/avatar\/7902f906289926289cbcda644b5197c796b893c6ffd7b9a536a42d290f7704a0?s=96&d=mm&r=g","caption":"Eduardo Mart\u00ednez"}}]}},"amp_enabled":true,"_links":{"self":[{"href":"https:\/\/www.notibras.com\/site\/wp-json\/wp\/v2\/posts\/386600","targetHints":{"allow":["GET"]}}],"collection":[{"href":"https:\/\/www.notibras.com\/site\/wp-json\/wp\/v2\/posts"}],"about":[{"href":"https:\/\/www.notibras.com\/site\/wp-json\/wp\/v2\/types\/post"}],"author":[{"embeddable":true,"href":"https:\/\/www.notibras.com\/site\/wp-json\/wp\/v2\/users\/21"}],"replies":[{"embeddable":true,"href":"https:\/\/www.notibras.com\/site\/wp-json\/wp\/v2\/comments?post=386600"}],"version-history":[{"count":2,"href":"https:\/\/www.notibras.com\/site\/wp-json\/wp\/v2\/posts\/386600\/revisions"}],"predecessor-version":[{"id":386603,"href":"https:\/\/www.notibras.com\/site\/wp-json\/wp\/v2\/posts\/386600\/revisions\/386603"}],"wp:featuredmedia":[{"embeddable":true,"href":"https:\/\/www.notibras.com\/site\/wp-json\/wp\/v2\/media\/386601"}],"wp:attachment":[{"href":"https:\/\/www.notibras.com\/site\/wp-json\/wp\/v2\/media?parent=386600"}],"wp:term":[{"taxonomy":"category","embeddable":true,"href":"https:\/\/www.notibras.com\/site\/wp-json\/wp\/v2\/categories?post=386600"},{"taxonomy":"post_tag","embeddable":true,"href":"https:\/\/www.notibras.com\/site\/wp-json\/wp\/v2\/tags?post=386600"}],"curies":[{"name":"wp","href":"https:\/\/api.w.org\/{rel}","templated":true}]}}