{"id":386606,"date":"2026-03-13T00:15:14","date_gmt":"2026-03-13T03:15:14","guid":{"rendered":"https:\/\/www.notibras.com\/site\/?p=386606"},"modified":"2026-03-12T07:52:23","modified_gmt":"2026-03-12T10:52:23","slug":"deu-b-o-no-olimpo","status":"publish","type":"post","link":"https:\/\/www.notibras.com\/site\/deu-b-o-no-olimpo\/","title":{"rendered":"Deu B.O. no Olimpo"},"content":{"rendered":"<p>In\u00edcio da guerra de Troia. Os barcos aqueus atracavam no litoral da \u00c1sia, enquanto, l\u00e1 de cima, os deuses do Olimpo se preparavam para assistir de camarote \u00e0 carnificina que logo iria come\u00e7ar.<\/p>\n<p>Os \u00e2nimos esquentavam no pante\u00e3o hel\u00eanico, pois a tigrada estava dividida. V\u00e1rias divindades apoiavam a cidadela da \u00c1sia Menor. A come\u00e7ar por Afrodite: ela recebera do troiano P\u00e1ris o galard\u00e3o de mais linda deusa, e fizera a bela Helena, esposa do rei espartano Menelau, se apaixonar pelo rapaz e fugir com ele, o que provocou o chabu, em bom carioqu\u00eas, abriu o B.O..<\/p>\n<p>A deusa do amor e da sedu\u00e7\u00e3o n\u00e3o era a \u00fanica. Apolo, padroeiro de Troia, e sua irm\u00e3 g\u00eamea \u00c1rtemis tamb\u00e9m defendiam os atacados. Ares, o deus da guerra, fora convencido pelos encantos (\u00f4 bicho pra ter nome) de Afrodite a se aliar aos asi\u00e1ticos. E o pr\u00f3prio Zeus, embora se esfor\u00e7asse por aparentar neutralidade, simpatizava com a causa do rei Pr\u00edamo, em breve atacado pelos aqueus.<\/p>\n<p>A maioria das divindades, por\u00e9m, ficou ao lado dos helenos. A come\u00e7ar por Hera, primeira&#8211;dama do Olimpo, provavelmente de pura birra, para se vingar de Zeus, seu esposo mulherengo. Al\u00e9m do mais, o fiodeumaegua do P\u00e1ris a rejeitara no concurso de beleza das deusas&#8230;<\/p>\n<p>O mesmo motivo estava por tr\u00e1s da hostilidade de Atena aos troianos. A deusa da sabedoria e da estrat\u00e9gia oferecera a P\u00e1ris a vit\u00f3ria militar se ele a escolhesse no concurso da mais bela imortal, mas ele preferiu coroar Afrodite, e a\u00ed j\u00e1 viu, deusa despeitada \u00e9 fogo.<\/p>\n<p>Al\u00e9m das duas m\u00e1s perdedoras, os aqueus tinham o apoio de Poseidon, deus dos mares; de Hefesto, deus do fogo e dos metais, esposo da dadivosa Afrodite; e de Hermes, o mensageiro dos deuses. E tamb\u00e9m da ninfa marinha T\u00e9tis, que havia criado Hefesto e era m\u00e3e do her\u00f3i hel\u00eanico Aquiles.<\/p>\n<p>As paix\u00f5es se inflamavam, os dois lados j\u00e1 trocavam palavr\u00f5es cabeludos (n\u00e3o tenho como reproduzi-los, palavr\u00f5es em grego s\u00e3o grego pra mim), quando Afrodite, ainda mais bela devido ao furor, exclamou:<\/p>\n<p>&#8211; Dou pro primeiro corno pr\u00f3-aqueu que trocar de lado!<\/p>\n<p>Poseidon e Hermes se entreolharam. A proposta era tentadora, mas aceit\u00e1-la trazia o risco de enfrentar a ira de Hefesto, sempre guampeado, mas, afinal, marido da generosa do Olimpo; e, ainda pior, de Ares, o amante oficial. Com um suspiro de pesar, os dois continuaram a apoiar os helenos.<\/p>\n<p>Mas de pouco adiantou, o violento Ares entrou no rebu. Enfurecido, baixou a porrada nos machos pr\u00f3-aqueus. Foi contido, a custo, por Atena, tamb\u00e9m associada \u00e0 guerra.<\/p>\n<p>Antes que o \u00edcor, o sangue dourado dos deuses, escorresse no Olimpo, Zeus tratou de apaziguar a mo\u00e7ada:<\/p>\n<p>&#8211; Parem com isso! Conhe\u00e7o meu gado, sei que cada lado vai apoiar os seus protegidos, sejam os aqueus, sejam os troianos. E ter\u00e3o muitas oportunidades para isso, que a guerra vai ser longa&#8230; Mas precisamos conservar um m\u00ednimo de harmonia aqui em cima. Al\u00e9m do mais, o resultado do confronto j\u00e1 \u00e9 conhecido: os aqueus vencem bem no finalzinho.<\/p>\n<p>&#8211; Pai, consultou o meu Or\u00e1culo de Delfos? \u2013 perguntou Apolo, patrono do mais famoso or\u00e1culo da Antiguidade. \u2013 Dei instru\u00e7\u00f5es para que as pitonisas n\u00e3o respondessem a essa pergunta&#8230; \u2013 concluiu, decepcionado.<\/p>\n<p>&#8211; Filho, n\u00e3o precisa castigar suas servidoras \u2013 respondeu o deus dos deuses. \u2013 N\u00e3o, n\u00e3o consultei o or\u00e1culo, vi nesse aparelhinho que trouxe do futuro, coisa do primeiro mundo!<\/p>\n<p>E mostrou aos botocudos um smartphone de 5G, a quinta gera\u00e7\u00e3o da rede m\u00f3vel, de internet muito mais r\u00e1pida. Claro, n\u00e3o havia internet nem eletricidade para recarreg\u00e1-lo, mas isso n\u00e3o era problema para o senhor do raio, que, afinal, \u00e9 uma descarga el\u00e9trica.<\/p>\n","protected":false},"excerpt":{"rendered":"<p>In\u00edcio da guerra de Troia. Os barcos aqueus atracavam no litoral da \u00c1sia, enquanto, l\u00e1 de cima, os deuses do Olimpo se preparavam para assistir de camarote \u00e0 carnificina que logo iria come\u00e7ar. Os \u00e2nimos esquentavam no pante\u00e3o hel\u00eanico, pois a tigrada estava dividida. V\u00e1rias divindades apoiavam a cidadela da \u00c1sia Menor. A come\u00e7ar por [&hellip;]<\/p>\n","protected":false},"author":21,"featured_media":386607,"comment_status":"closed","ping_status":"closed","sticky":false,"template":"","format":"standard","meta":{"_acf_changed":false,"footnotes":""},"categories":[234],"tags":[],"class_list":["post-386606","post","type-post","status-publish","format-standard","has-post-thumbnail","hentry","category-cafe-literario"],"acf":[],"yoast_head":"<!-- This site is optimized with the Yoast SEO plugin v27.2 - https:\/\/yoast.com\/product\/yoast-seo-wordpress\/ -->\n<title>Deu B.O. no Olimpo - Notibras<\/title>\n<meta name=\"robots\" content=\"index, follow, max-snippet:-1, max-image-preview:large, max-video-preview:-1\" \/>\n<link rel=\"canonical\" href=\"https:\/\/www.notibras.com\/site\/deu-b-o-no-olimpo\/\" \/>\n<meta property=\"og:locale\" content=\"pt_BR\" \/>\n<meta property=\"og:type\" content=\"article\" \/>\n<meta property=\"og:title\" content=\"Deu B.O. no Olimpo - Notibras\" \/>\n<meta property=\"og:description\" content=\"In\u00edcio da guerra de Troia. Os barcos aqueus atracavam no litoral da \u00c1sia, enquanto, l\u00e1 de cima, os deuses do Olimpo se preparavam para assistir de camarote \u00e0 carnificina que logo iria come\u00e7ar. Os \u00e2nimos esquentavam no pante\u00e3o hel\u00eanico, pois a tigrada estava dividida. V\u00e1rias divindades apoiavam a cidadela da \u00c1sia Menor. A come\u00e7ar por [&hellip;]\" \/>\n<meta property=\"og:url\" content=\"https:\/\/www.notibras.com\/site\/deu-b-o-no-olimpo\/\" \/>\n<meta property=\"og:site_name\" content=\"Notibras\" \/>\n<meta property=\"article:publisher\" content=\"https:\/\/www.facebook.com\/notibras\/\" \/>\n<meta property=\"article:published_time\" content=\"2026-03-13T03:15:14+00:00\" \/>\n<meta property=\"og:image\" content=\"https:\/\/www.notibras.com\/site\/wp-content\/uploads\/2026\/03\/WhatsApp-Image-2026-03-12-at-07.48.33.jpeg\" \/>\n\t<meta property=\"og:image:width\" content=\"1319\" \/>\n\t<meta property=\"og:image:height\" content=\"754\" \/>\n\t<meta property=\"og:image:type\" content=\"image\/jpeg\" \/>\n<meta name=\"author\" content=\"Eduardo Mart\u00ednez\" \/>\n<meta name=\"twitter:card\" content=\"summary_large_image\" \/>\n<meta name=\"twitter:creator\" content=\"@Notibras\" \/>\n<meta name=\"twitter:site\" content=\"@Notibras\" \/>\n<meta name=\"twitter:label1\" content=\"Escrito por\" \/>\n\t<meta name=\"twitter:data1\" content=\"Eduardo Mart\u00ednez\" \/>\n\t<meta name=\"twitter:label2\" content=\"Est. tempo de leitura\" \/>\n\t<meta name=\"twitter:data2\" content=\"4 minutos\" \/>\n<script type=\"application\/ld+json\" class=\"yoast-schema-graph\">{\"@context\":\"https:\/\/schema.org\",\"@graph\":[{\"@type\":\"Article\",\"@id\":\"https:\/\/www.notibras.com\/site\/deu-b-o-no-olimpo\/#article\",\"isPartOf\":{\"@id\":\"https:\/\/www.notibras.com\/site\/deu-b-o-no-olimpo\/\"},\"author\":{\"name\":\"Eduardo Mart\u00ednez\",\"@id\":\"https:\/\/www.notibras.com\/site\/#\/schema\/person\/5b7fabf2aedc3ada2105f03b22b4d3dd\"},\"headline\":\"Deu B.O. no Olimpo\",\"datePublished\":\"2026-03-13T03:15:14+00:00\",\"mainEntityOfPage\":{\"@id\":\"https:\/\/www.notibras.com\/site\/deu-b-o-no-olimpo\/\"},\"wordCount\":663,\"publisher\":{\"@id\":\"https:\/\/www.notibras.com\/site\/#organization\"},\"image\":{\"@id\":\"https:\/\/www.notibras.com\/site\/deu-b-o-no-olimpo\/#primaryimage\"},\"thumbnailUrl\":\"https:\/\/www.notibras.com\/site\/wp-content\/uploads\/2026\/03\/WhatsApp-Image-2026-03-12-at-07.48.33.jpeg\",\"articleSection\":[\"Caf\u00e9 Liter\u00e1rio\"],\"inLanguage\":\"pt-BR\"},{\"@type\":\"WebPage\",\"@id\":\"https:\/\/www.notibras.com\/site\/deu-b-o-no-olimpo\/\",\"url\":\"https:\/\/www.notibras.com\/site\/deu-b-o-no-olimpo\/\",\"name\":\"Deu B.O. no Olimpo - Notibras\",\"isPartOf\":{\"@id\":\"https:\/\/www.notibras.com\/site\/#website\"},\"primaryImageOfPage\":{\"@id\":\"https:\/\/www.notibras.com\/site\/deu-b-o-no-olimpo\/#primaryimage\"},\"image\":{\"@id\":\"https:\/\/www.notibras.com\/site\/deu-b-o-no-olimpo\/#primaryimage\"},\"thumbnailUrl\":\"https:\/\/www.notibras.com\/site\/wp-content\/uploads\/2026\/03\/WhatsApp-Image-2026-03-12-at-07.48.33.jpeg\",\"datePublished\":\"2026-03-13T03:15:14+00:00\",\"breadcrumb\":{\"@id\":\"https:\/\/www.notibras.com\/site\/deu-b-o-no-olimpo\/#breadcrumb\"},\"inLanguage\":\"pt-BR\",\"potentialAction\":[{\"@type\":\"ReadAction\",\"target\":[\"https:\/\/www.notibras.com\/site\/deu-b-o-no-olimpo\/\"]}]},{\"@type\":\"ImageObject\",\"inLanguage\":\"pt-BR\",\"@id\":\"https:\/\/www.notibras.com\/site\/deu-b-o-no-olimpo\/#primaryimage\",\"url\":\"https:\/\/www.notibras.com\/site\/wp-content\/uploads\/2026\/03\/WhatsApp-Image-2026-03-12-at-07.48.33.jpeg\",\"contentUrl\":\"https:\/\/www.notibras.com\/site\/wp-content\/uploads\/2026\/03\/WhatsApp-Image-2026-03-12-at-07.48.33.jpeg\",\"width\":1319,\"height\":754},{\"@type\":\"BreadcrumbList\",\"@id\":\"https:\/\/www.notibras.com\/site\/deu-b-o-no-olimpo\/#breadcrumb\",\"itemListElement\":[{\"@type\":\"ListItem\",\"position\":1,\"name\":\"In\u00edcio\",\"item\":\"https:\/\/www.notibras.com\/site\/\"},{\"@type\":\"ListItem\",\"position\":2,\"name\":\"Deu B.O. no Olimpo\"}]},{\"@type\":\"WebSite\",\"@id\":\"https:\/\/www.notibras.com\/site\/#website\",\"url\":\"https:\/\/www.notibras.com\/site\/\",\"name\":\"Notibras\",\"description\":\"Not\u00edcias de Bras\u00edlia, do Brasil e do Mundo\",\"publisher\":{\"@id\":\"https:\/\/www.notibras.com\/site\/#organization\"},\"potentialAction\":[{\"@type\":\"SearchAction\",\"target\":{\"@type\":\"EntryPoint\",\"urlTemplate\":\"https:\/\/www.notibras.com\/site\/?s={search_term_string}\"},\"query-input\":{\"@type\":\"PropertyValueSpecification\",\"valueRequired\":true,\"valueName\":\"search_term_string\"}}],\"inLanguage\":\"pt-BR\"},{\"@type\":\"Organization\",\"@id\":\"https:\/\/www.notibras.com\/site\/#organization\",\"name\":\"Grupo Notibras de Comunica\u00e7\u00e3o\",\"url\":\"https:\/\/www.notibras.com\/site\/\",\"logo\":{\"@type\":\"ImageObject\",\"inLanguage\":\"pt-BR\",\"@id\":\"https:\/\/www.notibras.com\/site\/#\/schema\/logo\/image\/\",\"url\":\"https:\/\/www.notibras.com\/site\/wp-content\/uploads\/2023\/01\/notibras23.png\",\"contentUrl\":\"https:\/\/www.notibras.com\/site\/wp-content\/uploads\/2023\/01\/notibras23.png\",\"width\":350,\"height\":87,\"caption\":\"Grupo Notibras de Comunica\u00e7\u00e3o\"},\"image\":{\"@id\":\"https:\/\/www.notibras.com\/site\/#\/schema\/logo\/image\/\"},\"sameAs\":[\"https:\/\/www.facebook.com\/notibras\/\",\"https:\/\/x.com\/Notibras\",\"https:\/\/www.instagram.com\/notibras\/\"]},{\"@type\":\"Person\",\"@id\":\"https:\/\/www.notibras.com\/site\/#\/schema\/person\/5b7fabf2aedc3ada2105f03b22b4d3dd\",\"name\":\"Eduardo Mart\u00ednez\",\"image\":{\"@type\":\"ImageObject\",\"inLanguage\":\"pt-BR\",\"@id\":\"https:\/\/secure.gravatar.com\/avatar\/7902f906289926289cbcda644b5197c796b893c6ffd7b9a536a42d290f7704a0?s=96&d=mm&r=g\",\"url\":\"https:\/\/secure.gravatar.com\/avatar\/7902f906289926289cbcda644b5197c796b893c6ffd7b9a536a42d290f7704a0?s=96&d=mm&r=g\",\"contentUrl\":\"https:\/\/secure.gravatar.com\/avatar\/7902f906289926289cbcda644b5197c796b893c6ffd7b9a536a42d290f7704a0?s=96&d=mm&r=g\",\"caption\":\"Eduardo Mart\u00ednez\"}}]}<\/script>\n<!-- \/ Yoast SEO plugin. -->","yoast_head_json":{"title":"Deu B.O. no Olimpo - Notibras","robots":{"index":"index","follow":"follow","max-snippet":"max-snippet:-1","max-image-preview":"max-image-preview:large","max-video-preview":"max-video-preview:-1"},"canonical":"https:\/\/www.notibras.com\/site\/deu-b-o-no-olimpo\/","og_locale":"pt_BR","og_type":"article","og_title":"Deu B.O. no Olimpo - Notibras","og_description":"In\u00edcio da guerra de Troia. Os barcos aqueus atracavam no litoral da \u00c1sia, enquanto, l\u00e1 de cima, os deuses do Olimpo se preparavam para assistir de camarote \u00e0 carnificina que logo iria come\u00e7ar. Os \u00e2nimos esquentavam no pante\u00e3o hel\u00eanico, pois a tigrada estava dividida. V\u00e1rias divindades apoiavam a cidadela da \u00c1sia Menor. A come\u00e7ar por [&hellip;]","og_url":"https:\/\/www.notibras.com\/site\/deu-b-o-no-olimpo\/","og_site_name":"Notibras","article_publisher":"https:\/\/www.facebook.com\/notibras\/","article_published_time":"2026-03-13T03:15:14+00:00","og_image":[{"width":1319,"height":754,"url":"https:\/\/www.notibras.com\/site\/wp-content\/uploads\/2026\/03\/WhatsApp-Image-2026-03-12-at-07.48.33.jpeg","type":"image\/jpeg"}],"author":"Eduardo Mart\u00ednez","twitter_card":"summary_large_image","twitter_creator":"@Notibras","twitter_site":"@Notibras","twitter_misc":{"Escrito por":"Eduardo Mart\u00ednez","Est. tempo de leitura":"4 minutos"},"schema":{"@context":"https:\/\/schema.org","@graph":[{"@type":"Article","@id":"https:\/\/www.notibras.com\/site\/deu-b-o-no-olimpo\/#article","isPartOf":{"@id":"https:\/\/www.notibras.com\/site\/deu-b-o-no-olimpo\/"},"author":{"name":"Eduardo Mart\u00ednez","@id":"https:\/\/www.notibras.com\/site\/#\/schema\/person\/5b7fabf2aedc3ada2105f03b22b4d3dd"},"headline":"Deu B.O. no Olimpo","datePublished":"2026-03-13T03:15:14+00:00","mainEntityOfPage":{"@id":"https:\/\/www.notibras.com\/site\/deu-b-o-no-olimpo\/"},"wordCount":663,"publisher":{"@id":"https:\/\/www.notibras.com\/site\/#organization"},"image":{"@id":"https:\/\/www.notibras.com\/site\/deu-b-o-no-olimpo\/#primaryimage"},"thumbnailUrl":"https:\/\/www.notibras.com\/site\/wp-content\/uploads\/2026\/03\/WhatsApp-Image-2026-03-12-at-07.48.33.jpeg","articleSection":["Caf\u00e9 Liter\u00e1rio"],"inLanguage":"pt-BR"},{"@type":"WebPage","@id":"https:\/\/www.notibras.com\/site\/deu-b-o-no-olimpo\/","url":"https:\/\/www.notibras.com\/site\/deu-b-o-no-olimpo\/","name":"Deu B.O. no Olimpo - Notibras","isPartOf":{"@id":"https:\/\/www.notibras.com\/site\/#website"},"primaryImageOfPage":{"@id":"https:\/\/www.notibras.com\/site\/deu-b-o-no-olimpo\/#primaryimage"},"image":{"@id":"https:\/\/www.notibras.com\/site\/deu-b-o-no-olimpo\/#primaryimage"},"thumbnailUrl":"https:\/\/www.notibras.com\/site\/wp-content\/uploads\/2026\/03\/WhatsApp-Image-2026-03-12-at-07.48.33.jpeg","datePublished":"2026-03-13T03:15:14+00:00","breadcrumb":{"@id":"https:\/\/www.notibras.com\/site\/deu-b-o-no-olimpo\/#breadcrumb"},"inLanguage":"pt-BR","potentialAction":[{"@type":"ReadAction","target":["https:\/\/www.notibras.com\/site\/deu-b-o-no-olimpo\/"]}]},{"@type":"ImageObject","inLanguage":"pt-BR","@id":"https:\/\/www.notibras.com\/site\/deu-b-o-no-olimpo\/#primaryimage","url":"https:\/\/www.notibras.com\/site\/wp-content\/uploads\/2026\/03\/WhatsApp-Image-2026-03-12-at-07.48.33.jpeg","contentUrl":"https:\/\/www.notibras.com\/site\/wp-content\/uploads\/2026\/03\/WhatsApp-Image-2026-03-12-at-07.48.33.jpeg","width":1319,"height":754},{"@type":"BreadcrumbList","@id":"https:\/\/www.notibras.com\/site\/deu-b-o-no-olimpo\/#breadcrumb","itemListElement":[{"@type":"ListItem","position":1,"name":"In\u00edcio","item":"https:\/\/www.notibras.com\/site\/"},{"@type":"ListItem","position":2,"name":"Deu B.O. no Olimpo"}]},{"@type":"WebSite","@id":"https:\/\/www.notibras.com\/site\/#website","url":"https:\/\/www.notibras.com\/site\/","name":"Notibras","description":"Not\u00edcias de Bras\u00edlia, do Brasil e do Mundo","publisher":{"@id":"https:\/\/www.notibras.com\/site\/#organization"},"potentialAction":[{"@type":"SearchAction","target":{"@type":"EntryPoint","urlTemplate":"https:\/\/www.notibras.com\/site\/?s={search_term_string}"},"query-input":{"@type":"PropertyValueSpecification","valueRequired":true,"valueName":"search_term_string"}}],"inLanguage":"pt-BR"},{"@type":"Organization","@id":"https:\/\/www.notibras.com\/site\/#organization","name":"Grupo Notibras de Comunica\u00e7\u00e3o","url":"https:\/\/www.notibras.com\/site\/","logo":{"@type":"ImageObject","inLanguage":"pt-BR","@id":"https:\/\/www.notibras.com\/site\/#\/schema\/logo\/image\/","url":"https:\/\/www.notibras.com\/site\/wp-content\/uploads\/2023\/01\/notibras23.png","contentUrl":"https:\/\/www.notibras.com\/site\/wp-content\/uploads\/2023\/01\/notibras23.png","width":350,"height":87,"caption":"Grupo Notibras de Comunica\u00e7\u00e3o"},"image":{"@id":"https:\/\/www.notibras.com\/site\/#\/schema\/logo\/image\/"},"sameAs":["https:\/\/www.facebook.com\/notibras\/","https:\/\/x.com\/Notibras","https:\/\/www.instagram.com\/notibras\/"]},{"@type":"Person","@id":"https:\/\/www.notibras.com\/site\/#\/schema\/person\/5b7fabf2aedc3ada2105f03b22b4d3dd","name":"Eduardo Mart\u00ednez","image":{"@type":"ImageObject","inLanguage":"pt-BR","@id":"https:\/\/secure.gravatar.com\/avatar\/7902f906289926289cbcda644b5197c796b893c6ffd7b9a536a42d290f7704a0?s=96&d=mm&r=g","url":"https:\/\/secure.gravatar.com\/avatar\/7902f906289926289cbcda644b5197c796b893c6ffd7b9a536a42d290f7704a0?s=96&d=mm&r=g","contentUrl":"https:\/\/secure.gravatar.com\/avatar\/7902f906289926289cbcda644b5197c796b893c6ffd7b9a536a42d290f7704a0?s=96&d=mm&r=g","caption":"Eduardo Mart\u00ednez"}}]}},"amp_enabled":true,"_links":{"self":[{"href":"https:\/\/www.notibras.com\/site\/wp-json\/wp\/v2\/posts\/386606","targetHints":{"allow":["GET"]}}],"collection":[{"href":"https:\/\/www.notibras.com\/site\/wp-json\/wp\/v2\/posts"}],"about":[{"href":"https:\/\/www.notibras.com\/site\/wp-json\/wp\/v2\/types\/post"}],"author":[{"embeddable":true,"href":"https:\/\/www.notibras.com\/site\/wp-json\/wp\/v2\/users\/21"}],"replies":[{"embeddable":true,"href":"https:\/\/www.notibras.com\/site\/wp-json\/wp\/v2\/comments?post=386606"}],"version-history":[{"count":2,"href":"https:\/\/www.notibras.com\/site\/wp-json\/wp\/v2\/posts\/386606\/revisions"}],"predecessor-version":[{"id":386609,"href":"https:\/\/www.notibras.com\/site\/wp-json\/wp\/v2\/posts\/386606\/revisions\/386609"}],"wp:featuredmedia":[{"embeddable":true,"href":"https:\/\/www.notibras.com\/site\/wp-json\/wp\/v2\/media\/386607"}],"wp:attachment":[{"href":"https:\/\/www.notibras.com\/site\/wp-json\/wp\/v2\/media?parent=386606"}],"wp:term":[{"taxonomy":"category","embeddable":true,"href":"https:\/\/www.notibras.com\/site\/wp-json\/wp\/v2\/categories?post=386606"},{"taxonomy":"post_tag","embeddable":true,"href":"https:\/\/www.notibras.com\/site\/wp-json\/wp\/v2\/tags?post=386606"}],"curies":[{"name":"wp","href":"https:\/\/api.w.org\/{rel}","templated":true}]}}