{"id":386614,"date":"2026-03-12T08:18:51","date_gmt":"2026-03-12T11:18:51","guid":{"rendered":"https:\/\/www.notibras.com\/site\/?p=386614"},"modified":"2026-03-12T08:18:51","modified_gmt":"2026-03-12T11:18:51","slug":"articulacao-e-rejeicao-vao-influir-na-sucessao","status":"publish","type":"post","link":"https:\/\/www.notibras.com\/site\/articulacao-e-rejeicao-vao-influir-na-sucessao\/","title":{"rendered":"Articula\u00e7\u00e3o e rejei\u00e7\u00e3o v\u00e3o influir na sucess\u00e3o"},"content":{"rendered":"<p>Um dos aspectos mais relevantes da pesquisa eleitoral Genial\/Quaest sobre sucess\u00e3o presidencial divulgada na quarta, 11, \u00e9 a manifesta\u00e7\u00e3o da autodeclara\u00e7\u00e3o pol\u00edtica dos eleitores. O levantamento permite observar como o eleitorado brasileiro se distribui em rela\u00e7\u00e3o aos principais campos ideol\u00f3gicos presentes no debate pol\u00edtico nacional.<\/p>\n<p>Pelo estudo, o pa\u00eds apresenta a seguinte configura\u00e7\u00e3o: 19% se identificam como lulistas, 14% se identificam como esquerda n\u00e3o lulista, 32% se declaram independentes, 21% se identificam como direita n\u00e3o bolsonarista e, 12% se identificam como bolsonaristas.<\/p>\n<p>Esse retrato indica que os polos ideol\u00f3gicos mais estruturados da pol\u00edtica brasileira representam cerca de um ter\u00e7o do eleitorado. A maior parte dos eleitores se encontra em posi\u00e7\u00f5es intermedi\u00e1rias ou menos vinculadas a identidades pol\u00edticas r\u00edgidas.<\/p>\n<p>O espa\u00e7o eleitoral mais amplo encontra-se distribu\u00eddo entre tr\u00eas segmentos principais. O eleitorado independente, que corresponde a cerca de um ter\u00e7o do pa\u00eds. A direita n\u00e3o bolsonarista, que representa pouco mais de um quinto do eleitorado. E a esquerda n\u00e3o lulista, que re\u00fane parcela relevante do campo progressista sem identifica\u00e7\u00e3o direta com o lulismo. Esses segmentos formam o principal campo de disputa eleitoral.<\/p>\n<p><strong>Grau de consolida\u00e7\u00e3o<\/strong><br \/>\nO levantamento indica que tanto o lulismo quanto o bolsonarismo mant\u00eam n\u00facleos de apoio relativamente consolidados. Lula apresenta base eleitoral consistente entre eleitores que se identificam diretamente com o lulismo e tamb\u00e9m entre parcela significativa da esquerda n\u00e3o lulista. Esse grupo constitui o n\u00facleo pol\u00edtico mais est\u00e1vel do presidente.<\/p>\n<p>Ao mesmo tempo, a pesquisa revela n\u00edveis elevados de rejei\u00e7\u00e3o ao presidente entre parcela expressiva do eleitorado, o que estabelece limites claros para sua expans\u00e3o eleitoral.<\/p>\n<p>No campo conservador ocorre fen\u00f4meno semelhante. O bolsonarismo apresenta n\u00facleo duro fiel e politicamente mobilizado. Esse grupo representa aproximadamente doze por cento do eleitorado.<br \/>\nA expans\u00e3o eleitoral desse campo depende fundamentalmente da capacidade de absorver eleitores da direita n\u00e3o bolsonarista e parte do eleitorado independente.<\/p>\n<p><strong>O eleitorado vol\u00e1til<\/strong><br \/>\nA pesquisa evidencia a presen\u00e7a de um contingente significativo de eleitores que n\u00e3o demonstram alinhamento ideol\u00f3gico r\u00edgido.<\/p>\n<p>Esse grupo \u00e9 formado principalmente por eleitores independentes e por segmentos que transitam entre os campos pol\u00edticos sem identifica\u00e7\u00e3o permanente com lideran\u00e7as espec\u00edficas. O eleitorado independente corresponde a cerca de trinta e dois por cento da amostra. Trata-se do grupo mais numeroso do levantamento.<\/p>\n<p>Esse segmento tende a avaliar candidaturas com base em crit\u00e9rios associados \u00e0 estabilidade pol\u00edtica, capacidade de gest\u00e3o administrativa, previsibilidade institucional e percep\u00e7\u00e3o de viabilidade eleitoral. Historicamente, esse eleitorado desempenha papel decisivo na defini\u00e7\u00e3o das elei\u00e7\u00f5es presidenciais.<\/p>\n<p><strong>Transfer\u00eancia de votos<\/strong><br \/>\nA an\u00e1lise dos cen\u00e1rios eleitorais indica que os candidatos alternativos ao atual presidente apresentam trajet\u00f3rias distintas de crescimento dentro do eleitorado.<\/p>\n<p>Ratinho Jr. demonstra potencial relevante em tr\u00eas segmentos eleitorais. Entre eleitores da direita n\u00e3o bolsonarista, entre parcela do bolsonarismo pragm\u00e1tico e tamb\u00e9m entre eleitores independentes. Essa combina\u00e7\u00e3o permite que sua candidatura dialogue com o campo conservador sem apresentar n\u00edveis elevados de rejei\u00e7\u00e3o imediata no eleitorado moderado.<\/p>\n<p>Romeu Zema apresenta desempenho potencial relevante entre eleitores identificados com pautas liberais e entre segmentos urbanos do Sudeste. Seu principal ativo eleitoral encontra-se no estado de Minas Gerais, segundo maior col\u00e9gio eleitoral do pa\u00eds.<\/p>\n<p>Ronaldo Caiado demonstra maior ader\u00eancia entre eleitores conservadores do interior, especialmente no Centro-Oeste e em \u00e1reas vinculadas ao setor do agroneg\u00f3cio. Seu desempenho potencial concentra-se principalmente dentro do campo conservador.<\/p>\n<p>Eduardo Leite apresenta maior capacidade de di\u00e1logo com eleitores independentes urbanos e com parcela da esquerda n\u00e3o lulista que manifesta rejei\u00e7\u00e3o \u00e0 polariza\u00e7\u00e3o pol\u00edtica. Esse espa\u00e7o eleitoral, entretanto, aparece como relativamente mais restrito no cen\u00e1rio atual.<\/p>\n<p><strong>Condi\u00e7\u00f5es competitivas<\/strong><br \/>\nOs cen\u00e1rios simulados na pesquisa indicam que a competitividade eleitoral depende da capacidade de cada candidatura ampliar sua base al\u00e9m do n\u00facleo ideol\u00f3gico original.<\/p>\n<p>A consolida\u00e7\u00e3o de uma candidatura competitiva exige a combina\u00e7\u00e3o de tr\u00eas fatores principais. Capacidade de unifica\u00e7\u00e3o do campo pol\u00edtico de origem, redu\u00e7\u00e3o de rejei\u00e7\u00e3o em segmentos moderados do eleitorado e expans\u00e3o entre eleitores independentes.<\/p>\n<p>Entre os nomes alternativos avaliados pela pesquisa, Ratinho Jr. apresenta a menor diferen\u00e7a percentual em rela\u00e7\u00e3o a Lula em cen\u00e1rios simulados de segundo turno. Esse desempenho est\u00e1 associado \u00e0 combina\u00e7\u00e3o entre menor rejei\u00e7\u00e3o relativa e maior capacidade de di\u00e1logo com eleitores independentes e com a direita n\u00e3o bolsonarista.<\/p>\n<p>Romeu Zema surge como alternativa competitiva dentro do campo liberal e econ\u00f4mico, embora sua expans\u00e3o nacional dependa da amplia\u00e7\u00e3o de reconhecimento pol\u00edtico fora de Minas Gerais.<br \/>\nRonaldo Caiado tende a consolidar apoio principalmente dentro do campo conservador tradicional, com menor penetra\u00e7\u00e3o entre eleitores independentes.<\/p>\n<p>Eduardo Leite demonstra maior aceita\u00e7\u00e3o em segmentos moderados do eleitorado, mas enfrenta dificuldades para construir base eleitoral ampla em cen\u00e1rio de polariza\u00e7\u00e3o intensa.<\/p>\n<p><strong>S\u00edntese do cen\u00e1rio<\/strong><br \/>\nOs dados apresentados pela pesquisa Genial\/Quaest permitem observar um sistema pol\u00edtico ainda marcado pela polariza\u00e7\u00e3o, mas tamb\u00e9m revelam a presen\u00e7a significativa de eleitores posicionados fora dos polos ideol\u00f3gicos.<\/p>\n<p>Os n\u00facleos pol\u00edticos mais identificados com lulismo e bolsonarismo permanecem relevantes no debate nacional, mas representam parcela minorit\u00e1ria do eleitorado.<\/p>\n<p>A maior parte dos eleitores encontra-se distribu\u00edda entre posi\u00e7\u00f5es intermedi\u00e1rias, segmentos independentes e eleitores que transitam entre campos pol\u00edticos distintos.<\/p>\n<p>Nesse contexto, o desempenho eleitoral das candidaturas tende a depender da capacidade de articula\u00e7\u00e3o pol\u00edtica, redu\u00e7\u00e3o de rejei\u00e7\u00e3o e expans\u00e3o entre os segmentos menos alinhados ideologicamente.<\/p>\n","protected":false},"excerpt":{"rendered":"<p>Um dos aspectos mais relevantes da pesquisa eleitoral Genial\/Quaest sobre sucess\u00e3o presidencial divulgada na quarta, 11, \u00e9 a manifesta\u00e7\u00e3o da autodeclara\u00e7\u00e3o pol\u00edtica dos eleitores. O levantamento permite observar como o eleitorado brasileiro se distribui em rela\u00e7\u00e3o aos principais campos ideol\u00f3gicos presentes no debate pol\u00edtico nacional. Pelo estudo, o pa\u00eds apresenta a seguinte configura\u00e7\u00e3o: 19% se [&hellip;]<\/p>\n","protected":false},"author":2,"featured_media":309645,"comment_status":"closed","ping_status":"closed","sticky":false,"template":"","format":"standard","meta":{"_acf_changed":false,"footnotes":""},"categories":[16],"tags":[95],"class_list":["post-386614","post","type-post","status-publish","format-standard","has-post-thumbnail","hentry","category-brasil","tag-capa"],"acf":[],"yoast_head":"<!-- This site is optimized with the Yoast SEO plugin v27.2 - https:\/\/yoast.com\/product\/yoast-seo-wordpress\/ -->\n<title>Articula\u00e7\u00e3o e rejei\u00e7\u00e3o v\u00e3o influir na sucess\u00e3o - Notibras<\/title>\n<meta name=\"robots\" content=\"index, follow, max-snippet:-1, max-image-preview:large, max-video-preview:-1\" \/>\n<link rel=\"canonical\" href=\"https:\/\/www.notibras.com\/site\/articulacao-e-rejeicao-vao-influir-na-sucessao\/\" \/>\n<meta property=\"og:locale\" content=\"pt_BR\" \/>\n<meta property=\"og:type\" content=\"article\" \/>\n<meta property=\"og:title\" content=\"Articula\u00e7\u00e3o e rejei\u00e7\u00e3o v\u00e3o influir na sucess\u00e3o - Notibras\" \/>\n<meta property=\"og:description\" content=\"Um dos aspectos mais relevantes da pesquisa eleitoral Genial\/Quaest sobre sucess\u00e3o presidencial divulgada na quarta, 11, \u00e9 a manifesta\u00e7\u00e3o da autodeclara\u00e7\u00e3o pol\u00edtica dos eleitores. O levantamento permite observar como o eleitorado brasileiro se distribui em rela\u00e7\u00e3o aos principais campos ideol\u00f3gicos presentes no debate pol\u00edtico nacional. Pelo estudo, o pa\u00eds apresenta a seguinte configura\u00e7\u00e3o: 19% se [&hellip;]\" \/>\n<meta property=\"og:url\" content=\"https:\/\/www.notibras.com\/site\/articulacao-e-rejeicao-vao-influir-na-sucessao\/\" \/>\n<meta property=\"og:site_name\" content=\"Notibras\" \/>\n<meta property=\"article:publisher\" content=\"https:\/\/www.facebook.com\/notibras\/\" \/>\n<meta property=\"article:published_time\" content=\"2026-03-12T11:18:51+00:00\" \/>\n<meta property=\"og:image\" content=\"https:\/\/www.notibras.com\/site\/wp-content\/uploads\/2023\/07\/10052023-retirada-das-grades-do-palcio-do-planalto_52887561341_o.jpg\" \/>\n\t<meta property=\"og:image:width\" content=\"770\" \/>\n\t<meta property=\"og:image:height\" content=\"462\" \/>\n\t<meta property=\"og:image:type\" content=\"image\/jpeg\" \/>\n<meta name=\"author\" content=\"Reda\u00e7\u00e3o\" \/>\n<meta name=\"twitter:card\" content=\"summary_large_image\" \/>\n<meta name=\"twitter:creator\" content=\"@Notibras\" \/>\n<meta name=\"twitter:site\" content=\"@Notibras\" \/>\n<meta name=\"twitter:label1\" content=\"Escrito por\" \/>\n\t<meta name=\"twitter:data1\" content=\"Reda\u00e7\u00e3o\" \/>\n\t<meta name=\"twitter:label2\" content=\"Est. tempo de leitura\" \/>\n\t<meta name=\"twitter:data2\" content=\"5 minutos\" \/>\n<script type=\"application\/ld+json\" class=\"yoast-schema-graph\">{\"@context\":\"https:\/\/schema.org\",\"@graph\":[{\"@type\":\"Article\",\"@id\":\"https:\/\/www.notibras.com\/site\/articulacao-e-rejeicao-vao-influir-na-sucessao\/#article\",\"isPartOf\":{\"@id\":\"https:\/\/www.notibras.com\/site\/articulacao-e-rejeicao-vao-influir-na-sucessao\/\"},\"author\":{\"name\":\"Reda\u00e7\u00e3o\",\"@id\":\"https:\/\/www.notibras.com\/site\/#\/schema\/person\/36ab0979449956132d3e5b517ea76ac8\"},\"headline\":\"Articula\u00e7\u00e3o e rejei\u00e7\u00e3o v\u00e3o influir na sucess\u00e3o\",\"datePublished\":\"2026-03-12T11:18:51+00:00\",\"mainEntityOfPage\":{\"@id\":\"https:\/\/www.notibras.com\/site\/articulacao-e-rejeicao-vao-influir-na-sucessao\/\"},\"wordCount\":974,\"publisher\":{\"@id\":\"https:\/\/www.notibras.com\/site\/#organization\"},\"image\":{\"@id\":\"https:\/\/www.notibras.com\/site\/articulacao-e-rejeicao-vao-influir-na-sucessao\/#primaryimage\"},\"thumbnailUrl\":\"https:\/\/www.notibras.com\/site\/wp-content\/uploads\/2023\/07\/10052023-retirada-das-grades-do-palcio-do-planalto_52887561341_o.jpg\",\"keywords\":[\"capa\"],\"articleSection\":[\"Brasil\"],\"inLanguage\":\"pt-BR\"},{\"@type\":\"WebPage\",\"@id\":\"https:\/\/www.notibras.com\/site\/articulacao-e-rejeicao-vao-influir-na-sucessao\/\",\"url\":\"https:\/\/www.notibras.com\/site\/articulacao-e-rejeicao-vao-influir-na-sucessao\/\",\"name\":\"Articula\u00e7\u00e3o e rejei\u00e7\u00e3o v\u00e3o influir na sucess\u00e3o - Notibras\",\"isPartOf\":{\"@id\":\"https:\/\/www.notibras.com\/site\/#website\"},\"primaryImageOfPage\":{\"@id\":\"https:\/\/www.notibras.com\/site\/articulacao-e-rejeicao-vao-influir-na-sucessao\/#primaryimage\"},\"image\":{\"@id\":\"https:\/\/www.notibras.com\/site\/articulacao-e-rejeicao-vao-influir-na-sucessao\/#primaryimage\"},\"thumbnailUrl\":\"https:\/\/www.notibras.com\/site\/wp-content\/uploads\/2023\/07\/10052023-retirada-das-grades-do-palcio-do-planalto_52887561341_o.jpg\",\"datePublished\":\"2026-03-12T11:18:51+00:00\",\"breadcrumb\":{\"@id\":\"https:\/\/www.notibras.com\/site\/articulacao-e-rejeicao-vao-influir-na-sucessao\/#breadcrumb\"},\"inLanguage\":\"pt-BR\",\"potentialAction\":[{\"@type\":\"ReadAction\",\"target\":[\"https:\/\/www.notibras.com\/site\/articulacao-e-rejeicao-vao-influir-na-sucessao\/\"]}]},{\"@type\":\"ImageObject\",\"inLanguage\":\"pt-BR\",\"@id\":\"https:\/\/www.notibras.com\/site\/articulacao-e-rejeicao-vao-influir-na-sucessao\/#primaryimage\",\"url\":\"https:\/\/www.notibras.com\/site\/wp-content\/uploads\/2023\/07\/10052023-retirada-das-grades-do-palcio-do-planalto_52887561341_o.jpg\",\"contentUrl\":\"https:\/\/www.notibras.com\/site\/wp-content\/uploads\/2023\/07\/10052023-retirada-das-grades-do-palcio-do-planalto_52887561341_o.jpg\",\"width\":770,\"height\":462,\"caption\":\"Bras\u00edlia (DF), 10.05.2023 - Presidente da Rep\u00fablica, Luiz In\u00e1cio Lula da Silva, desce a rampa do Pal\u00e1cio do Planalto para acompanhar a retirada das grades de seguran\u00e7a e vai ao encontro de simpatizantes. Foto: Ricardo Stuckert\/PR\"},{\"@type\":\"BreadcrumbList\",\"@id\":\"https:\/\/www.notibras.com\/site\/articulacao-e-rejeicao-vao-influir-na-sucessao\/#breadcrumb\",\"itemListElement\":[{\"@type\":\"ListItem\",\"position\":1,\"name\":\"In\u00edcio\",\"item\":\"https:\/\/www.notibras.com\/site\/\"},{\"@type\":\"ListItem\",\"position\":2,\"name\":\"Articula\u00e7\u00e3o e rejei\u00e7\u00e3o v\u00e3o influir na sucess\u00e3o\"}]},{\"@type\":\"WebSite\",\"@id\":\"https:\/\/www.notibras.com\/site\/#website\",\"url\":\"https:\/\/www.notibras.com\/site\/\",\"name\":\"Notibras\",\"description\":\"Not\u00edcias de Bras\u00edlia, do Brasil e do Mundo\",\"publisher\":{\"@id\":\"https:\/\/www.notibras.com\/site\/#organization\"},\"potentialAction\":[{\"@type\":\"SearchAction\",\"target\":{\"@type\":\"EntryPoint\",\"urlTemplate\":\"https:\/\/www.notibras.com\/site\/?s={search_term_string}\"},\"query-input\":{\"@type\":\"PropertyValueSpecification\",\"valueRequired\":true,\"valueName\":\"search_term_string\"}}],\"inLanguage\":\"pt-BR\"},{\"@type\":\"Organization\",\"@id\":\"https:\/\/www.notibras.com\/site\/#organization\",\"name\":\"Grupo Notibras de Comunica\u00e7\u00e3o\",\"url\":\"https:\/\/www.notibras.com\/site\/\",\"logo\":{\"@type\":\"ImageObject\",\"inLanguage\":\"pt-BR\",\"@id\":\"https:\/\/www.notibras.com\/site\/#\/schema\/logo\/image\/\",\"url\":\"https:\/\/www.notibras.com\/site\/wp-content\/uploads\/2023\/01\/notibras23.png\",\"contentUrl\":\"https:\/\/www.notibras.com\/site\/wp-content\/uploads\/2023\/01\/notibras23.png\",\"width\":350,\"height\":87,\"caption\":\"Grupo Notibras de Comunica\u00e7\u00e3o\"},\"image\":{\"@id\":\"https:\/\/www.notibras.com\/site\/#\/schema\/logo\/image\/\"},\"sameAs\":[\"https:\/\/www.facebook.com\/notibras\/\",\"https:\/\/x.com\/Notibras\",\"https:\/\/www.instagram.com\/notibras\/\"]},{\"@type\":\"Person\",\"@id\":\"https:\/\/www.notibras.com\/site\/#\/schema\/person\/36ab0979449956132d3e5b517ea76ac8\",\"name\":\"Reda\u00e7\u00e3o\",\"image\":{\"@type\":\"ImageObject\",\"inLanguage\":\"pt-BR\",\"@id\":\"https:\/\/secure.gravatar.com\/avatar\/e0a867bdedb85fd243eadf09663511f96fc81e0720a4a42581f334ad4303aa6b?s=96&d=mm&r=g\",\"url\":\"https:\/\/secure.gravatar.com\/avatar\/e0a867bdedb85fd243eadf09663511f96fc81e0720a4a42581f334ad4303aa6b?s=96&d=mm&r=g\",\"contentUrl\":\"https:\/\/secure.gravatar.com\/avatar\/e0a867bdedb85fd243eadf09663511f96fc81e0720a4a42581f334ad4303aa6b?s=96&d=mm&r=g\",\"caption\":\"Reda\u00e7\u00e3o\"}}]}<\/script>\n<!-- \/ Yoast SEO plugin. -->","yoast_head_json":{"title":"Articula\u00e7\u00e3o e rejei\u00e7\u00e3o v\u00e3o influir na sucess\u00e3o - Notibras","robots":{"index":"index","follow":"follow","max-snippet":"max-snippet:-1","max-image-preview":"max-image-preview:large","max-video-preview":"max-video-preview:-1"},"canonical":"https:\/\/www.notibras.com\/site\/articulacao-e-rejeicao-vao-influir-na-sucessao\/","og_locale":"pt_BR","og_type":"article","og_title":"Articula\u00e7\u00e3o e rejei\u00e7\u00e3o v\u00e3o influir na sucess\u00e3o - Notibras","og_description":"Um dos aspectos mais relevantes da pesquisa eleitoral Genial\/Quaest sobre sucess\u00e3o presidencial divulgada na quarta, 11, \u00e9 a manifesta\u00e7\u00e3o da autodeclara\u00e7\u00e3o pol\u00edtica dos eleitores. O levantamento permite observar como o eleitorado brasileiro se distribui em rela\u00e7\u00e3o aos principais campos ideol\u00f3gicos presentes no debate pol\u00edtico nacional. Pelo estudo, o pa\u00eds apresenta a seguinte configura\u00e7\u00e3o: 19% se [&hellip;]","og_url":"https:\/\/www.notibras.com\/site\/articulacao-e-rejeicao-vao-influir-na-sucessao\/","og_site_name":"Notibras","article_publisher":"https:\/\/www.facebook.com\/notibras\/","article_published_time":"2026-03-12T11:18:51+00:00","og_image":[{"width":770,"height":462,"url":"https:\/\/www.notibras.com\/site\/wp-content\/uploads\/2023\/07\/10052023-retirada-das-grades-do-palcio-do-planalto_52887561341_o.jpg","type":"image\/jpeg"}],"author":"Reda\u00e7\u00e3o","twitter_card":"summary_large_image","twitter_creator":"@Notibras","twitter_site":"@Notibras","twitter_misc":{"Escrito por":"Reda\u00e7\u00e3o","Est. tempo de leitura":"5 minutos"},"schema":{"@context":"https:\/\/schema.org","@graph":[{"@type":"Article","@id":"https:\/\/www.notibras.com\/site\/articulacao-e-rejeicao-vao-influir-na-sucessao\/#article","isPartOf":{"@id":"https:\/\/www.notibras.com\/site\/articulacao-e-rejeicao-vao-influir-na-sucessao\/"},"author":{"name":"Reda\u00e7\u00e3o","@id":"https:\/\/www.notibras.com\/site\/#\/schema\/person\/36ab0979449956132d3e5b517ea76ac8"},"headline":"Articula\u00e7\u00e3o e rejei\u00e7\u00e3o v\u00e3o influir na sucess\u00e3o","datePublished":"2026-03-12T11:18:51+00:00","mainEntityOfPage":{"@id":"https:\/\/www.notibras.com\/site\/articulacao-e-rejeicao-vao-influir-na-sucessao\/"},"wordCount":974,"publisher":{"@id":"https:\/\/www.notibras.com\/site\/#organization"},"image":{"@id":"https:\/\/www.notibras.com\/site\/articulacao-e-rejeicao-vao-influir-na-sucessao\/#primaryimage"},"thumbnailUrl":"https:\/\/www.notibras.com\/site\/wp-content\/uploads\/2023\/07\/10052023-retirada-das-grades-do-palcio-do-planalto_52887561341_o.jpg","keywords":["capa"],"articleSection":["Brasil"],"inLanguage":"pt-BR"},{"@type":"WebPage","@id":"https:\/\/www.notibras.com\/site\/articulacao-e-rejeicao-vao-influir-na-sucessao\/","url":"https:\/\/www.notibras.com\/site\/articulacao-e-rejeicao-vao-influir-na-sucessao\/","name":"Articula\u00e7\u00e3o e rejei\u00e7\u00e3o v\u00e3o influir na sucess\u00e3o - Notibras","isPartOf":{"@id":"https:\/\/www.notibras.com\/site\/#website"},"primaryImageOfPage":{"@id":"https:\/\/www.notibras.com\/site\/articulacao-e-rejeicao-vao-influir-na-sucessao\/#primaryimage"},"image":{"@id":"https:\/\/www.notibras.com\/site\/articulacao-e-rejeicao-vao-influir-na-sucessao\/#primaryimage"},"thumbnailUrl":"https:\/\/www.notibras.com\/site\/wp-content\/uploads\/2023\/07\/10052023-retirada-das-grades-do-palcio-do-planalto_52887561341_o.jpg","datePublished":"2026-03-12T11:18:51+00:00","breadcrumb":{"@id":"https:\/\/www.notibras.com\/site\/articulacao-e-rejeicao-vao-influir-na-sucessao\/#breadcrumb"},"inLanguage":"pt-BR","potentialAction":[{"@type":"ReadAction","target":["https:\/\/www.notibras.com\/site\/articulacao-e-rejeicao-vao-influir-na-sucessao\/"]}]},{"@type":"ImageObject","inLanguage":"pt-BR","@id":"https:\/\/www.notibras.com\/site\/articulacao-e-rejeicao-vao-influir-na-sucessao\/#primaryimage","url":"https:\/\/www.notibras.com\/site\/wp-content\/uploads\/2023\/07\/10052023-retirada-das-grades-do-palcio-do-planalto_52887561341_o.jpg","contentUrl":"https:\/\/www.notibras.com\/site\/wp-content\/uploads\/2023\/07\/10052023-retirada-das-grades-do-palcio-do-planalto_52887561341_o.jpg","width":770,"height":462,"caption":"Bras\u00edlia (DF), 10.05.2023 - Presidente da Rep\u00fablica, Luiz In\u00e1cio Lula da Silva, desce a rampa do Pal\u00e1cio do Planalto para acompanhar a retirada das grades de seguran\u00e7a e vai ao encontro de simpatizantes. Foto: Ricardo Stuckert\/PR"},{"@type":"BreadcrumbList","@id":"https:\/\/www.notibras.com\/site\/articulacao-e-rejeicao-vao-influir-na-sucessao\/#breadcrumb","itemListElement":[{"@type":"ListItem","position":1,"name":"In\u00edcio","item":"https:\/\/www.notibras.com\/site\/"},{"@type":"ListItem","position":2,"name":"Articula\u00e7\u00e3o e rejei\u00e7\u00e3o v\u00e3o influir na sucess\u00e3o"}]},{"@type":"WebSite","@id":"https:\/\/www.notibras.com\/site\/#website","url":"https:\/\/www.notibras.com\/site\/","name":"Notibras","description":"Not\u00edcias de Bras\u00edlia, do Brasil e do Mundo","publisher":{"@id":"https:\/\/www.notibras.com\/site\/#organization"},"potentialAction":[{"@type":"SearchAction","target":{"@type":"EntryPoint","urlTemplate":"https:\/\/www.notibras.com\/site\/?s={search_term_string}"},"query-input":{"@type":"PropertyValueSpecification","valueRequired":true,"valueName":"search_term_string"}}],"inLanguage":"pt-BR"},{"@type":"Organization","@id":"https:\/\/www.notibras.com\/site\/#organization","name":"Grupo Notibras de Comunica\u00e7\u00e3o","url":"https:\/\/www.notibras.com\/site\/","logo":{"@type":"ImageObject","inLanguage":"pt-BR","@id":"https:\/\/www.notibras.com\/site\/#\/schema\/logo\/image\/","url":"https:\/\/www.notibras.com\/site\/wp-content\/uploads\/2023\/01\/notibras23.png","contentUrl":"https:\/\/www.notibras.com\/site\/wp-content\/uploads\/2023\/01\/notibras23.png","width":350,"height":87,"caption":"Grupo Notibras de Comunica\u00e7\u00e3o"},"image":{"@id":"https:\/\/www.notibras.com\/site\/#\/schema\/logo\/image\/"},"sameAs":["https:\/\/www.facebook.com\/notibras\/","https:\/\/x.com\/Notibras","https:\/\/www.instagram.com\/notibras\/"]},{"@type":"Person","@id":"https:\/\/www.notibras.com\/site\/#\/schema\/person\/36ab0979449956132d3e5b517ea76ac8","name":"Reda\u00e7\u00e3o","image":{"@type":"ImageObject","inLanguage":"pt-BR","@id":"https:\/\/secure.gravatar.com\/avatar\/e0a867bdedb85fd243eadf09663511f96fc81e0720a4a42581f334ad4303aa6b?s=96&d=mm&r=g","url":"https:\/\/secure.gravatar.com\/avatar\/e0a867bdedb85fd243eadf09663511f96fc81e0720a4a42581f334ad4303aa6b?s=96&d=mm&r=g","contentUrl":"https:\/\/secure.gravatar.com\/avatar\/e0a867bdedb85fd243eadf09663511f96fc81e0720a4a42581f334ad4303aa6b?s=96&d=mm&r=g","caption":"Reda\u00e7\u00e3o"}}]}},"amp_enabled":true,"_links":{"self":[{"href":"https:\/\/www.notibras.com\/site\/wp-json\/wp\/v2\/posts\/386614","targetHints":{"allow":["GET"]}}],"collection":[{"href":"https:\/\/www.notibras.com\/site\/wp-json\/wp\/v2\/posts"}],"about":[{"href":"https:\/\/www.notibras.com\/site\/wp-json\/wp\/v2\/types\/post"}],"author":[{"embeddable":true,"href":"https:\/\/www.notibras.com\/site\/wp-json\/wp\/v2\/users\/2"}],"replies":[{"embeddable":true,"href":"https:\/\/www.notibras.com\/site\/wp-json\/wp\/v2\/comments?post=386614"}],"version-history":[{"count":1,"href":"https:\/\/www.notibras.com\/site\/wp-json\/wp\/v2\/posts\/386614\/revisions"}],"predecessor-version":[{"id":386615,"href":"https:\/\/www.notibras.com\/site\/wp-json\/wp\/v2\/posts\/386614\/revisions\/386615"}],"wp:featuredmedia":[{"embeddable":true,"href":"https:\/\/www.notibras.com\/site\/wp-json\/wp\/v2\/media\/309645"}],"wp:attachment":[{"href":"https:\/\/www.notibras.com\/site\/wp-json\/wp\/v2\/media?parent=386614"}],"wp:term":[{"taxonomy":"category","embeddable":true,"href":"https:\/\/www.notibras.com\/site\/wp-json\/wp\/v2\/categories?post=386614"},{"taxonomy":"post_tag","embeddable":true,"href":"https:\/\/www.notibras.com\/site\/wp-json\/wp\/v2\/tags?post=386614"}],"curies":[{"name":"wp","href":"https:\/\/api.w.org\/{rel}","templated":true}]}}