{"id":386616,"date":"2026-03-12T08:20:55","date_gmt":"2026-03-12T11:20:55","guid":{"rendered":"https:\/\/www.notibras.com\/site\/?p=386616"},"modified":"2026-03-12T08:26:12","modified_gmt":"2026-03-12T11:26:12","slug":"escolhas-e-decepcoes-andam-de-maos-dadas","status":"publish","type":"post","link":"https:\/\/www.notibras.com\/site\/escolhas-e-decepcoes-andam-de-maos-dadas\/","title":{"rendered":"Escolhas e decep\u00e7\u00f5es andam de m\u00e3os dadas"},"content":{"rendered":"<p>O Brasil est\u00e1 a um passo de uma elei\u00e7\u00e3o que, do mesmo modo que pode consolidar a democracia e acalmar de vez os \u00e2nimos do povo, do mercado e dos pol\u00edticos, pode arruinar definitivamente a economia, a sa\u00fade, a educa\u00e7\u00e3o e a seguran\u00e7a nacional e levar para o buraco as rela\u00e7\u00f5es interpessoais, a cultura e o que ainda resta de boa conviv\u00eancia entre os variados perfis da sociedade. \u00c9 tudo uma quest\u00e3o de escolha. Na verdade, o escolhido deve ser o menos perigoso e o melhor para os interesses da popula\u00e7\u00e3o e do pa\u00eds.<\/p>\n<p>A menos de um ano do primeiro anivers\u00e1rio do segundo mandato de Donald Trump, a maioria esmagadora dos norte-americanos e imigrantes votantes est\u00e1 at\u00e9 o pote de m\u00e1goa com o presidente republicano. Depois de prender e deportar milhares de imigrantes, de amea\u00e7ar M\u00e9xico, Canad\u00e1 e Groenl\u00e2ndia com anexa\u00e7\u00f5es natimortas, de complicar o mundo com seu idiotizado e bomb\u00e1stico tarifa\u00e7o, de derrubar o regime de Nicol\u00e1s Maduro e de se associar a Benjamin Netanyahu na fal\u00eancia total da Faixa de Gaza, Trump, novamente com apoio de Netanyahu, invadiu o Ir\u00e3 dos aiatol\u00e1s.<\/p>\n<p>Toda essa confus\u00e3o gerou e tem gerado custos estratosf\u00e9ricos \u00e0 economia estadunidense. L\u00e1 como aqui e em qualquer parte do planeta, o preju\u00edzo \u00e9 de todos. O pretexto \u00e9 sempre o mesmo:\u00a0 salvar a popula\u00e7\u00e3o do pa\u00eds atacado das amarras do comunismo e, no caso de Gaza e do Ir\u00e3, da teocracia isl\u00e2mica radical. Normal para Trump e letal para as v\u00edtimas do chamado \u201cGrande Sat\u00e3\u201d, o resultado tamb\u00e9m \u00e9 sempre o mesmo: centenas de milhares de mortos, inclusive crian\u00e7as, mulheres e idosos. S\u00f3 no Ir\u00e3 j\u00e1 s\u00e3o1,2 mil cad\u00e1veres.<\/p>\n<p>Al\u00e9m de colocar em xeque a integridade f\u00edsica de civis e militares norte-americanos e de levar o \u00f3dio e o ran\u00e7o do mundo para dentro dos Estados Unidos, o que ele j\u00e1 fez de \u00fatil por seus correligion\u00e1rios e conterr\u00e2neos? Nada! Um dia, que pode ser amanh\u00e3 ou em novembro, m\u00eas das elei\u00e7\u00f5es para renova\u00e7\u00e3o do Legislativo local, Trump ser\u00e1 responsabilizado pelas barb\u00e1ries cometidas contra inimigos ideol\u00f3gicos e religiosos, mas, principalmente, pela matan\u00e7a de inocentes.<\/p>\n<p>Na v\u00e3, ut\u00f3pica e megaloman\u00edaca proposta de livrar os EUA das mazelas do mundo, o mandat\u00e1rio republicano eleva a escalas inimagin\u00e1veis o antiamericanismo de quase todo globo terrestre, notadamente do espectro isl\u00e2mico. Deliberadamente, Donald Trump colocou Netanyahu e os judeus no mesmo abismo cavado sistematicamente pelos mu\u00e7ulmanos para \u201centerrar\u201d americanos. Por mais que sejam condenados pelo povo do bem, os atentados de ontem e da semana passada certamente voltar\u00e3o a ocorrer amanh\u00e3 ou depois de amanh\u00e3. Quando eles ressurgirem, Trump e Netanyahu provavelmente estar\u00e3o bebericando um champanhe franc\u00eas em um bunker seguro.<\/p>\n<p>E os cidad\u00e3os comuns dos EUA e de Israel? Na lista sanguin\u00e1ria do presidente americano resta o regime comunista de Cuba. Depois da Ilha caribenha, qual na\u00e7\u00e3o livre ser\u00e1 a pr\u00f3xima. Se depender dos fan\u00e1ticos dos tr\u00f3picos, o Brasil de Lula da Silva n\u00e3o perde por esperar. Portanto, realmente \u00e9 tudo uma quest\u00e3o de escolha. Os americanos, que j\u00e1 haviam sofrido os horrores do trumpismo, resolveram apostar na mesma op\u00e7\u00e3o maldita. Deu no que est\u00e1 dando. Em outubro, o Brasil ouvir\u00e1 a voz das urnas. A decis\u00e3o mais uma vez ser\u00e1 exclusivamente do povo. S\u00e3o poucas as alternativas. No entanto, \u00e9 bom que saibamos que a escolha e as consequ\u00eancias s\u00e3o de cada um dos brasileiros. O presente e o futuro tamb\u00e9m. Eles e elas est\u00e3o sempre de m\u00e3os dadas.<\/p>\n<p>&#8230;..<\/p>\n<p><strong>Heliodoro Quaresma, jornalista aposentado, mant\u00e9m como trof\u00e9u uma velha Remington na estante da sua sala e usa um Notebook para escrever artigos pontuais para Notibras<\/strong><\/p>\n","protected":false},"excerpt":{"rendered":"<p>O Brasil est\u00e1 a um passo de uma elei\u00e7\u00e3o que, do mesmo modo que pode consolidar a democracia e acalmar de vez os \u00e2nimos do povo, do mercado e dos pol\u00edticos, pode arruinar definitivamente a economia, a sa\u00fade, a educa\u00e7\u00e3o e a seguran\u00e7a nacional e levar para o buraco as rela\u00e7\u00f5es interpessoais, a cultura e [&hellip;]<\/p>\n","protected":false},"author":2,"featured_media":385327,"comment_status":"closed","ping_status":"closed","sticky":false,"template":"","format":"standard","meta":{"_acf_changed":false,"footnotes":""},"categories":[16],"tags":[],"class_list":["post-386616","post","type-post","status-publish","format-standard","has-post-thumbnail","hentry","category-brasil"],"acf":[],"yoast_head":"<!-- This site is optimized with the Yoast SEO plugin v27.2 - https:\/\/yoast.com\/product\/yoast-seo-wordpress\/ -->\n<title>Escolhas e decep\u00e7\u00f5es andam de m\u00e3os dadas - Notibras<\/title>\n<meta name=\"robots\" content=\"index, follow, max-snippet:-1, max-image-preview:large, max-video-preview:-1\" \/>\n<link rel=\"canonical\" href=\"https:\/\/www.notibras.com\/site\/escolhas-e-decepcoes-andam-de-maos-dadas\/\" \/>\n<meta property=\"og:locale\" content=\"pt_BR\" \/>\n<meta property=\"og:type\" content=\"article\" \/>\n<meta property=\"og:title\" content=\"Escolhas e decep\u00e7\u00f5es andam de m\u00e3os dadas - Notibras\" \/>\n<meta property=\"og:description\" content=\"O Brasil est\u00e1 a um passo de uma elei\u00e7\u00e3o que, do mesmo modo que pode consolidar a democracia e acalmar de vez os \u00e2nimos do povo, do mercado e dos pol\u00edticos, pode arruinar definitivamente a economia, a sa\u00fade, a educa\u00e7\u00e3o e a seguran\u00e7a nacional e levar para o buraco as rela\u00e7\u00f5es interpessoais, a cultura e [&hellip;]\" \/>\n<meta property=\"og:url\" content=\"https:\/\/www.notibras.com\/site\/escolhas-e-decepcoes-andam-de-maos-dadas\/\" \/>\n<meta property=\"og:site_name\" content=\"Notibras\" \/>\n<meta property=\"article:publisher\" content=\"https:\/\/www.facebook.com\/notibras\/\" \/>\n<meta property=\"article:published_time\" content=\"2026-03-12T11:20:55+00:00\" \/>\n<meta property=\"article:modified_time\" content=\"2026-03-12T11:26:12+00:00\" \/>\n<meta property=\"og:image\" content=\"https:\/\/www.notibras.com\/site\/wp-content\/uploads\/2026\/03\/urna-eletronica.webp\" \/>\n\t<meta property=\"og:image:width\" content=\"1170\" \/>\n\t<meta property=\"og:image:height\" content=\"700\" \/>\n\t<meta property=\"og:image:type\" content=\"image\/webp\" \/>\n<meta name=\"author\" content=\"Reda\u00e7\u00e3o\" \/>\n<meta name=\"twitter:card\" content=\"summary_large_image\" \/>\n<meta name=\"twitter:creator\" content=\"@Notibras\" \/>\n<meta name=\"twitter:site\" content=\"@Notibras\" \/>\n<meta name=\"twitter:label1\" content=\"Escrito por\" \/>\n\t<meta name=\"twitter:data1\" content=\"Reda\u00e7\u00e3o\" \/>\n\t<meta name=\"twitter:label2\" content=\"Est. tempo de leitura\" \/>\n\t<meta name=\"twitter:data2\" content=\"4 minutos\" \/>\n<script type=\"application\/ld+json\" class=\"yoast-schema-graph\">{\"@context\":\"https:\/\/schema.org\",\"@graph\":[{\"@type\":\"Article\",\"@id\":\"https:\/\/www.notibras.com\/site\/escolhas-e-decepcoes-andam-de-maos-dadas\/#article\",\"isPartOf\":{\"@id\":\"https:\/\/www.notibras.com\/site\/escolhas-e-decepcoes-andam-de-maos-dadas\/\"},\"author\":{\"name\":\"Reda\u00e7\u00e3o\",\"@id\":\"https:\/\/www.notibras.com\/site\/#\/schema\/person\/36ab0979449956132d3e5b517ea76ac8\"},\"headline\":\"Escolhas e decep\u00e7\u00f5es andam de m\u00e3os dadas\",\"datePublished\":\"2026-03-12T11:20:55+00:00\",\"dateModified\":\"2026-03-12T11:26:12+00:00\",\"mainEntityOfPage\":{\"@id\":\"https:\/\/www.notibras.com\/site\/escolhas-e-decepcoes-andam-de-maos-dadas\/\"},\"wordCount\":669,\"publisher\":{\"@id\":\"https:\/\/www.notibras.com\/site\/#organization\"},\"image\":{\"@id\":\"https:\/\/www.notibras.com\/site\/escolhas-e-decepcoes-andam-de-maos-dadas\/#primaryimage\"},\"thumbnailUrl\":\"https:\/\/www.notibras.com\/site\/wp-content\/uploads\/2026\/03\/urna-eletronica.webp\",\"articleSection\":[\"Brasil\"],\"inLanguage\":\"pt-BR\"},{\"@type\":\"WebPage\",\"@id\":\"https:\/\/www.notibras.com\/site\/escolhas-e-decepcoes-andam-de-maos-dadas\/\",\"url\":\"https:\/\/www.notibras.com\/site\/escolhas-e-decepcoes-andam-de-maos-dadas\/\",\"name\":\"Escolhas e decep\u00e7\u00f5es andam de m\u00e3os dadas - Notibras\",\"isPartOf\":{\"@id\":\"https:\/\/www.notibras.com\/site\/#website\"},\"primaryImageOfPage\":{\"@id\":\"https:\/\/www.notibras.com\/site\/escolhas-e-decepcoes-andam-de-maos-dadas\/#primaryimage\"},\"image\":{\"@id\":\"https:\/\/www.notibras.com\/site\/escolhas-e-decepcoes-andam-de-maos-dadas\/#primaryimage\"},\"thumbnailUrl\":\"https:\/\/www.notibras.com\/site\/wp-content\/uploads\/2026\/03\/urna-eletronica.webp\",\"datePublished\":\"2026-03-12T11:20:55+00:00\",\"dateModified\":\"2026-03-12T11:26:12+00:00\",\"breadcrumb\":{\"@id\":\"https:\/\/www.notibras.com\/site\/escolhas-e-decepcoes-andam-de-maos-dadas\/#breadcrumb\"},\"inLanguage\":\"pt-BR\",\"potentialAction\":[{\"@type\":\"ReadAction\",\"target\":[\"https:\/\/www.notibras.com\/site\/escolhas-e-decepcoes-andam-de-maos-dadas\/\"]}]},{\"@type\":\"ImageObject\",\"inLanguage\":\"pt-BR\",\"@id\":\"https:\/\/www.notibras.com\/site\/escolhas-e-decepcoes-andam-de-maos-dadas\/#primaryimage\",\"url\":\"https:\/\/www.notibras.com\/site\/wp-content\/uploads\/2026\/03\/urna-eletronica.webp\",\"contentUrl\":\"https:\/\/www.notibras.com\/site\/wp-content\/uploads\/2026\/03\/urna-eletronica.webp\",\"width\":1170,\"height\":700},{\"@type\":\"BreadcrumbList\",\"@id\":\"https:\/\/www.notibras.com\/site\/escolhas-e-decepcoes-andam-de-maos-dadas\/#breadcrumb\",\"itemListElement\":[{\"@type\":\"ListItem\",\"position\":1,\"name\":\"In\u00edcio\",\"item\":\"https:\/\/www.notibras.com\/site\/\"},{\"@type\":\"ListItem\",\"position\":2,\"name\":\"Escolhas e decep\u00e7\u00f5es andam de m\u00e3os dadas\"}]},{\"@type\":\"WebSite\",\"@id\":\"https:\/\/www.notibras.com\/site\/#website\",\"url\":\"https:\/\/www.notibras.com\/site\/\",\"name\":\"Notibras\",\"description\":\"Not\u00edcias de Bras\u00edlia, do Brasil e do Mundo\",\"publisher\":{\"@id\":\"https:\/\/www.notibras.com\/site\/#organization\"},\"potentialAction\":[{\"@type\":\"SearchAction\",\"target\":{\"@type\":\"EntryPoint\",\"urlTemplate\":\"https:\/\/www.notibras.com\/site\/?s={search_term_string}\"},\"query-input\":{\"@type\":\"PropertyValueSpecification\",\"valueRequired\":true,\"valueName\":\"search_term_string\"}}],\"inLanguage\":\"pt-BR\"},{\"@type\":\"Organization\",\"@id\":\"https:\/\/www.notibras.com\/site\/#organization\",\"name\":\"Grupo Notibras de Comunica\u00e7\u00e3o\",\"url\":\"https:\/\/www.notibras.com\/site\/\",\"logo\":{\"@type\":\"ImageObject\",\"inLanguage\":\"pt-BR\",\"@id\":\"https:\/\/www.notibras.com\/site\/#\/schema\/logo\/image\/\",\"url\":\"https:\/\/www.notibras.com\/site\/wp-content\/uploads\/2023\/01\/notibras23.png\",\"contentUrl\":\"https:\/\/www.notibras.com\/site\/wp-content\/uploads\/2023\/01\/notibras23.png\",\"width\":350,\"height\":87,\"caption\":\"Grupo Notibras de Comunica\u00e7\u00e3o\"},\"image\":{\"@id\":\"https:\/\/www.notibras.com\/site\/#\/schema\/logo\/image\/\"},\"sameAs\":[\"https:\/\/www.facebook.com\/notibras\/\",\"https:\/\/x.com\/Notibras\",\"https:\/\/www.instagram.com\/notibras\/\"]},{\"@type\":\"Person\",\"@id\":\"https:\/\/www.notibras.com\/site\/#\/schema\/person\/36ab0979449956132d3e5b517ea76ac8\",\"name\":\"Reda\u00e7\u00e3o\",\"image\":{\"@type\":\"ImageObject\",\"inLanguage\":\"pt-BR\",\"@id\":\"https:\/\/secure.gravatar.com\/avatar\/e0a867bdedb85fd243eadf09663511f96fc81e0720a4a42581f334ad4303aa6b?s=96&d=mm&r=g\",\"url\":\"https:\/\/secure.gravatar.com\/avatar\/e0a867bdedb85fd243eadf09663511f96fc81e0720a4a42581f334ad4303aa6b?s=96&d=mm&r=g\",\"contentUrl\":\"https:\/\/secure.gravatar.com\/avatar\/e0a867bdedb85fd243eadf09663511f96fc81e0720a4a42581f334ad4303aa6b?s=96&d=mm&r=g\",\"caption\":\"Reda\u00e7\u00e3o\"}}]}<\/script>\n<!-- \/ Yoast SEO plugin. -->","yoast_head_json":{"title":"Escolhas e decep\u00e7\u00f5es andam de m\u00e3os dadas - Notibras","robots":{"index":"index","follow":"follow","max-snippet":"max-snippet:-1","max-image-preview":"max-image-preview:large","max-video-preview":"max-video-preview:-1"},"canonical":"https:\/\/www.notibras.com\/site\/escolhas-e-decepcoes-andam-de-maos-dadas\/","og_locale":"pt_BR","og_type":"article","og_title":"Escolhas e decep\u00e7\u00f5es andam de m\u00e3os dadas - Notibras","og_description":"O Brasil est\u00e1 a um passo de uma elei\u00e7\u00e3o que, do mesmo modo que pode consolidar a democracia e acalmar de vez os \u00e2nimos do povo, do mercado e dos pol\u00edticos, pode arruinar definitivamente a economia, a sa\u00fade, a educa\u00e7\u00e3o e a seguran\u00e7a nacional e levar para o buraco as rela\u00e7\u00f5es interpessoais, a cultura e [&hellip;]","og_url":"https:\/\/www.notibras.com\/site\/escolhas-e-decepcoes-andam-de-maos-dadas\/","og_site_name":"Notibras","article_publisher":"https:\/\/www.facebook.com\/notibras\/","article_published_time":"2026-03-12T11:20:55+00:00","article_modified_time":"2026-03-12T11:26:12+00:00","og_image":[{"width":1170,"height":700,"url":"https:\/\/www.notibras.com\/site\/wp-content\/uploads\/2026\/03\/urna-eletronica.webp","type":"image\/webp"}],"author":"Reda\u00e7\u00e3o","twitter_card":"summary_large_image","twitter_creator":"@Notibras","twitter_site":"@Notibras","twitter_misc":{"Escrito por":"Reda\u00e7\u00e3o","Est. tempo de leitura":"4 minutos"},"schema":{"@context":"https:\/\/schema.org","@graph":[{"@type":"Article","@id":"https:\/\/www.notibras.com\/site\/escolhas-e-decepcoes-andam-de-maos-dadas\/#article","isPartOf":{"@id":"https:\/\/www.notibras.com\/site\/escolhas-e-decepcoes-andam-de-maos-dadas\/"},"author":{"name":"Reda\u00e7\u00e3o","@id":"https:\/\/www.notibras.com\/site\/#\/schema\/person\/36ab0979449956132d3e5b517ea76ac8"},"headline":"Escolhas e decep\u00e7\u00f5es andam de m\u00e3os dadas","datePublished":"2026-03-12T11:20:55+00:00","dateModified":"2026-03-12T11:26:12+00:00","mainEntityOfPage":{"@id":"https:\/\/www.notibras.com\/site\/escolhas-e-decepcoes-andam-de-maos-dadas\/"},"wordCount":669,"publisher":{"@id":"https:\/\/www.notibras.com\/site\/#organization"},"image":{"@id":"https:\/\/www.notibras.com\/site\/escolhas-e-decepcoes-andam-de-maos-dadas\/#primaryimage"},"thumbnailUrl":"https:\/\/www.notibras.com\/site\/wp-content\/uploads\/2026\/03\/urna-eletronica.webp","articleSection":["Brasil"],"inLanguage":"pt-BR"},{"@type":"WebPage","@id":"https:\/\/www.notibras.com\/site\/escolhas-e-decepcoes-andam-de-maos-dadas\/","url":"https:\/\/www.notibras.com\/site\/escolhas-e-decepcoes-andam-de-maos-dadas\/","name":"Escolhas e decep\u00e7\u00f5es andam de m\u00e3os dadas - Notibras","isPartOf":{"@id":"https:\/\/www.notibras.com\/site\/#website"},"primaryImageOfPage":{"@id":"https:\/\/www.notibras.com\/site\/escolhas-e-decepcoes-andam-de-maos-dadas\/#primaryimage"},"image":{"@id":"https:\/\/www.notibras.com\/site\/escolhas-e-decepcoes-andam-de-maos-dadas\/#primaryimage"},"thumbnailUrl":"https:\/\/www.notibras.com\/site\/wp-content\/uploads\/2026\/03\/urna-eletronica.webp","datePublished":"2026-03-12T11:20:55+00:00","dateModified":"2026-03-12T11:26:12+00:00","breadcrumb":{"@id":"https:\/\/www.notibras.com\/site\/escolhas-e-decepcoes-andam-de-maos-dadas\/#breadcrumb"},"inLanguage":"pt-BR","potentialAction":[{"@type":"ReadAction","target":["https:\/\/www.notibras.com\/site\/escolhas-e-decepcoes-andam-de-maos-dadas\/"]}]},{"@type":"ImageObject","inLanguage":"pt-BR","@id":"https:\/\/www.notibras.com\/site\/escolhas-e-decepcoes-andam-de-maos-dadas\/#primaryimage","url":"https:\/\/www.notibras.com\/site\/wp-content\/uploads\/2026\/03\/urna-eletronica.webp","contentUrl":"https:\/\/www.notibras.com\/site\/wp-content\/uploads\/2026\/03\/urna-eletronica.webp","width":1170,"height":700},{"@type":"BreadcrumbList","@id":"https:\/\/www.notibras.com\/site\/escolhas-e-decepcoes-andam-de-maos-dadas\/#breadcrumb","itemListElement":[{"@type":"ListItem","position":1,"name":"In\u00edcio","item":"https:\/\/www.notibras.com\/site\/"},{"@type":"ListItem","position":2,"name":"Escolhas e decep\u00e7\u00f5es andam de m\u00e3os dadas"}]},{"@type":"WebSite","@id":"https:\/\/www.notibras.com\/site\/#website","url":"https:\/\/www.notibras.com\/site\/","name":"Notibras","description":"Not\u00edcias de Bras\u00edlia, do Brasil e do Mundo","publisher":{"@id":"https:\/\/www.notibras.com\/site\/#organization"},"potentialAction":[{"@type":"SearchAction","target":{"@type":"EntryPoint","urlTemplate":"https:\/\/www.notibras.com\/site\/?s={search_term_string}"},"query-input":{"@type":"PropertyValueSpecification","valueRequired":true,"valueName":"search_term_string"}}],"inLanguage":"pt-BR"},{"@type":"Organization","@id":"https:\/\/www.notibras.com\/site\/#organization","name":"Grupo Notibras de Comunica\u00e7\u00e3o","url":"https:\/\/www.notibras.com\/site\/","logo":{"@type":"ImageObject","inLanguage":"pt-BR","@id":"https:\/\/www.notibras.com\/site\/#\/schema\/logo\/image\/","url":"https:\/\/www.notibras.com\/site\/wp-content\/uploads\/2023\/01\/notibras23.png","contentUrl":"https:\/\/www.notibras.com\/site\/wp-content\/uploads\/2023\/01\/notibras23.png","width":350,"height":87,"caption":"Grupo Notibras de Comunica\u00e7\u00e3o"},"image":{"@id":"https:\/\/www.notibras.com\/site\/#\/schema\/logo\/image\/"},"sameAs":["https:\/\/www.facebook.com\/notibras\/","https:\/\/x.com\/Notibras","https:\/\/www.instagram.com\/notibras\/"]},{"@type":"Person","@id":"https:\/\/www.notibras.com\/site\/#\/schema\/person\/36ab0979449956132d3e5b517ea76ac8","name":"Reda\u00e7\u00e3o","image":{"@type":"ImageObject","inLanguage":"pt-BR","@id":"https:\/\/secure.gravatar.com\/avatar\/e0a867bdedb85fd243eadf09663511f96fc81e0720a4a42581f334ad4303aa6b?s=96&d=mm&r=g","url":"https:\/\/secure.gravatar.com\/avatar\/e0a867bdedb85fd243eadf09663511f96fc81e0720a4a42581f334ad4303aa6b?s=96&d=mm&r=g","contentUrl":"https:\/\/secure.gravatar.com\/avatar\/e0a867bdedb85fd243eadf09663511f96fc81e0720a4a42581f334ad4303aa6b?s=96&d=mm&r=g","caption":"Reda\u00e7\u00e3o"}}]}},"amp_enabled":true,"_links":{"self":[{"href":"https:\/\/www.notibras.com\/site\/wp-json\/wp\/v2\/posts\/386616","targetHints":{"allow":["GET"]}}],"collection":[{"href":"https:\/\/www.notibras.com\/site\/wp-json\/wp\/v2\/posts"}],"about":[{"href":"https:\/\/www.notibras.com\/site\/wp-json\/wp\/v2\/types\/post"}],"author":[{"embeddable":true,"href":"https:\/\/www.notibras.com\/site\/wp-json\/wp\/v2\/users\/2"}],"replies":[{"embeddable":true,"href":"https:\/\/www.notibras.com\/site\/wp-json\/wp\/v2\/comments?post=386616"}],"version-history":[{"count":3,"href":"https:\/\/www.notibras.com\/site\/wp-json\/wp\/v2\/posts\/386616\/revisions"}],"predecessor-version":[{"id":386619,"href":"https:\/\/www.notibras.com\/site\/wp-json\/wp\/v2\/posts\/386616\/revisions\/386619"}],"wp:featuredmedia":[{"embeddable":true,"href":"https:\/\/www.notibras.com\/site\/wp-json\/wp\/v2\/media\/385327"}],"wp:attachment":[{"href":"https:\/\/www.notibras.com\/site\/wp-json\/wp\/v2\/media?parent=386616"}],"wp:term":[{"taxonomy":"category","embeddable":true,"href":"https:\/\/www.notibras.com\/site\/wp-json\/wp\/v2\/categories?post=386616"},{"taxonomy":"post_tag","embeddable":true,"href":"https:\/\/www.notibras.com\/site\/wp-json\/wp\/v2\/tags?post=386616"}],"curies":[{"name":"wp","href":"https:\/\/api.w.org\/{rel}","templated":true}]}}