{"id":386620,"date":"2026-03-12T08:33:39","date_gmt":"2026-03-12T11:33:39","guid":{"rendered":"https:\/\/www.notibras.com\/site\/?p=386620"},"modified":"2026-03-12T08:33:39","modified_gmt":"2026-03-12T11:33:39","slug":"a-nobreza-as-maximas-e-a-imorrivel-filosofia-do-mestre-barao-de-itarare","status":"publish","type":"post","link":"https:\/\/www.notibras.com\/site\/a-nobreza-as-maximas-e-a-imorrivel-filosofia-do-mestre-barao-de-itarare\/","title":{"rendered":"A nobreza, as m\u00e1ximas e a &#8216;imorr\u00edvel&#8217; filosofia do mestre Bar\u00e3o de Itarar\u00e9"},"content":{"rendered":"<p>Pioneiro no humorismo pol\u00edtico brasileiro, o jornalista Appar\u00edcio Fernando de Brinkerhoff Torelly, tamb\u00e9m conhecido por Apporelly e pelo falso t\u00edtulo de nobreza de Bar\u00e3o de Itarar\u00e9, morreu em 1971 sem saber de fato se era um cidad\u00e3o brasileiro ou um intruso uruguaio. Como ele nunca se importou com isso, n\u00e3o serei eu quem ir\u00e1 contestar a vers\u00e3o de que, registrado como nascido no Uruguai, ela desde menino sustentou uma naturalidade ga\u00facha, ainda que sem discrimina\u00e7\u00e3o de cidade.<\/p>\n<p>Contempor\u00e2neo de grandes vultos da hist\u00f3ria brasileira, entre eles Get\u00falio Vargas, Samuel Wainer, Juscelino Kubistchek, J\u00e2nio Quadros e Jo\u00e3o Goulart, o mais importante \u00e9 a hist\u00f3ria do velho (e nunca) companheiro da lida jornal\u00edstica. Autodenominado Marechal-Almirante e Brigadeiro do Ar Condicionado, Appar\u00edcio \u00e9 autor de frases religiosamente filos\u00f3ficas e\u00a0<i>imorr\u00edveis<\/i>. Maximalista, isto \u00e9, autor de m\u00e1ximas, o bar\u00e3o sempre esteve indiscutivelmente acima do colega de nobreza, o Marqu\u00eas de Maric\u00e1, o escritor e fil\u00f3sofo carioca Mariano Jos\u00e9 Pereira da Fonseca.<\/p>\n<p>Por exemplo, para o amigo e parceiro Marqu\u00eas de Maric\u00e1, \u201cmais vale um p\u00e1ssaro na m\u00e3o do que dois voando\u201d. Mais zeloso, o Bar\u00e3o de Itarar\u00e9 desde menino jurava que \u201cmais valem dois galos no terreiro do que um na testa\u201d. Embora aprecie o humor \u00e1cido de ambos, sou obrigado a concordar com Apporelly por uma simpl\u00f3ria raz\u00e3o: como invasor do vasto e \u00e1rido deserto da ignor\u00e2ncia humana, o preclaro Itarar\u00e9 \u00e9 campe\u00e3o ol\u00edmpico da paz. \u00c9 dele a tese de que a \u201cguerra fria\u201d s\u00f3 seria v\u00e1lida se a batalha fosse contra o calor excessivo dos tr\u00f3picos.<\/p>\n<p>Descobridor de que o lim\u00e3o \u00e9 uma laranja que sofre do est\u00f4mago, o bar\u00e3o de todos os velhos e novos jornalistas se vivo fosse certamente teria fugido do Brasil durante o governo Bolsonaro, pois confundiria o lema da gest\u00e3o com \u201cAdeus, P\u00e1tria e Fam\u00edlia\u201d. Defensor ferrenho das donzelas militantes e assumidas, foi Appar\u00edcio Torelly quem me ensinou a perfeita e cient\u00edfica t\u00e9cnica de descobrir a idade das mulheres sem a necessidade da horrorosa, imperdo\u00e1vel e grosseria pergunta. Aos homens de boas maneiras, principalmente \u00e0queles que tomam banho pelo menos de 15 em 15 dias no inverno, repasso o ensinamento.<\/p>\n<p>De costas, pe\u00e7a a uma amiga pr\u00f3xima ou mesmo a uma desconhecida para que ela escreva em um papelucho qualquer o n\u00famero correspondente ao m\u00eas em que nasceu. Em seguida, multiplique por 2, some 5, multiplique por 50, some a esse produto a sua idade exata, subtraia 365 e novamente some 115. Feito isso ou isto feito, pe\u00e7a \u00e0 mo\u00e7a para que, em voz alta, proclame o resultado obtido. N\u00e3o tem erro.<b>\u00a0<\/b>Conforme a dica do bar\u00e3o, o primeiro algarismo revelar\u00e1 o m\u00eas em que ela nasceu e os dois algarismos restantes dir\u00e3o, com precis\u00e3o aritm\u00e9tica, a idade da donzela.<\/p>\n<p>Imaginemos uma mo\u00e7oila nascida em maio, ou seja, no 5\u00ba. m\u00eas e que tenha 42 anos. Multiplicando 5 por 2, teremos 10, que, somados a 5, totalizam 15. A multiplica\u00e7\u00e3o de 15 por 50 \u00e9 igual a 750. Acrescentando a idade da dita cuja, alcan\u00e7aremos 792, n\u00famero que, subtra\u00eddos 365, chegam a 327. A soma de 327 com 115 \u00e9 542. Eis a chave do grande mist\u00e9rio. Conheceremos a idade da virgem com discri\u00e7\u00e3o, gentileza. Como diz o amigo Waldemiro Schneider, o eterno prefeito de Domingos Martins, o melhor de tudo \u00e9 que passaremos a ser reconhecidos como not\u00e1veis matem\u00e1ticos. Fa\u00e7am o teste. Cartas para a reda\u00e7\u00e3o de <strong>Notibras<\/strong>.\u00a0\u00a0<b><\/b><\/p>\n<p>&#8230;&#8230;.<\/p>\n<p><strong>Wenceslau Ara\u00fajo \u00e9 Editor-Chefe de Notibras<\/strong><\/p>\n","protected":false},"excerpt":{"rendered":"<p>Pioneiro no humorismo pol\u00edtico brasileiro, o jornalista Appar\u00edcio Fernando de Brinkerhoff Torelly, tamb\u00e9m conhecido por Apporelly e pelo falso t\u00edtulo de nobreza de Bar\u00e3o de Itarar\u00e9, morreu em 1971 sem saber de fato se era um cidad\u00e3o brasileiro ou um intruso uruguaio. Como ele nunca se importou com isso, n\u00e3o serei eu quem ir\u00e1 contestar [&hellip;]<\/p>\n","protected":false},"author":2,"featured_media":386621,"comment_status":"closed","ping_status":"closed","sticky":false,"template":"","format":"standard","meta":{"_acf_changed":false,"footnotes":""},"categories":[236],"tags":[],"class_list":["post-386620","post","type-post","status-publish","format-standard","has-post-thumbnail","hentry","category-ponto-de-vista"],"acf":[],"yoast_head":"<!-- This site is optimized with the Yoast SEO plugin v27.2 - https:\/\/yoast.com\/product\/yoast-seo-wordpress\/ -->\n<title>A nobreza, as m\u00e1ximas e a &#039;imorr\u00edvel&#039; filosofia do mestre Bar\u00e3o de Itarar\u00e9 - Notibras<\/title>\n<meta name=\"robots\" content=\"index, follow, max-snippet:-1, max-image-preview:large, max-video-preview:-1\" \/>\n<link rel=\"canonical\" href=\"https:\/\/www.notibras.com\/site\/a-nobreza-as-maximas-e-a-imorrivel-filosofia-do-mestre-barao-de-itarare\/\" \/>\n<meta property=\"og:locale\" content=\"pt_BR\" \/>\n<meta property=\"og:type\" content=\"article\" \/>\n<meta property=\"og:title\" content=\"A nobreza, as m\u00e1ximas e a &#039;imorr\u00edvel&#039; filosofia do mestre Bar\u00e3o de Itarar\u00e9 - Notibras\" \/>\n<meta property=\"og:description\" content=\"Pioneiro no humorismo pol\u00edtico brasileiro, o jornalista Appar\u00edcio Fernando de Brinkerhoff Torelly, tamb\u00e9m conhecido por Apporelly e pelo falso t\u00edtulo de nobreza de Bar\u00e3o de Itarar\u00e9, morreu em 1971 sem saber de fato se era um cidad\u00e3o brasileiro ou um intruso uruguaio. Como ele nunca se importou com isso, n\u00e3o serei eu quem ir\u00e1 contestar [&hellip;]\" \/>\n<meta property=\"og:url\" content=\"https:\/\/www.notibras.com\/site\/a-nobreza-as-maximas-e-a-imorrivel-filosofia-do-mestre-barao-de-itarare\/\" \/>\n<meta property=\"og:site_name\" content=\"Notibras\" \/>\n<meta property=\"article:publisher\" content=\"https:\/\/www.facebook.com\/notibras\/\" \/>\n<meta property=\"article:published_time\" content=\"2026-03-12T11:33:39+00:00\" \/>\n<meta property=\"og:image\" content=\"https:\/\/www.notibras.com\/site\/wp-content\/uploads\/2026\/03\/53988fa9-452f-45a0-a67b-5849c90433cf-1024x683.png\" \/>\n\t<meta property=\"og:image:width\" content=\"1024\" \/>\n\t<meta property=\"og:image:height\" content=\"683\" \/>\n\t<meta property=\"og:image:type\" content=\"image\/png\" \/>\n<meta name=\"author\" content=\"Reda\u00e7\u00e3o\" \/>\n<meta name=\"twitter:card\" content=\"summary_large_image\" \/>\n<meta name=\"twitter:creator\" content=\"@Notibras\" \/>\n<meta name=\"twitter:site\" content=\"@Notibras\" \/>\n<meta name=\"twitter:label1\" content=\"Escrito por\" \/>\n\t<meta name=\"twitter:data1\" content=\"Reda\u00e7\u00e3o\" \/>\n\t<meta name=\"twitter:label2\" content=\"Est. tempo de leitura\" \/>\n\t<meta name=\"twitter:data2\" content=\"4 minutos\" \/>\n<script type=\"application\/ld+json\" class=\"yoast-schema-graph\">{\"@context\":\"https:\/\/schema.org\",\"@graph\":[{\"@type\":\"Article\",\"@id\":\"https:\/\/www.notibras.com\/site\/a-nobreza-as-maximas-e-a-imorrivel-filosofia-do-mestre-barao-de-itarare\/#article\",\"isPartOf\":{\"@id\":\"https:\/\/www.notibras.com\/site\/a-nobreza-as-maximas-e-a-imorrivel-filosofia-do-mestre-barao-de-itarare\/\"},\"author\":{\"name\":\"Reda\u00e7\u00e3o\",\"@id\":\"https:\/\/www.notibras.com\/site\/#\/schema\/person\/36ab0979449956132d3e5b517ea76ac8\"},\"headline\":\"A nobreza, as m\u00e1ximas e a &#8216;imorr\u00edvel&#8217; filosofia do mestre Bar\u00e3o de Itarar\u00e9\",\"datePublished\":\"2026-03-12T11:33:39+00:00\",\"mainEntityOfPage\":{\"@id\":\"https:\/\/www.notibras.com\/site\/a-nobreza-as-maximas-e-a-imorrivel-filosofia-do-mestre-barao-de-itarare\/\"},\"wordCount\":620,\"publisher\":{\"@id\":\"https:\/\/www.notibras.com\/site\/#organization\"},\"image\":{\"@id\":\"https:\/\/www.notibras.com\/site\/a-nobreza-as-maximas-e-a-imorrivel-filosofia-do-mestre-barao-de-itarare\/#primaryimage\"},\"thumbnailUrl\":\"https:\/\/www.notibras.com\/site\/wp-content\/uploads\/2026\/03\/53988fa9-452f-45a0-a67b-5849c90433cf.png\",\"articleSection\":[\"Ponto de Vista\"],\"inLanguage\":\"pt-BR\"},{\"@type\":\"WebPage\",\"@id\":\"https:\/\/www.notibras.com\/site\/a-nobreza-as-maximas-e-a-imorrivel-filosofia-do-mestre-barao-de-itarare\/\",\"url\":\"https:\/\/www.notibras.com\/site\/a-nobreza-as-maximas-e-a-imorrivel-filosofia-do-mestre-barao-de-itarare\/\",\"name\":\"A nobreza, as m\u00e1ximas e a 'imorr\u00edvel' filosofia do mestre Bar\u00e3o de Itarar\u00e9 - Notibras\",\"isPartOf\":{\"@id\":\"https:\/\/www.notibras.com\/site\/#website\"},\"primaryImageOfPage\":{\"@id\":\"https:\/\/www.notibras.com\/site\/a-nobreza-as-maximas-e-a-imorrivel-filosofia-do-mestre-barao-de-itarare\/#primaryimage\"},\"image\":{\"@id\":\"https:\/\/www.notibras.com\/site\/a-nobreza-as-maximas-e-a-imorrivel-filosofia-do-mestre-barao-de-itarare\/#primaryimage\"},\"thumbnailUrl\":\"https:\/\/www.notibras.com\/site\/wp-content\/uploads\/2026\/03\/53988fa9-452f-45a0-a67b-5849c90433cf.png\",\"datePublished\":\"2026-03-12T11:33:39+00:00\",\"breadcrumb\":{\"@id\":\"https:\/\/www.notibras.com\/site\/a-nobreza-as-maximas-e-a-imorrivel-filosofia-do-mestre-barao-de-itarare\/#breadcrumb\"},\"inLanguage\":\"pt-BR\",\"potentialAction\":[{\"@type\":\"ReadAction\",\"target\":[\"https:\/\/www.notibras.com\/site\/a-nobreza-as-maximas-e-a-imorrivel-filosofia-do-mestre-barao-de-itarare\/\"]}]},{\"@type\":\"ImageObject\",\"inLanguage\":\"pt-BR\",\"@id\":\"https:\/\/www.notibras.com\/site\/a-nobreza-as-maximas-e-a-imorrivel-filosofia-do-mestre-barao-de-itarare\/#primaryimage\",\"url\":\"https:\/\/www.notibras.com\/site\/wp-content\/uploads\/2026\/03\/53988fa9-452f-45a0-a67b-5849c90433cf.png\",\"contentUrl\":\"https:\/\/www.notibras.com\/site\/wp-content\/uploads\/2026\/03\/53988fa9-452f-45a0-a67b-5849c90433cf.png\",\"width\":1536,\"height\":1024},{\"@type\":\"BreadcrumbList\",\"@id\":\"https:\/\/www.notibras.com\/site\/a-nobreza-as-maximas-e-a-imorrivel-filosofia-do-mestre-barao-de-itarare\/#breadcrumb\",\"itemListElement\":[{\"@type\":\"ListItem\",\"position\":1,\"name\":\"In\u00edcio\",\"item\":\"https:\/\/www.notibras.com\/site\/\"},{\"@type\":\"ListItem\",\"position\":2,\"name\":\"A nobreza, as m\u00e1ximas e a &#8216;imorr\u00edvel&#8217; filosofia do mestre Bar\u00e3o de Itarar\u00e9\"}]},{\"@type\":\"WebSite\",\"@id\":\"https:\/\/www.notibras.com\/site\/#website\",\"url\":\"https:\/\/www.notibras.com\/site\/\",\"name\":\"Notibras\",\"description\":\"Not\u00edcias de Bras\u00edlia, do Brasil e do Mundo\",\"publisher\":{\"@id\":\"https:\/\/www.notibras.com\/site\/#organization\"},\"potentialAction\":[{\"@type\":\"SearchAction\",\"target\":{\"@type\":\"EntryPoint\",\"urlTemplate\":\"https:\/\/www.notibras.com\/site\/?s={search_term_string}\"},\"query-input\":{\"@type\":\"PropertyValueSpecification\",\"valueRequired\":true,\"valueName\":\"search_term_string\"}}],\"inLanguage\":\"pt-BR\"},{\"@type\":\"Organization\",\"@id\":\"https:\/\/www.notibras.com\/site\/#organization\",\"name\":\"Grupo Notibras de Comunica\u00e7\u00e3o\",\"url\":\"https:\/\/www.notibras.com\/site\/\",\"logo\":{\"@type\":\"ImageObject\",\"inLanguage\":\"pt-BR\",\"@id\":\"https:\/\/www.notibras.com\/site\/#\/schema\/logo\/image\/\",\"url\":\"https:\/\/www.notibras.com\/site\/wp-content\/uploads\/2023\/01\/notibras23.png\",\"contentUrl\":\"https:\/\/www.notibras.com\/site\/wp-content\/uploads\/2023\/01\/notibras23.png\",\"width\":350,\"height\":87,\"caption\":\"Grupo Notibras de Comunica\u00e7\u00e3o\"},\"image\":{\"@id\":\"https:\/\/www.notibras.com\/site\/#\/schema\/logo\/image\/\"},\"sameAs\":[\"https:\/\/www.facebook.com\/notibras\/\",\"https:\/\/x.com\/Notibras\",\"https:\/\/www.instagram.com\/notibras\/\"]},{\"@type\":\"Person\",\"@id\":\"https:\/\/www.notibras.com\/site\/#\/schema\/person\/36ab0979449956132d3e5b517ea76ac8\",\"name\":\"Reda\u00e7\u00e3o\",\"image\":{\"@type\":\"ImageObject\",\"inLanguage\":\"pt-BR\",\"@id\":\"https:\/\/secure.gravatar.com\/avatar\/e0a867bdedb85fd243eadf09663511f96fc81e0720a4a42581f334ad4303aa6b?s=96&d=mm&r=g\",\"url\":\"https:\/\/secure.gravatar.com\/avatar\/e0a867bdedb85fd243eadf09663511f96fc81e0720a4a42581f334ad4303aa6b?s=96&d=mm&r=g\",\"contentUrl\":\"https:\/\/secure.gravatar.com\/avatar\/e0a867bdedb85fd243eadf09663511f96fc81e0720a4a42581f334ad4303aa6b?s=96&d=mm&r=g\",\"caption\":\"Reda\u00e7\u00e3o\"}}]}<\/script>\n<!-- \/ Yoast SEO plugin. -->","yoast_head_json":{"title":"A nobreza, as m\u00e1ximas e a 'imorr\u00edvel' filosofia do mestre Bar\u00e3o de Itarar\u00e9 - Notibras","robots":{"index":"index","follow":"follow","max-snippet":"max-snippet:-1","max-image-preview":"max-image-preview:large","max-video-preview":"max-video-preview:-1"},"canonical":"https:\/\/www.notibras.com\/site\/a-nobreza-as-maximas-e-a-imorrivel-filosofia-do-mestre-barao-de-itarare\/","og_locale":"pt_BR","og_type":"article","og_title":"A nobreza, as m\u00e1ximas e a 'imorr\u00edvel' filosofia do mestre Bar\u00e3o de Itarar\u00e9 - Notibras","og_description":"Pioneiro no humorismo pol\u00edtico brasileiro, o jornalista Appar\u00edcio Fernando de Brinkerhoff Torelly, tamb\u00e9m conhecido por Apporelly e pelo falso t\u00edtulo de nobreza de Bar\u00e3o de Itarar\u00e9, morreu em 1971 sem saber de fato se era um cidad\u00e3o brasileiro ou um intruso uruguaio. Como ele nunca se importou com isso, n\u00e3o serei eu quem ir\u00e1 contestar [&hellip;]","og_url":"https:\/\/www.notibras.com\/site\/a-nobreza-as-maximas-e-a-imorrivel-filosofia-do-mestre-barao-de-itarare\/","og_site_name":"Notibras","article_publisher":"https:\/\/www.facebook.com\/notibras\/","article_published_time":"2026-03-12T11:33:39+00:00","og_image":[{"width":1024,"height":683,"url":"https:\/\/www.notibras.com\/site\/wp-content\/uploads\/2026\/03\/53988fa9-452f-45a0-a67b-5849c90433cf-1024x683.png","type":"image\/png"}],"author":"Reda\u00e7\u00e3o","twitter_card":"summary_large_image","twitter_creator":"@Notibras","twitter_site":"@Notibras","twitter_misc":{"Escrito por":"Reda\u00e7\u00e3o","Est. tempo de leitura":"4 minutos"},"schema":{"@context":"https:\/\/schema.org","@graph":[{"@type":"Article","@id":"https:\/\/www.notibras.com\/site\/a-nobreza-as-maximas-e-a-imorrivel-filosofia-do-mestre-barao-de-itarare\/#article","isPartOf":{"@id":"https:\/\/www.notibras.com\/site\/a-nobreza-as-maximas-e-a-imorrivel-filosofia-do-mestre-barao-de-itarare\/"},"author":{"name":"Reda\u00e7\u00e3o","@id":"https:\/\/www.notibras.com\/site\/#\/schema\/person\/36ab0979449956132d3e5b517ea76ac8"},"headline":"A nobreza, as m\u00e1ximas e a &#8216;imorr\u00edvel&#8217; filosofia do mestre Bar\u00e3o de Itarar\u00e9","datePublished":"2026-03-12T11:33:39+00:00","mainEntityOfPage":{"@id":"https:\/\/www.notibras.com\/site\/a-nobreza-as-maximas-e-a-imorrivel-filosofia-do-mestre-barao-de-itarare\/"},"wordCount":620,"publisher":{"@id":"https:\/\/www.notibras.com\/site\/#organization"},"image":{"@id":"https:\/\/www.notibras.com\/site\/a-nobreza-as-maximas-e-a-imorrivel-filosofia-do-mestre-barao-de-itarare\/#primaryimage"},"thumbnailUrl":"https:\/\/www.notibras.com\/site\/wp-content\/uploads\/2026\/03\/53988fa9-452f-45a0-a67b-5849c90433cf.png","articleSection":["Ponto de Vista"],"inLanguage":"pt-BR"},{"@type":"WebPage","@id":"https:\/\/www.notibras.com\/site\/a-nobreza-as-maximas-e-a-imorrivel-filosofia-do-mestre-barao-de-itarare\/","url":"https:\/\/www.notibras.com\/site\/a-nobreza-as-maximas-e-a-imorrivel-filosofia-do-mestre-barao-de-itarare\/","name":"A nobreza, as m\u00e1ximas e a 'imorr\u00edvel' filosofia do mestre Bar\u00e3o de Itarar\u00e9 - Notibras","isPartOf":{"@id":"https:\/\/www.notibras.com\/site\/#website"},"primaryImageOfPage":{"@id":"https:\/\/www.notibras.com\/site\/a-nobreza-as-maximas-e-a-imorrivel-filosofia-do-mestre-barao-de-itarare\/#primaryimage"},"image":{"@id":"https:\/\/www.notibras.com\/site\/a-nobreza-as-maximas-e-a-imorrivel-filosofia-do-mestre-barao-de-itarare\/#primaryimage"},"thumbnailUrl":"https:\/\/www.notibras.com\/site\/wp-content\/uploads\/2026\/03\/53988fa9-452f-45a0-a67b-5849c90433cf.png","datePublished":"2026-03-12T11:33:39+00:00","breadcrumb":{"@id":"https:\/\/www.notibras.com\/site\/a-nobreza-as-maximas-e-a-imorrivel-filosofia-do-mestre-barao-de-itarare\/#breadcrumb"},"inLanguage":"pt-BR","potentialAction":[{"@type":"ReadAction","target":["https:\/\/www.notibras.com\/site\/a-nobreza-as-maximas-e-a-imorrivel-filosofia-do-mestre-barao-de-itarare\/"]}]},{"@type":"ImageObject","inLanguage":"pt-BR","@id":"https:\/\/www.notibras.com\/site\/a-nobreza-as-maximas-e-a-imorrivel-filosofia-do-mestre-barao-de-itarare\/#primaryimage","url":"https:\/\/www.notibras.com\/site\/wp-content\/uploads\/2026\/03\/53988fa9-452f-45a0-a67b-5849c90433cf.png","contentUrl":"https:\/\/www.notibras.com\/site\/wp-content\/uploads\/2026\/03\/53988fa9-452f-45a0-a67b-5849c90433cf.png","width":1536,"height":1024},{"@type":"BreadcrumbList","@id":"https:\/\/www.notibras.com\/site\/a-nobreza-as-maximas-e-a-imorrivel-filosofia-do-mestre-barao-de-itarare\/#breadcrumb","itemListElement":[{"@type":"ListItem","position":1,"name":"In\u00edcio","item":"https:\/\/www.notibras.com\/site\/"},{"@type":"ListItem","position":2,"name":"A nobreza, as m\u00e1ximas e a &#8216;imorr\u00edvel&#8217; filosofia do mestre Bar\u00e3o de Itarar\u00e9"}]},{"@type":"WebSite","@id":"https:\/\/www.notibras.com\/site\/#website","url":"https:\/\/www.notibras.com\/site\/","name":"Notibras","description":"Not\u00edcias de Bras\u00edlia, do Brasil e do Mundo","publisher":{"@id":"https:\/\/www.notibras.com\/site\/#organization"},"potentialAction":[{"@type":"SearchAction","target":{"@type":"EntryPoint","urlTemplate":"https:\/\/www.notibras.com\/site\/?s={search_term_string}"},"query-input":{"@type":"PropertyValueSpecification","valueRequired":true,"valueName":"search_term_string"}}],"inLanguage":"pt-BR"},{"@type":"Organization","@id":"https:\/\/www.notibras.com\/site\/#organization","name":"Grupo Notibras de Comunica\u00e7\u00e3o","url":"https:\/\/www.notibras.com\/site\/","logo":{"@type":"ImageObject","inLanguage":"pt-BR","@id":"https:\/\/www.notibras.com\/site\/#\/schema\/logo\/image\/","url":"https:\/\/www.notibras.com\/site\/wp-content\/uploads\/2023\/01\/notibras23.png","contentUrl":"https:\/\/www.notibras.com\/site\/wp-content\/uploads\/2023\/01\/notibras23.png","width":350,"height":87,"caption":"Grupo Notibras de Comunica\u00e7\u00e3o"},"image":{"@id":"https:\/\/www.notibras.com\/site\/#\/schema\/logo\/image\/"},"sameAs":["https:\/\/www.facebook.com\/notibras\/","https:\/\/x.com\/Notibras","https:\/\/www.instagram.com\/notibras\/"]},{"@type":"Person","@id":"https:\/\/www.notibras.com\/site\/#\/schema\/person\/36ab0979449956132d3e5b517ea76ac8","name":"Reda\u00e7\u00e3o","image":{"@type":"ImageObject","inLanguage":"pt-BR","@id":"https:\/\/secure.gravatar.com\/avatar\/e0a867bdedb85fd243eadf09663511f96fc81e0720a4a42581f334ad4303aa6b?s=96&d=mm&r=g","url":"https:\/\/secure.gravatar.com\/avatar\/e0a867bdedb85fd243eadf09663511f96fc81e0720a4a42581f334ad4303aa6b?s=96&d=mm&r=g","contentUrl":"https:\/\/secure.gravatar.com\/avatar\/e0a867bdedb85fd243eadf09663511f96fc81e0720a4a42581f334ad4303aa6b?s=96&d=mm&r=g","caption":"Reda\u00e7\u00e3o"}}]}},"amp_enabled":true,"_links":{"self":[{"href":"https:\/\/www.notibras.com\/site\/wp-json\/wp\/v2\/posts\/386620","targetHints":{"allow":["GET"]}}],"collection":[{"href":"https:\/\/www.notibras.com\/site\/wp-json\/wp\/v2\/posts"}],"about":[{"href":"https:\/\/www.notibras.com\/site\/wp-json\/wp\/v2\/types\/post"}],"author":[{"embeddable":true,"href":"https:\/\/www.notibras.com\/site\/wp-json\/wp\/v2\/users\/2"}],"replies":[{"embeddable":true,"href":"https:\/\/www.notibras.com\/site\/wp-json\/wp\/v2\/comments?post=386620"}],"version-history":[{"count":1,"href":"https:\/\/www.notibras.com\/site\/wp-json\/wp\/v2\/posts\/386620\/revisions"}],"predecessor-version":[{"id":386622,"href":"https:\/\/www.notibras.com\/site\/wp-json\/wp\/v2\/posts\/386620\/revisions\/386622"}],"wp:featuredmedia":[{"embeddable":true,"href":"https:\/\/www.notibras.com\/site\/wp-json\/wp\/v2\/media\/386621"}],"wp:attachment":[{"href":"https:\/\/www.notibras.com\/site\/wp-json\/wp\/v2\/media?parent=386620"}],"wp:term":[{"taxonomy":"category","embeddable":true,"href":"https:\/\/www.notibras.com\/site\/wp-json\/wp\/v2\/categories?post=386620"},{"taxonomy":"post_tag","embeddable":true,"href":"https:\/\/www.notibras.com\/site\/wp-json\/wp\/v2\/tags?post=386620"}],"curies":[{"name":"wp","href":"https:\/\/api.w.org\/{rel}","templated":true}]}}