{"id":386626,"date":"2026-03-13T00:45:25","date_gmt":"2026-03-13T03:45:25","guid":{"rendered":"https:\/\/www.notibras.com\/site\/?p=386626"},"modified":"2026-03-12T08:48:12","modified_gmt":"2026-03-12T11:48:12","slug":"a-luta-da-mae-contra-o-filho-dependente-quimico","status":"publish","type":"post","link":"https:\/\/www.notibras.com\/site\/a-luta-da-mae-contra-o-filho-dependente-quimico\/","title":{"rendered":"A luta da m\u00e3e contra o filho dependente qu\u00edmico"},"content":{"rendered":"<p>Maria Elza e Agenor s\u00e3o dois amigos das antigas. Crescemos juntos, Agenor e Maria Elza se casaram dois meses antes de mim, eu fui madrinha dela, ela, minha madrinha, aquela amizade de sempre.<\/p>\n<p>Eu tive tr\u00eas filhos, dois homens e uma menina. Ela tamb\u00e9m teve tr\u00eas, s\u00f3 que duas meninas e um menino. Quase todos das mesmas idades.<br \/>\nMas, por capricho da vida, o filho dela, do meio, o Marcelo, se envolveu com drogas logo no in\u00edcio da adolesc\u00eancia. Desde ent\u00e3o, eles passaram maus peda\u00e7os com ele, na peleja de tir\u00e1-lo das drogas.<\/p>\n<p>Um menino bom, inteligent\u00edssimo, mas n\u00e3o conseguiu usar a intelig\u00eancia a seu favor. Foi se afundando nas drogas, cada dia mais.<\/p>\n<p>Elza e Agenor gastaram o que n\u00e3o tinham com interna\u00e7\u00f5es, tratamentos revolucion\u00e1rios, at\u00e9 com rem\u00e9dios importados, mas nada que fizeram obtiveram \u00eaxito. Cada dia, Marcelo se afundava mais.<\/p>\n<p>Hoje, Marcelo tem 44 anos. Teve um relacionamento com uma mo\u00e7a e desse relacionamento, h\u00e1 22 anos, nasceu uma menina, que \u00e9 o que de melhor aconteceu nessa hist\u00f3ria toda.<\/p>\n<p>Marcelo \u00e9 muito educado, muito carinhoso, mas c\u00e9rebro nenhum aguenta tanto uso de drogas pesadas, e mudou o comportamento. Ora est\u00e1 uma seda, ora est\u00e1 um velcro. Ningu\u00e9m sabe a hora que ele vai estourar.<\/p>\n<p>De um certo tempo pra c\u00e1, come\u00e7ou a tratar Agenor como se fosse um coleguinha dele, xingando o pai, amea\u00e7ando. Agenor fica muito nervoso, e Elza n\u00e3o v\u00ea a hora de acontecer coisa pior.<\/p>\n<p>Marcelo sempre morou com os pais, mesmo quando morava com a m\u00e3e da filha dele, mas, ultimamente, Elza viu que n\u00e3o dava mais para suportar essa situa\u00e7\u00e3o, a ponto de acontecer uma trag\u00e9dia familiar. Marcelo desafiava Agenor, mandando-o matar.<\/p>\n<p>\u2014 Vai, me mata. Olha aqui o meu peito aberto, enfia uma faca aqui no meu peito \u2014 falava estufando o peito e encostando em Agenor.<\/p>\n<p>\u2014 Eu jamais vou fazer uma coisa dessa com um filho meu, porque, apesar de tufo, eu te amo! \u2014 falava Agenor tremendo e roxo, de tanta press\u00e3o.<\/p>\n<p>\u2014 Que nada! Voc\u00ea n\u00e3o faz isso porque voc\u00ea \u00e9 um covarde. Voc\u00ea n\u00e3o tem coragem. Voc\u00ea \u00e9 vagabundo.<\/p>\n<p>Sendo que a vida de Agenor foi trabalhar de sol a sol para dar vida digna para os filhos.<\/p>\n<p>Nesse dia, Agenor n\u00e3o aguentou a press\u00e3o e pegou um fac\u00e3o. Marcelo, vendo o pai com o fac\u00e3o na m\u00e3o, correu. Elza, no meio daquilo tudo, acalmou o marido, tirou-lhe o fac\u00e3o da m\u00e3o, pegou a bolsa e pegou o caminho da delegacia. Deu queixa e pediu uma medida protetiva para Marcelo n\u00e3o entrar mais em casa.<\/p>\n<p>Elza j\u00e1 vinha pensando em uma solu\u00e7\u00e3o para o caso do Marcelo, pois n\u00e3o podia ter nada sem ser trancado, pois Marcelo pegava tudo para valer como moeda de troca. Tudo que se pode imaginar, ele pegava, utens\u00edlios dom\u00e9sticos, roupas, cal\u00e7ados, celulares, mantimentos, carnes, roupas de cama, toalhas, material de limpeza, de higiene pessoal, aparelhos de TV, liquidificadores, sanduicheiras, panelas, frigideiras, botij\u00f5es de g\u00e1s, forno el\u00e9trico, forno de micro-ondas, panelas de press\u00e3o com feij\u00e3o, com carne, que Elza cozinhava, enfim, tudo que tinha algum valor monet\u00e1rio, Marcelo subtra\u00eda para usar drogas.<\/p>\n<p>A casa de Elza mais parecia uma pris\u00e3o, e ela com um molho de chaves para cima e pra baixo, porque n\u00e3o podia deixar nada do lado de fora. Isso foram muitos anos, pois foi somente em 2025 que Elza teve coragem de tomar essa atitude.<\/p>\n<p>Pois bem, Marcelo pensou que fosse brincadeira e, no mesmo dia, entrou na casa, pulando o muro e quebrando a porta de vidro para entrar e portando uma barra de ferro. Elza tirou, n\u00e3o sei como, a barra de ferro das m\u00e3os de Marcelo e Agenor acionou o 190. Em pouco tempo, a PM chegou e levou Marcelo.<\/p>\n<p>Marcelo ficou preso por 3 meses. Quando saiu, foi advertido que n\u00e3o poderia ir em casa, mas parece que ele n\u00e3o acreditou. Foi, pulou o muro, a PM foi acionada, e novamente l\u00e1 estava Marcelo na Casa de Pris\u00e3o Provis\u00f3ria. Mais tr\u00eas meses de reclus\u00e3o.<\/p>\n<p>Elza pensou que a vida dela ia ter paz, mas qual nada, todos os dias sabia de uma conversa atravessada. Dividiu-se a opini\u00e3o da fam\u00edlia e dos amigos. A maioria ficou do lado de Elza, pois foram 30 anos de peleja. Mas t\u00eam os que falam horrores de Elza, inclusive Agenor, que \u00e9 a maior v\u00edtima.<\/p>\n<p>Agenor n\u00e3o perde oportunidade de falar que Elza est\u00e1 insens\u00edvel, que ela nunca foi assim, que ela deveria retirar a medida protetiva, para Marcelo voltar pra casa, mas ela est\u00e1 irresist\u00edvel, disse que foi muito, mas muito dif\u00edcil tomar essa decis\u00e3o, mas que agora, por mais que o cora\u00e7\u00e3o dela esteja dilacerado, ela n\u00e3o vai voltar atr\u00e1s.<\/p>\n<p>Ontem, ela me falou:<\/p>\n<p>\u2014 Maria L\u00facia, o mundo inteiro pode n\u00e3o entender, mas eu fiz isso pra ver se Marcelo entende que, se ele n\u00e3o tiver nosso apoio, ele possa ter mais for\u00e7a de vontade para melhorar.<\/p>\n<p>Ah! E n\u00e3o pense voc\u00eas que Marcelo n\u00e3o faz tratamento, faz, mas n\u00e3o toma os rem\u00e9dios e, pelo que todos veem, parece que ele n\u00e3o quer sair dessa vida. \u00c9 dif\u00edcil. Muito dif\u00edcil!<\/p>\n","protected":false},"excerpt":{"rendered":"<p>Maria Elza e Agenor s\u00e3o dois amigos das antigas. Crescemos juntos, Agenor e Maria Elza se casaram dois meses antes de mim, eu fui madrinha dela, ela, minha madrinha, aquela amizade de sempre. Eu tive tr\u00eas filhos, dois homens e uma menina. Ela tamb\u00e9m teve tr\u00eas, s\u00f3 que duas meninas e um menino. Quase todos [&hellip;]<\/p>\n","protected":false},"author":21,"featured_media":386628,"comment_status":"closed","ping_status":"closed","sticky":false,"template":"","format":"standard","meta":{"_acf_changed":false,"footnotes":""},"categories":[234],"tags":[],"class_list":["post-386626","post","type-post","status-publish","format-standard","has-post-thumbnail","hentry","category-cafe-literario"],"acf":[],"yoast_head":"<!-- This site is optimized with the Yoast SEO plugin v27.2 - https:\/\/yoast.com\/product\/yoast-seo-wordpress\/ -->\n<title>A luta da m\u00e3e contra o filho dependente qu\u00edmico - Notibras<\/title>\n<meta name=\"robots\" content=\"index, follow, max-snippet:-1, max-image-preview:large, max-video-preview:-1\" \/>\n<link rel=\"canonical\" href=\"https:\/\/www.notibras.com\/site\/a-luta-da-mae-contra-o-filho-dependente-quimico\/\" \/>\n<meta property=\"og:locale\" content=\"pt_BR\" \/>\n<meta property=\"og:type\" content=\"article\" \/>\n<meta property=\"og:title\" content=\"A luta da m\u00e3e contra o filho dependente qu\u00edmico - Notibras\" \/>\n<meta property=\"og:description\" content=\"Maria Elza e Agenor s\u00e3o dois amigos das antigas. Crescemos juntos, Agenor e Maria Elza se casaram dois meses antes de mim, eu fui madrinha dela, ela, minha madrinha, aquela amizade de sempre. Eu tive tr\u00eas filhos, dois homens e uma menina. Ela tamb\u00e9m teve tr\u00eas, s\u00f3 que duas meninas e um menino. Quase todos [&hellip;]\" \/>\n<meta property=\"og:url\" content=\"https:\/\/www.notibras.com\/site\/a-luta-da-mae-contra-o-filho-dependente-quimico\/\" \/>\n<meta property=\"og:site_name\" content=\"Notibras\" \/>\n<meta property=\"article:publisher\" content=\"https:\/\/www.facebook.com\/notibras\/\" \/>\n<meta property=\"article:published_time\" content=\"2026-03-13T03:45:25+00:00\" \/>\n<meta property=\"og:image\" content=\"https:\/\/www.notibras.com\/site\/wp-content\/uploads\/2026\/03\/WhatsApp-Image-2026-03-12-at-08.46.12.jpeg\" \/>\n\t<meta property=\"og:image:width\" content=\"1293\" \/>\n\t<meta property=\"og:image:height\" content=\"749\" \/>\n\t<meta property=\"og:image:type\" content=\"image\/jpeg\" \/>\n<meta name=\"author\" content=\"Eduardo Mart\u00ednez\" \/>\n<meta name=\"twitter:card\" content=\"summary_large_image\" \/>\n<meta name=\"twitter:creator\" content=\"@Notibras\" \/>\n<meta name=\"twitter:site\" content=\"@Notibras\" \/>\n<meta name=\"twitter:label1\" content=\"Escrito por\" \/>\n\t<meta name=\"twitter:data1\" content=\"Eduardo Mart\u00ednez\" \/>\n\t<meta name=\"twitter:label2\" content=\"Est. tempo de leitura\" \/>\n\t<meta name=\"twitter:data2\" content=\"5 minutos\" \/>\n<script type=\"application\/ld+json\" class=\"yoast-schema-graph\">{\"@context\":\"https:\/\/schema.org\",\"@graph\":[{\"@type\":\"Article\",\"@id\":\"https:\/\/www.notibras.com\/site\/a-luta-da-mae-contra-o-filho-dependente-quimico\/#article\",\"isPartOf\":{\"@id\":\"https:\/\/www.notibras.com\/site\/a-luta-da-mae-contra-o-filho-dependente-quimico\/\"},\"author\":{\"name\":\"Eduardo Mart\u00ednez\",\"@id\":\"https:\/\/www.notibras.com\/site\/#\/schema\/person\/5b7fabf2aedc3ada2105f03b22b4d3dd\"},\"headline\":\"A luta da m\u00e3e contra o filho dependente qu\u00edmico\",\"datePublished\":\"2026-03-13T03:45:25+00:00\",\"mainEntityOfPage\":{\"@id\":\"https:\/\/www.notibras.com\/site\/a-luta-da-mae-contra-o-filho-dependente-quimico\/\"},\"wordCount\":930,\"publisher\":{\"@id\":\"https:\/\/www.notibras.com\/site\/#organization\"},\"image\":{\"@id\":\"https:\/\/www.notibras.com\/site\/a-luta-da-mae-contra-o-filho-dependente-quimico\/#primaryimage\"},\"thumbnailUrl\":\"https:\/\/www.notibras.com\/site\/wp-content\/uploads\/2026\/03\/WhatsApp-Image-2026-03-12-at-08.46.12.jpeg\",\"articleSection\":[\"Caf\u00e9 Liter\u00e1rio\"],\"inLanguage\":\"pt-BR\"},{\"@type\":\"WebPage\",\"@id\":\"https:\/\/www.notibras.com\/site\/a-luta-da-mae-contra-o-filho-dependente-quimico\/\",\"url\":\"https:\/\/www.notibras.com\/site\/a-luta-da-mae-contra-o-filho-dependente-quimico\/\",\"name\":\"A luta da m\u00e3e contra o filho dependente qu\u00edmico - Notibras\",\"isPartOf\":{\"@id\":\"https:\/\/www.notibras.com\/site\/#website\"},\"primaryImageOfPage\":{\"@id\":\"https:\/\/www.notibras.com\/site\/a-luta-da-mae-contra-o-filho-dependente-quimico\/#primaryimage\"},\"image\":{\"@id\":\"https:\/\/www.notibras.com\/site\/a-luta-da-mae-contra-o-filho-dependente-quimico\/#primaryimage\"},\"thumbnailUrl\":\"https:\/\/www.notibras.com\/site\/wp-content\/uploads\/2026\/03\/WhatsApp-Image-2026-03-12-at-08.46.12.jpeg\",\"datePublished\":\"2026-03-13T03:45:25+00:00\",\"breadcrumb\":{\"@id\":\"https:\/\/www.notibras.com\/site\/a-luta-da-mae-contra-o-filho-dependente-quimico\/#breadcrumb\"},\"inLanguage\":\"pt-BR\",\"potentialAction\":[{\"@type\":\"ReadAction\",\"target\":[\"https:\/\/www.notibras.com\/site\/a-luta-da-mae-contra-o-filho-dependente-quimico\/\"]}]},{\"@type\":\"ImageObject\",\"inLanguage\":\"pt-BR\",\"@id\":\"https:\/\/www.notibras.com\/site\/a-luta-da-mae-contra-o-filho-dependente-quimico\/#primaryimage\",\"url\":\"https:\/\/www.notibras.com\/site\/wp-content\/uploads\/2026\/03\/WhatsApp-Image-2026-03-12-at-08.46.12.jpeg\",\"contentUrl\":\"https:\/\/www.notibras.com\/site\/wp-content\/uploads\/2026\/03\/WhatsApp-Image-2026-03-12-at-08.46.12.jpeg\",\"width\":1293,\"height\":749},{\"@type\":\"BreadcrumbList\",\"@id\":\"https:\/\/www.notibras.com\/site\/a-luta-da-mae-contra-o-filho-dependente-quimico\/#breadcrumb\",\"itemListElement\":[{\"@type\":\"ListItem\",\"position\":1,\"name\":\"In\u00edcio\",\"item\":\"https:\/\/www.notibras.com\/site\/\"},{\"@type\":\"ListItem\",\"position\":2,\"name\":\"A luta da m\u00e3e contra o filho dependente qu\u00edmico\"}]},{\"@type\":\"WebSite\",\"@id\":\"https:\/\/www.notibras.com\/site\/#website\",\"url\":\"https:\/\/www.notibras.com\/site\/\",\"name\":\"Notibras\",\"description\":\"Not\u00edcias de Bras\u00edlia, do Brasil e do Mundo\",\"publisher\":{\"@id\":\"https:\/\/www.notibras.com\/site\/#organization\"},\"potentialAction\":[{\"@type\":\"SearchAction\",\"target\":{\"@type\":\"EntryPoint\",\"urlTemplate\":\"https:\/\/www.notibras.com\/site\/?s={search_term_string}\"},\"query-input\":{\"@type\":\"PropertyValueSpecification\",\"valueRequired\":true,\"valueName\":\"search_term_string\"}}],\"inLanguage\":\"pt-BR\"},{\"@type\":\"Organization\",\"@id\":\"https:\/\/www.notibras.com\/site\/#organization\",\"name\":\"Grupo Notibras de Comunica\u00e7\u00e3o\",\"url\":\"https:\/\/www.notibras.com\/site\/\",\"logo\":{\"@type\":\"ImageObject\",\"inLanguage\":\"pt-BR\",\"@id\":\"https:\/\/www.notibras.com\/site\/#\/schema\/logo\/image\/\",\"url\":\"https:\/\/www.notibras.com\/site\/wp-content\/uploads\/2023\/01\/notibras23.png\",\"contentUrl\":\"https:\/\/www.notibras.com\/site\/wp-content\/uploads\/2023\/01\/notibras23.png\",\"width\":350,\"height\":87,\"caption\":\"Grupo Notibras de Comunica\u00e7\u00e3o\"},\"image\":{\"@id\":\"https:\/\/www.notibras.com\/site\/#\/schema\/logo\/image\/\"},\"sameAs\":[\"https:\/\/www.facebook.com\/notibras\/\",\"https:\/\/x.com\/Notibras\",\"https:\/\/www.instagram.com\/notibras\/\"]},{\"@type\":\"Person\",\"@id\":\"https:\/\/www.notibras.com\/site\/#\/schema\/person\/5b7fabf2aedc3ada2105f03b22b4d3dd\",\"name\":\"Eduardo Mart\u00ednez\",\"image\":{\"@type\":\"ImageObject\",\"inLanguage\":\"pt-BR\",\"@id\":\"https:\/\/secure.gravatar.com\/avatar\/7902f906289926289cbcda644b5197c796b893c6ffd7b9a536a42d290f7704a0?s=96&d=mm&r=g\",\"url\":\"https:\/\/secure.gravatar.com\/avatar\/7902f906289926289cbcda644b5197c796b893c6ffd7b9a536a42d290f7704a0?s=96&d=mm&r=g\",\"contentUrl\":\"https:\/\/secure.gravatar.com\/avatar\/7902f906289926289cbcda644b5197c796b893c6ffd7b9a536a42d290f7704a0?s=96&d=mm&r=g\",\"caption\":\"Eduardo Mart\u00ednez\"}}]}<\/script>\n<!-- \/ Yoast SEO plugin. -->","yoast_head_json":{"title":"A luta da m\u00e3e contra o filho dependente qu\u00edmico - Notibras","robots":{"index":"index","follow":"follow","max-snippet":"max-snippet:-1","max-image-preview":"max-image-preview:large","max-video-preview":"max-video-preview:-1"},"canonical":"https:\/\/www.notibras.com\/site\/a-luta-da-mae-contra-o-filho-dependente-quimico\/","og_locale":"pt_BR","og_type":"article","og_title":"A luta da m\u00e3e contra o filho dependente qu\u00edmico - Notibras","og_description":"Maria Elza e Agenor s\u00e3o dois amigos das antigas. Crescemos juntos, Agenor e Maria Elza se casaram dois meses antes de mim, eu fui madrinha dela, ela, minha madrinha, aquela amizade de sempre. Eu tive tr\u00eas filhos, dois homens e uma menina. Ela tamb\u00e9m teve tr\u00eas, s\u00f3 que duas meninas e um menino. Quase todos [&hellip;]","og_url":"https:\/\/www.notibras.com\/site\/a-luta-da-mae-contra-o-filho-dependente-quimico\/","og_site_name":"Notibras","article_publisher":"https:\/\/www.facebook.com\/notibras\/","article_published_time":"2026-03-13T03:45:25+00:00","og_image":[{"width":1293,"height":749,"url":"https:\/\/www.notibras.com\/site\/wp-content\/uploads\/2026\/03\/WhatsApp-Image-2026-03-12-at-08.46.12.jpeg","type":"image\/jpeg"}],"author":"Eduardo Mart\u00ednez","twitter_card":"summary_large_image","twitter_creator":"@Notibras","twitter_site":"@Notibras","twitter_misc":{"Escrito por":"Eduardo Mart\u00ednez","Est. tempo de leitura":"5 minutos"},"schema":{"@context":"https:\/\/schema.org","@graph":[{"@type":"Article","@id":"https:\/\/www.notibras.com\/site\/a-luta-da-mae-contra-o-filho-dependente-quimico\/#article","isPartOf":{"@id":"https:\/\/www.notibras.com\/site\/a-luta-da-mae-contra-o-filho-dependente-quimico\/"},"author":{"name":"Eduardo Mart\u00ednez","@id":"https:\/\/www.notibras.com\/site\/#\/schema\/person\/5b7fabf2aedc3ada2105f03b22b4d3dd"},"headline":"A luta da m\u00e3e contra o filho dependente qu\u00edmico","datePublished":"2026-03-13T03:45:25+00:00","mainEntityOfPage":{"@id":"https:\/\/www.notibras.com\/site\/a-luta-da-mae-contra-o-filho-dependente-quimico\/"},"wordCount":930,"publisher":{"@id":"https:\/\/www.notibras.com\/site\/#organization"},"image":{"@id":"https:\/\/www.notibras.com\/site\/a-luta-da-mae-contra-o-filho-dependente-quimico\/#primaryimage"},"thumbnailUrl":"https:\/\/www.notibras.com\/site\/wp-content\/uploads\/2026\/03\/WhatsApp-Image-2026-03-12-at-08.46.12.jpeg","articleSection":["Caf\u00e9 Liter\u00e1rio"],"inLanguage":"pt-BR"},{"@type":"WebPage","@id":"https:\/\/www.notibras.com\/site\/a-luta-da-mae-contra-o-filho-dependente-quimico\/","url":"https:\/\/www.notibras.com\/site\/a-luta-da-mae-contra-o-filho-dependente-quimico\/","name":"A luta da m\u00e3e contra o filho dependente qu\u00edmico - Notibras","isPartOf":{"@id":"https:\/\/www.notibras.com\/site\/#website"},"primaryImageOfPage":{"@id":"https:\/\/www.notibras.com\/site\/a-luta-da-mae-contra-o-filho-dependente-quimico\/#primaryimage"},"image":{"@id":"https:\/\/www.notibras.com\/site\/a-luta-da-mae-contra-o-filho-dependente-quimico\/#primaryimage"},"thumbnailUrl":"https:\/\/www.notibras.com\/site\/wp-content\/uploads\/2026\/03\/WhatsApp-Image-2026-03-12-at-08.46.12.jpeg","datePublished":"2026-03-13T03:45:25+00:00","breadcrumb":{"@id":"https:\/\/www.notibras.com\/site\/a-luta-da-mae-contra-o-filho-dependente-quimico\/#breadcrumb"},"inLanguage":"pt-BR","potentialAction":[{"@type":"ReadAction","target":["https:\/\/www.notibras.com\/site\/a-luta-da-mae-contra-o-filho-dependente-quimico\/"]}]},{"@type":"ImageObject","inLanguage":"pt-BR","@id":"https:\/\/www.notibras.com\/site\/a-luta-da-mae-contra-o-filho-dependente-quimico\/#primaryimage","url":"https:\/\/www.notibras.com\/site\/wp-content\/uploads\/2026\/03\/WhatsApp-Image-2026-03-12-at-08.46.12.jpeg","contentUrl":"https:\/\/www.notibras.com\/site\/wp-content\/uploads\/2026\/03\/WhatsApp-Image-2026-03-12-at-08.46.12.jpeg","width":1293,"height":749},{"@type":"BreadcrumbList","@id":"https:\/\/www.notibras.com\/site\/a-luta-da-mae-contra-o-filho-dependente-quimico\/#breadcrumb","itemListElement":[{"@type":"ListItem","position":1,"name":"In\u00edcio","item":"https:\/\/www.notibras.com\/site\/"},{"@type":"ListItem","position":2,"name":"A luta da m\u00e3e contra o filho dependente qu\u00edmico"}]},{"@type":"WebSite","@id":"https:\/\/www.notibras.com\/site\/#website","url":"https:\/\/www.notibras.com\/site\/","name":"Notibras","description":"Not\u00edcias de Bras\u00edlia, do Brasil e do Mundo","publisher":{"@id":"https:\/\/www.notibras.com\/site\/#organization"},"potentialAction":[{"@type":"SearchAction","target":{"@type":"EntryPoint","urlTemplate":"https:\/\/www.notibras.com\/site\/?s={search_term_string}"},"query-input":{"@type":"PropertyValueSpecification","valueRequired":true,"valueName":"search_term_string"}}],"inLanguage":"pt-BR"},{"@type":"Organization","@id":"https:\/\/www.notibras.com\/site\/#organization","name":"Grupo Notibras de Comunica\u00e7\u00e3o","url":"https:\/\/www.notibras.com\/site\/","logo":{"@type":"ImageObject","inLanguage":"pt-BR","@id":"https:\/\/www.notibras.com\/site\/#\/schema\/logo\/image\/","url":"https:\/\/www.notibras.com\/site\/wp-content\/uploads\/2023\/01\/notibras23.png","contentUrl":"https:\/\/www.notibras.com\/site\/wp-content\/uploads\/2023\/01\/notibras23.png","width":350,"height":87,"caption":"Grupo Notibras de Comunica\u00e7\u00e3o"},"image":{"@id":"https:\/\/www.notibras.com\/site\/#\/schema\/logo\/image\/"},"sameAs":["https:\/\/www.facebook.com\/notibras\/","https:\/\/x.com\/Notibras","https:\/\/www.instagram.com\/notibras\/"]},{"@type":"Person","@id":"https:\/\/www.notibras.com\/site\/#\/schema\/person\/5b7fabf2aedc3ada2105f03b22b4d3dd","name":"Eduardo Mart\u00ednez","image":{"@type":"ImageObject","inLanguage":"pt-BR","@id":"https:\/\/secure.gravatar.com\/avatar\/7902f906289926289cbcda644b5197c796b893c6ffd7b9a536a42d290f7704a0?s=96&d=mm&r=g","url":"https:\/\/secure.gravatar.com\/avatar\/7902f906289926289cbcda644b5197c796b893c6ffd7b9a536a42d290f7704a0?s=96&d=mm&r=g","contentUrl":"https:\/\/secure.gravatar.com\/avatar\/7902f906289926289cbcda644b5197c796b893c6ffd7b9a536a42d290f7704a0?s=96&d=mm&r=g","caption":"Eduardo Mart\u00ednez"}}]}},"amp_enabled":true,"_links":{"self":[{"href":"https:\/\/www.notibras.com\/site\/wp-json\/wp\/v2\/posts\/386626","targetHints":{"allow":["GET"]}}],"collection":[{"href":"https:\/\/www.notibras.com\/site\/wp-json\/wp\/v2\/posts"}],"about":[{"href":"https:\/\/www.notibras.com\/site\/wp-json\/wp\/v2\/types\/post"}],"author":[{"embeddable":true,"href":"https:\/\/www.notibras.com\/site\/wp-json\/wp\/v2\/users\/21"}],"replies":[{"embeddable":true,"href":"https:\/\/www.notibras.com\/site\/wp-json\/wp\/v2\/comments?post=386626"}],"version-history":[{"count":3,"href":"https:\/\/www.notibras.com\/site\/wp-json\/wp\/v2\/posts\/386626\/revisions"}],"predecessor-version":[{"id":386631,"href":"https:\/\/www.notibras.com\/site\/wp-json\/wp\/v2\/posts\/386626\/revisions\/386631"}],"wp:featuredmedia":[{"embeddable":true,"href":"https:\/\/www.notibras.com\/site\/wp-json\/wp\/v2\/media\/386628"}],"wp:attachment":[{"href":"https:\/\/www.notibras.com\/site\/wp-json\/wp\/v2\/media?parent=386626"}],"wp:term":[{"taxonomy":"category","embeddable":true,"href":"https:\/\/www.notibras.com\/site\/wp-json\/wp\/v2\/categories?post=386626"},{"taxonomy":"post_tag","embeddable":true,"href":"https:\/\/www.notibras.com\/site\/wp-json\/wp\/v2\/tags?post=386626"}],"curies":[{"name":"wp","href":"https:\/\/api.w.org\/{rel}","templated":true}]}}