{"id":386634,"date":"2026-03-12T00:51:34","date_gmt":"2026-03-12T03:51:34","guid":{"rendered":"https:\/\/www.notibras.com\/site\/?p=386634"},"modified":"2026-03-12T08:52:47","modified_gmt":"2026-03-12T11:52:47","slug":"trabalhadores-consideram-ultraprocessados-um-risco-a-saude","status":"publish","type":"post","link":"https:\/\/www.notibras.com\/site\/trabalhadores-consideram-ultraprocessados-um-risco-a-saude\/","title":{"rendered":"Trabalhadores consideram ultraprocessados um risco \u00e0 sa\u00fade"},"content":{"rendered":"<p>Pesquisa realizada em seis pa\u00edses mostra que mais de 70% dos trabalhadores consideram os alimentos ultraprocessados um risco \u00e0 sa\u00fade. O levantamento, feito pela Sodexo, foi realizado no Brasil, Chile,na China, nos Estados Unidos, na Fran\u00e7a e no Reino Unido. Mais de 5 mil empregados foram ouvidos, 800 deles no Brasil.<\/p>\n<p>De acordo com a pesquisa Food Experience Tracker, 78% dos funcion\u00e1rios brasileiros consideram alimentos ultraprocessados um risco \u00e0 sa\u00fade, embora reconhe\u00e7am sua praticidade no dia a dia. Globalmente, 71% compartilham a mesma percep\u00e7\u00e3o, refor\u00e7ando a import\u00e2ncia de escolhas mais equilibradas mesmo no ambiente corporativo.<\/p>\n<p>Segundo o estudo, a tend\u00eancia \u00e9 que os restaurantes dentro das empresas ganhem maior relev\u00e2ncia no dia a dia para atender a uma for\u00e7a de trabalho cada vez mais consciente sobre sa\u00fade, que busca alimentos frescos, locais e sazonais.<\/p>\n<p>\u201cTemos visto que colaboradores demonstram maior disposi\u00e7\u00e3o para deixar organiza\u00e7\u00f5es que n\u00e3o adotam pr\u00e1ticas sustent\u00e1veis, refor\u00e7ando a import\u00e2ncia de adotar a\u00e7\u00f5es que atendam tanto \u00e0 sa\u00fade dos colaboradores quanto ao impacto ambiental\u201d, destacou a diretora de Marketing da Sodexo Brasil, Cinthia Lira.<\/p>\n<p><strong>Ultraprocessados<\/strong><br \/>\nSegundo o Guia Alimentar para a Popula\u00e7\u00e3o Brasileira, do Minist\u00e9rio da Sa\u00fade, os alimentos ultraprocessados devem ser evitados. S\u00e3o formula\u00e7\u00f5es industriais \u00e0 base de ingredientes extra\u00eddos ou derivados de outros alimentos, como \u00f3leos, gorduras, a\u00e7\u00facar, amido modificado ou, ainda, sintetizados em laborat\u00f3rio como, por exemplo, corantes, aromatizantes, e real\u00e7adores de sabor.<\/p>\n<p>De acordo com o guia, os ultraprocessados cont\u00eam uma s\u00e9rie de produtos qu\u00edmicos que visam estender a validade do alimento, ou, ainda, dar cor, sabor, aroma e textura para torn\u00e1-lo mais atraente.<\/p>\n<p>Esse tipo de alimento, segundo a publica\u00e7\u00e3o do minist\u00e9rio, favorece o consumo excessivo de calorias em raz\u00e3o de ter concentra\u00e7\u00e3o elevada de a\u00e7\u00facar, sal e gordura, e \u00e9 formulado para que seja extremamente saboroso, favorecendo o \u201ccomer sem parar\u201d.<\/p>\n<p>Segundo o guia, o consumo excessivo de s\u00f3dio e gorduras saturadas aumenta o risco de doen\u00e7as do cora\u00e7\u00e3o, enquanto o consumo excessivo de a\u00e7\u00facar aumenta o risco de c\u00e1rie dental, obesidade, diabetes e outras doen\u00e7as cr\u00f4nicas.<\/p>\n","protected":false},"excerpt":{"rendered":"<p>Pesquisa realizada em seis pa\u00edses mostra que mais de 70% dos trabalhadores consideram os alimentos ultraprocessados um risco \u00e0 sa\u00fade. O levantamento, feito pela Sodexo, foi realizado no Brasil, Chile,na China, nos Estados Unidos, na Fran\u00e7a e no Reino Unido. Mais de 5 mil empregados foram ouvidos, 800 deles no Brasil. De acordo com a [&hellip;]<\/p>\n","protected":false},"author":2,"featured_media":386635,"comment_status":"closed","ping_status":"closed","sticky":false,"template":"","format":"standard","meta":{"_acf_changed":false,"footnotes":""},"categories":[16],"tags":[],"class_list":["post-386634","post","type-post","status-publish","format-standard","has-post-thumbnail","hentry","category-brasil"],"acf":[],"yoast_head":"<!-- This site is optimized with the Yoast SEO plugin v27.2 - https:\/\/yoast.com\/product\/yoast-seo-wordpress\/ -->\n<title>Trabalhadores consideram ultraprocessados um risco \u00e0 sa\u00fade - Notibras<\/title>\n<meta name=\"robots\" content=\"index, follow, max-snippet:-1, max-image-preview:large, max-video-preview:-1\" \/>\n<link rel=\"canonical\" href=\"https:\/\/www.notibras.com\/site\/trabalhadores-consideram-ultraprocessados-um-risco-a-saude\/\" \/>\n<meta property=\"og:locale\" content=\"pt_BR\" \/>\n<meta property=\"og:type\" content=\"article\" \/>\n<meta property=\"og:title\" content=\"Trabalhadores consideram ultraprocessados um risco \u00e0 sa\u00fade - Notibras\" \/>\n<meta property=\"og:description\" content=\"Pesquisa realizada em seis pa\u00edses mostra que mais de 70% dos trabalhadores consideram os alimentos ultraprocessados um risco \u00e0 sa\u00fade. O levantamento, feito pela Sodexo, foi realizado no Brasil, Chile,na China, nos Estados Unidos, na Fran\u00e7a e no Reino Unido. Mais de 5 mil empregados foram ouvidos, 800 deles no Brasil. De acordo com a [&hellip;]\" \/>\n<meta property=\"og:url\" content=\"https:\/\/www.notibras.com\/site\/trabalhadores-consideram-ultraprocessados-um-risco-a-saude\/\" \/>\n<meta property=\"og:site_name\" content=\"Notibras\" \/>\n<meta property=\"article:publisher\" content=\"https:\/\/www.facebook.com\/notibras\/\" \/>\n<meta property=\"article:published_time\" content=\"2026-03-12T03:51:34+00:00\" \/>\n<meta property=\"article:modified_time\" content=\"2026-03-12T11:52:47+00:00\" \/>\n<meta property=\"og:image\" content=\"https:\/\/www.notibras.com\/site\/wp-content\/uploads\/2026\/03\/precos_aeroportos.webp\" \/>\n\t<meta property=\"og:image:width\" content=\"1170\" \/>\n\t<meta property=\"og:image:height\" content=\"700\" \/>\n\t<meta property=\"og:image:type\" content=\"image\/webp\" \/>\n<meta name=\"author\" content=\"Reda\u00e7\u00e3o\" \/>\n<meta name=\"twitter:card\" content=\"summary_large_image\" \/>\n<meta name=\"twitter:creator\" content=\"@Notibras\" \/>\n<meta name=\"twitter:site\" content=\"@Notibras\" \/>\n<meta name=\"twitter:label1\" content=\"Escrito por\" \/>\n\t<meta name=\"twitter:data1\" content=\"Reda\u00e7\u00e3o\" \/>\n\t<meta name=\"twitter:label2\" content=\"Est. tempo de leitura\" \/>\n\t<meta name=\"twitter:data2\" content=\"3 minutos\" \/>\n<script type=\"application\/ld+json\" class=\"yoast-schema-graph\">{\"@context\":\"https:\/\/schema.org\",\"@graph\":[{\"@type\":\"Article\",\"@id\":\"https:\/\/www.notibras.com\/site\/trabalhadores-consideram-ultraprocessados-um-risco-a-saude\/#article\",\"isPartOf\":{\"@id\":\"https:\/\/www.notibras.com\/site\/trabalhadores-consideram-ultraprocessados-um-risco-a-saude\/\"},\"author\":{\"name\":\"Reda\u00e7\u00e3o\",\"@id\":\"https:\/\/www.notibras.com\/site\/#\/schema\/person\/36ab0979449956132d3e5b517ea76ac8\"},\"headline\":\"Trabalhadores consideram ultraprocessados um risco \u00e0 sa\u00fade\",\"datePublished\":\"2026-03-12T03:51:34+00:00\",\"dateModified\":\"2026-03-12T11:52:47+00:00\",\"mainEntityOfPage\":{\"@id\":\"https:\/\/www.notibras.com\/site\/trabalhadores-consideram-ultraprocessados-um-risco-a-saude\/\"},\"wordCount\":379,\"publisher\":{\"@id\":\"https:\/\/www.notibras.com\/site\/#organization\"},\"image\":{\"@id\":\"https:\/\/www.notibras.com\/site\/trabalhadores-consideram-ultraprocessados-um-risco-a-saude\/#primaryimage\"},\"thumbnailUrl\":\"https:\/\/www.notibras.com\/site\/wp-content\/uploads\/2026\/03\/precos_aeroportos.webp\",\"articleSection\":[\"Brasil\"],\"inLanguage\":\"pt-BR\"},{\"@type\":\"WebPage\",\"@id\":\"https:\/\/www.notibras.com\/site\/trabalhadores-consideram-ultraprocessados-um-risco-a-saude\/\",\"url\":\"https:\/\/www.notibras.com\/site\/trabalhadores-consideram-ultraprocessados-um-risco-a-saude\/\",\"name\":\"Trabalhadores consideram ultraprocessados um risco \u00e0 sa\u00fade - Notibras\",\"isPartOf\":{\"@id\":\"https:\/\/www.notibras.com\/site\/#website\"},\"primaryImageOfPage\":{\"@id\":\"https:\/\/www.notibras.com\/site\/trabalhadores-consideram-ultraprocessados-um-risco-a-saude\/#primaryimage\"},\"image\":{\"@id\":\"https:\/\/www.notibras.com\/site\/trabalhadores-consideram-ultraprocessados-um-risco-a-saude\/#primaryimage\"},\"thumbnailUrl\":\"https:\/\/www.notibras.com\/site\/wp-content\/uploads\/2026\/03\/precos_aeroportos.webp\",\"datePublished\":\"2026-03-12T03:51:34+00:00\",\"dateModified\":\"2026-03-12T11:52:47+00:00\",\"breadcrumb\":{\"@id\":\"https:\/\/www.notibras.com\/site\/trabalhadores-consideram-ultraprocessados-um-risco-a-saude\/#breadcrumb\"},\"inLanguage\":\"pt-BR\",\"potentialAction\":[{\"@type\":\"ReadAction\",\"target\":[\"https:\/\/www.notibras.com\/site\/trabalhadores-consideram-ultraprocessados-um-risco-a-saude\/\"]}]},{\"@type\":\"ImageObject\",\"inLanguage\":\"pt-BR\",\"@id\":\"https:\/\/www.notibras.com\/site\/trabalhadores-consideram-ultraprocessados-um-risco-a-saude\/#primaryimage\",\"url\":\"https:\/\/www.notibras.com\/site\/wp-content\/uploads\/2026\/03\/precos_aeroportos.webp\",\"contentUrl\":\"https:\/\/www.notibras.com\/site\/wp-content\/uploads\/2026\/03\/precos_aeroportos.webp\",\"width\":1170,\"height\":700},{\"@type\":\"BreadcrumbList\",\"@id\":\"https:\/\/www.notibras.com\/site\/trabalhadores-consideram-ultraprocessados-um-risco-a-saude\/#breadcrumb\",\"itemListElement\":[{\"@type\":\"ListItem\",\"position\":1,\"name\":\"In\u00edcio\",\"item\":\"https:\/\/www.notibras.com\/site\/\"},{\"@type\":\"ListItem\",\"position\":2,\"name\":\"Trabalhadores consideram ultraprocessados um risco \u00e0 sa\u00fade\"}]},{\"@type\":\"WebSite\",\"@id\":\"https:\/\/www.notibras.com\/site\/#website\",\"url\":\"https:\/\/www.notibras.com\/site\/\",\"name\":\"Notibras\",\"description\":\"Not\u00edcias de Bras\u00edlia, do Brasil e do Mundo\",\"publisher\":{\"@id\":\"https:\/\/www.notibras.com\/site\/#organization\"},\"potentialAction\":[{\"@type\":\"SearchAction\",\"target\":{\"@type\":\"EntryPoint\",\"urlTemplate\":\"https:\/\/www.notibras.com\/site\/?s={search_term_string}\"},\"query-input\":{\"@type\":\"PropertyValueSpecification\",\"valueRequired\":true,\"valueName\":\"search_term_string\"}}],\"inLanguage\":\"pt-BR\"},{\"@type\":\"Organization\",\"@id\":\"https:\/\/www.notibras.com\/site\/#organization\",\"name\":\"Grupo Notibras de Comunica\u00e7\u00e3o\",\"url\":\"https:\/\/www.notibras.com\/site\/\",\"logo\":{\"@type\":\"ImageObject\",\"inLanguage\":\"pt-BR\",\"@id\":\"https:\/\/www.notibras.com\/site\/#\/schema\/logo\/image\/\",\"url\":\"https:\/\/www.notibras.com\/site\/wp-content\/uploads\/2023\/01\/notibras23.png\",\"contentUrl\":\"https:\/\/www.notibras.com\/site\/wp-content\/uploads\/2023\/01\/notibras23.png\",\"width\":350,\"height\":87,\"caption\":\"Grupo Notibras de Comunica\u00e7\u00e3o\"},\"image\":{\"@id\":\"https:\/\/www.notibras.com\/site\/#\/schema\/logo\/image\/\"},\"sameAs\":[\"https:\/\/www.facebook.com\/notibras\/\",\"https:\/\/x.com\/Notibras\",\"https:\/\/www.instagram.com\/notibras\/\"]},{\"@type\":\"Person\",\"@id\":\"https:\/\/www.notibras.com\/site\/#\/schema\/person\/36ab0979449956132d3e5b517ea76ac8\",\"name\":\"Reda\u00e7\u00e3o\",\"image\":{\"@type\":\"ImageObject\",\"inLanguage\":\"pt-BR\",\"@id\":\"https:\/\/secure.gravatar.com\/avatar\/e0a867bdedb85fd243eadf09663511f96fc81e0720a4a42581f334ad4303aa6b?s=96&d=mm&r=g\",\"url\":\"https:\/\/secure.gravatar.com\/avatar\/e0a867bdedb85fd243eadf09663511f96fc81e0720a4a42581f334ad4303aa6b?s=96&d=mm&r=g\",\"contentUrl\":\"https:\/\/secure.gravatar.com\/avatar\/e0a867bdedb85fd243eadf09663511f96fc81e0720a4a42581f334ad4303aa6b?s=96&d=mm&r=g\",\"caption\":\"Reda\u00e7\u00e3o\"}}]}<\/script>\n<!-- \/ Yoast SEO plugin. -->","yoast_head_json":{"title":"Trabalhadores consideram ultraprocessados um risco \u00e0 sa\u00fade - Notibras","robots":{"index":"index","follow":"follow","max-snippet":"max-snippet:-1","max-image-preview":"max-image-preview:large","max-video-preview":"max-video-preview:-1"},"canonical":"https:\/\/www.notibras.com\/site\/trabalhadores-consideram-ultraprocessados-um-risco-a-saude\/","og_locale":"pt_BR","og_type":"article","og_title":"Trabalhadores consideram ultraprocessados um risco \u00e0 sa\u00fade - Notibras","og_description":"Pesquisa realizada em seis pa\u00edses mostra que mais de 70% dos trabalhadores consideram os alimentos ultraprocessados um risco \u00e0 sa\u00fade. O levantamento, feito pela Sodexo, foi realizado no Brasil, Chile,na China, nos Estados Unidos, na Fran\u00e7a e no Reino Unido. Mais de 5 mil empregados foram ouvidos, 800 deles no Brasil. De acordo com a [&hellip;]","og_url":"https:\/\/www.notibras.com\/site\/trabalhadores-consideram-ultraprocessados-um-risco-a-saude\/","og_site_name":"Notibras","article_publisher":"https:\/\/www.facebook.com\/notibras\/","article_published_time":"2026-03-12T03:51:34+00:00","article_modified_time":"2026-03-12T11:52:47+00:00","og_image":[{"width":1170,"height":700,"url":"https:\/\/www.notibras.com\/site\/wp-content\/uploads\/2026\/03\/precos_aeroportos.webp","type":"image\/webp"}],"author":"Reda\u00e7\u00e3o","twitter_card":"summary_large_image","twitter_creator":"@Notibras","twitter_site":"@Notibras","twitter_misc":{"Escrito por":"Reda\u00e7\u00e3o","Est. tempo de leitura":"3 minutos"},"schema":{"@context":"https:\/\/schema.org","@graph":[{"@type":"Article","@id":"https:\/\/www.notibras.com\/site\/trabalhadores-consideram-ultraprocessados-um-risco-a-saude\/#article","isPartOf":{"@id":"https:\/\/www.notibras.com\/site\/trabalhadores-consideram-ultraprocessados-um-risco-a-saude\/"},"author":{"name":"Reda\u00e7\u00e3o","@id":"https:\/\/www.notibras.com\/site\/#\/schema\/person\/36ab0979449956132d3e5b517ea76ac8"},"headline":"Trabalhadores consideram ultraprocessados um risco \u00e0 sa\u00fade","datePublished":"2026-03-12T03:51:34+00:00","dateModified":"2026-03-12T11:52:47+00:00","mainEntityOfPage":{"@id":"https:\/\/www.notibras.com\/site\/trabalhadores-consideram-ultraprocessados-um-risco-a-saude\/"},"wordCount":379,"publisher":{"@id":"https:\/\/www.notibras.com\/site\/#organization"},"image":{"@id":"https:\/\/www.notibras.com\/site\/trabalhadores-consideram-ultraprocessados-um-risco-a-saude\/#primaryimage"},"thumbnailUrl":"https:\/\/www.notibras.com\/site\/wp-content\/uploads\/2026\/03\/precos_aeroportos.webp","articleSection":["Brasil"],"inLanguage":"pt-BR"},{"@type":"WebPage","@id":"https:\/\/www.notibras.com\/site\/trabalhadores-consideram-ultraprocessados-um-risco-a-saude\/","url":"https:\/\/www.notibras.com\/site\/trabalhadores-consideram-ultraprocessados-um-risco-a-saude\/","name":"Trabalhadores consideram ultraprocessados um risco \u00e0 sa\u00fade - Notibras","isPartOf":{"@id":"https:\/\/www.notibras.com\/site\/#website"},"primaryImageOfPage":{"@id":"https:\/\/www.notibras.com\/site\/trabalhadores-consideram-ultraprocessados-um-risco-a-saude\/#primaryimage"},"image":{"@id":"https:\/\/www.notibras.com\/site\/trabalhadores-consideram-ultraprocessados-um-risco-a-saude\/#primaryimage"},"thumbnailUrl":"https:\/\/www.notibras.com\/site\/wp-content\/uploads\/2026\/03\/precos_aeroportos.webp","datePublished":"2026-03-12T03:51:34+00:00","dateModified":"2026-03-12T11:52:47+00:00","breadcrumb":{"@id":"https:\/\/www.notibras.com\/site\/trabalhadores-consideram-ultraprocessados-um-risco-a-saude\/#breadcrumb"},"inLanguage":"pt-BR","potentialAction":[{"@type":"ReadAction","target":["https:\/\/www.notibras.com\/site\/trabalhadores-consideram-ultraprocessados-um-risco-a-saude\/"]}]},{"@type":"ImageObject","inLanguage":"pt-BR","@id":"https:\/\/www.notibras.com\/site\/trabalhadores-consideram-ultraprocessados-um-risco-a-saude\/#primaryimage","url":"https:\/\/www.notibras.com\/site\/wp-content\/uploads\/2026\/03\/precos_aeroportos.webp","contentUrl":"https:\/\/www.notibras.com\/site\/wp-content\/uploads\/2026\/03\/precos_aeroportos.webp","width":1170,"height":700},{"@type":"BreadcrumbList","@id":"https:\/\/www.notibras.com\/site\/trabalhadores-consideram-ultraprocessados-um-risco-a-saude\/#breadcrumb","itemListElement":[{"@type":"ListItem","position":1,"name":"In\u00edcio","item":"https:\/\/www.notibras.com\/site\/"},{"@type":"ListItem","position":2,"name":"Trabalhadores consideram ultraprocessados um risco \u00e0 sa\u00fade"}]},{"@type":"WebSite","@id":"https:\/\/www.notibras.com\/site\/#website","url":"https:\/\/www.notibras.com\/site\/","name":"Notibras","description":"Not\u00edcias de Bras\u00edlia, do Brasil e do Mundo","publisher":{"@id":"https:\/\/www.notibras.com\/site\/#organization"},"potentialAction":[{"@type":"SearchAction","target":{"@type":"EntryPoint","urlTemplate":"https:\/\/www.notibras.com\/site\/?s={search_term_string}"},"query-input":{"@type":"PropertyValueSpecification","valueRequired":true,"valueName":"search_term_string"}}],"inLanguage":"pt-BR"},{"@type":"Organization","@id":"https:\/\/www.notibras.com\/site\/#organization","name":"Grupo Notibras de Comunica\u00e7\u00e3o","url":"https:\/\/www.notibras.com\/site\/","logo":{"@type":"ImageObject","inLanguage":"pt-BR","@id":"https:\/\/www.notibras.com\/site\/#\/schema\/logo\/image\/","url":"https:\/\/www.notibras.com\/site\/wp-content\/uploads\/2023\/01\/notibras23.png","contentUrl":"https:\/\/www.notibras.com\/site\/wp-content\/uploads\/2023\/01\/notibras23.png","width":350,"height":87,"caption":"Grupo Notibras de Comunica\u00e7\u00e3o"},"image":{"@id":"https:\/\/www.notibras.com\/site\/#\/schema\/logo\/image\/"},"sameAs":["https:\/\/www.facebook.com\/notibras\/","https:\/\/x.com\/Notibras","https:\/\/www.instagram.com\/notibras\/"]},{"@type":"Person","@id":"https:\/\/www.notibras.com\/site\/#\/schema\/person\/36ab0979449956132d3e5b517ea76ac8","name":"Reda\u00e7\u00e3o","image":{"@type":"ImageObject","inLanguage":"pt-BR","@id":"https:\/\/secure.gravatar.com\/avatar\/e0a867bdedb85fd243eadf09663511f96fc81e0720a4a42581f334ad4303aa6b?s=96&d=mm&r=g","url":"https:\/\/secure.gravatar.com\/avatar\/e0a867bdedb85fd243eadf09663511f96fc81e0720a4a42581f334ad4303aa6b?s=96&d=mm&r=g","contentUrl":"https:\/\/secure.gravatar.com\/avatar\/e0a867bdedb85fd243eadf09663511f96fc81e0720a4a42581f334ad4303aa6b?s=96&d=mm&r=g","caption":"Reda\u00e7\u00e3o"}}]}},"amp_enabled":true,"_links":{"self":[{"href":"https:\/\/www.notibras.com\/site\/wp-json\/wp\/v2\/posts\/386634","targetHints":{"allow":["GET"]}}],"collection":[{"href":"https:\/\/www.notibras.com\/site\/wp-json\/wp\/v2\/posts"}],"about":[{"href":"https:\/\/www.notibras.com\/site\/wp-json\/wp\/v2\/types\/post"}],"author":[{"embeddable":true,"href":"https:\/\/www.notibras.com\/site\/wp-json\/wp\/v2\/users\/2"}],"replies":[{"embeddable":true,"href":"https:\/\/www.notibras.com\/site\/wp-json\/wp\/v2\/comments?post=386634"}],"version-history":[{"count":1,"href":"https:\/\/www.notibras.com\/site\/wp-json\/wp\/v2\/posts\/386634\/revisions"}],"predecessor-version":[{"id":386636,"href":"https:\/\/www.notibras.com\/site\/wp-json\/wp\/v2\/posts\/386634\/revisions\/386636"}],"wp:featuredmedia":[{"embeddable":true,"href":"https:\/\/www.notibras.com\/site\/wp-json\/wp\/v2\/media\/386635"}],"wp:attachment":[{"href":"https:\/\/www.notibras.com\/site\/wp-json\/wp\/v2\/media?parent=386634"}],"wp:term":[{"taxonomy":"category","embeddable":true,"href":"https:\/\/www.notibras.com\/site\/wp-json\/wp\/v2\/categories?post=386634"},{"taxonomy":"post_tag","embeddable":true,"href":"https:\/\/www.notibras.com\/site\/wp-json\/wp\/v2\/tags?post=386634"}],"curies":[{"name":"wp","href":"https:\/\/api.w.org\/{rel}","templated":true}]}}