{"id":386641,"date":"2026-03-12T00:00:58","date_gmt":"2026-03-12T03:00:58","guid":{"rendered":"https:\/\/www.notibras.com\/site\/?p=386641"},"modified":"2026-03-12T09:41:39","modified_gmt":"2026-03-12T12:41:39","slug":"comissao-de-direitos-da-mulher-elege-primeira-presidente-trans","status":"publish","type":"post","link":"https:\/\/www.notibras.com\/site\/comissao-de-direitos-da-mulher-elege-primeira-presidente-trans\/","title":{"rendered":"Comiss\u00e3o de Direitos da Mulher elege primeira presidente trans"},"content":{"rendered":"<p>A Comiss\u00e3o de Defesa dos Direitos da Mulher da C\u00e2mara dos Deputados elegeu, nesta quarta-feira (11), a deputada Erika Hilton (Psol-SP) para presidir o colegiado neste ano. Ela recebeu 11 votos contra dez votos em branco. Ela substitui a deputada C\u00e9lia Xakriab\u00e1 (Psol-MG).<\/p>\n<p>No discurso de posse, ela lembrou que \u00e9 a primeira mulher trans a presidir a comiss\u00e3o e disse que pretende conduzir a gest\u00e3o com di\u00e1logo e defesa dos direitos das mulheres.<\/p>\n<p>\u201cEsta presid\u00eancia n\u00e3o \u00e9 apenas um nome, \u00e9 o s\u00edmbolo de uma democracia que se expande. Minha gest\u00e3o tratar\u00e1 de todas as mulheres: das m\u00e3es solo, das mulheres trabalhadoras, das mulheres negras, ind\u00edgenas e das que lutam por sobreviv\u00eancia e dignidade em todos os cantos deste pa\u00eds.\u201d<\/p>\n<p><strong>Prioridades<\/strong><br \/>\nEntre as prioridades anunciadas pela nova gest\u00e3o est\u00e3o:<\/p>\n<p>fiscalizar a rede de prote\u00e7\u00e3o e as Casas da Mulher Brasileira;<br \/>\nenfrentar a viol\u00eancia pol\u00edtica de g\u00eanero;<br \/>\npromover pol\u00edticas de sa\u00fade integral para as mulheres.<\/p>\n<p><strong>Cr\u00edticas da oposi\u00e7\u00e3o<\/strong><br \/>\nDeputadas de oposi\u00e7\u00e3o lamentaram a elei\u00e7\u00e3o de Erika Hilton e afirmaram que a comiss\u00e3o deveria ser presidida por uma mulher cisg\u00eanero. Elas tamb\u00e9m criticaram o que chamaram de \u201cideologiza\u00e7\u00e3o\u201d da comiss\u00e3o.<\/p>\n<p>\u201cN\u00e3o podemos concordar com a entrega desta comiss\u00e3o, que deveria zelar pela dignidade da mulher, da vida e da fam\u00edlia, a uma pauta que desvirtua a pr\u00f3pria ess\u00eancia feminina\u201d, disse Chris Tonietto (PL-RJ).<\/p>\n<p>A deputada Clarissa T\u00e9rcio (PP-PE) afirmou que a presid\u00eancia da comiss\u00e3o deveria ser ocupada por uma &#8220;mulher de fato&#8221;. Para ela, a escolha de Erika Hilton representa um retrocesso para a pauta feminina e uma afronta aos valores que ela defende como representante de um segmento conservador.<\/p>\n<p>&#8220;N\u00f3s n\u00e3o podemos nos calar diante do que estamos vendo. Esta comiss\u00e3o \u00e9 das mulheres, e n\u00f3s queremos ser representadas por mulheres de verdade, que entendem a nossa natureza e os nossos desafios biol\u00f3gicos.&#8221;<\/p>\n<p><strong>Pluralidade<\/strong><br \/>\nA deputada Laura Carneiro, eleita 1\u00aa vice-presidente da Comiss\u00e3o, enfatizou que o foco do trabalho deve ser a vida das mulheres brasileiras, independentemente de ideologias.<\/p>\n<p>&#8220;Esta comiss\u00e3o tem uma hist\u00f3ria de muitas lutas e conquistas. Como vice-presidente, meu compromisso \u00e9 trabalhar ao lado da presid\u00eancia e de todas as colegas para que o nosso foco seja um s\u00f3: o direito e a dignidade de cada mulher deste Pa\u00eds.&#8221;<\/p>\n<p>A deputada Erika Kokay (PT-DF) destacou a instala\u00e7\u00e3o do colegiado como um momento de resist\u00eancia. Ela defendeu a legitimidade da presid\u00eancia eleita e criticou as tentativas de interditar o debate por meio de preconceitos.<\/p>\n<p>Para a deputada, a comiss\u00e3o deve ser um espa\u00e7o que acolha a diversidade de todas as mulheres brasileiras, sem exclus\u00f5es.<\/p>\n<p>&#8220;N\u00f3s n\u00e3o vamos aceitar que esta Casa seja palco para o \u00f3dio. Esta comiss\u00e3o trabalhar\u00e1 pela vida das mulheres, pela igualdade e, sobretudo, para que o Estado Brasileiro cumpra o seu papel de proteger quem est\u00e1 em vulnerabilidade.&#8221;<\/p>\n","protected":false},"excerpt":{"rendered":"<p>A Comiss\u00e3o de Defesa dos Direitos da Mulher da C\u00e2mara dos Deputados elegeu, nesta quarta-feira (11), a deputada Erika Hilton (Psol-SP) para presidir o colegiado neste ano. Ela recebeu 11 votos contra dez votos em branco. Ela substitui a deputada C\u00e9lia Xakriab\u00e1 (Psol-MG). No discurso de posse, ela lembrou que \u00e9 a primeira mulher trans [&hellip;]<\/p>\n","protected":false},"author":2,"featured_media":386645,"comment_status":"closed","ping_status":"closed","sticky":false,"template":"","format":"standard","meta":{"_acf_changed":false,"footnotes":""},"categories":[16],"tags":[],"class_list":["post-386641","post","type-post","status-publish","format-standard","has-post-thumbnail","hentry","category-brasil"],"acf":[],"yoast_head":"<!-- This site is optimized with the Yoast SEO plugin v27.2 - https:\/\/yoast.com\/product\/yoast-seo-wordpress\/ -->\n<title>Comiss\u00e3o de Direitos da Mulher elege primeira presidente trans - Notibras<\/title>\n<meta name=\"robots\" content=\"index, follow, max-snippet:-1, max-image-preview:large, max-video-preview:-1\" \/>\n<link rel=\"canonical\" href=\"https:\/\/www.notibras.com\/site\/comissao-de-direitos-da-mulher-elege-primeira-presidente-trans\/\" \/>\n<meta property=\"og:locale\" content=\"pt_BR\" \/>\n<meta property=\"og:type\" content=\"article\" \/>\n<meta property=\"og:title\" content=\"Comiss\u00e3o de Direitos da Mulher elege primeira presidente trans - Notibras\" \/>\n<meta property=\"og:description\" content=\"A Comiss\u00e3o de Defesa dos Direitos da Mulher da C\u00e2mara dos Deputados elegeu, nesta quarta-feira (11), a deputada Erika Hilton (Psol-SP) para presidir o colegiado neste ano. Ela recebeu 11 votos contra dez votos em branco. Ela substitui a deputada C\u00e9lia Xakriab\u00e1 (Psol-MG). No discurso de posse, ela lembrou que \u00e9 a primeira mulher trans [&hellip;]\" \/>\n<meta property=\"og:url\" content=\"https:\/\/www.notibras.com\/site\/comissao-de-direitos-da-mulher-elege-primeira-presidente-trans\/\" \/>\n<meta property=\"og:site_name\" content=\"Notibras\" \/>\n<meta property=\"article:publisher\" content=\"https:\/\/www.facebook.com\/notibras\/\" \/>\n<meta property=\"article:published_time\" content=\"2026-03-12T03:00:58+00:00\" \/>\n<meta property=\"article:modified_time\" content=\"2026-03-12T12:41:39+00:00\" \/>\n<meta property=\"og:image\" content=\"https:\/\/www.notibras.com\/site\/wp-content\/uploads\/2026\/03\/lula3186.webp\" \/>\n\t<meta property=\"og:image:width\" content=\"1170\" \/>\n\t<meta property=\"og:image:height\" content=\"700\" \/>\n\t<meta property=\"og:image:type\" content=\"image\/webp\" \/>\n<meta name=\"author\" content=\"Reda\u00e7\u00e3o\" \/>\n<meta name=\"twitter:card\" content=\"summary_large_image\" \/>\n<meta name=\"twitter:creator\" content=\"@Notibras\" \/>\n<meta name=\"twitter:site\" content=\"@Notibras\" \/>\n<meta name=\"twitter:label1\" content=\"Escrito por\" \/>\n\t<meta name=\"twitter:data1\" content=\"Reda\u00e7\u00e3o\" \/>\n\t<meta name=\"twitter:label2\" content=\"Est. tempo de leitura\" \/>\n\t<meta name=\"twitter:data2\" content=\"3 minutos\" \/>\n<script type=\"application\/ld+json\" class=\"yoast-schema-graph\">{\"@context\":\"https:\/\/schema.org\",\"@graph\":[{\"@type\":\"Article\",\"@id\":\"https:\/\/www.notibras.com\/site\/comissao-de-direitos-da-mulher-elege-primeira-presidente-trans\/#article\",\"isPartOf\":{\"@id\":\"https:\/\/www.notibras.com\/site\/comissao-de-direitos-da-mulher-elege-primeira-presidente-trans\/\"},\"author\":{\"name\":\"Reda\u00e7\u00e3o\",\"@id\":\"https:\/\/www.notibras.com\/site\/#\/schema\/person\/36ab0979449956132d3e5b517ea76ac8\"},\"headline\":\"Comiss\u00e3o de Direitos da Mulher elege primeira presidente trans\",\"datePublished\":\"2026-03-12T03:00:58+00:00\",\"dateModified\":\"2026-03-12T12:41:39+00:00\",\"mainEntityOfPage\":{\"@id\":\"https:\/\/www.notibras.com\/site\/comissao-de-direitos-da-mulher-elege-primeira-presidente-trans\/\"},\"wordCount\":524,\"publisher\":{\"@id\":\"https:\/\/www.notibras.com\/site\/#organization\"},\"image\":{\"@id\":\"https:\/\/www.notibras.com\/site\/comissao-de-direitos-da-mulher-elege-primeira-presidente-trans\/#primaryimage\"},\"thumbnailUrl\":\"https:\/\/www.notibras.com\/site\/wp-content\/uploads\/2026\/03\/lula3186.webp\",\"articleSection\":[\"Brasil\"],\"inLanguage\":\"pt-BR\"},{\"@type\":\"WebPage\",\"@id\":\"https:\/\/www.notibras.com\/site\/comissao-de-direitos-da-mulher-elege-primeira-presidente-trans\/\",\"url\":\"https:\/\/www.notibras.com\/site\/comissao-de-direitos-da-mulher-elege-primeira-presidente-trans\/\",\"name\":\"Comiss\u00e3o de Direitos da Mulher elege primeira presidente trans - Notibras\",\"isPartOf\":{\"@id\":\"https:\/\/www.notibras.com\/site\/#website\"},\"primaryImageOfPage\":{\"@id\":\"https:\/\/www.notibras.com\/site\/comissao-de-direitos-da-mulher-elege-primeira-presidente-trans\/#primaryimage\"},\"image\":{\"@id\":\"https:\/\/www.notibras.com\/site\/comissao-de-direitos-da-mulher-elege-primeira-presidente-trans\/#primaryimage\"},\"thumbnailUrl\":\"https:\/\/www.notibras.com\/site\/wp-content\/uploads\/2026\/03\/lula3186.webp\",\"datePublished\":\"2026-03-12T03:00:58+00:00\",\"dateModified\":\"2026-03-12T12:41:39+00:00\",\"breadcrumb\":{\"@id\":\"https:\/\/www.notibras.com\/site\/comissao-de-direitos-da-mulher-elege-primeira-presidente-trans\/#breadcrumb\"},\"inLanguage\":\"pt-BR\",\"potentialAction\":[{\"@type\":\"ReadAction\",\"target\":[\"https:\/\/www.notibras.com\/site\/comissao-de-direitos-da-mulher-elege-primeira-presidente-trans\/\"]}]},{\"@type\":\"ImageObject\",\"inLanguage\":\"pt-BR\",\"@id\":\"https:\/\/www.notibras.com\/site\/comissao-de-direitos-da-mulher-elege-primeira-presidente-trans\/#primaryimage\",\"url\":\"https:\/\/www.notibras.com\/site\/wp-content\/uploads\/2026\/03\/lula3186.webp\",\"contentUrl\":\"https:\/\/www.notibras.com\/site\/wp-content\/uploads\/2026\/03\/lula3186.webp\",\"width\":1170,\"height\":700},{\"@type\":\"BreadcrumbList\",\"@id\":\"https:\/\/www.notibras.com\/site\/comissao-de-direitos-da-mulher-elege-primeira-presidente-trans\/#breadcrumb\",\"itemListElement\":[{\"@type\":\"ListItem\",\"position\":1,\"name\":\"In\u00edcio\",\"item\":\"https:\/\/www.notibras.com\/site\/\"},{\"@type\":\"ListItem\",\"position\":2,\"name\":\"Comiss\u00e3o de Direitos da Mulher elege primeira presidente trans\"}]},{\"@type\":\"WebSite\",\"@id\":\"https:\/\/www.notibras.com\/site\/#website\",\"url\":\"https:\/\/www.notibras.com\/site\/\",\"name\":\"Notibras\",\"description\":\"Not\u00edcias de Bras\u00edlia, do Brasil e do Mundo\",\"publisher\":{\"@id\":\"https:\/\/www.notibras.com\/site\/#organization\"},\"potentialAction\":[{\"@type\":\"SearchAction\",\"target\":{\"@type\":\"EntryPoint\",\"urlTemplate\":\"https:\/\/www.notibras.com\/site\/?s={search_term_string}\"},\"query-input\":{\"@type\":\"PropertyValueSpecification\",\"valueRequired\":true,\"valueName\":\"search_term_string\"}}],\"inLanguage\":\"pt-BR\"},{\"@type\":\"Organization\",\"@id\":\"https:\/\/www.notibras.com\/site\/#organization\",\"name\":\"Grupo Notibras de Comunica\u00e7\u00e3o\",\"url\":\"https:\/\/www.notibras.com\/site\/\",\"logo\":{\"@type\":\"ImageObject\",\"inLanguage\":\"pt-BR\",\"@id\":\"https:\/\/www.notibras.com\/site\/#\/schema\/logo\/image\/\",\"url\":\"https:\/\/www.notibras.com\/site\/wp-content\/uploads\/2023\/01\/notibras23.png\",\"contentUrl\":\"https:\/\/www.notibras.com\/site\/wp-content\/uploads\/2023\/01\/notibras23.png\",\"width\":350,\"height\":87,\"caption\":\"Grupo Notibras de Comunica\u00e7\u00e3o\"},\"image\":{\"@id\":\"https:\/\/www.notibras.com\/site\/#\/schema\/logo\/image\/\"},\"sameAs\":[\"https:\/\/www.facebook.com\/notibras\/\",\"https:\/\/x.com\/Notibras\",\"https:\/\/www.instagram.com\/notibras\/\"]},{\"@type\":\"Person\",\"@id\":\"https:\/\/www.notibras.com\/site\/#\/schema\/person\/36ab0979449956132d3e5b517ea76ac8\",\"name\":\"Reda\u00e7\u00e3o\",\"image\":{\"@type\":\"ImageObject\",\"inLanguage\":\"pt-BR\",\"@id\":\"https:\/\/secure.gravatar.com\/avatar\/e0a867bdedb85fd243eadf09663511f96fc81e0720a4a42581f334ad4303aa6b?s=96&d=mm&r=g\",\"url\":\"https:\/\/secure.gravatar.com\/avatar\/e0a867bdedb85fd243eadf09663511f96fc81e0720a4a42581f334ad4303aa6b?s=96&d=mm&r=g\",\"contentUrl\":\"https:\/\/secure.gravatar.com\/avatar\/e0a867bdedb85fd243eadf09663511f96fc81e0720a4a42581f334ad4303aa6b?s=96&d=mm&r=g\",\"caption\":\"Reda\u00e7\u00e3o\"}}]}<\/script>\n<!-- \/ Yoast SEO plugin. -->","yoast_head_json":{"title":"Comiss\u00e3o de Direitos da Mulher elege primeira presidente trans - Notibras","robots":{"index":"index","follow":"follow","max-snippet":"max-snippet:-1","max-image-preview":"max-image-preview:large","max-video-preview":"max-video-preview:-1"},"canonical":"https:\/\/www.notibras.com\/site\/comissao-de-direitos-da-mulher-elege-primeira-presidente-trans\/","og_locale":"pt_BR","og_type":"article","og_title":"Comiss\u00e3o de Direitos da Mulher elege primeira presidente trans - Notibras","og_description":"A Comiss\u00e3o de Defesa dos Direitos da Mulher da C\u00e2mara dos Deputados elegeu, nesta quarta-feira (11), a deputada Erika Hilton (Psol-SP) para presidir o colegiado neste ano. Ela recebeu 11 votos contra dez votos em branco. Ela substitui a deputada C\u00e9lia Xakriab\u00e1 (Psol-MG). No discurso de posse, ela lembrou que \u00e9 a primeira mulher trans [&hellip;]","og_url":"https:\/\/www.notibras.com\/site\/comissao-de-direitos-da-mulher-elege-primeira-presidente-trans\/","og_site_name":"Notibras","article_publisher":"https:\/\/www.facebook.com\/notibras\/","article_published_time":"2026-03-12T03:00:58+00:00","article_modified_time":"2026-03-12T12:41:39+00:00","og_image":[{"width":1170,"height":700,"url":"https:\/\/www.notibras.com\/site\/wp-content\/uploads\/2026\/03\/lula3186.webp","type":"image\/webp"}],"author":"Reda\u00e7\u00e3o","twitter_card":"summary_large_image","twitter_creator":"@Notibras","twitter_site":"@Notibras","twitter_misc":{"Escrito por":"Reda\u00e7\u00e3o","Est. tempo de leitura":"3 minutos"},"schema":{"@context":"https:\/\/schema.org","@graph":[{"@type":"Article","@id":"https:\/\/www.notibras.com\/site\/comissao-de-direitos-da-mulher-elege-primeira-presidente-trans\/#article","isPartOf":{"@id":"https:\/\/www.notibras.com\/site\/comissao-de-direitos-da-mulher-elege-primeira-presidente-trans\/"},"author":{"name":"Reda\u00e7\u00e3o","@id":"https:\/\/www.notibras.com\/site\/#\/schema\/person\/36ab0979449956132d3e5b517ea76ac8"},"headline":"Comiss\u00e3o de Direitos da Mulher elege primeira presidente trans","datePublished":"2026-03-12T03:00:58+00:00","dateModified":"2026-03-12T12:41:39+00:00","mainEntityOfPage":{"@id":"https:\/\/www.notibras.com\/site\/comissao-de-direitos-da-mulher-elege-primeira-presidente-trans\/"},"wordCount":524,"publisher":{"@id":"https:\/\/www.notibras.com\/site\/#organization"},"image":{"@id":"https:\/\/www.notibras.com\/site\/comissao-de-direitos-da-mulher-elege-primeira-presidente-trans\/#primaryimage"},"thumbnailUrl":"https:\/\/www.notibras.com\/site\/wp-content\/uploads\/2026\/03\/lula3186.webp","articleSection":["Brasil"],"inLanguage":"pt-BR"},{"@type":"WebPage","@id":"https:\/\/www.notibras.com\/site\/comissao-de-direitos-da-mulher-elege-primeira-presidente-trans\/","url":"https:\/\/www.notibras.com\/site\/comissao-de-direitos-da-mulher-elege-primeira-presidente-trans\/","name":"Comiss\u00e3o de Direitos da Mulher elege primeira presidente trans - Notibras","isPartOf":{"@id":"https:\/\/www.notibras.com\/site\/#website"},"primaryImageOfPage":{"@id":"https:\/\/www.notibras.com\/site\/comissao-de-direitos-da-mulher-elege-primeira-presidente-trans\/#primaryimage"},"image":{"@id":"https:\/\/www.notibras.com\/site\/comissao-de-direitos-da-mulher-elege-primeira-presidente-trans\/#primaryimage"},"thumbnailUrl":"https:\/\/www.notibras.com\/site\/wp-content\/uploads\/2026\/03\/lula3186.webp","datePublished":"2026-03-12T03:00:58+00:00","dateModified":"2026-03-12T12:41:39+00:00","breadcrumb":{"@id":"https:\/\/www.notibras.com\/site\/comissao-de-direitos-da-mulher-elege-primeira-presidente-trans\/#breadcrumb"},"inLanguage":"pt-BR","potentialAction":[{"@type":"ReadAction","target":["https:\/\/www.notibras.com\/site\/comissao-de-direitos-da-mulher-elege-primeira-presidente-trans\/"]}]},{"@type":"ImageObject","inLanguage":"pt-BR","@id":"https:\/\/www.notibras.com\/site\/comissao-de-direitos-da-mulher-elege-primeira-presidente-trans\/#primaryimage","url":"https:\/\/www.notibras.com\/site\/wp-content\/uploads\/2026\/03\/lula3186.webp","contentUrl":"https:\/\/www.notibras.com\/site\/wp-content\/uploads\/2026\/03\/lula3186.webp","width":1170,"height":700},{"@type":"BreadcrumbList","@id":"https:\/\/www.notibras.com\/site\/comissao-de-direitos-da-mulher-elege-primeira-presidente-trans\/#breadcrumb","itemListElement":[{"@type":"ListItem","position":1,"name":"In\u00edcio","item":"https:\/\/www.notibras.com\/site\/"},{"@type":"ListItem","position":2,"name":"Comiss\u00e3o de Direitos da Mulher elege primeira presidente trans"}]},{"@type":"WebSite","@id":"https:\/\/www.notibras.com\/site\/#website","url":"https:\/\/www.notibras.com\/site\/","name":"Notibras","description":"Not\u00edcias de Bras\u00edlia, do Brasil e do Mundo","publisher":{"@id":"https:\/\/www.notibras.com\/site\/#organization"},"potentialAction":[{"@type":"SearchAction","target":{"@type":"EntryPoint","urlTemplate":"https:\/\/www.notibras.com\/site\/?s={search_term_string}"},"query-input":{"@type":"PropertyValueSpecification","valueRequired":true,"valueName":"search_term_string"}}],"inLanguage":"pt-BR"},{"@type":"Organization","@id":"https:\/\/www.notibras.com\/site\/#organization","name":"Grupo Notibras de Comunica\u00e7\u00e3o","url":"https:\/\/www.notibras.com\/site\/","logo":{"@type":"ImageObject","inLanguage":"pt-BR","@id":"https:\/\/www.notibras.com\/site\/#\/schema\/logo\/image\/","url":"https:\/\/www.notibras.com\/site\/wp-content\/uploads\/2023\/01\/notibras23.png","contentUrl":"https:\/\/www.notibras.com\/site\/wp-content\/uploads\/2023\/01\/notibras23.png","width":350,"height":87,"caption":"Grupo Notibras de Comunica\u00e7\u00e3o"},"image":{"@id":"https:\/\/www.notibras.com\/site\/#\/schema\/logo\/image\/"},"sameAs":["https:\/\/www.facebook.com\/notibras\/","https:\/\/x.com\/Notibras","https:\/\/www.instagram.com\/notibras\/"]},{"@type":"Person","@id":"https:\/\/www.notibras.com\/site\/#\/schema\/person\/36ab0979449956132d3e5b517ea76ac8","name":"Reda\u00e7\u00e3o","image":{"@type":"ImageObject","inLanguage":"pt-BR","@id":"https:\/\/secure.gravatar.com\/avatar\/e0a867bdedb85fd243eadf09663511f96fc81e0720a4a42581f334ad4303aa6b?s=96&d=mm&r=g","url":"https:\/\/secure.gravatar.com\/avatar\/e0a867bdedb85fd243eadf09663511f96fc81e0720a4a42581f334ad4303aa6b?s=96&d=mm&r=g","contentUrl":"https:\/\/secure.gravatar.com\/avatar\/e0a867bdedb85fd243eadf09663511f96fc81e0720a4a42581f334ad4303aa6b?s=96&d=mm&r=g","caption":"Reda\u00e7\u00e3o"}}]}},"amp_enabled":true,"_links":{"self":[{"href":"https:\/\/www.notibras.com\/site\/wp-json\/wp\/v2\/posts\/386641","targetHints":{"allow":["GET"]}}],"collection":[{"href":"https:\/\/www.notibras.com\/site\/wp-json\/wp\/v2\/posts"}],"about":[{"href":"https:\/\/www.notibras.com\/site\/wp-json\/wp\/v2\/types\/post"}],"author":[{"embeddable":true,"href":"https:\/\/www.notibras.com\/site\/wp-json\/wp\/v2\/users\/2"}],"replies":[{"embeddable":true,"href":"https:\/\/www.notibras.com\/site\/wp-json\/wp\/v2\/comments?post=386641"}],"version-history":[{"count":1,"href":"https:\/\/www.notibras.com\/site\/wp-json\/wp\/v2\/posts\/386641\/revisions"}],"predecessor-version":[{"id":386646,"href":"https:\/\/www.notibras.com\/site\/wp-json\/wp\/v2\/posts\/386641\/revisions\/386646"}],"wp:featuredmedia":[{"embeddable":true,"href":"https:\/\/www.notibras.com\/site\/wp-json\/wp\/v2\/media\/386645"}],"wp:attachment":[{"href":"https:\/\/www.notibras.com\/site\/wp-json\/wp\/v2\/media?parent=386641"}],"wp:term":[{"taxonomy":"category","embeddable":true,"href":"https:\/\/www.notibras.com\/site\/wp-json\/wp\/v2\/categories?post=386641"},{"taxonomy":"post_tag","embeddable":true,"href":"https:\/\/www.notibras.com\/site\/wp-json\/wp\/v2\/tags?post=386641"}],"curies":[{"name":"wp","href":"https:\/\/api.w.org\/{rel}","templated":true}]}}