{"id":386650,"date":"2026-03-12T09:49:01","date_gmt":"2026-03-12T12:49:01","guid":{"rendered":"https:\/\/www.notibras.com\/site\/?p=386650"},"modified":"2026-03-12T09:49:01","modified_gmt":"2026-03-12T12:49:01","slug":"a-antiga-lenda-dos-astronautas-divinos","status":"publish","type":"post","link":"https:\/\/www.notibras.com\/site\/a-antiga-lenda-dos-astronautas-divinos\/","title":{"rendered":"A antiga lenda dos astronautas divinos"},"content":{"rendered":"<p>Desde que o homem ergueu os olhos para o firmamento, uma pergunta silenciosa atravessa mil\u00eanios: quem eram, de fato, os deuses que desciam dos c\u00e9us em carruagens de fogo, envoltos em luz, trov\u00f5es e poder? Muito antes de telesc\u00f3pios, foguetes ou sat\u00e9lites, civiliza\u00e7\u00f5es inteiras j\u00e1 narravam encontros com seres vindos do alto \u2014 figuras capazes de ensinar astronomia, agricultura, arquitetura e leis, como se carregassem conhecimentos muito al\u00e9m do tempo humano.<\/p>\n<p>Na antiga Civiliza\u00e7\u00e3o Sum\u00e9ria, os relatos sobre os Anunnaki falavam de entidades celestes que teriam vindo das estrelas e interferido diretamente no destino dos homens. Gravadas em t\u00e1buas de argila, algumas narrativas descrevem seres que desciam em ve\u00edculos luminosos e possu\u00edam poder sobre o c\u00e9u e a terra. Para muitos estudiosos do simbolismo antigo, tratava-se apenas de linguagem religiosa; para outros, a descri\u00e7\u00e3o lembra surpreendentemente visitantes de tecnologia desconhecida.<\/p>\n<p>No Egito, sacerdotes registraram deuses que cruzavam o firmamento em barcos solares. R\u00e1 navegava pelos c\u00e9us como senhor da luz, enquanto outras divindades surgiam associadas a estrelas, constela\u00e7\u00f5es e portais celestes. H\u00e1 quem veja nas pir\u00e2mides n\u00e3o apenas monumentos funer\u00e1rios, mas uma esp\u00e9cie de di\u00e1logo arquitet\u00f4nico com o cosmos \u2014 pedras apontadas para cintur\u00f5es estelares, como se a eternidade tivesse endere\u00e7o celeste.<\/p>\n<p>Na tradi\u00e7\u00e3o da B\u00edblia, o profeta Ezequiel descreveu uma vis\u00e3o intrigante: rodas dentro de rodas, seres luminosos e movimento suspenso no ar. S\u00e9culos depois, o texto seria reinterpretado por autores modernos como poss\u00edvel descri\u00e7\u00e3o de um artefato voador, embora te\u00f3logos insistam no car\u00e1ter simb\u00f3lico da vis\u00e3o prof\u00e9tica.<\/p>\n<p>Tamb\u00e9m nas civiliza\u00e7\u00f5es pr\u00e9-colombianas da M\u00e9xico surgiram narrativas de deuses que vieram do c\u00e9u e prometeram voltar. Quetzalc\u00f3atl, a serpente emplumada, era associada ao conhecimento, ao renascimento e ao movimento celeste. Entre os povos andinos, deuses criadores tamb\u00e9m surgiam ligados a estrelas e montanhas sagradas, como se o c\u00e9u fosse a verdadeira origem da mem\u00f3ria humana.<\/p>\n<p>A teoria moderna dos \u201cdeuses astronautas\u201d, popularizada no s\u00e9culo XX, reacendeu essas antigas narrativas ao sugerir que parte dos mitos universais talvez carregue lembran\u00e7as deformadas de contatos extraordin\u00e1rios. Ainda que a arqueologia acad\u00eamica rejeite essa leitura como hip\u00f3tese cient\u00edfica, o fasc\u00ednio permanece: por que tantos povos, sem contato entre si, imaginaram divindades descendo do c\u00e9u em luz, ru\u00eddo e poder?<\/p>\n<p>Talvez porque o homem, diante do mist\u00e9rio, sempre tenha traduzido o desconhecido em linguagem divina. Ou talvez porque certas perguntas, guardadas em pedras, desertos, templos e constela\u00e7\u00f5es, ainda esperem o momento certo para serem plenamente compreendidas.<\/p>\n<p>No fim, entre mito e eternidade, permanece uma certeza silenciosa: toda civiliza\u00e7\u00e3o antiga olhou para cima antes de tentar entender a si mesma. E talvez continue olhando<\/p>\n","protected":false},"excerpt":{"rendered":"<p>Desde que o homem ergueu os olhos para o firmamento, uma pergunta silenciosa atravessa mil\u00eanios: quem eram, de fato, os deuses que desciam dos c\u00e9us em carruagens de fogo, envoltos em luz, trov\u00f5es e poder? Muito antes de telesc\u00f3pios, foguetes ou sat\u00e9lites, civiliza\u00e7\u00f5es inteiras j\u00e1 narravam encontros com seres vindos do alto \u2014 figuras capazes [&hellip;]<\/p>\n","protected":false},"author":2,"featured_media":386651,"comment_status":"closed","ping_status":"closed","sticky":false,"template":"","format":"standard","meta":{"_acf_changed":false,"footnotes":""},"categories":[237],"tags":[],"class_list":["post-386650","post","type-post","status-publish","format-standard","has-post-thumbnail","hentry","category-oraculos"],"acf":[],"yoast_head":"<!-- This site is optimized with the Yoast SEO plugin v27.2 - https:\/\/yoast.com\/product\/yoast-seo-wordpress\/ -->\n<title>A antiga lenda dos astronautas divinos - Notibras<\/title>\n<meta name=\"robots\" content=\"index, follow, max-snippet:-1, max-image-preview:large, max-video-preview:-1\" \/>\n<link rel=\"canonical\" href=\"https:\/\/www.notibras.com\/site\/a-antiga-lenda-dos-astronautas-divinos\/\" \/>\n<meta property=\"og:locale\" content=\"pt_BR\" \/>\n<meta property=\"og:type\" content=\"article\" \/>\n<meta property=\"og:title\" content=\"A antiga lenda dos astronautas divinos - Notibras\" \/>\n<meta property=\"og:description\" content=\"Desde que o homem ergueu os olhos para o firmamento, uma pergunta silenciosa atravessa mil\u00eanios: quem eram, de fato, os deuses que desciam dos c\u00e9us em carruagens de fogo, envoltos em luz, trov\u00f5es e poder? Muito antes de telesc\u00f3pios, foguetes ou sat\u00e9lites, civiliza\u00e7\u00f5es inteiras j\u00e1 narravam encontros com seres vindos do alto \u2014 figuras capazes [&hellip;]\" \/>\n<meta property=\"og:url\" content=\"https:\/\/www.notibras.com\/site\/a-antiga-lenda-dos-astronautas-divinos\/\" \/>\n<meta property=\"og:site_name\" content=\"Notibras\" \/>\n<meta property=\"article:publisher\" content=\"https:\/\/www.facebook.com\/notibras\/\" \/>\n<meta property=\"article:published_time\" content=\"2026-03-12T12:49:01+00:00\" \/>\n<meta property=\"og:image\" content=\"https:\/\/www.notibras.com\/site\/wp-content\/uploads\/2026\/03\/3da92d2e-6eff-4268-b18d-27c444ad7cc8-683x1024.png\" \/>\n\t<meta property=\"og:image:width\" content=\"683\" \/>\n\t<meta property=\"og:image:height\" content=\"1024\" \/>\n\t<meta property=\"og:image:type\" content=\"image\/png\" \/>\n<meta name=\"author\" content=\"Reda\u00e7\u00e3o\" \/>\n<meta name=\"twitter:card\" content=\"summary_large_image\" \/>\n<meta name=\"twitter:creator\" content=\"@Notibras\" \/>\n<meta name=\"twitter:site\" content=\"@Notibras\" \/>\n<meta name=\"twitter:label1\" content=\"Escrito por\" \/>\n\t<meta name=\"twitter:data1\" content=\"Reda\u00e7\u00e3o\" \/>\n\t<meta name=\"twitter:label2\" content=\"Est. tempo de leitura\" \/>\n\t<meta name=\"twitter:data2\" content=\"3 minutos\" \/>\n<script type=\"application\/ld+json\" class=\"yoast-schema-graph\">{\"@context\":\"https:\/\/schema.org\",\"@graph\":[{\"@type\":\"Article\",\"@id\":\"https:\/\/www.notibras.com\/site\/a-antiga-lenda-dos-astronautas-divinos\/#article\",\"isPartOf\":{\"@id\":\"https:\/\/www.notibras.com\/site\/a-antiga-lenda-dos-astronautas-divinos\/\"},\"author\":{\"name\":\"Reda\u00e7\u00e3o\",\"@id\":\"https:\/\/www.notibras.com\/site\/#\/schema\/person\/36ab0979449956132d3e5b517ea76ac8\"},\"headline\":\"A antiga lenda dos astronautas divinos\",\"datePublished\":\"2026-03-12T12:49:01+00:00\",\"mainEntityOfPage\":{\"@id\":\"https:\/\/www.notibras.com\/site\/a-antiga-lenda-dos-astronautas-divinos\/\"},\"wordCount\":488,\"publisher\":{\"@id\":\"https:\/\/www.notibras.com\/site\/#organization\"},\"image\":{\"@id\":\"https:\/\/www.notibras.com\/site\/a-antiga-lenda-dos-astronautas-divinos\/#primaryimage\"},\"thumbnailUrl\":\"https:\/\/www.notibras.com\/site\/wp-content\/uploads\/2026\/03\/3da92d2e-6eff-4268-b18d-27c444ad7cc8.png\",\"articleSection\":[\"Or\u00e1culos\"],\"inLanguage\":\"pt-BR\"},{\"@type\":\"WebPage\",\"@id\":\"https:\/\/www.notibras.com\/site\/a-antiga-lenda-dos-astronautas-divinos\/\",\"url\":\"https:\/\/www.notibras.com\/site\/a-antiga-lenda-dos-astronautas-divinos\/\",\"name\":\"A antiga lenda dos astronautas divinos - Notibras\",\"isPartOf\":{\"@id\":\"https:\/\/www.notibras.com\/site\/#website\"},\"primaryImageOfPage\":{\"@id\":\"https:\/\/www.notibras.com\/site\/a-antiga-lenda-dos-astronautas-divinos\/#primaryimage\"},\"image\":{\"@id\":\"https:\/\/www.notibras.com\/site\/a-antiga-lenda-dos-astronautas-divinos\/#primaryimage\"},\"thumbnailUrl\":\"https:\/\/www.notibras.com\/site\/wp-content\/uploads\/2026\/03\/3da92d2e-6eff-4268-b18d-27c444ad7cc8.png\",\"datePublished\":\"2026-03-12T12:49:01+00:00\",\"breadcrumb\":{\"@id\":\"https:\/\/www.notibras.com\/site\/a-antiga-lenda-dos-astronautas-divinos\/#breadcrumb\"},\"inLanguage\":\"pt-BR\",\"potentialAction\":[{\"@type\":\"ReadAction\",\"target\":[\"https:\/\/www.notibras.com\/site\/a-antiga-lenda-dos-astronautas-divinos\/\"]}]},{\"@type\":\"ImageObject\",\"inLanguage\":\"pt-BR\",\"@id\":\"https:\/\/www.notibras.com\/site\/a-antiga-lenda-dos-astronautas-divinos\/#primaryimage\",\"url\":\"https:\/\/www.notibras.com\/site\/wp-content\/uploads\/2026\/03\/3da92d2e-6eff-4268-b18d-27c444ad7cc8.png\",\"contentUrl\":\"https:\/\/www.notibras.com\/site\/wp-content\/uploads\/2026\/03\/3da92d2e-6eff-4268-b18d-27c444ad7cc8.png\",\"width\":1024,\"height\":1536},{\"@type\":\"BreadcrumbList\",\"@id\":\"https:\/\/www.notibras.com\/site\/a-antiga-lenda-dos-astronautas-divinos\/#breadcrumb\",\"itemListElement\":[{\"@type\":\"ListItem\",\"position\":1,\"name\":\"In\u00edcio\",\"item\":\"https:\/\/www.notibras.com\/site\/\"},{\"@type\":\"ListItem\",\"position\":2,\"name\":\"A antiga lenda dos astronautas divinos\"}]},{\"@type\":\"WebSite\",\"@id\":\"https:\/\/www.notibras.com\/site\/#website\",\"url\":\"https:\/\/www.notibras.com\/site\/\",\"name\":\"Notibras\",\"description\":\"Not\u00edcias de Bras\u00edlia, do Brasil e do Mundo\",\"publisher\":{\"@id\":\"https:\/\/www.notibras.com\/site\/#organization\"},\"potentialAction\":[{\"@type\":\"SearchAction\",\"target\":{\"@type\":\"EntryPoint\",\"urlTemplate\":\"https:\/\/www.notibras.com\/site\/?s={search_term_string}\"},\"query-input\":{\"@type\":\"PropertyValueSpecification\",\"valueRequired\":true,\"valueName\":\"search_term_string\"}}],\"inLanguage\":\"pt-BR\"},{\"@type\":\"Organization\",\"@id\":\"https:\/\/www.notibras.com\/site\/#organization\",\"name\":\"Grupo Notibras de Comunica\u00e7\u00e3o\",\"url\":\"https:\/\/www.notibras.com\/site\/\",\"logo\":{\"@type\":\"ImageObject\",\"inLanguage\":\"pt-BR\",\"@id\":\"https:\/\/www.notibras.com\/site\/#\/schema\/logo\/image\/\",\"url\":\"https:\/\/www.notibras.com\/site\/wp-content\/uploads\/2023\/01\/notibras23.png\",\"contentUrl\":\"https:\/\/www.notibras.com\/site\/wp-content\/uploads\/2023\/01\/notibras23.png\",\"width\":350,\"height\":87,\"caption\":\"Grupo Notibras de Comunica\u00e7\u00e3o\"},\"image\":{\"@id\":\"https:\/\/www.notibras.com\/site\/#\/schema\/logo\/image\/\"},\"sameAs\":[\"https:\/\/www.facebook.com\/notibras\/\",\"https:\/\/x.com\/Notibras\",\"https:\/\/www.instagram.com\/notibras\/\"]},{\"@type\":\"Person\",\"@id\":\"https:\/\/www.notibras.com\/site\/#\/schema\/person\/36ab0979449956132d3e5b517ea76ac8\",\"name\":\"Reda\u00e7\u00e3o\",\"image\":{\"@type\":\"ImageObject\",\"inLanguage\":\"pt-BR\",\"@id\":\"https:\/\/secure.gravatar.com\/avatar\/e0a867bdedb85fd243eadf09663511f96fc81e0720a4a42581f334ad4303aa6b?s=96&d=mm&r=g\",\"url\":\"https:\/\/secure.gravatar.com\/avatar\/e0a867bdedb85fd243eadf09663511f96fc81e0720a4a42581f334ad4303aa6b?s=96&d=mm&r=g\",\"contentUrl\":\"https:\/\/secure.gravatar.com\/avatar\/e0a867bdedb85fd243eadf09663511f96fc81e0720a4a42581f334ad4303aa6b?s=96&d=mm&r=g\",\"caption\":\"Reda\u00e7\u00e3o\"}}]}<\/script>\n<!-- \/ Yoast SEO plugin. -->","yoast_head_json":{"title":"A antiga lenda dos astronautas divinos - Notibras","robots":{"index":"index","follow":"follow","max-snippet":"max-snippet:-1","max-image-preview":"max-image-preview:large","max-video-preview":"max-video-preview:-1"},"canonical":"https:\/\/www.notibras.com\/site\/a-antiga-lenda-dos-astronautas-divinos\/","og_locale":"pt_BR","og_type":"article","og_title":"A antiga lenda dos astronautas divinos - Notibras","og_description":"Desde que o homem ergueu os olhos para o firmamento, uma pergunta silenciosa atravessa mil\u00eanios: quem eram, de fato, os deuses que desciam dos c\u00e9us em carruagens de fogo, envoltos em luz, trov\u00f5es e poder? Muito antes de telesc\u00f3pios, foguetes ou sat\u00e9lites, civiliza\u00e7\u00f5es inteiras j\u00e1 narravam encontros com seres vindos do alto \u2014 figuras capazes [&hellip;]","og_url":"https:\/\/www.notibras.com\/site\/a-antiga-lenda-dos-astronautas-divinos\/","og_site_name":"Notibras","article_publisher":"https:\/\/www.facebook.com\/notibras\/","article_published_time":"2026-03-12T12:49:01+00:00","og_image":[{"width":683,"height":1024,"url":"https:\/\/www.notibras.com\/site\/wp-content\/uploads\/2026\/03\/3da92d2e-6eff-4268-b18d-27c444ad7cc8-683x1024.png","type":"image\/png"}],"author":"Reda\u00e7\u00e3o","twitter_card":"summary_large_image","twitter_creator":"@Notibras","twitter_site":"@Notibras","twitter_misc":{"Escrito por":"Reda\u00e7\u00e3o","Est. tempo de leitura":"3 minutos"},"schema":{"@context":"https:\/\/schema.org","@graph":[{"@type":"Article","@id":"https:\/\/www.notibras.com\/site\/a-antiga-lenda-dos-astronautas-divinos\/#article","isPartOf":{"@id":"https:\/\/www.notibras.com\/site\/a-antiga-lenda-dos-astronautas-divinos\/"},"author":{"name":"Reda\u00e7\u00e3o","@id":"https:\/\/www.notibras.com\/site\/#\/schema\/person\/36ab0979449956132d3e5b517ea76ac8"},"headline":"A antiga lenda dos astronautas divinos","datePublished":"2026-03-12T12:49:01+00:00","mainEntityOfPage":{"@id":"https:\/\/www.notibras.com\/site\/a-antiga-lenda-dos-astronautas-divinos\/"},"wordCount":488,"publisher":{"@id":"https:\/\/www.notibras.com\/site\/#organization"},"image":{"@id":"https:\/\/www.notibras.com\/site\/a-antiga-lenda-dos-astronautas-divinos\/#primaryimage"},"thumbnailUrl":"https:\/\/www.notibras.com\/site\/wp-content\/uploads\/2026\/03\/3da92d2e-6eff-4268-b18d-27c444ad7cc8.png","articleSection":["Or\u00e1culos"],"inLanguage":"pt-BR"},{"@type":"WebPage","@id":"https:\/\/www.notibras.com\/site\/a-antiga-lenda-dos-astronautas-divinos\/","url":"https:\/\/www.notibras.com\/site\/a-antiga-lenda-dos-astronautas-divinos\/","name":"A antiga lenda dos astronautas divinos - Notibras","isPartOf":{"@id":"https:\/\/www.notibras.com\/site\/#website"},"primaryImageOfPage":{"@id":"https:\/\/www.notibras.com\/site\/a-antiga-lenda-dos-astronautas-divinos\/#primaryimage"},"image":{"@id":"https:\/\/www.notibras.com\/site\/a-antiga-lenda-dos-astronautas-divinos\/#primaryimage"},"thumbnailUrl":"https:\/\/www.notibras.com\/site\/wp-content\/uploads\/2026\/03\/3da92d2e-6eff-4268-b18d-27c444ad7cc8.png","datePublished":"2026-03-12T12:49:01+00:00","breadcrumb":{"@id":"https:\/\/www.notibras.com\/site\/a-antiga-lenda-dos-astronautas-divinos\/#breadcrumb"},"inLanguage":"pt-BR","potentialAction":[{"@type":"ReadAction","target":["https:\/\/www.notibras.com\/site\/a-antiga-lenda-dos-astronautas-divinos\/"]}]},{"@type":"ImageObject","inLanguage":"pt-BR","@id":"https:\/\/www.notibras.com\/site\/a-antiga-lenda-dos-astronautas-divinos\/#primaryimage","url":"https:\/\/www.notibras.com\/site\/wp-content\/uploads\/2026\/03\/3da92d2e-6eff-4268-b18d-27c444ad7cc8.png","contentUrl":"https:\/\/www.notibras.com\/site\/wp-content\/uploads\/2026\/03\/3da92d2e-6eff-4268-b18d-27c444ad7cc8.png","width":1024,"height":1536},{"@type":"BreadcrumbList","@id":"https:\/\/www.notibras.com\/site\/a-antiga-lenda-dos-astronautas-divinos\/#breadcrumb","itemListElement":[{"@type":"ListItem","position":1,"name":"In\u00edcio","item":"https:\/\/www.notibras.com\/site\/"},{"@type":"ListItem","position":2,"name":"A antiga lenda dos astronautas divinos"}]},{"@type":"WebSite","@id":"https:\/\/www.notibras.com\/site\/#website","url":"https:\/\/www.notibras.com\/site\/","name":"Notibras","description":"Not\u00edcias de Bras\u00edlia, do Brasil e do Mundo","publisher":{"@id":"https:\/\/www.notibras.com\/site\/#organization"},"potentialAction":[{"@type":"SearchAction","target":{"@type":"EntryPoint","urlTemplate":"https:\/\/www.notibras.com\/site\/?s={search_term_string}"},"query-input":{"@type":"PropertyValueSpecification","valueRequired":true,"valueName":"search_term_string"}}],"inLanguage":"pt-BR"},{"@type":"Organization","@id":"https:\/\/www.notibras.com\/site\/#organization","name":"Grupo Notibras de Comunica\u00e7\u00e3o","url":"https:\/\/www.notibras.com\/site\/","logo":{"@type":"ImageObject","inLanguage":"pt-BR","@id":"https:\/\/www.notibras.com\/site\/#\/schema\/logo\/image\/","url":"https:\/\/www.notibras.com\/site\/wp-content\/uploads\/2023\/01\/notibras23.png","contentUrl":"https:\/\/www.notibras.com\/site\/wp-content\/uploads\/2023\/01\/notibras23.png","width":350,"height":87,"caption":"Grupo Notibras de Comunica\u00e7\u00e3o"},"image":{"@id":"https:\/\/www.notibras.com\/site\/#\/schema\/logo\/image\/"},"sameAs":["https:\/\/www.facebook.com\/notibras\/","https:\/\/x.com\/Notibras","https:\/\/www.instagram.com\/notibras\/"]},{"@type":"Person","@id":"https:\/\/www.notibras.com\/site\/#\/schema\/person\/36ab0979449956132d3e5b517ea76ac8","name":"Reda\u00e7\u00e3o","image":{"@type":"ImageObject","inLanguage":"pt-BR","@id":"https:\/\/secure.gravatar.com\/avatar\/e0a867bdedb85fd243eadf09663511f96fc81e0720a4a42581f334ad4303aa6b?s=96&d=mm&r=g","url":"https:\/\/secure.gravatar.com\/avatar\/e0a867bdedb85fd243eadf09663511f96fc81e0720a4a42581f334ad4303aa6b?s=96&d=mm&r=g","contentUrl":"https:\/\/secure.gravatar.com\/avatar\/e0a867bdedb85fd243eadf09663511f96fc81e0720a4a42581f334ad4303aa6b?s=96&d=mm&r=g","caption":"Reda\u00e7\u00e3o"}}]}},"amp_enabled":true,"_links":{"self":[{"href":"https:\/\/www.notibras.com\/site\/wp-json\/wp\/v2\/posts\/386650","targetHints":{"allow":["GET"]}}],"collection":[{"href":"https:\/\/www.notibras.com\/site\/wp-json\/wp\/v2\/posts"}],"about":[{"href":"https:\/\/www.notibras.com\/site\/wp-json\/wp\/v2\/types\/post"}],"author":[{"embeddable":true,"href":"https:\/\/www.notibras.com\/site\/wp-json\/wp\/v2\/users\/2"}],"replies":[{"embeddable":true,"href":"https:\/\/www.notibras.com\/site\/wp-json\/wp\/v2\/comments?post=386650"}],"version-history":[{"count":1,"href":"https:\/\/www.notibras.com\/site\/wp-json\/wp\/v2\/posts\/386650\/revisions"}],"predecessor-version":[{"id":386652,"href":"https:\/\/www.notibras.com\/site\/wp-json\/wp\/v2\/posts\/386650\/revisions\/386652"}],"wp:featuredmedia":[{"embeddable":true,"href":"https:\/\/www.notibras.com\/site\/wp-json\/wp\/v2\/media\/386651"}],"wp:attachment":[{"href":"https:\/\/www.notibras.com\/site\/wp-json\/wp\/v2\/media?parent=386650"}],"wp:term":[{"taxonomy":"category","embeddable":true,"href":"https:\/\/www.notibras.com\/site\/wp-json\/wp\/v2\/categories?post=386650"},{"taxonomy":"post_tag","embeddable":true,"href":"https:\/\/www.notibras.com\/site\/wp-json\/wp\/v2\/tags?post=386650"}],"curies":[{"name":"wp","href":"https:\/\/api.w.org\/{rel}","templated":true}]}}