{"id":386667,"date":"2026-03-12T00:11:19","date_gmt":"2026-03-12T03:11:19","guid":{"rendered":"https:\/\/www.notibras.com\/site\/?p=386667"},"modified":"2026-03-12T10:08:48","modified_gmt":"2026-03-12T13:08:48","slug":"mostra-tiradentes-leva-filmes-ineditos-a-capital-paulista","status":"publish","type":"post","link":"https:\/\/www.notibras.com\/site\/mostra-tiradentes-leva-filmes-ineditos-a-capital-paulista\/","title":{"rendered":"Mostra Tiradentes leva filmes in\u00e9ditos \u00e0 capital paulista"},"content":{"rendered":"<p>A Mostra Tiradentes\/SP estreia a 14\u00aa edi\u00e7\u00e3o na capital paulista nesta quinta-feira (12) com exibi\u00e7\u00f5es no Cinesesc. A programa\u00e7\u00e3o vai at\u00e9 18 de mar\u00e7o e ter\u00e1 28 filmes brasileiros em pr\u00e9-estreias in\u00e9ditas na cidade, al\u00e9m de 13 bate-papos com cineastas ap\u00f3s as sess\u00f5es.<\/p>\n<p>Com 14 longas e 14 curtas, o evento traz um recorte da mostra de cinema mineira que, em sua 29\u00b0 edi\u00e7\u00e3o, exibiu 137 produ\u00e7\u00f5es e levou um p\u00fablico estimado de 38 mil pessoas para Tiradentes (MG).<\/p>\n<p>A programa\u00e7\u00e3o prev\u00ea ainda ainda um debate com lan\u00e7amento da publica\u00e7\u00e3o do 4\u00ba F\u00f3rum de Tiradentes, que ser\u00e1 realizado no Centro de Pesquisa e Forma\u00e7\u00e3o do Sesc.<\/p>\n<p>Entre os destaques da mostra paulistana est\u00e3o filmes premiados na edi\u00e7\u00e3o mineira, como Anistia 79 (RJ), de Anita Leandro; Para os Guardados (MG), de Desali e Rafael Rocha; Entrevista Com Fantasmas (SP), de LK \u2013 Lincoln P\u00e9ricles; e Gr\u00e3o (RS), de Gianluca Cozza e Leonardo da Rosa.<\/p>\n<p>Outro destaque ser\u00e1 a sess\u00e3o especial de encerramento, dedicada a obras que trazem em suas narrativas duas personalidades emblem\u00e1ticas da cultura brasileira: o cineasta Julio Bressane e o teatr\u00f3logo Jos\u00e9 Celso Martinez Corr\u00eaa.<\/p>\n<p>Em 2026, a Mostra Tiradentes | SP \u00e9 norteada pelo tema Soberania Imaginativa, proposta que tem o objetivo de ampliar o debate sobre os caminhos criativos do audiovisual brasileiro iniciado em janeiro durante a Mostra Tiradentes.<\/p>\n<p>\u201cA for\u00e7a e a diversidade do cinema brasileiro contempor\u00e2neo podem ser percebidas nas edi\u00e7\u00f5es anuais da Mostra Tiradentes | SP, que em 2026 celebra 14 anos em S\u00e3o Paulo com o prop\u00f3sito de ampliar olhares, valorizar novas vozes e apresentar um panorama plural da produ\u00e7\u00e3o audiovisual do pa\u00eds\u201d, afirmou Raquel Hallak, coordenadora-geral da mostra paulistana.<\/p>\n<p>Raquel ressalta que, com a mostra, o cinema brasileiro conquista mais espa\u00e7o na capital paulista, oferecendo ao p\u00fablico a oportunidade de conhecer filmes que muitas vezes n\u00e3o chegam ao circuito comercial.<\/p>\n<p>A iniciativa prop\u00f5e ainda um di\u00e1logo a favor do cinema nacional, que possa resultar em articula\u00e7\u00f5es, visibilidade e exibi\u00e7\u00e3o do que \u00e9 produzido no Brasil.<\/p>\n<p><strong>Servi\u00e7o: <\/strong><br \/>\n\u2060CineSesc &#8211; Rua Augusta, 2075, Cerqueira C\u00e9sar<br \/>\nIngressos: R$ 6*, R$ 10** e R$ 20<br \/>\n* valor para trabalhadores do com\u00e9rcio bens e servi\u00e7os e turismo credenciados no Sesc e dependentes (Credencial Plena)<br \/>\n** valor para aposentado, pessoa com mais de 60 anos, pessoa com defici\u00eancia, estudante e servidor de escola p\u00fablica com comprovante<\/p>\n","protected":false},"excerpt":{"rendered":"<p>A Mostra Tiradentes\/SP estreia a 14\u00aa edi\u00e7\u00e3o na capital paulista nesta quinta-feira (12) com exibi\u00e7\u00f5es no Cinesesc. A programa\u00e7\u00e3o vai at\u00e9 18 de mar\u00e7o e ter\u00e1 28 filmes brasileiros em pr\u00e9-estreias in\u00e9ditas na cidade, al\u00e9m de 13 bate-papos com cineastas ap\u00f3s as sess\u00f5es. Com 14 longas e 14 curtas, o evento traz um recorte da [&hellip;]<\/p>\n","protected":false},"author":2,"featured_media":386668,"comment_status":"closed","ping_status":"closed","sticky":false,"template":"","format":"standard","meta":{"_acf_changed":false,"footnotes":""},"categories":[155],"tags":[],"class_list":["post-386667","post","type-post","status-publish","format-standard","has-post-thumbnail","hentry","category-leitura-vip"],"acf":[],"yoast_head":"<!-- This site is optimized with the Yoast SEO plugin v27.2 - https:\/\/yoast.com\/product\/yoast-seo-wordpress\/ -->\n<title>Mostra Tiradentes leva filmes in\u00e9ditos \u00e0 capital paulista - Notibras<\/title>\n<meta name=\"robots\" content=\"index, follow, max-snippet:-1, max-image-preview:large, max-video-preview:-1\" \/>\n<link rel=\"canonical\" href=\"https:\/\/www.notibras.com\/site\/mostra-tiradentes-leva-filmes-ineditos-a-capital-paulista\/\" \/>\n<meta property=\"og:locale\" content=\"pt_BR\" \/>\n<meta property=\"og:type\" content=\"article\" \/>\n<meta property=\"og:title\" content=\"Mostra Tiradentes leva filmes in\u00e9ditos \u00e0 capital paulista - Notibras\" \/>\n<meta property=\"og:description\" content=\"A Mostra Tiradentes\/SP estreia a 14\u00aa edi\u00e7\u00e3o na capital paulista nesta quinta-feira (12) com exibi\u00e7\u00f5es no Cinesesc. A programa\u00e7\u00e3o vai at\u00e9 18 de mar\u00e7o e ter\u00e1 28 filmes brasileiros em pr\u00e9-estreias in\u00e9ditas na cidade, al\u00e9m de 13 bate-papos com cineastas ap\u00f3s as sess\u00f5es. Com 14 longas e 14 curtas, o evento traz um recorte da [&hellip;]\" \/>\n<meta property=\"og:url\" content=\"https:\/\/www.notibras.com\/site\/mostra-tiradentes-leva-filmes-ineditos-a-capital-paulista\/\" \/>\n<meta property=\"og:site_name\" content=\"Notibras\" \/>\n<meta property=\"article:publisher\" content=\"https:\/\/www.facebook.com\/notibras\/\" \/>\n<meta property=\"article:published_time\" content=\"2026-03-12T03:11:19+00:00\" \/>\n<meta property=\"article:modified_time\" content=\"2026-03-12T13:08:48+00:00\" \/>\n<meta property=\"og:image\" content=\"https:\/\/www.notibras.com\/site\/wp-content\/uploads\/2026\/03\/55117630879_9a899cb661_o.webp\" \/>\n\t<meta property=\"og:image:width\" content=\"1170\" \/>\n\t<meta property=\"og:image:height\" content=\"700\" \/>\n\t<meta property=\"og:image:type\" content=\"image\/webp\" \/>\n<meta name=\"author\" content=\"Reda\u00e7\u00e3o\" \/>\n<meta name=\"twitter:card\" content=\"summary_large_image\" \/>\n<meta name=\"twitter:creator\" content=\"@Notibras\" \/>\n<meta name=\"twitter:site\" content=\"@Notibras\" \/>\n<meta name=\"twitter:label1\" content=\"Escrito por\" \/>\n\t<meta name=\"twitter:data1\" content=\"Reda\u00e7\u00e3o\" \/>\n\t<meta name=\"twitter:label2\" content=\"Est. tempo de leitura\" \/>\n\t<meta name=\"twitter:data2\" content=\"3 minutos\" \/>\n<script type=\"application\/ld+json\" class=\"yoast-schema-graph\">{\"@context\":\"https:\/\/schema.org\",\"@graph\":[{\"@type\":\"Article\",\"@id\":\"https:\/\/www.notibras.com\/site\/mostra-tiradentes-leva-filmes-ineditos-a-capital-paulista\/#article\",\"isPartOf\":{\"@id\":\"https:\/\/www.notibras.com\/site\/mostra-tiradentes-leva-filmes-ineditos-a-capital-paulista\/\"},\"author\":{\"name\":\"Reda\u00e7\u00e3o\",\"@id\":\"https:\/\/www.notibras.com\/site\/#\/schema\/person\/36ab0979449956132d3e5b517ea76ac8\"},\"headline\":\"Mostra Tiradentes leva filmes in\u00e9ditos \u00e0 capital paulista\",\"datePublished\":\"2026-03-12T03:11:19+00:00\",\"dateModified\":\"2026-03-12T13:08:48+00:00\",\"mainEntityOfPage\":{\"@id\":\"https:\/\/www.notibras.com\/site\/mostra-tiradentes-leva-filmes-ineditos-a-capital-paulista\/\"},\"wordCount\":415,\"publisher\":{\"@id\":\"https:\/\/www.notibras.com\/site\/#organization\"},\"image\":{\"@id\":\"https:\/\/www.notibras.com\/site\/mostra-tiradentes-leva-filmes-ineditos-a-capital-paulista\/#primaryimage\"},\"thumbnailUrl\":\"https:\/\/www.notibras.com\/site\/wp-content\/uploads\/2026\/03\/55117630879_9a899cb661_o.webp\",\"articleSection\":[\"Leitura Vip\"],\"inLanguage\":\"pt-BR\"},{\"@type\":\"WebPage\",\"@id\":\"https:\/\/www.notibras.com\/site\/mostra-tiradentes-leva-filmes-ineditos-a-capital-paulista\/\",\"url\":\"https:\/\/www.notibras.com\/site\/mostra-tiradentes-leva-filmes-ineditos-a-capital-paulista\/\",\"name\":\"Mostra Tiradentes leva filmes in\u00e9ditos \u00e0 capital paulista - Notibras\",\"isPartOf\":{\"@id\":\"https:\/\/www.notibras.com\/site\/#website\"},\"primaryImageOfPage\":{\"@id\":\"https:\/\/www.notibras.com\/site\/mostra-tiradentes-leva-filmes-ineditos-a-capital-paulista\/#primaryimage\"},\"image\":{\"@id\":\"https:\/\/www.notibras.com\/site\/mostra-tiradentes-leva-filmes-ineditos-a-capital-paulista\/#primaryimage\"},\"thumbnailUrl\":\"https:\/\/www.notibras.com\/site\/wp-content\/uploads\/2026\/03\/55117630879_9a899cb661_o.webp\",\"datePublished\":\"2026-03-12T03:11:19+00:00\",\"dateModified\":\"2026-03-12T13:08:48+00:00\",\"breadcrumb\":{\"@id\":\"https:\/\/www.notibras.com\/site\/mostra-tiradentes-leva-filmes-ineditos-a-capital-paulista\/#breadcrumb\"},\"inLanguage\":\"pt-BR\",\"potentialAction\":[{\"@type\":\"ReadAction\",\"target\":[\"https:\/\/www.notibras.com\/site\/mostra-tiradentes-leva-filmes-ineditos-a-capital-paulista\/\"]}]},{\"@type\":\"ImageObject\",\"inLanguage\":\"pt-BR\",\"@id\":\"https:\/\/www.notibras.com\/site\/mostra-tiradentes-leva-filmes-ineditos-a-capital-paulista\/#primaryimage\",\"url\":\"https:\/\/www.notibras.com\/site\/wp-content\/uploads\/2026\/03\/55117630879_9a899cb661_o.webp\",\"contentUrl\":\"https:\/\/www.notibras.com\/site\/wp-content\/uploads\/2026\/03\/55117630879_9a899cb661_o.webp\",\"width\":1170,\"height\":700},{\"@type\":\"BreadcrumbList\",\"@id\":\"https:\/\/www.notibras.com\/site\/mostra-tiradentes-leva-filmes-ineditos-a-capital-paulista\/#breadcrumb\",\"itemListElement\":[{\"@type\":\"ListItem\",\"position\":1,\"name\":\"In\u00edcio\",\"item\":\"https:\/\/www.notibras.com\/site\/\"},{\"@type\":\"ListItem\",\"position\":2,\"name\":\"Mostra Tiradentes leva filmes in\u00e9ditos \u00e0 capital paulista\"}]},{\"@type\":\"WebSite\",\"@id\":\"https:\/\/www.notibras.com\/site\/#website\",\"url\":\"https:\/\/www.notibras.com\/site\/\",\"name\":\"Notibras\",\"description\":\"Not\u00edcias de Bras\u00edlia, do Brasil e do Mundo\",\"publisher\":{\"@id\":\"https:\/\/www.notibras.com\/site\/#organization\"},\"potentialAction\":[{\"@type\":\"SearchAction\",\"target\":{\"@type\":\"EntryPoint\",\"urlTemplate\":\"https:\/\/www.notibras.com\/site\/?s={search_term_string}\"},\"query-input\":{\"@type\":\"PropertyValueSpecification\",\"valueRequired\":true,\"valueName\":\"search_term_string\"}}],\"inLanguage\":\"pt-BR\"},{\"@type\":\"Organization\",\"@id\":\"https:\/\/www.notibras.com\/site\/#organization\",\"name\":\"Grupo Notibras de Comunica\u00e7\u00e3o\",\"url\":\"https:\/\/www.notibras.com\/site\/\",\"logo\":{\"@type\":\"ImageObject\",\"inLanguage\":\"pt-BR\",\"@id\":\"https:\/\/www.notibras.com\/site\/#\/schema\/logo\/image\/\",\"url\":\"https:\/\/www.notibras.com\/site\/wp-content\/uploads\/2023\/01\/notibras23.png\",\"contentUrl\":\"https:\/\/www.notibras.com\/site\/wp-content\/uploads\/2023\/01\/notibras23.png\",\"width\":350,\"height\":87,\"caption\":\"Grupo Notibras de Comunica\u00e7\u00e3o\"},\"image\":{\"@id\":\"https:\/\/www.notibras.com\/site\/#\/schema\/logo\/image\/\"},\"sameAs\":[\"https:\/\/www.facebook.com\/notibras\/\",\"https:\/\/x.com\/Notibras\",\"https:\/\/www.instagram.com\/notibras\/\"]},{\"@type\":\"Person\",\"@id\":\"https:\/\/www.notibras.com\/site\/#\/schema\/person\/36ab0979449956132d3e5b517ea76ac8\",\"name\":\"Reda\u00e7\u00e3o\",\"image\":{\"@type\":\"ImageObject\",\"inLanguage\":\"pt-BR\",\"@id\":\"https:\/\/secure.gravatar.com\/avatar\/e0a867bdedb85fd243eadf09663511f96fc81e0720a4a42581f334ad4303aa6b?s=96&d=mm&r=g\",\"url\":\"https:\/\/secure.gravatar.com\/avatar\/e0a867bdedb85fd243eadf09663511f96fc81e0720a4a42581f334ad4303aa6b?s=96&d=mm&r=g\",\"contentUrl\":\"https:\/\/secure.gravatar.com\/avatar\/e0a867bdedb85fd243eadf09663511f96fc81e0720a4a42581f334ad4303aa6b?s=96&d=mm&r=g\",\"caption\":\"Reda\u00e7\u00e3o\"}}]}<\/script>\n<!-- \/ Yoast SEO plugin. -->","yoast_head_json":{"title":"Mostra Tiradentes leva filmes in\u00e9ditos \u00e0 capital paulista - Notibras","robots":{"index":"index","follow":"follow","max-snippet":"max-snippet:-1","max-image-preview":"max-image-preview:large","max-video-preview":"max-video-preview:-1"},"canonical":"https:\/\/www.notibras.com\/site\/mostra-tiradentes-leva-filmes-ineditos-a-capital-paulista\/","og_locale":"pt_BR","og_type":"article","og_title":"Mostra Tiradentes leva filmes in\u00e9ditos \u00e0 capital paulista - Notibras","og_description":"A Mostra Tiradentes\/SP estreia a 14\u00aa edi\u00e7\u00e3o na capital paulista nesta quinta-feira (12) com exibi\u00e7\u00f5es no Cinesesc. A programa\u00e7\u00e3o vai at\u00e9 18 de mar\u00e7o e ter\u00e1 28 filmes brasileiros em pr\u00e9-estreias in\u00e9ditas na cidade, al\u00e9m de 13 bate-papos com cineastas ap\u00f3s as sess\u00f5es. Com 14 longas e 14 curtas, o evento traz um recorte da [&hellip;]","og_url":"https:\/\/www.notibras.com\/site\/mostra-tiradentes-leva-filmes-ineditos-a-capital-paulista\/","og_site_name":"Notibras","article_publisher":"https:\/\/www.facebook.com\/notibras\/","article_published_time":"2026-03-12T03:11:19+00:00","article_modified_time":"2026-03-12T13:08:48+00:00","og_image":[{"width":1170,"height":700,"url":"https:\/\/www.notibras.com\/site\/wp-content\/uploads\/2026\/03\/55117630879_9a899cb661_o.webp","type":"image\/webp"}],"author":"Reda\u00e7\u00e3o","twitter_card":"summary_large_image","twitter_creator":"@Notibras","twitter_site":"@Notibras","twitter_misc":{"Escrito por":"Reda\u00e7\u00e3o","Est. tempo de leitura":"3 minutos"},"schema":{"@context":"https:\/\/schema.org","@graph":[{"@type":"Article","@id":"https:\/\/www.notibras.com\/site\/mostra-tiradentes-leva-filmes-ineditos-a-capital-paulista\/#article","isPartOf":{"@id":"https:\/\/www.notibras.com\/site\/mostra-tiradentes-leva-filmes-ineditos-a-capital-paulista\/"},"author":{"name":"Reda\u00e7\u00e3o","@id":"https:\/\/www.notibras.com\/site\/#\/schema\/person\/36ab0979449956132d3e5b517ea76ac8"},"headline":"Mostra Tiradentes leva filmes in\u00e9ditos \u00e0 capital paulista","datePublished":"2026-03-12T03:11:19+00:00","dateModified":"2026-03-12T13:08:48+00:00","mainEntityOfPage":{"@id":"https:\/\/www.notibras.com\/site\/mostra-tiradentes-leva-filmes-ineditos-a-capital-paulista\/"},"wordCount":415,"publisher":{"@id":"https:\/\/www.notibras.com\/site\/#organization"},"image":{"@id":"https:\/\/www.notibras.com\/site\/mostra-tiradentes-leva-filmes-ineditos-a-capital-paulista\/#primaryimage"},"thumbnailUrl":"https:\/\/www.notibras.com\/site\/wp-content\/uploads\/2026\/03\/55117630879_9a899cb661_o.webp","articleSection":["Leitura Vip"],"inLanguage":"pt-BR"},{"@type":"WebPage","@id":"https:\/\/www.notibras.com\/site\/mostra-tiradentes-leva-filmes-ineditos-a-capital-paulista\/","url":"https:\/\/www.notibras.com\/site\/mostra-tiradentes-leva-filmes-ineditos-a-capital-paulista\/","name":"Mostra Tiradentes leva filmes in\u00e9ditos \u00e0 capital paulista - Notibras","isPartOf":{"@id":"https:\/\/www.notibras.com\/site\/#website"},"primaryImageOfPage":{"@id":"https:\/\/www.notibras.com\/site\/mostra-tiradentes-leva-filmes-ineditos-a-capital-paulista\/#primaryimage"},"image":{"@id":"https:\/\/www.notibras.com\/site\/mostra-tiradentes-leva-filmes-ineditos-a-capital-paulista\/#primaryimage"},"thumbnailUrl":"https:\/\/www.notibras.com\/site\/wp-content\/uploads\/2026\/03\/55117630879_9a899cb661_o.webp","datePublished":"2026-03-12T03:11:19+00:00","dateModified":"2026-03-12T13:08:48+00:00","breadcrumb":{"@id":"https:\/\/www.notibras.com\/site\/mostra-tiradentes-leva-filmes-ineditos-a-capital-paulista\/#breadcrumb"},"inLanguage":"pt-BR","potentialAction":[{"@type":"ReadAction","target":["https:\/\/www.notibras.com\/site\/mostra-tiradentes-leva-filmes-ineditos-a-capital-paulista\/"]}]},{"@type":"ImageObject","inLanguage":"pt-BR","@id":"https:\/\/www.notibras.com\/site\/mostra-tiradentes-leva-filmes-ineditos-a-capital-paulista\/#primaryimage","url":"https:\/\/www.notibras.com\/site\/wp-content\/uploads\/2026\/03\/55117630879_9a899cb661_o.webp","contentUrl":"https:\/\/www.notibras.com\/site\/wp-content\/uploads\/2026\/03\/55117630879_9a899cb661_o.webp","width":1170,"height":700},{"@type":"BreadcrumbList","@id":"https:\/\/www.notibras.com\/site\/mostra-tiradentes-leva-filmes-ineditos-a-capital-paulista\/#breadcrumb","itemListElement":[{"@type":"ListItem","position":1,"name":"In\u00edcio","item":"https:\/\/www.notibras.com\/site\/"},{"@type":"ListItem","position":2,"name":"Mostra Tiradentes leva filmes in\u00e9ditos \u00e0 capital paulista"}]},{"@type":"WebSite","@id":"https:\/\/www.notibras.com\/site\/#website","url":"https:\/\/www.notibras.com\/site\/","name":"Notibras","description":"Not\u00edcias de Bras\u00edlia, do Brasil e do Mundo","publisher":{"@id":"https:\/\/www.notibras.com\/site\/#organization"},"potentialAction":[{"@type":"SearchAction","target":{"@type":"EntryPoint","urlTemplate":"https:\/\/www.notibras.com\/site\/?s={search_term_string}"},"query-input":{"@type":"PropertyValueSpecification","valueRequired":true,"valueName":"search_term_string"}}],"inLanguage":"pt-BR"},{"@type":"Organization","@id":"https:\/\/www.notibras.com\/site\/#organization","name":"Grupo Notibras de Comunica\u00e7\u00e3o","url":"https:\/\/www.notibras.com\/site\/","logo":{"@type":"ImageObject","inLanguage":"pt-BR","@id":"https:\/\/www.notibras.com\/site\/#\/schema\/logo\/image\/","url":"https:\/\/www.notibras.com\/site\/wp-content\/uploads\/2023\/01\/notibras23.png","contentUrl":"https:\/\/www.notibras.com\/site\/wp-content\/uploads\/2023\/01\/notibras23.png","width":350,"height":87,"caption":"Grupo Notibras de Comunica\u00e7\u00e3o"},"image":{"@id":"https:\/\/www.notibras.com\/site\/#\/schema\/logo\/image\/"},"sameAs":["https:\/\/www.facebook.com\/notibras\/","https:\/\/x.com\/Notibras","https:\/\/www.instagram.com\/notibras\/"]},{"@type":"Person","@id":"https:\/\/www.notibras.com\/site\/#\/schema\/person\/36ab0979449956132d3e5b517ea76ac8","name":"Reda\u00e7\u00e3o","image":{"@type":"ImageObject","inLanguage":"pt-BR","@id":"https:\/\/secure.gravatar.com\/avatar\/e0a867bdedb85fd243eadf09663511f96fc81e0720a4a42581f334ad4303aa6b?s=96&d=mm&r=g","url":"https:\/\/secure.gravatar.com\/avatar\/e0a867bdedb85fd243eadf09663511f96fc81e0720a4a42581f334ad4303aa6b?s=96&d=mm&r=g","contentUrl":"https:\/\/secure.gravatar.com\/avatar\/e0a867bdedb85fd243eadf09663511f96fc81e0720a4a42581f334ad4303aa6b?s=96&d=mm&r=g","caption":"Reda\u00e7\u00e3o"}}]}},"amp_enabled":true,"_links":{"self":[{"href":"https:\/\/www.notibras.com\/site\/wp-json\/wp\/v2\/posts\/386667","targetHints":{"allow":["GET"]}}],"collection":[{"href":"https:\/\/www.notibras.com\/site\/wp-json\/wp\/v2\/posts"}],"about":[{"href":"https:\/\/www.notibras.com\/site\/wp-json\/wp\/v2\/types\/post"}],"author":[{"embeddable":true,"href":"https:\/\/www.notibras.com\/site\/wp-json\/wp\/v2\/users\/2"}],"replies":[{"embeddable":true,"href":"https:\/\/www.notibras.com\/site\/wp-json\/wp\/v2\/comments?post=386667"}],"version-history":[{"count":1,"href":"https:\/\/www.notibras.com\/site\/wp-json\/wp\/v2\/posts\/386667\/revisions"}],"predecessor-version":[{"id":386669,"href":"https:\/\/www.notibras.com\/site\/wp-json\/wp\/v2\/posts\/386667\/revisions\/386669"}],"wp:featuredmedia":[{"embeddable":true,"href":"https:\/\/www.notibras.com\/site\/wp-json\/wp\/v2\/media\/386668"}],"wp:attachment":[{"href":"https:\/\/www.notibras.com\/site\/wp-json\/wp\/v2\/media?parent=386667"}],"wp:term":[{"taxonomy":"category","embeddable":true,"href":"https:\/\/www.notibras.com\/site\/wp-json\/wp\/v2\/categories?post=386667"},{"taxonomy":"post_tag","embeddable":true,"href":"https:\/\/www.notibras.com\/site\/wp-json\/wp\/v2\/tags?post=386667"}],"curies":[{"name":"wp","href":"https:\/\/api.w.org\/{rel}","templated":true}]}}