{"id":386670,"date":"2026-03-12T00:10:08","date_gmt":"2026-03-12T03:10:08","guid":{"rendered":"https:\/\/www.notibras.com\/site\/?p=386670"},"modified":"2026-03-12T10:12:38","modified_gmt":"2026-03-12T13:12:38","slug":"wagner-moura-sera-um-dos-apresentadores-do-oscar-2026","status":"publish","type":"post","link":"https:\/\/www.notibras.com\/site\/wagner-moura-sera-um-dos-apresentadores-do-oscar-2026\/","title":{"rendered":"Wagner Moura ser\u00e1 um dos apresentadores do Oscar 2026"},"content":{"rendered":"<p>O ator Wagner Moura ser\u00e1 um dos apresentadores do Oscar 2026. O an\u00fancio foi feito esta quarta-feira (11) pela Academia de Artes e Ci\u00eancias Cinematogr\u00e1ficas dos Estados Unidos, organizadora da premi\u00e7\u00e3o. A cerim\u00f4nia ser\u00e1 no pr\u00f3ximo domingo (15).<\/p>\n<p>O brasileiro concorre \u00e0 estatueta de Melhor Ator pelo filme O Agente Secreto, dirigido por Kleber Mendon\u00e7a Filho. O longa disputa ainda nas categorias de Melhor Filme, Melhor Filme Internacional e Melhor Dire\u00e7\u00e3o Elenco.<\/p>\n<p><strong>Apresentadores<\/strong><br \/>\nA lista de profissionais do cinema que v\u00e3o subir ao palco da cerim\u00f4nia para anunciar a premia\u00e7\u00e3o inclui estrelas consagradas e novos nomes que ganharam destaque nos \u00faltimos anos.<\/p>\n<p>Veja abaixo:<\/p>\n<p>Rose Byrne &#8211; concorre ao pr\u00eamio de Melhor Atriz por Se Eu Tivesse Pernas, Eu Te Chutaria (2025), de Mary Bronstein;<br \/>\nNicole Kidman &#8211; venceu Oscar de Melhor Atriz em 2003 pela atua\u00e7\u00e3o em As Horas (2002), de Stephen Daldry;<br \/>\nJimmy Kimmel &#8211; comediante, escritor, apresentador de televis\u00e3o e produtor estadunidense;<br \/>\nDelroy Lindo &#8211; indicado a Melhor Ator Coadjuvante em Pecadores (2025), de Ryan Coogler;<br \/>\nEwan McGregor &#8211; destacou-se em filmes como Moulin Rouge (2001), de Baz Luhrmann, e Trainspotting (1996), de Danny Boyle;<br \/>\nPedro Pascal &#8211; ator de s\u00e9ries como The Last of Us (2023), Game of Thrones (2011) e Narcos (2015), em que contracenou com Wagner Moura;<br \/>\nBill Pullman &#8211; atuou em Independence Day (1996), de Roland Emmerich, e na miniss\u00e9rie Halston (2021);<br \/>\nLewis Pullman &#8211; filho de Bill Pullman, com quem atuou em The Ballad of Lefty Brown (2017), de Jared Moshe;<br \/>\nChanning Tatum &#8211; atuou em filmes como como Magic Mike (2012), de Steven Soderbergh, e 21 Jump Street (2012), de Phil Lord e Chris Miller;<br \/>\nSigourney Weaver &#8211; indicada a Melhor Atriz em 1987, por Aliens (1986), de James Cameron, e, em 1989, por Gorillas in the Mist (1988), de Michael Apted, e a Melhor Atriz Coadjuvante, por Working Girl (1988), de Mike Nichols, tamb\u00e9m em 1989.<\/p>\n","protected":false},"excerpt":{"rendered":"<p>O ator Wagner Moura ser\u00e1 um dos apresentadores do Oscar 2026. O an\u00fancio foi feito esta quarta-feira (11) pela Academia de Artes e Ci\u00eancias Cinematogr\u00e1ficas dos Estados Unidos, organizadora da premi\u00e7\u00e3o. A cerim\u00f4nia ser\u00e1 no pr\u00f3ximo domingo (15). O brasileiro concorre \u00e0 estatueta de Melhor Ator pelo filme O Agente Secreto, dirigido por Kleber Mendon\u00e7a [&hellip;]<\/p>\n","protected":false},"author":2,"featured_media":386671,"comment_status":"closed","ping_status":"closed","sticky":false,"template":"","format":"standard","meta":{"_acf_changed":false,"footnotes":""},"categories":[155],"tags":[],"class_list":["post-386670","post","type-post","status-publish","format-standard","has-post-thumbnail","hentry","category-leitura-vip"],"acf":[],"yoast_head":"<!-- This site is optimized with the Yoast SEO plugin v27.2 - https:\/\/yoast.com\/product\/yoast-seo-wordpress\/ -->\n<title>Wagner Moura ser\u00e1 um dos apresentadores do Oscar 2026 - Notibras<\/title>\n<meta name=\"robots\" content=\"index, follow, max-snippet:-1, max-image-preview:large, max-video-preview:-1\" \/>\n<link rel=\"canonical\" href=\"https:\/\/www.notibras.com\/site\/wagner-moura-sera-um-dos-apresentadores-do-oscar-2026\/\" \/>\n<meta property=\"og:locale\" content=\"pt_BR\" \/>\n<meta property=\"og:type\" content=\"article\" \/>\n<meta property=\"og:title\" content=\"Wagner Moura ser\u00e1 um dos apresentadores do Oscar 2026 - Notibras\" \/>\n<meta property=\"og:description\" content=\"O ator Wagner Moura ser\u00e1 um dos apresentadores do Oscar 2026. O an\u00fancio foi feito esta quarta-feira (11) pela Academia de Artes e Ci\u00eancias Cinematogr\u00e1ficas dos Estados Unidos, organizadora da premi\u00e7\u00e3o. A cerim\u00f4nia ser\u00e1 no pr\u00f3ximo domingo (15). O brasileiro concorre \u00e0 estatueta de Melhor Ator pelo filme O Agente Secreto, dirigido por Kleber Mendon\u00e7a [&hellip;]\" \/>\n<meta property=\"og:url\" content=\"https:\/\/www.notibras.com\/site\/wagner-moura-sera-um-dos-apresentadores-do-oscar-2026\/\" \/>\n<meta property=\"og:site_name\" content=\"Notibras\" \/>\n<meta property=\"article:publisher\" content=\"https:\/\/www.facebook.com\/notibras\/\" \/>\n<meta property=\"article:published_time\" content=\"2026-03-12T03:10:08+00:00\" \/>\n<meta property=\"article:modified_time\" content=\"2026-03-12T13:12:38+00:00\" \/>\n<meta property=\"og:image\" content=\"https:\/\/www.notibras.com\/site\/wp-content\/uploads\/2026\/03\/2026-01-12t052054z_2099624226_hp1em1c0eurv2_rtrmadp_3_awards-golden-globes.webp\" \/>\n\t<meta property=\"og:image:width\" content=\"1170\" \/>\n\t<meta property=\"og:image:height\" content=\"700\" \/>\n\t<meta property=\"og:image:type\" content=\"image\/webp\" \/>\n<meta name=\"author\" content=\"Reda\u00e7\u00e3o\" \/>\n<meta name=\"twitter:card\" content=\"summary_large_image\" \/>\n<meta name=\"twitter:creator\" content=\"@Notibras\" \/>\n<meta name=\"twitter:site\" content=\"@Notibras\" \/>\n<meta name=\"twitter:label1\" content=\"Escrito por\" \/>\n\t<meta name=\"twitter:data1\" content=\"Reda\u00e7\u00e3o\" \/>\n\t<meta name=\"twitter:label2\" content=\"Est. tempo de leitura\" \/>\n\t<meta name=\"twitter:data2\" content=\"2 minutos\" \/>\n<script type=\"application\/ld+json\" class=\"yoast-schema-graph\">{\"@context\":\"https:\/\/schema.org\",\"@graph\":[{\"@type\":\"Article\",\"@id\":\"https:\/\/www.notibras.com\/site\/wagner-moura-sera-um-dos-apresentadores-do-oscar-2026\/#article\",\"isPartOf\":{\"@id\":\"https:\/\/www.notibras.com\/site\/wagner-moura-sera-um-dos-apresentadores-do-oscar-2026\/\"},\"author\":{\"name\":\"Reda\u00e7\u00e3o\",\"@id\":\"https:\/\/www.notibras.com\/site\/#\/schema\/person\/36ab0979449956132d3e5b517ea76ac8\"},\"headline\":\"Wagner Moura ser\u00e1 um dos apresentadores do Oscar 2026\",\"datePublished\":\"2026-03-12T03:10:08+00:00\",\"dateModified\":\"2026-03-12T13:12:38+00:00\",\"mainEntityOfPage\":{\"@id\":\"https:\/\/www.notibras.com\/site\/wagner-moura-sera-um-dos-apresentadores-do-oscar-2026\/\"},\"wordCount\":316,\"publisher\":{\"@id\":\"https:\/\/www.notibras.com\/site\/#organization\"},\"image\":{\"@id\":\"https:\/\/www.notibras.com\/site\/wagner-moura-sera-um-dos-apresentadores-do-oscar-2026\/#primaryimage\"},\"thumbnailUrl\":\"https:\/\/www.notibras.com\/site\/wp-content\/uploads\/2026\/03\/2026-01-12t052054z_2099624226_hp1em1c0eurv2_rtrmadp_3_awards-golden-globes.webp\",\"articleSection\":[\"Leitura Vip\"],\"inLanguage\":\"pt-BR\"},{\"@type\":\"WebPage\",\"@id\":\"https:\/\/www.notibras.com\/site\/wagner-moura-sera-um-dos-apresentadores-do-oscar-2026\/\",\"url\":\"https:\/\/www.notibras.com\/site\/wagner-moura-sera-um-dos-apresentadores-do-oscar-2026\/\",\"name\":\"Wagner Moura ser\u00e1 um dos apresentadores do Oscar 2026 - Notibras\",\"isPartOf\":{\"@id\":\"https:\/\/www.notibras.com\/site\/#website\"},\"primaryImageOfPage\":{\"@id\":\"https:\/\/www.notibras.com\/site\/wagner-moura-sera-um-dos-apresentadores-do-oscar-2026\/#primaryimage\"},\"image\":{\"@id\":\"https:\/\/www.notibras.com\/site\/wagner-moura-sera-um-dos-apresentadores-do-oscar-2026\/#primaryimage\"},\"thumbnailUrl\":\"https:\/\/www.notibras.com\/site\/wp-content\/uploads\/2026\/03\/2026-01-12t052054z_2099624226_hp1em1c0eurv2_rtrmadp_3_awards-golden-globes.webp\",\"datePublished\":\"2026-03-12T03:10:08+00:00\",\"dateModified\":\"2026-03-12T13:12:38+00:00\",\"breadcrumb\":{\"@id\":\"https:\/\/www.notibras.com\/site\/wagner-moura-sera-um-dos-apresentadores-do-oscar-2026\/#breadcrumb\"},\"inLanguage\":\"pt-BR\",\"potentialAction\":[{\"@type\":\"ReadAction\",\"target\":[\"https:\/\/www.notibras.com\/site\/wagner-moura-sera-um-dos-apresentadores-do-oscar-2026\/\"]}]},{\"@type\":\"ImageObject\",\"inLanguage\":\"pt-BR\",\"@id\":\"https:\/\/www.notibras.com\/site\/wagner-moura-sera-um-dos-apresentadores-do-oscar-2026\/#primaryimage\",\"url\":\"https:\/\/www.notibras.com\/site\/wp-content\/uploads\/2026\/03\/2026-01-12t052054z_2099624226_hp1em1c0eurv2_rtrmadp_3_awards-golden-globes.webp\",\"contentUrl\":\"https:\/\/www.notibras.com\/site\/wp-content\/uploads\/2026\/03\/2026-01-12t052054z_2099624226_hp1em1c0eurv2_rtrmadp_3_awards-golden-globes.webp\",\"width\":1170,\"height\":700},{\"@type\":\"BreadcrumbList\",\"@id\":\"https:\/\/www.notibras.com\/site\/wagner-moura-sera-um-dos-apresentadores-do-oscar-2026\/#breadcrumb\",\"itemListElement\":[{\"@type\":\"ListItem\",\"position\":1,\"name\":\"In\u00edcio\",\"item\":\"https:\/\/www.notibras.com\/site\/\"},{\"@type\":\"ListItem\",\"position\":2,\"name\":\"Wagner Moura ser\u00e1 um dos apresentadores do Oscar 2026\"}]},{\"@type\":\"WebSite\",\"@id\":\"https:\/\/www.notibras.com\/site\/#website\",\"url\":\"https:\/\/www.notibras.com\/site\/\",\"name\":\"Notibras\",\"description\":\"Not\u00edcias de Bras\u00edlia, do Brasil e do Mundo\",\"publisher\":{\"@id\":\"https:\/\/www.notibras.com\/site\/#organization\"},\"potentialAction\":[{\"@type\":\"SearchAction\",\"target\":{\"@type\":\"EntryPoint\",\"urlTemplate\":\"https:\/\/www.notibras.com\/site\/?s={search_term_string}\"},\"query-input\":{\"@type\":\"PropertyValueSpecification\",\"valueRequired\":true,\"valueName\":\"search_term_string\"}}],\"inLanguage\":\"pt-BR\"},{\"@type\":\"Organization\",\"@id\":\"https:\/\/www.notibras.com\/site\/#organization\",\"name\":\"Grupo Notibras de Comunica\u00e7\u00e3o\",\"url\":\"https:\/\/www.notibras.com\/site\/\",\"logo\":{\"@type\":\"ImageObject\",\"inLanguage\":\"pt-BR\",\"@id\":\"https:\/\/www.notibras.com\/site\/#\/schema\/logo\/image\/\",\"url\":\"https:\/\/www.notibras.com\/site\/wp-content\/uploads\/2023\/01\/notibras23.png\",\"contentUrl\":\"https:\/\/www.notibras.com\/site\/wp-content\/uploads\/2023\/01\/notibras23.png\",\"width\":350,\"height\":87,\"caption\":\"Grupo Notibras de Comunica\u00e7\u00e3o\"},\"image\":{\"@id\":\"https:\/\/www.notibras.com\/site\/#\/schema\/logo\/image\/\"},\"sameAs\":[\"https:\/\/www.facebook.com\/notibras\/\",\"https:\/\/x.com\/Notibras\",\"https:\/\/www.instagram.com\/notibras\/\"]},{\"@type\":\"Person\",\"@id\":\"https:\/\/www.notibras.com\/site\/#\/schema\/person\/36ab0979449956132d3e5b517ea76ac8\",\"name\":\"Reda\u00e7\u00e3o\",\"image\":{\"@type\":\"ImageObject\",\"inLanguage\":\"pt-BR\",\"@id\":\"https:\/\/secure.gravatar.com\/avatar\/e0a867bdedb85fd243eadf09663511f96fc81e0720a4a42581f334ad4303aa6b?s=96&d=mm&r=g\",\"url\":\"https:\/\/secure.gravatar.com\/avatar\/e0a867bdedb85fd243eadf09663511f96fc81e0720a4a42581f334ad4303aa6b?s=96&d=mm&r=g\",\"contentUrl\":\"https:\/\/secure.gravatar.com\/avatar\/e0a867bdedb85fd243eadf09663511f96fc81e0720a4a42581f334ad4303aa6b?s=96&d=mm&r=g\",\"caption\":\"Reda\u00e7\u00e3o\"}}]}<\/script>\n<!-- \/ Yoast SEO plugin. -->","yoast_head_json":{"title":"Wagner Moura ser\u00e1 um dos apresentadores do Oscar 2026 - Notibras","robots":{"index":"index","follow":"follow","max-snippet":"max-snippet:-1","max-image-preview":"max-image-preview:large","max-video-preview":"max-video-preview:-1"},"canonical":"https:\/\/www.notibras.com\/site\/wagner-moura-sera-um-dos-apresentadores-do-oscar-2026\/","og_locale":"pt_BR","og_type":"article","og_title":"Wagner Moura ser\u00e1 um dos apresentadores do Oscar 2026 - Notibras","og_description":"O ator Wagner Moura ser\u00e1 um dos apresentadores do Oscar 2026. O an\u00fancio foi feito esta quarta-feira (11) pela Academia de Artes e Ci\u00eancias Cinematogr\u00e1ficas dos Estados Unidos, organizadora da premi\u00e7\u00e3o. A cerim\u00f4nia ser\u00e1 no pr\u00f3ximo domingo (15). O brasileiro concorre \u00e0 estatueta de Melhor Ator pelo filme O Agente Secreto, dirigido por Kleber Mendon\u00e7a [&hellip;]","og_url":"https:\/\/www.notibras.com\/site\/wagner-moura-sera-um-dos-apresentadores-do-oscar-2026\/","og_site_name":"Notibras","article_publisher":"https:\/\/www.facebook.com\/notibras\/","article_published_time":"2026-03-12T03:10:08+00:00","article_modified_time":"2026-03-12T13:12:38+00:00","og_image":[{"width":1170,"height":700,"url":"https:\/\/www.notibras.com\/site\/wp-content\/uploads\/2026\/03\/2026-01-12t052054z_2099624226_hp1em1c0eurv2_rtrmadp_3_awards-golden-globes.webp","type":"image\/webp"}],"author":"Reda\u00e7\u00e3o","twitter_card":"summary_large_image","twitter_creator":"@Notibras","twitter_site":"@Notibras","twitter_misc":{"Escrito por":"Reda\u00e7\u00e3o","Est. tempo de leitura":"2 minutos"},"schema":{"@context":"https:\/\/schema.org","@graph":[{"@type":"Article","@id":"https:\/\/www.notibras.com\/site\/wagner-moura-sera-um-dos-apresentadores-do-oscar-2026\/#article","isPartOf":{"@id":"https:\/\/www.notibras.com\/site\/wagner-moura-sera-um-dos-apresentadores-do-oscar-2026\/"},"author":{"name":"Reda\u00e7\u00e3o","@id":"https:\/\/www.notibras.com\/site\/#\/schema\/person\/36ab0979449956132d3e5b517ea76ac8"},"headline":"Wagner Moura ser\u00e1 um dos apresentadores do Oscar 2026","datePublished":"2026-03-12T03:10:08+00:00","dateModified":"2026-03-12T13:12:38+00:00","mainEntityOfPage":{"@id":"https:\/\/www.notibras.com\/site\/wagner-moura-sera-um-dos-apresentadores-do-oscar-2026\/"},"wordCount":316,"publisher":{"@id":"https:\/\/www.notibras.com\/site\/#organization"},"image":{"@id":"https:\/\/www.notibras.com\/site\/wagner-moura-sera-um-dos-apresentadores-do-oscar-2026\/#primaryimage"},"thumbnailUrl":"https:\/\/www.notibras.com\/site\/wp-content\/uploads\/2026\/03\/2026-01-12t052054z_2099624226_hp1em1c0eurv2_rtrmadp_3_awards-golden-globes.webp","articleSection":["Leitura Vip"],"inLanguage":"pt-BR"},{"@type":"WebPage","@id":"https:\/\/www.notibras.com\/site\/wagner-moura-sera-um-dos-apresentadores-do-oscar-2026\/","url":"https:\/\/www.notibras.com\/site\/wagner-moura-sera-um-dos-apresentadores-do-oscar-2026\/","name":"Wagner Moura ser\u00e1 um dos apresentadores do Oscar 2026 - Notibras","isPartOf":{"@id":"https:\/\/www.notibras.com\/site\/#website"},"primaryImageOfPage":{"@id":"https:\/\/www.notibras.com\/site\/wagner-moura-sera-um-dos-apresentadores-do-oscar-2026\/#primaryimage"},"image":{"@id":"https:\/\/www.notibras.com\/site\/wagner-moura-sera-um-dos-apresentadores-do-oscar-2026\/#primaryimage"},"thumbnailUrl":"https:\/\/www.notibras.com\/site\/wp-content\/uploads\/2026\/03\/2026-01-12t052054z_2099624226_hp1em1c0eurv2_rtrmadp_3_awards-golden-globes.webp","datePublished":"2026-03-12T03:10:08+00:00","dateModified":"2026-03-12T13:12:38+00:00","breadcrumb":{"@id":"https:\/\/www.notibras.com\/site\/wagner-moura-sera-um-dos-apresentadores-do-oscar-2026\/#breadcrumb"},"inLanguage":"pt-BR","potentialAction":[{"@type":"ReadAction","target":["https:\/\/www.notibras.com\/site\/wagner-moura-sera-um-dos-apresentadores-do-oscar-2026\/"]}]},{"@type":"ImageObject","inLanguage":"pt-BR","@id":"https:\/\/www.notibras.com\/site\/wagner-moura-sera-um-dos-apresentadores-do-oscar-2026\/#primaryimage","url":"https:\/\/www.notibras.com\/site\/wp-content\/uploads\/2026\/03\/2026-01-12t052054z_2099624226_hp1em1c0eurv2_rtrmadp_3_awards-golden-globes.webp","contentUrl":"https:\/\/www.notibras.com\/site\/wp-content\/uploads\/2026\/03\/2026-01-12t052054z_2099624226_hp1em1c0eurv2_rtrmadp_3_awards-golden-globes.webp","width":1170,"height":700},{"@type":"BreadcrumbList","@id":"https:\/\/www.notibras.com\/site\/wagner-moura-sera-um-dos-apresentadores-do-oscar-2026\/#breadcrumb","itemListElement":[{"@type":"ListItem","position":1,"name":"In\u00edcio","item":"https:\/\/www.notibras.com\/site\/"},{"@type":"ListItem","position":2,"name":"Wagner Moura ser\u00e1 um dos apresentadores do Oscar 2026"}]},{"@type":"WebSite","@id":"https:\/\/www.notibras.com\/site\/#website","url":"https:\/\/www.notibras.com\/site\/","name":"Notibras","description":"Not\u00edcias de Bras\u00edlia, do Brasil e do Mundo","publisher":{"@id":"https:\/\/www.notibras.com\/site\/#organization"},"potentialAction":[{"@type":"SearchAction","target":{"@type":"EntryPoint","urlTemplate":"https:\/\/www.notibras.com\/site\/?s={search_term_string}"},"query-input":{"@type":"PropertyValueSpecification","valueRequired":true,"valueName":"search_term_string"}}],"inLanguage":"pt-BR"},{"@type":"Organization","@id":"https:\/\/www.notibras.com\/site\/#organization","name":"Grupo Notibras de Comunica\u00e7\u00e3o","url":"https:\/\/www.notibras.com\/site\/","logo":{"@type":"ImageObject","inLanguage":"pt-BR","@id":"https:\/\/www.notibras.com\/site\/#\/schema\/logo\/image\/","url":"https:\/\/www.notibras.com\/site\/wp-content\/uploads\/2023\/01\/notibras23.png","contentUrl":"https:\/\/www.notibras.com\/site\/wp-content\/uploads\/2023\/01\/notibras23.png","width":350,"height":87,"caption":"Grupo Notibras de Comunica\u00e7\u00e3o"},"image":{"@id":"https:\/\/www.notibras.com\/site\/#\/schema\/logo\/image\/"},"sameAs":["https:\/\/www.facebook.com\/notibras\/","https:\/\/x.com\/Notibras","https:\/\/www.instagram.com\/notibras\/"]},{"@type":"Person","@id":"https:\/\/www.notibras.com\/site\/#\/schema\/person\/36ab0979449956132d3e5b517ea76ac8","name":"Reda\u00e7\u00e3o","image":{"@type":"ImageObject","inLanguage":"pt-BR","@id":"https:\/\/secure.gravatar.com\/avatar\/e0a867bdedb85fd243eadf09663511f96fc81e0720a4a42581f334ad4303aa6b?s=96&d=mm&r=g","url":"https:\/\/secure.gravatar.com\/avatar\/e0a867bdedb85fd243eadf09663511f96fc81e0720a4a42581f334ad4303aa6b?s=96&d=mm&r=g","contentUrl":"https:\/\/secure.gravatar.com\/avatar\/e0a867bdedb85fd243eadf09663511f96fc81e0720a4a42581f334ad4303aa6b?s=96&d=mm&r=g","caption":"Reda\u00e7\u00e3o"}}]}},"amp_enabled":true,"_links":{"self":[{"href":"https:\/\/www.notibras.com\/site\/wp-json\/wp\/v2\/posts\/386670","targetHints":{"allow":["GET"]}}],"collection":[{"href":"https:\/\/www.notibras.com\/site\/wp-json\/wp\/v2\/posts"}],"about":[{"href":"https:\/\/www.notibras.com\/site\/wp-json\/wp\/v2\/types\/post"}],"author":[{"embeddable":true,"href":"https:\/\/www.notibras.com\/site\/wp-json\/wp\/v2\/users\/2"}],"replies":[{"embeddable":true,"href":"https:\/\/www.notibras.com\/site\/wp-json\/wp\/v2\/comments?post=386670"}],"version-history":[{"count":1,"href":"https:\/\/www.notibras.com\/site\/wp-json\/wp\/v2\/posts\/386670\/revisions"}],"predecessor-version":[{"id":386672,"href":"https:\/\/www.notibras.com\/site\/wp-json\/wp\/v2\/posts\/386670\/revisions\/386672"}],"wp:featuredmedia":[{"embeddable":true,"href":"https:\/\/www.notibras.com\/site\/wp-json\/wp\/v2\/media\/386671"}],"wp:attachment":[{"href":"https:\/\/www.notibras.com\/site\/wp-json\/wp\/v2\/media?parent=386670"}],"wp:term":[{"taxonomy":"category","embeddable":true,"href":"https:\/\/www.notibras.com\/site\/wp-json\/wp\/v2\/categories?post=386670"},{"taxonomy":"post_tag","embeddable":true,"href":"https:\/\/www.notibras.com\/site\/wp-json\/wp\/v2\/tags?post=386670"}],"curies":[{"name":"wp","href":"https:\/\/api.w.org\/{rel}","templated":true}]}}