{"id":386673,"date":"2026-03-12T10:17:56","date_gmt":"2026-03-12T13:17:56","guid":{"rendered":"https:\/\/www.notibras.com\/site\/?p=386673"},"modified":"2026-03-12T10:17:56","modified_gmt":"2026-03-12T13:17:56","slug":"pib-supera-media-nacional-e-acelera-expansao","status":"publish","type":"post","link":"https:\/\/www.notibras.com\/site\/pib-supera-media-nacional-e-acelera-expansao\/","title":{"rendered":"PIB supera m\u00e9dia nacional e acelera expans\u00e3o"},"content":{"rendered":"<p>A economia do Nordeste brasileiro segue mostrando for\u00e7a e dinamismo. Dados e proje\u00e7\u00f5es recentes indicam que o Produto Interno Bruto (PIB) da regi\u00e3o deve crescer acima da m\u00e9dia nacional, refor\u00e7ando um movimento de expans\u00e3o que j\u00e1 vinha sendo observado nos \u00faltimos anos.<\/p>\n<p>Nos \u00faltimos dois anos a atividade econ\u00f4mica nordestina registrou crescimento de aproximadamente 4,0%, superando a m\u00e9dia do Brasil, que ficou em 3,8% no mesmo per\u00edodo. O desempenho foi impulsionado principalmente pelos setores de servi\u00e7os, ind\u00fastria e pelo fortalecimento do consumo interno.<\/p>\n<p>A expectativa \u00e9 que o Nordeste mantenha o ritmo positivo, com proje\u00e7\u00e3o de 2,3% de crescimento do PIB, ligeiramente acima da m\u00e9dia nacional estimada em 2,2%. Esse resultado demonstra a capacidade de recupera\u00e7\u00e3o e expans\u00e3o econ\u00f4mica da regi\u00e3o, mesmo diante de desafios como juros elevados e incertezas no cen\u00e1rio econ\u00f4mico nacional.<\/p>\n<p>Especialistas apontam que v\u00e1rios fatores contribuem para esse desempenho. Entre eles est\u00e3o o aumento do turismo, o crescimento do com\u00e9rcio e servi\u00e7os, al\u00e9m da expans\u00e3o da ind\u00fastria em estados como Cear\u00e1, Bahia e Rio Grande do Norte. O avan\u00e7o de investimentos em energia renov\u00e1vel \u2014 especialmente e\u00f3lica e solar \u2014 tamb\u00e9m tem fortalecido a economia regional e atra\u00eddo novos empreendimentos.<\/p>\n<p>Outro destaque \u00e9 a interioriza\u00e7\u00e3o do desenvolvimento. Cidades m\u00e9dias e regi\u00f5es fora das capitais v\u00eam registrando crescimento econ\u00f4mico impulsionado por pequenos e m\u00e9dios neg\u00f3cios, que representam a grande maioria das novas empresas abertas na regi\u00e3o.<\/p>\n<p>Analistas avaliam que, se o ritmo de investimentos continuar, o Nordeste poder\u00e1 consolidar uma trajet\u00f3ria de crescimento consistente nos pr\u00f3ximos anos, reduzindo desigualdades hist\u00f3ricas e ampliando sua participa\u00e7\u00e3o na economia nacional.<\/p>\n<p>Assim, o desempenho do PIB nordestino refor\u00e7a a imagem de uma regi\u00e3o em transforma\u00e7\u00e3o, onde tradi\u00e7\u00e3o e desenvolvimento caminham juntos, impulsionando novas oportunidades para milh\u00f5es de brasileiros.<\/p>\n","protected":false},"excerpt":{"rendered":"<p>A economia do Nordeste brasileiro segue mostrando for\u00e7a e dinamismo. Dados e proje\u00e7\u00f5es recentes indicam que o Produto Interno Bruto (PIB) da regi\u00e3o deve crescer acima da m\u00e9dia nacional, refor\u00e7ando um movimento de expans\u00e3o que j\u00e1 vinha sendo observado nos \u00faltimos anos. Nos \u00faltimos dois anos a atividade econ\u00f4mica nordestina registrou crescimento de aproximadamente 4,0%, [&hellip;]<\/p>\n","protected":false},"author":2,"featured_media":386674,"comment_status":"closed","ping_status":"closed","sticky":false,"template":"","format":"standard","meta":{"_acf_changed":false,"footnotes":""},"categories":[165],"tags":[],"class_list":["post-386673","post","type-post","status-publish","format-standard","has-post-thumbnail","hentry","category-nordeste"],"acf":[],"yoast_head":"<!-- This site is optimized with the Yoast SEO plugin v27.2 - https:\/\/yoast.com\/product\/yoast-seo-wordpress\/ -->\n<title>PIB supera m\u00e9dia nacional e acelera expans\u00e3o - Notibras<\/title>\n<meta name=\"robots\" content=\"index, follow, max-snippet:-1, max-image-preview:large, max-video-preview:-1\" \/>\n<link rel=\"canonical\" href=\"https:\/\/www.notibras.com\/site\/pib-supera-media-nacional-e-acelera-expansao\/\" \/>\n<meta property=\"og:locale\" content=\"pt_BR\" \/>\n<meta property=\"og:type\" content=\"article\" \/>\n<meta property=\"og:title\" content=\"PIB supera m\u00e9dia nacional e acelera expans\u00e3o - Notibras\" \/>\n<meta property=\"og:description\" content=\"A economia do Nordeste brasileiro segue mostrando for\u00e7a e dinamismo. Dados e proje\u00e7\u00f5es recentes indicam que o Produto Interno Bruto (PIB) da regi\u00e3o deve crescer acima da m\u00e9dia nacional, refor\u00e7ando um movimento de expans\u00e3o que j\u00e1 vinha sendo observado nos \u00faltimos anos. Nos \u00faltimos dois anos a atividade econ\u00f4mica nordestina registrou crescimento de aproximadamente 4,0%, [&hellip;]\" \/>\n<meta property=\"og:url\" content=\"https:\/\/www.notibras.com\/site\/pib-supera-media-nacional-e-acelera-expansao\/\" \/>\n<meta property=\"og:site_name\" content=\"Notibras\" \/>\n<meta property=\"article:publisher\" content=\"https:\/\/www.facebook.com\/notibras\/\" \/>\n<meta property=\"article:published_time\" content=\"2026-03-12T13:17:56+00:00\" \/>\n<meta property=\"og:image\" content=\"https:\/\/www.notibras.com\/site\/wp-content\/uploads\/2026\/03\/e7a785b3-ea7a-4a20-86d9-1609ef817889.jpg\" \/>\n\t<meta property=\"og:image:width\" content=\"1110\" \/>\n\t<meta property=\"og:image:height\" content=\"624\" \/>\n\t<meta property=\"og:image:type\" content=\"image\/jpeg\" \/>\n<meta name=\"author\" content=\"Reda\u00e7\u00e3o\" \/>\n<meta name=\"twitter:card\" content=\"summary_large_image\" \/>\n<meta name=\"twitter:creator\" content=\"@Notibras\" \/>\n<meta name=\"twitter:site\" content=\"@Notibras\" \/>\n<meta name=\"twitter:label1\" content=\"Escrito por\" \/>\n\t<meta name=\"twitter:data1\" content=\"Reda\u00e7\u00e3o\" \/>\n\t<meta name=\"twitter:label2\" content=\"Est. tempo de leitura\" \/>\n\t<meta name=\"twitter:data2\" content=\"2 minutos\" \/>\n<script type=\"application\/ld+json\" class=\"yoast-schema-graph\">{\"@context\":\"https:\/\/schema.org\",\"@graph\":[{\"@type\":\"Article\",\"@id\":\"https:\/\/www.notibras.com\/site\/pib-supera-media-nacional-e-acelera-expansao\/#article\",\"isPartOf\":{\"@id\":\"https:\/\/www.notibras.com\/site\/pib-supera-media-nacional-e-acelera-expansao\/\"},\"author\":{\"name\":\"Reda\u00e7\u00e3o\",\"@id\":\"https:\/\/www.notibras.com\/site\/#\/schema\/person\/36ab0979449956132d3e5b517ea76ac8\"},\"headline\":\"PIB supera m\u00e9dia nacional e acelera expans\u00e3o\",\"datePublished\":\"2026-03-12T13:17:56+00:00\",\"mainEntityOfPage\":{\"@id\":\"https:\/\/www.notibras.com\/site\/pib-supera-media-nacional-e-acelera-expansao\/\"},\"wordCount\":336,\"publisher\":{\"@id\":\"https:\/\/www.notibras.com\/site\/#organization\"},\"image\":{\"@id\":\"https:\/\/www.notibras.com\/site\/pib-supera-media-nacional-e-acelera-expansao\/#primaryimage\"},\"thumbnailUrl\":\"https:\/\/www.notibras.com\/site\/wp-content\/uploads\/2026\/03\/e7a785b3-ea7a-4a20-86d9-1609ef817889.jpg\",\"articleSection\":[\"Nordeste\"],\"inLanguage\":\"pt-BR\"},{\"@type\":\"WebPage\",\"@id\":\"https:\/\/www.notibras.com\/site\/pib-supera-media-nacional-e-acelera-expansao\/\",\"url\":\"https:\/\/www.notibras.com\/site\/pib-supera-media-nacional-e-acelera-expansao\/\",\"name\":\"PIB supera m\u00e9dia nacional e acelera expans\u00e3o - Notibras\",\"isPartOf\":{\"@id\":\"https:\/\/www.notibras.com\/site\/#website\"},\"primaryImageOfPage\":{\"@id\":\"https:\/\/www.notibras.com\/site\/pib-supera-media-nacional-e-acelera-expansao\/#primaryimage\"},\"image\":{\"@id\":\"https:\/\/www.notibras.com\/site\/pib-supera-media-nacional-e-acelera-expansao\/#primaryimage\"},\"thumbnailUrl\":\"https:\/\/www.notibras.com\/site\/wp-content\/uploads\/2026\/03\/e7a785b3-ea7a-4a20-86d9-1609ef817889.jpg\",\"datePublished\":\"2026-03-12T13:17:56+00:00\",\"breadcrumb\":{\"@id\":\"https:\/\/www.notibras.com\/site\/pib-supera-media-nacional-e-acelera-expansao\/#breadcrumb\"},\"inLanguage\":\"pt-BR\",\"potentialAction\":[{\"@type\":\"ReadAction\",\"target\":[\"https:\/\/www.notibras.com\/site\/pib-supera-media-nacional-e-acelera-expansao\/\"]}]},{\"@type\":\"ImageObject\",\"inLanguage\":\"pt-BR\",\"@id\":\"https:\/\/www.notibras.com\/site\/pib-supera-media-nacional-e-acelera-expansao\/#primaryimage\",\"url\":\"https:\/\/www.notibras.com\/site\/wp-content\/uploads\/2026\/03\/e7a785b3-ea7a-4a20-86d9-1609ef817889.jpg\",\"contentUrl\":\"https:\/\/www.notibras.com\/site\/wp-content\/uploads\/2026\/03\/e7a785b3-ea7a-4a20-86d9-1609ef817889.jpg\",\"width\":1110,\"height\":624},{\"@type\":\"BreadcrumbList\",\"@id\":\"https:\/\/www.notibras.com\/site\/pib-supera-media-nacional-e-acelera-expansao\/#breadcrumb\",\"itemListElement\":[{\"@type\":\"ListItem\",\"position\":1,\"name\":\"In\u00edcio\",\"item\":\"https:\/\/www.notibras.com\/site\/\"},{\"@type\":\"ListItem\",\"position\":2,\"name\":\"PIB supera m\u00e9dia nacional e acelera expans\u00e3o\"}]},{\"@type\":\"WebSite\",\"@id\":\"https:\/\/www.notibras.com\/site\/#website\",\"url\":\"https:\/\/www.notibras.com\/site\/\",\"name\":\"Notibras\",\"description\":\"Not\u00edcias de Bras\u00edlia, do Brasil e do Mundo\",\"publisher\":{\"@id\":\"https:\/\/www.notibras.com\/site\/#organization\"},\"potentialAction\":[{\"@type\":\"SearchAction\",\"target\":{\"@type\":\"EntryPoint\",\"urlTemplate\":\"https:\/\/www.notibras.com\/site\/?s={search_term_string}\"},\"query-input\":{\"@type\":\"PropertyValueSpecification\",\"valueRequired\":true,\"valueName\":\"search_term_string\"}}],\"inLanguage\":\"pt-BR\"},{\"@type\":\"Organization\",\"@id\":\"https:\/\/www.notibras.com\/site\/#organization\",\"name\":\"Grupo Notibras de Comunica\u00e7\u00e3o\",\"url\":\"https:\/\/www.notibras.com\/site\/\",\"logo\":{\"@type\":\"ImageObject\",\"inLanguage\":\"pt-BR\",\"@id\":\"https:\/\/www.notibras.com\/site\/#\/schema\/logo\/image\/\",\"url\":\"https:\/\/www.notibras.com\/site\/wp-content\/uploads\/2023\/01\/notibras23.png\",\"contentUrl\":\"https:\/\/www.notibras.com\/site\/wp-content\/uploads\/2023\/01\/notibras23.png\",\"width\":350,\"height\":87,\"caption\":\"Grupo Notibras de Comunica\u00e7\u00e3o\"},\"image\":{\"@id\":\"https:\/\/www.notibras.com\/site\/#\/schema\/logo\/image\/\"},\"sameAs\":[\"https:\/\/www.facebook.com\/notibras\/\",\"https:\/\/x.com\/Notibras\",\"https:\/\/www.instagram.com\/notibras\/\"]},{\"@type\":\"Person\",\"@id\":\"https:\/\/www.notibras.com\/site\/#\/schema\/person\/36ab0979449956132d3e5b517ea76ac8\",\"name\":\"Reda\u00e7\u00e3o\",\"image\":{\"@type\":\"ImageObject\",\"inLanguage\":\"pt-BR\",\"@id\":\"https:\/\/secure.gravatar.com\/avatar\/e0a867bdedb85fd243eadf09663511f96fc81e0720a4a42581f334ad4303aa6b?s=96&d=mm&r=g\",\"url\":\"https:\/\/secure.gravatar.com\/avatar\/e0a867bdedb85fd243eadf09663511f96fc81e0720a4a42581f334ad4303aa6b?s=96&d=mm&r=g\",\"contentUrl\":\"https:\/\/secure.gravatar.com\/avatar\/e0a867bdedb85fd243eadf09663511f96fc81e0720a4a42581f334ad4303aa6b?s=96&d=mm&r=g\",\"caption\":\"Reda\u00e7\u00e3o\"}}]}<\/script>\n<!-- \/ Yoast SEO plugin. -->","yoast_head_json":{"title":"PIB supera m\u00e9dia nacional e acelera expans\u00e3o - Notibras","robots":{"index":"index","follow":"follow","max-snippet":"max-snippet:-1","max-image-preview":"max-image-preview:large","max-video-preview":"max-video-preview:-1"},"canonical":"https:\/\/www.notibras.com\/site\/pib-supera-media-nacional-e-acelera-expansao\/","og_locale":"pt_BR","og_type":"article","og_title":"PIB supera m\u00e9dia nacional e acelera expans\u00e3o - Notibras","og_description":"A economia do Nordeste brasileiro segue mostrando for\u00e7a e dinamismo. Dados e proje\u00e7\u00f5es recentes indicam que o Produto Interno Bruto (PIB) da regi\u00e3o deve crescer acima da m\u00e9dia nacional, refor\u00e7ando um movimento de expans\u00e3o que j\u00e1 vinha sendo observado nos \u00faltimos anos. Nos \u00faltimos dois anos a atividade econ\u00f4mica nordestina registrou crescimento de aproximadamente 4,0%, [&hellip;]","og_url":"https:\/\/www.notibras.com\/site\/pib-supera-media-nacional-e-acelera-expansao\/","og_site_name":"Notibras","article_publisher":"https:\/\/www.facebook.com\/notibras\/","article_published_time":"2026-03-12T13:17:56+00:00","og_image":[{"width":1110,"height":624,"url":"https:\/\/www.notibras.com\/site\/wp-content\/uploads\/2026\/03\/e7a785b3-ea7a-4a20-86d9-1609ef817889.jpg","type":"image\/jpeg"}],"author":"Reda\u00e7\u00e3o","twitter_card":"summary_large_image","twitter_creator":"@Notibras","twitter_site":"@Notibras","twitter_misc":{"Escrito por":"Reda\u00e7\u00e3o","Est. tempo de leitura":"2 minutos"},"schema":{"@context":"https:\/\/schema.org","@graph":[{"@type":"Article","@id":"https:\/\/www.notibras.com\/site\/pib-supera-media-nacional-e-acelera-expansao\/#article","isPartOf":{"@id":"https:\/\/www.notibras.com\/site\/pib-supera-media-nacional-e-acelera-expansao\/"},"author":{"name":"Reda\u00e7\u00e3o","@id":"https:\/\/www.notibras.com\/site\/#\/schema\/person\/36ab0979449956132d3e5b517ea76ac8"},"headline":"PIB supera m\u00e9dia nacional e acelera expans\u00e3o","datePublished":"2026-03-12T13:17:56+00:00","mainEntityOfPage":{"@id":"https:\/\/www.notibras.com\/site\/pib-supera-media-nacional-e-acelera-expansao\/"},"wordCount":336,"publisher":{"@id":"https:\/\/www.notibras.com\/site\/#organization"},"image":{"@id":"https:\/\/www.notibras.com\/site\/pib-supera-media-nacional-e-acelera-expansao\/#primaryimage"},"thumbnailUrl":"https:\/\/www.notibras.com\/site\/wp-content\/uploads\/2026\/03\/e7a785b3-ea7a-4a20-86d9-1609ef817889.jpg","articleSection":["Nordeste"],"inLanguage":"pt-BR"},{"@type":"WebPage","@id":"https:\/\/www.notibras.com\/site\/pib-supera-media-nacional-e-acelera-expansao\/","url":"https:\/\/www.notibras.com\/site\/pib-supera-media-nacional-e-acelera-expansao\/","name":"PIB supera m\u00e9dia nacional e acelera expans\u00e3o - Notibras","isPartOf":{"@id":"https:\/\/www.notibras.com\/site\/#website"},"primaryImageOfPage":{"@id":"https:\/\/www.notibras.com\/site\/pib-supera-media-nacional-e-acelera-expansao\/#primaryimage"},"image":{"@id":"https:\/\/www.notibras.com\/site\/pib-supera-media-nacional-e-acelera-expansao\/#primaryimage"},"thumbnailUrl":"https:\/\/www.notibras.com\/site\/wp-content\/uploads\/2026\/03\/e7a785b3-ea7a-4a20-86d9-1609ef817889.jpg","datePublished":"2026-03-12T13:17:56+00:00","breadcrumb":{"@id":"https:\/\/www.notibras.com\/site\/pib-supera-media-nacional-e-acelera-expansao\/#breadcrumb"},"inLanguage":"pt-BR","potentialAction":[{"@type":"ReadAction","target":["https:\/\/www.notibras.com\/site\/pib-supera-media-nacional-e-acelera-expansao\/"]}]},{"@type":"ImageObject","inLanguage":"pt-BR","@id":"https:\/\/www.notibras.com\/site\/pib-supera-media-nacional-e-acelera-expansao\/#primaryimage","url":"https:\/\/www.notibras.com\/site\/wp-content\/uploads\/2026\/03\/e7a785b3-ea7a-4a20-86d9-1609ef817889.jpg","contentUrl":"https:\/\/www.notibras.com\/site\/wp-content\/uploads\/2026\/03\/e7a785b3-ea7a-4a20-86d9-1609ef817889.jpg","width":1110,"height":624},{"@type":"BreadcrumbList","@id":"https:\/\/www.notibras.com\/site\/pib-supera-media-nacional-e-acelera-expansao\/#breadcrumb","itemListElement":[{"@type":"ListItem","position":1,"name":"In\u00edcio","item":"https:\/\/www.notibras.com\/site\/"},{"@type":"ListItem","position":2,"name":"PIB supera m\u00e9dia nacional e acelera expans\u00e3o"}]},{"@type":"WebSite","@id":"https:\/\/www.notibras.com\/site\/#website","url":"https:\/\/www.notibras.com\/site\/","name":"Notibras","description":"Not\u00edcias de Bras\u00edlia, do Brasil e do Mundo","publisher":{"@id":"https:\/\/www.notibras.com\/site\/#organization"},"potentialAction":[{"@type":"SearchAction","target":{"@type":"EntryPoint","urlTemplate":"https:\/\/www.notibras.com\/site\/?s={search_term_string}"},"query-input":{"@type":"PropertyValueSpecification","valueRequired":true,"valueName":"search_term_string"}}],"inLanguage":"pt-BR"},{"@type":"Organization","@id":"https:\/\/www.notibras.com\/site\/#organization","name":"Grupo Notibras de Comunica\u00e7\u00e3o","url":"https:\/\/www.notibras.com\/site\/","logo":{"@type":"ImageObject","inLanguage":"pt-BR","@id":"https:\/\/www.notibras.com\/site\/#\/schema\/logo\/image\/","url":"https:\/\/www.notibras.com\/site\/wp-content\/uploads\/2023\/01\/notibras23.png","contentUrl":"https:\/\/www.notibras.com\/site\/wp-content\/uploads\/2023\/01\/notibras23.png","width":350,"height":87,"caption":"Grupo Notibras de Comunica\u00e7\u00e3o"},"image":{"@id":"https:\/\/www.notibras.com\/site\/#\/schema\/logo\/image\/"},"sameAs":["https:\/\/www.facebook.com\/notibras\/","https:\/\/x.com\/Notibras","https:\/\/www.instagram.com\/notibras\/"]},{"@type":"Person","@id":"https:\/\/www.notibras.com\/site\/#\/schema\/person\/36ab0979449956132d3e5b517ea76ac8","name":"Reda\u00e7\u00e3o","image":{"@type":"ImageObject","inLanguage":"pt-BR","@id":"https:\/\/secure.gravatar.com\/avatar\/e0a867bdedb85fd243eadf09663511f96fc81e0720a4a42581f334ad4303aa6b?s=96&d=mm&r=g","url":"https:\/\/secure.gravatar.com\/avatar\/e0a867bdedb85fd243eadf09663511f96fc81e0720a4a42581f334ad4303aa6b?s=96&d=mm&r=g","contentUrl":"https:\/\/secure.gravatar.com\/avatar\/e0a867bdedb85fd243eadf09663511f96fc81e0720a4a42581f334ad4303aa6b?s=96&d=mm&r=g","caption":"Reda\u00e7\u00e3o"}}]}},"amp_enabled":true,"_links":{"self":[{"href":"https:\/\/www.notibras.com\/site\/wp-json\/wp\/v2\/posts\/386673","targetHints":{"allow":["GET"]}}],"collection":[{"href":"https:\/\/www.notibras.com\/site\/wp-json\/wp\/v2\/posts"}],"about":[{"href":"https:\/\/www.notibras.com\/site\/wp-json\/wp\/v2\/types\/post"}],"author":[{"embeddable":true,"href":"https:\/\/www.notibras.com\/site\/wp-json\/wp\/v2\/users\/2"}],"replies":[{"embeddable":true,"href":"https:\/\/www.notibras.com\/site\/wp-json\/wp\/v2\/comments?post=386673"}],"version-history":[{"count":1,"href":"https:\/\/www.notibras.com\/site\/wp-json\/wp\/v2\/posts\/386673\/revisions"}],"predecessor-version":[{"id":386675,"href":"https:\/\/www.notibras.com\/site\/wp-json\/wp\/v2\/posts\/386673\/revisions\/386675"}],"wp:featuredmedia":[{"embeddable":true,"href":"https:\/\/www.notibras.com\/site\/wp-json\/wp\/v2\/media\/386674"}],"wp:attachment":[{"href":"https:\/\/www.notibras.com\/site\/wp-json\/wp\/v2\/media?parent=386673"}],"wp:term":[{"taxonomy":"category","embeddable":true,"href":"https:\/\/www.notibras.com\/site\/wp-json\/wp\/v2\/categories?post=386673"},{"taxonomy":"post_tag","embeddable":true,"href":"https:\/\/www.notibras.com\/site\/wp-json\/wp\/v2\/tags?post=386673"}],"curies":[{"name":"wp","href":"https:\/\/api.w.org\/{rel}","templated":true}]}}