{"id":386681,"date":"2026-03-12T11:12:29","date_gmt":"2026-03-12T14:12:29","guid":{"rendered":"https:\/\/www.notibras.com\/site\/?p=386681"},"modified":"2026-03-12T11:12:29","modified_gmt":"2026-03-12T14:12:29","slug":"fernanda-veste-peca-artesanal-nordestina-e-encanta-na-posse-de-kast","status":"publish","type":"post","link":"https:\/\/www.notibras.com\/site\/fernanda-veste-peca-artesanal-nordestina-e-encanta-na-posse-de-kast\/","title":{"rendered":"Fernanda veste pe\u00e7a artesanal nordestina e encanta na posse de Kast"},"content":{"rendered":"<p data-start=\"434\" data-end=\"1012\">H\u00e1 roupas que vestem o corpo. Outras parecem carregar hist\u00f3rias inteiras de m\u00e3os, de tempo, de afeto e de origem. Foi assim com o vestido verde em renda artesanal brasileira usado por Fernanda Bolsonaro durante a cerim\u00f4nia de posse do novo presidente do Chile, <span class=\"hover:entity-accent entity-underline inline cursor-pointer align-baseline\"><span class=\"whitespace-normal\">Jos\u00e9 Antonio Kast<\/span><\/span>, na quarta, 11. A pe\u00e7a, assinada por <span class=\"hover:entity-accent entity-underline inline cursor-pointer align-baseline\"><span class=\"whitespace-normal\">Martha Medeiros<\/span><\/span>, chamou aten\u00e7\u00e3o n\u00e3o apenas pela eleg\u00e2ncia discreta, mas por representar a presen\u00e7a silenciosa e poderosa do trabalho feminino nordestino em um cen\u00e1rio diplom\u00e1tico internacional.<\/p>\n<p data-start=\"1014\" data-end=\"1570\">Mais do que uma escolha est\u00e9tica, o vestido parecia carregar uma geografia afetiva. Cada tra\u00e7o da renda, desenhado manualmente, remete ao saber paciente de mulheres do Sert\u00e3o de <span class=\"hover:entity-accent entity-underline inline cursor-pointer align-baseline\"><span class=\"whitespace-normal\">Alagoas<\/span><\/span>, <span class=\"hover:entity-accent entity-underline inline cursor-pointer align-baseline\"><span class=\"whitespace-normal\">Pernambuco<\/span><\/span> e <span class=\"hover:entity-accent entity-underline inline cursor-pointer align-baseline\"><span class=\"whitespace-normal\">Para\u00edba<\/span><\/span>, onde a tradi\u00e7\u00e3o da renda atravessa gera\u00e7\u00f5es como heran\u00e7a viva, transmitida entre m\u00e3es, filhas e av\u00f3s. J\u00e1 presente no guarda-roupa de Fernanda, a pe\u00e7a foi escolhida para a ocasi\u00e3o justamente por esse v\u00ednculo entre delicadeza, identidade e pertencimento.<\/p>\n<p data-start=\"1572\" data-end=\"2139\">Ao acompanhar o marido, senador <span class=\"hover:entity-accent entity-underline inline cursor-pointer align-baseline\"><span class=\"whitespace-normal\">Fl\u00e1vio Bolsonaro (PL), pr\u00e9-candidato a disputar o Pal\u00e1cio do Planalto nas elei\u00e7\u00f5es de outubro<\/span><\/span>, Fernanda resumiu o significado daquele momento em palavras que tamb\u00e9m revelam dimens\u00e3o pessoal.<\/p>\n<p data-start=\"1572\" data-end=\"2139\">&#8211; Foi uma honra acompanhar a posse do presidente do Chile. Mais do que um momento diplom\u00e1tico, foi tamb\u00e9m um momento simb\u00f3lico para n\u00f3s. Este foi o primeiro de muitos eventos de uma caminhada que est\u00e1 apenas come\u00e7ando, enfatizou.<\/p>\n<p data-start=\"1572\" data-end=\"2139\">Em sua fala, ela destacou ainda o orgulho pelo marido e o compromisso de seguir ao lado dele \u201ccomo mulher, parceira e companheira\u201d, em uma narrativa que une vida p\u00fablica e cumplicidade privada.<\/p>\n<p data-start=\"2141\" data-end=\"2554\">Hoje conduzida criativamente por <span class=\"hover:entity-accent entity-underline inline cursor-pointer align-baseline\"><span class=\"whitespace-normal\">Gabriela Medeiros<\/span><\/span>, a marca mant\u00e9m viva a ess\u00eancia constru\u00edda por Martha, de transformar a renda manual em express\u00e3o de sofistica\u00e7\u00e3o brasileira. Cada vestido nasce lentamente, exigindo semanas de trabalho minucioso. Primeiro, as artes\u00e3s criam os m\u00f3dulos fio a fio; depois, o ateli\u00ea realiza o acabamento manual, integrando tradi\u00e7\u00e3o t\u00eaxtil e modelagem contempor\u00e2nea.<\/p>\n<p data-start=\"2556\" data-end=\"3017\">O resultado \u00e9 uma pe\u00e7a que n\u00e3o apenas veste, mas revela a identidade de mulheres que aprenderam a transformar linha em autonomia. Nos n\u00facleos produtivos espalhados pelo interior nordestino, novas rendeiras s\u00e3o formadas, t\u00e9cnicas antigas s\u00e3o preservadas e o artesanato ganha espa\u00e7o na moda autoral brasileira. Ali, entre bastidores silenciosos e dedos pacientes, a renda continua sendo tamb\u00e9m uma forma de independ\u00eancia econ\u00f4mica e perman\u00eancia cultural.<\/p>\n<p data-start=\"3019\" data-end=\"3240\">Nesse contexto, o vestido visto no Chile deixou de ser apenas uma escolha elegante de ocasi\u00e3o. Tornou-se, discretamente, uma vitrine de um Brasil tecido por mulheres, onde cada ponto guarda mem\u00f3ria, resist\u00eancia e beleza.<\/p>\n","protected":false},"excerpt":{"rendered":"<p>H\u00e1 roupas que vestem o corpo. Outras parecem carregar hist\u00f3rias inteiras de m\u00e3os, de tempo, de afeto e de origem. Foi assim com o vestido verde em renda artesanal brasileira usado por Fernanda Bolsonaro durante a cerim\u00f4nia de posse do novo presidente do Chile, Jos\u00e9 Antonio Kast, na quarta, 11. A pe\u00e7a, assinada por Martha [&hellip;]<\/p>\n","protected":false},"author":2,"featured_media":386682,"comment_status":"closed","ping_status":"closed","sticky":false,"template":"","format":"standard","meta":{"_acf_changed":false,"footnotes":""},"categories":[155],"tags":[],"class_list":["post-386681","post","type-post","status-publish","format-standard","has-post-thumbnail","hentry","category-leitura-vip"],"acf":[],"yoast_head":"<!-- This site is optimized with the Yoast SEO plugin v27.2 - https:\/\/yoast.com\/product\/yoast-seo-wordpress\/ -->\n<title>Fernanda veste pe\u00e7a artesanal nordestina e encanta na posse de Kast - Notibras<\/title>\n<meta name=\"robots\" content=\"index, follow, max-snippet:-1, max-image-preview:large, max-video-preview:-1\" \/>\n<link rel=\"canonical\" href=\"https:\/\/www.notibras.com\/site\/fernanda-veste-peca-artesanal-nordestina-e-encanta-na-posse-de-kast\/\" \/>\n<meta property=\"og:locale\" content=\"pt_BR\" \/>\n<meta property=\"og:type\" content=\"article\" \/>\n<meta property=\"og:title\" content=\"Fernanda veste pe\u00e7a artesanal nordestina e encanta na posse de Kast - Notibras\" \/>\n<meta property=\"og:description\" content=\"H\u00e1 roupas que vestem o corpo. Outras parecem carregar hist\u00f3rias inteiras de m\u00e3os, de tempo, de afeto e de origem. Foi assim com o vestido verde em renda artesanal brasileira usado por Fernanda Bolsonaro durante a cerim\u00f4nia de posse do novo presidente do Chile, Jos\u00e9 Antonio Kast, na quarta, 11. A pe\u00e7a, assinada por Martha [&hellip;]\" \/>\n<meta property=\"og:url\" content=\"https:\/\/www.notibras.com\/site\/fernanda-veste-peca-artesanal-nordestina-e-encanta-na-posse-de-kast\/\" \/>\n<meta property=\"og:site_name\" content=\"Notibras\" \/>\n<meta property=\"article:publisher\" content=\"https:\/\/www.facebook.com\/notibras\/\" \/>\n<meta property=\"article:published_time\" content=\"2026-03-12T14:12:29+00:00\" \/>\n<meta property=\"og:image\" content=\"https:\/\/www.notibras.com\/site\/wp-content\/uploads\/2026\/03\/5b9546eb-65ee-44fb-a1a6-b7d0d9e15c80.jpg\" \/>\n\t<meta property=\"og:image:width\" content=\"940\" \/>\n\t<meta property=\"og:image:height\" content=\"788\" \/>\n\t<meta property=\"og:image:type\" content=\"image\/jpeg\" \/>\n<meta name=\"author\" content=\"Reda\u00e7\u00e3o\" \/>\n<meta name=\"twitter:card\" content=\"summary_large_image\" \/>\n<meta name=\"twitter:creator\" content=\"@Notibras\" \/>\n<meta name=\"twitter:site\" content=\"@Notibras\" \/>\n<meta name=\"twitter:label1\" content=\"Escrito por\" \/>\n\t<meta name=\"twitter:data1\" content=\"Reda\u00e7\u00e3o\" \/>\n\t<meta name=\"twitter:label2\" content=\"Est. tempo de leitura\" \/>\n\t<meta name=\"twitter:data2\" content=\"3 minutos\" \/>\n<script type=\"application\/ld+json\" class=\"yoast-schema-graph\">{\"@context\":\"https:\/\/schema.org\",\"@graph\":[{\"@type\":\"Article\",\"@id\":\"https:\/\/www.notibras.com\/site\/fernanda-veste-peca-artesanal-nordestina-e-encanta-na-posse-de-kast\/#article\",\"isPartOf\":{\"@id\":\"https:\/\/www.notibras.com\/site\/fernanda-veste-peca-artesanal-nordestina-e-encanta-na-posse-de-kast\/\"},\"author\":{\"name\":\"Reda\u00e7\u00e3o\",\"@id\":\"https:\/\/www.notibras.com\/site\/#\/schema\/person\/36ab0979449956132d3e5b517ea76ac8\"},\"headline\":\"Fernanda veste pe\u00e7a artesanal nordestina e encanta na posse de Kast\",\"datePublished\":\"2026-03-12T14:12:29+00:00\",\"mainEntityOfPage\":{\"@id\":\"https:\/\/www.notibras.com\/site\/fernanda-veste-peca-artesanal-nordestina-e-encanta-na-posse-de-kast\/\"},\"wordCount\":478,\"publisher\":{\"@id\":\"https:\/\/www.notibras.com\/site\/#organization\"},\"image\":{\"@id\":\"https:\/\/www.notibras.com\/site\/fernanda-veste-peca-artesanal-nordestina-e-encanta-na-posse-de-kast\/#primaryimage\"},\"thumbnailUrl\":\"https:\/\/www.notibras.com\/site\/wp-content\/uploads\/2026\/03\/5b9546eb-65ee-44fb-a1a6-b7d0d9e15c80.jpg\",\"articleSection\":[\"Leitura Vip\"],\"inLanguage\":\"pt-BR\"},{\"@type\":\"WebPage\",\"@id\":\"https:\/\/www.notibras.com\/site\/fernanda-veste-peca-artesanal-nordestina-e-encanta-na-posse-de-kast\/\",\"url\":\"https:\/\/www.notibras.com\/site\/fernanda-veste-peca-artesanal-nordestina-e-encanta-na-posse-de-kast\/\",\"name\":\"Fernanda veste pe\u00e7a artesanal nordestina e encanta na posse de Kast - Notibras\",\"isPartOf\":{\"@id\":\"https:\/\/www.notibras.com\/site\/#website\"},\"primaryImageOfPage\":{\"@id\":\"https:\/\/www.notibras.com\/site\/fernanda-veste-peca-artesanal-nordestina-e-encanta-na-posse-de-kast\/#primaryimage\"},\"image\":{\"@id\":\"https:\/\/www.notibras.com\/site\/fernanda-veste-peca-artesanal-nordestina-e-encanta-na-posse-de-kast\/#primaryimage\"},\"thumbnailUrl\":\"https:\/\/www.notibras.com\/site\/wp-content\/uploads\/2026\/03\/5b9546eb-65ee-44fb-a1a6-b7d0d9e15c80.jpg\",\"datePublished\":\"2026-03-12T14:12:29+00:00\",\"breadcrumb\":{\"@id\":\"https:\/\/www.notibras.com\/site\/fernanda-veste-peca-artesanal-nordestina-e-encanta-na-posse-de-kast\/#breadcrumb\"},\"inLanguage\":\"pt-BR\",\"potentialAction\":[{\"@type\":\"ReadAction\",\"target\":[\"https:\/\/www.notibras.com\/site\/fernanda-veste-peca-artesanal-nordestina-e-encanta-na-posse-de-kast\/\"]}]},{\"@type\":\"ImageObject\",\"inLanguage\":\"pt-BR\",\"@id\":\"https:\/\/www.notibras.com\/site\/fernanda-veste-peca-artesanal-nordestina-e-encanta-na-posse-de-kast\/#primaryimage\",\"url\":\"https:\/\/www.notibras.com\/site\/wp-content\/uploads\/2026\/03\/5b9546eb-65ee-44fb-a1a6-b7d0d9e15c80.jpg\",\"contentUrl\":\"https:\/\/www.notibras.com\/site\/wp-content\/uploads\/2026\/03\/5b9546eb-65ee-44fb-a1a6-b7d0d9e15c80.jpg\",\"width\":940,\"height\":788},{\"@type\":\"BreadcrumbList\",\"@id\":\"https:\/\/www.notibras.com\/site\/fernanda-veste-peca-artesanal-nordestina-e-encanta-na-posse-de-kast\/#breadcrumb\",\"itemListElement\":[{\"@type\":\"ListItem\",\"position\":1,\"name\":\"In\u00edcio\",\"item\":\"https:\/\/www.notibras.com\/site\/\"},{\"@type\":\"ListItem\",\"position\":2,\"name\":\"Fernanda veste pe\u00e7a artesanal nordestina e encanta na posse de Kast\"}]},{\"@type\":\"WebSite\",\"@id\":\"https:\/\/www.notibras.com\/site\/#website\",\"url\":\"https:\/\/www.notibras.com\/site\/\",\"name\":\"Notibras\",\"description\":\"Not\u00edcias de Bras\u00edlia, do Brasil e do Mundo\",\"publisher\":{\"@id\":\"https:\/\/www.notibras.com\/site\/#organization\"},\"potentialAction\":[{\"@type\":\"SearchAction\",\"target\":{\"@type\":\"EntryPoint\",\"urlTemplate\":\"https:\/\/www.notibras.com\/site\/?s={search_term_string}\"},\"query-input\":{\"@type\":\"PropertyValueSpecification\",\"valueRequired\":true,\"valueName\":\"search_term_string\"}}],\"inLanguage\":\"pt-BR\"},{\"@type\":\"Organization\",\"@id\":\"https:\/\/www.notibras.com\/site\/#organization\",\"name\":\"Grupo Notibras de Comunica\u00e7\u00e3o\",\"url\":\"https:\/\/www.notibras.com\/site\/\",\"logo\":{\"@type\":\"ImageObject\",\"inLanguage\":\"pt-BR\",\"@id\":\"https:\/\/www.notibras.com\/site\/#\/schema\/logo\/image\/\",\"url\":\"https:\/\/www.notibras.com\/site\/wp-content\/uploads\/2023\/01\/notibras23.png\",\"contentUrl\":\"https:\/\/www.notibras.com\/site\/wp-content\/uploads\/2023\/01\/notibras23.png\",\"width\":350,\"height\":87,\"caption\":\"Grupo Notibras de Comunica\u00e7\u00e3o\"},\"image\":{\"@id\":\"https:\/\/www.notibras.com\/site\/#\/schema\/logo\/image\/\"},\"sameAs\":[\"https:\/\/www.facebook.com\/notibras\/\",\"https:\/\/x.com\/Notibras\",\"https:\/\/www.instagram.com\/notibras\/\"]},{\"@type\":\"Person\",\"@id\":\"https:\/\/www.notibras.com\/site\/#\/schema\/person\/36ab0979449956132d3e5b517ea76ac8\",\"name\":\"Reda\u00e7\u00e3o\",\"image\":{\"@type\":\"ImageObject\",\"inLanguage\":\"pt-BR\",\"@id\":\"https:\/\/secure.gravatar.com\/avatar\/e0a867bdedb85fd243eadf09663511f96fc81e0720a4a42581f334ad4303aa6b?s=96&d=mm&r=g\",\"url\":\"https:\/\/secure.gravatar.com\/avatar\/e0a867bdedb85fd243eadf09663511f96fc81e0720a4a42581f334ad4303aa6b?s=96&d=mm&r=g\",\"contentUrl\":\"https:\/\/secure.gravatar.com\/avatar\/e0a867bdedb85fd243eadf09663511f96fc81e0720a4a42581f334ad4303aa6b?s=96&d=mm&r=g\",\"caption\":\"Reda\u00e7\u00e3o\"}}]}<\/script>\n<!-- \/ Yoast SEO plugin. -->","yoast_head_json":{"title":"Fernanda veste pe\u00e7a artesanal nordestina e encanta na posse de Kast - Notibras","robots":{"index":"index","follow":"follow","max-snippet":"max-snippet:-1","max-image-preview":"max-image-preview:large","max-video-preview":"max-video-preview:-1"},"canonical":"https:\/\/www.notibras.com\/site\/fernanda-veste-peca-artesanal-nordestina-e-encanta-na-posse-de-kast\/","og_locale":"pt_BR","og_type":"article","og_title":"Fernanda veste pe\u00e7a artesanal nordestina e encanta na posse de Kast - Notibras","og_description":"H\u00e1 roupas que vestem o corpo. Outras parecem carregar hist\u00f3rias inteiras de m\u00e3os, de tempo, de afeto e de origem. Foi assim com o vestido verde em renda artesanal brasileira usado por Fernanda Bolsonaro durante a cerim\u00f4nia de posse do novo presidente do Chile, Jos\u00e9 Antonio Kast, na quarta, 11. A pe\u00e7a, assinada por Martha [&hellip;]","og_url":"https:\/\/www.notibras.com\/site\/fernanda-veste-peca-artesanal-nordestina-e-encanta-na-posse-de-kast\/","og_site_name":"Notibras","article_publisher":"https:\/\/www.facebook.com\/notibras\/","article_published_time":"2026-03-12T14:12:29+00:00","og_image":[{"width":940,"height":788,"url":"https:\/\/www.notibras.com\/site\/wp-content\/uploads\/2026\/03\/5b9546eb-65ee-44fb-a1a6-b7d0d9e15c80.jpg","type":"image\/jpeg"}],"author":"Reda\u00e7\u00e3o","twitter_card":"summary_large_image","twitter_creator":"@Notibras","twitter_site":"@Notibras","twitter_misc":{"Escrito por":"Reda\u00e7\u00e3o","Est. tempo de leitura":"3 minutos"},"schema":{"@context":"https:\/\/schema.org","@graph":[{"@type":"Article","@id":"https:\/\/www.notibras.com\/site\/fernanda-veste-peca-artesanal-nordestina-e-encanta-na-posse-de-kast\/#article","isPartOf":{"@id":"https:\/\/www.notibras.com\/site\/fernanda-veste-peca-artesanal-nordestina-e-encanta-na-posse-de-kast\/"},"author":{"name":"Reda\u00e7\u00e3o","@id":"https:\/\/www.notibras.com\/site\/#\/schema\/person\/36ab0979449956132d3e5b517ea76ac8"},"headline":"Fernanda veste pe\u00e7a artesanal nordestina e encanta na posse de Kast","datePublished":"2026-03-12T14:12:29+00:00","mainEntityOfPage":{"@id":"https:\/\/www.notibras.com\/site\/fernanda-veste-peca-artesanal-nordestina-e-encanta-na-posse-de-kast\/"},"wordCount":478,"publisher":{"@id":"https:\/\/www.notibras.com\/site\/#organization"},"image":{"@id":"https:\/\/www.notibras.com\/site\/fernanda-veste-peca-artesanal-nordestina-e-encanta-na-posse-de-kast\/#primaryimage"},"thumbnailUrl":"https:\/\/www.notibras.com\/site\/wp-content\/uploads\/2026\/03\/5b9546eb-65ee-44fb-a1a6-b7d0d9e15c80.jpg","articleSection":["Leitura Vip"],"inLanguage":"pt-BR"},{"@type":"WebPage","@id":"https:\/\/www.notibras.com\/site\/fernanda-veste-peca-artesanal-nordestina-e-encanta-na-posse-de-kast\/","url":"https:\/\/www.notibras.com\/site\/fernanda-veste-peca-artesanal-nordestina-e-encanta-na-posse-de-kast\/","name":"Fernanda veste pe\u00e7a artesanal nordestina e encanta na posse de Kast - Notibras","isPartOf":{"@id":"https:\/\/www.notibras.com\/site\/#website"},"primaryImageOfPage":{"@id":"https:\/\/www.notibras.com\/site\/fernanda-veste-peca-artesanal-nordestina-e-encanta-na-posse-de-kast\/#primaryimage"},"image":{"@id":"https:\/\/www.notibras.com\/site\/fernanda-veste-peca-artesanal-nordestina-e-encanta-na-posse-de-kast\/#primaryimage"},"thumbnailUrl":"https:\/\/www.notibras.com\/site\/wp-content\/uploads\/2026\/03\/5b9546eb-65ee-44fb-a1a6-b7d0d9e15c80.jpg","datePublished":"2026-03-12T14:12:29+00:00","breadcrumb":{"@id":"https:\/\/www.notibras.com\/site\/fernanda-veste-peca-artesanal-nordestina-e-encanta-na-posse-de-kast\/#breadcrumb"},"inLanguage":"pt-BR","potentialAction":[{"@type":"ReadAction","target":["https:\/\/www.notibras.com\/site\/fernanda-veste-peca-artesanal-nordestina-e-encanta-na-posse-de-kast\/"]}]},{"@type":"ImageObject","inLanguage":"pt-BR","@id":"https:\/\/www.notibras.com\/site\/fernanda-veste-peca-artesanal-nordestina-e-encanta-na-posse-de-kast\/#primaryimage","url":"https:\/\/www.notibras.com\/site\/wp-content\/uploads\/2026\/03\/5b9546eb-65ee-44fb-a1a6-b7d0d9e15c80.jpg","contentUrl":"https:\/\/www.notibras.com\/site\/wp-content\/uploads\/2026\/03\/5b9546eb-65ee-44fb-a1a6-b7d0d9e15c80.jpg","width":940,"height":788},{"@type":"BreadcrumbList","@id":"https:\/\/www.notibras.com\/site\/fernanda-veste-peca-artesanal-nordestina-e-encanta-na-posse-de-kast\/#breadcrumb","itemListElement":[{"@type":"ListItem","position":1,"name":"In\u00edcio","item":"https:\/\/www.notibras.com\/site\/"},{"@type":"ListItem","position":2,"name":"Fernanda veste pe\u00e7a artesanal nordestina e encanta na posse de Kast"}]},{"@type":"WebSite","@id":"https:\/\/www.notibras.com\/site\/#website","url":"https:\/\/www.notibras.com\/site\/","name":"Notibras","description":"Not\u00edcias de Bras\u00edlia, do Brasil e do Mundo","publisher":{"@id":"https:\/\/www.notibras.com\/site\/#organization"},"potentialAction":[{"@type":"SearchAction","target":{"@type":"EntryPoint","urlTemplate":"https:\/\/www.notibras.com\/site\/?s={search_term_string}"},"query-input":{"@type":"PropertyValueSpecification","valueRequired":true,"valueName":"search_term_string"}}],"inLanguage":"pt-BR"},{"@type":"Organization","@id":"https:\/\/www.notibras.com\/site\/#organization","name":"Grupo Notibras de Comunica\u00e7\u00e3o","url":"https:\/\/www.notibras.com\/site\/","logo":{"@type":"ImageObject","inLanguage":"pt-BR","@id":"https:\/\/www.notibras.com\/site\/#\/schema\/logo\/image\/","url":"https:\/\/www.notibras.com\/site\/wp-content\/uploads\/2023\/01\/notibras23.png","contentUrl":"https:\/\/www.notibras.com\/site\/wp-content\/uploads\/2023\/01\/notibras23.png","width":350,"height":87,"caption":"Grupo Notibras de Comunica\u00e7\u00e3o"},"image":{"@id":"https:\/\/www.notibras.com\/site\/#\/schema\/logo\/image\/"},"sameAs":["https:\/\/www.facebook.com\/notibras\/","https:\/\/x.com\/Notibras","https:\/\/www.instagram.com\/notibras\/"]},{"@type":"Person","@id":"https:\/\/www.notibras.com\/site\/#\/schema\/person\/36ab0979449956132d3e5b517ea76ac8","name":"Reda\u00e7\u00e3o","image":{"@type":"ImageObject","inLanguage":"pt-BR","@id":"https:\/\/secure.gravatar.com\/avatar\/e0a867bdedb85fd243eadf09663511f96fc81e0720a4a42581f334ad4303aa6b?s=96&d=mm&r=g","url":"https:\/\/secure.gravatar.com\/avatar\/e0a867bdedb85fd243eadf09663511f96fc81e0720a4a42581f334ad4303aa6b?s=96&d=mm&r=g","contentUrl":"https:\/\/secure.gravatar.com\/avatar\/e0a867bdedb85fd243eadf09663511f96fc81e0720a4a42581f334ad4303aa6b?s=96&d=mm&r=g","caption":"Reda\u00e7\u00e3o"}}]}},"amp_enabled":true,"_links":{"self":[{"href":"https:\/\/www.notibras.com\/site\/wp-json\/wp\/v2\/posts\/386681","targetHints":{"allow":["GET"]}}],"collection":[{"href":"https:\/\/www.notibras.com\/site\/wp-json\/wp\/v2\/posts"}],"about":[{"href":"https:\/\/www.notibras.com\/site\/wp-json\/wp\/v2\/types\/post"}],"author":[{"embeddable":true,"href":"https:\/\/www.notibras.com\/site\/wp-json\/wp\/v2\/users\/2"}],"replies":[{"embeddable":true,"href":"https:\/\/www.notibras.com\/site\/wp-json\/wp\/v2\/comments?post=386681"}],"version-history":[{"count":1,"href":"https:\/\/www.notibras.com\/site\/wp-json\/wp\/v2\/posts\/386681\/revisions"}],"predecessor-version":[{"id":386683,"href":"https:\/\/www.notibras.com\/site\/wp-json\/wp\/v2\/posts\/386681\/revisions\/386683"}],"wp:featuredmedia":[{"embeddable":true,"href":"https:\/\/www.notibras.com\/site\/wp-json\/wp\/v2\/media\/386682"}],"wp:attachment":[{"href":"https:\/\/www.notibras.com\/site\/wp-json\/wp\/v2\/media?parent=386681"}],"wp:term":[{"taxonomy":"category","embeddable":true,"href":"https:\/\/www.notibras.com\/site\/wp-json\/wp\/v2\/categories?post=386681"},{"taxonomy":"post_tag","embeddable":true,"href":"https:\/\/www.notibras.com\/site\/wp-json\/wp\/v2\/tags?post=386681"}],"curies":[{"name":"wp","href":"https:\/\/api.w.org\/{rel}","templated":true}]}}