{"id":386684,"date":"2026-03-13T02:00:47","date_gmt":"2026-03-13T05:00:47","guid":{"rendered":"https:\/\/www.notibras.com\/site\/?p=386684"},"modified":"2026-03-12T11:22:04","modified_gmt":"2026-03-12T14:22:04","slug":"a-improvavel-vida-de-aventuras","status":"publish","type":"post","link":"https:\/\/www.notibras.com\/site\/a-improvavel-vida-de-aventuras\/","title":{"rendered":"A improv\u00e1vel vida de aventuras"},"content":{"rendered":"<p>Meu av\u00f4, de acordo com as palavras do meu pai, teria sido um sujeito de se admirar. Desses que todos costumam voltar os olhos na v\u00e3 esperan\u00e7a de que ocorra uma troca de olhares, breve que seja, apenas para cordial aceno de cabe\u00e7a. N\u00e3o sei se papai fala com a raz\u00e3o ou, n\u00e3o descarto, seja apenas o cora\u00e7\u00e3o se apoderando do menino que ele foi um dia.<\/p>\n<p>Quem v\u00ea o meu velho falando do pr\u00f3prio pai talvez imagine que vov\u00f4 tenha sido uma esp\u00e9cie de agente secreto, tipo James Bond ou, ent\u00e3o, o mais not\u00e1vel detetive da literatura, Sherlock Holmes. De t\u00e3o ic\u00f4nico, ainda hoje carrego c\u00e1 com meus bot\u00f5es a d\u00favida de quem seria criador de quem. Arthur Conan Doyle criou Homes ou, ent\u00e3o, foi ele quem inventou o famoso escritor escoc\u00eas?<\/p>\n<p>Bertoldo, o her\u00f3i inventado, nasceu e viveu uma vida sem grandes percal\u00e7os, condizente com o trabalho em uma reparti\u00e7\u00e3o p\u00fablica. Passaria despercebido pela maioria, n\u00e3o era mais alto ou mais baixo, n\u00e3o muito gordo e tamb\u00e9m n\u00e3o t\u00e3o magro, olhos comuns, cabelos penteados que nem os homens de sua \u00e9poca, bigode aparado at\u00e9 mesmo depois que saiu de moda. Pouco o conheci e, por isso mesmo, guardo raras lembran\u00e7as. Talvez tenha sido ele que, vez ou outra, me trazia bombons nos bolsos do palet\u00f3. Na verdade, n\u00e3o me recordo desse tempo, \u00e9 mam\u00e3e que, ainda hoje, em almo\u00e7os dominicais, faz quest\u00e3o de relembrar.<\/p>\n<p>Meu pai, nesses instantes, apenas esbo\u00e7a um leve sorriso. \u00c9 n\u00edtido o orgulho que toma se rosto, mas, mesmo assim, ele procura n\u00e3o o expressar de modo \u00f3bvio, talvez se lembrando de uma frase que, segundo ele, foi do meu av\u00f4: &#8220;Jamais ria, a n\u00e3o ser se estiver mentindo.&#8221;<\/p>\n<p>Nunca entendi muito bem o sentido desse pensamento, digamos, incomum para um homem que, por anos, teve um reles trabalho em uma reparti\u00e7\u00e3o p\u00fablica sem grandes atrativos. Seria aquilo um disfarce? Duvido. Mesmo assim, percebo que esse devaneio \u00e9 heredit\u00e1rio, pois, vez ou outra, me pego repetindo tal dilema para o meu filho, que mal completou dois anos.<\/p>\n<p>Ludmila, a minha esposa, me olha com certo desd\u00e9m, como se aquilo fosse tolice. N\u00e3o sou tolo o bastante para discordar, mas h\u00e1 coisas que prefiro guardar em segredo. Afinal, sou de linhagem de espi\u00f5es e, certamente, o meu herdeiro enfrentar\u00e1 desafios para salvar o mundo, ainda que ele, quando chegar o tempo, trabalhe em uma reparti\u00e7\u00e3o p\u00fablica que nem meu av\u00f4, meu pai e eu. Ent\u00e3o, meu amigo, jamais ria, a n\u00e3o ser se estiver mentindo.<\/p>\n<p><strong>\u2026\u2026\u2026\u2026\u2026\u2026\u2026\u2026<\/strong><\/p>\n<p><strong>Eduardo Mart\u00ednez \u00e9 autor do livro \u201957 Contos e Cr\u00f4nicas por um Autor Muito Velho\u2019 (Vencedor do Pr\u00eamio Liter\u00e1rio Clarice Lispector \u2013 2025 na categoria livro de contos).<\/strong><\/p>\n<p><strong>Compre aqui<\/strong><\/p>\n<p><a href=\"https:\/\/www.joanineditora.com.br\/57-contos-e-cronicas-por-um-autor-muito-velho\"><strong>https:\/\/www.joanineditora.com.br\/57-contos-e-cronicas-por-um-autor-muito-velho<\/strong><\/a><\/p>\n","protected":false},"excerpt":{"rendered":"<p>Meu av\u00f4, de acordo com as palavras do meu pai, teria sido um sujeito de se admirar. Desses que todos costumam voltar os olhos na v\u00e3 esperan\u00e7a de que ocorra uma troca de olhares, breve que seja, apenas para cordial aceno de cabe\u00e7a. N\u00e3o sei se papai fala com a raz\u00e3o ou, n\u00e3o descarto, seja [&hellip;]<\/p>\n","protected":false},"author":21,"featured_media":386685,"comment_status":"closed","ping_status":"closed","sticky":false,"template":"","format":"standard","meta":{"_acf_changed":false,"footnotes":""},"categories":[161],"tags":[],"class_list":["post-386684","post","type-post","status-publish","format-standard","has-post-thumbnail","hentry","category-quadradinho-em-foco"],"acf":[],"yoast_head":"<!-- This site is optimized with the Yoast SEO plugin v27.2 - https:\/\/yoast.com\/product\/yoast-seo-wordpress\/ -->\n<title>A improv\u00e1vel vida de aventuras - Notibras<\/title>\n<meta name=\"robots\" content=\"index, follow, max-snippet:-1, max-image-preview:large, max-video-preview:-1\" \/>\n<link rel=\"canonical\" href=\"https:\/\/www.notibras.com\/site\/a-improvavel-vida-de-aventuras\/\" \/>\n<meta property=\"og:locale\" content=\"pt_BR\" \/>\n<meta property=\"og:type\" content=\"article\" \/>\n<meta property=\"og:title\" content=\"A improv\u00e1vel vida de aventuras - Notibras\" \/>\n<meta property=\"og:description\" content=\"Meu av\u00f4, de acordo com as palavras do meu pai, teria sido um sujeito de se admirar. Desses que todos costumam voltar os olhos na v\u00e3 esperan\u00e7a de que ocorra uma troca de olhares, breve que seja, apenas para cordial aceno de cabe\u00e7a. N\u00e3o sei se papai fala com a raz\u00e3o ou, n\u00e3o descarto, seja [&hellip;]\" \/>\n<meta property=\"og:url\" content=\"https:\/\/www.notibras.com\/site\/a-improvavel-vida-de-aventuras\/\" \/>\n<meta property=\"og:site_name\" content=\"Notibras\" \/>\n<meta property=\"article:publisher\" content=\"https:\/\/www.facebook.com\/notibras\/\" \/>\n<meta property=\"article:published_time\" content=\"2026-03-13T05:00:47+00:00\" \/>\n<meta property=\"og:image\" content=\"https:\/\/www.notibras.com\/site\/wp-content\/uploads\/2026\/03\/WhatsApp-Image-2026-03-12-at-11.14.37.jpeg\" \/>\n\t<meta property=\"og:image:width\" content=\"930\" \/>\n\t<meta property=\"og:image:height\" content=\"559\" \/>\n\t<meta property=\"og:image:type\" content=\"image\/jpeg\" \/>\n<meta name=\"author\" content=\"Eduardo Mart\u00ednez\" \/>\n<meta name=\"twitter:card\" content=\"summary_large_image\" \/>\n<meta name=\"twitter:creator\" content=\"@Notibras\" \/>\n<meta name=\"twitter:site\" content=\"@Notibras\" \/>\n<meta name=\"twitter:label1\" content=\"Escrito por\" \/>\n\t<meta name=\"twitter:data1\" content=\"Eduardo Mart\u00ednez\" \/>\n\t<meta name=\"twitter:label2\" content=\"Est. tempo de leitura\" \/>\n\t<meta name=\"twitter:data2\" content=\"3 minutos\" \/>\n<script type=\"application\/ld+json\" class=\"yoast-schema-graph\">{\"@context\":\"https:\/\/schema.org\",\"@graph\":[{\"@type\":\"Article\",\"@id\":\"https:\/\/www.notibras.com\/site\/a-improvavel-vida-de-aventuras\/#article\",\"isPartOf\":{\"@id\":\"https:\/\/www.notibras.com\/site\/a-improvavel-vida-de-aventuras\/\"},\"author\":{\"name\":\"Eduardo Mart\u00ednez\",\"@id\":\"https:\/\/www.notibras.com\/site\/#\/schema\/person\/5b7fabf2aedc3ada2105f03b22b4d3dd\"},\"headline\":\"A improv\u00e1vel vida de aventuras\",\"datePublished\":\"2026-03-13T05:00:47+00:00\",\"mainEntityOfPage\":{\"@id\":\"https:\/\/www.notibras.com\/site\/a-improvavel-vida-de-aventuras\/\"},\"wordCount\":503,\"publisher\":{\"@id\":\"https:\/\/www.notibras.com\/site\/#organization\"},\"image\":{\"@id\":\"https:\/\/www.notibras.com\/site\/a-improvavel-vida-de-aventuras\/#primaryimage\"},\"thumbnailUrl\":\"https:\/\/www.notibras.com\/site\/wp-content\/uploads\/2026\/03\/WhatsApp-Image-2026-03-12-at-11.14.37.jpeg\",\"articleSection\":[\"Quadradinho em Foco\"],\"inLanguage\":\"pt-BR\"},{\"@type\":\"WebPage\",\"@id\":\"https:\/\/www.notibras.com\/site\/a-improvavel-vida-de-aventuras\/\",\"url\":\"https:\/\/www.notibras.com\/site\/a-improvavel-vida-de-aventuras\/\",\"name\":\"A improv\u00e1vel vida de aventuras - Notibras\",\"isPartOf\":{\"@id\":\"https:\/\/www.notibras.com\/site\/#website\"},\"primaryImageOfPage\":{\"@id\":\"https:\/\/www.notibras.com\/site\/a-improvavel-vida-de-aventuras\/#primaryimage\"},\"image\":{\"@id\":\"https:\/\/www.notibras.com\/site\/a-improvavel-vida-de-aventuras\/#primaryimage\"},\"thumbnailUrl\":\"https:\/\/www.notibras.com\/site\/wp-content\/uploads\/2026\/03\/WhatsApp-Image-2026-03-12-at-11.14.37.jpeg\",\"datePublished\":\"2026-03-13T05:00:47+00:00\",\"breadcrumb\":{\"@id\":\"https:\/\/www.notibras.com\/site\/a-improvavel-vida-de-aventuras\/#breadcrumb\"},\"inLanguage\":\"pt-BR\",\"potentialAction\":[{\"@type\":\"ReadAction\",\"target\":[\"https:\/\/www.notibras.com\/site\/a-improvavel-vida-de-aventuras\/\"]}]},{\"@type\":\"ImageObject\",\"inLanguage\":\"pt-BR\",\"@id\":\"https:\/\/www.notibras.com\/site\/a-improvavel-vida-de-aventuras\/#primaryimage\",\"url\":\"https:\/\/www.notibras.com\/site\/wp-content\/uploads\/2026\/03\/WhatsApp-Image-2026-03-12-at-11.14.37.jpeg\",\"contentUrl\":\"https:\/\/www.notibras.com\/site\/wp-content\/uploads\/2026\/03\/WhatsApp-Image-2026-03-12-at-11.14.37.jpeg\",\"width\":930,\"height\":559},{\"@type\":\"BreadcrumbList\",\"@id\":\"https:\/\/www.notibras.com\/site\/a-improvavel-vida-de-aventuras\/#breadcrumb\",\"itemListElement\":[{\"@type\":\"ListItem\",\"position\":1,\"name\":\"In\u00edcio\",\"item\":\"https:\/\/www.notibras.com\/site\/\"},{\"@type\":\"ListItem\",\"position\":2,\"name\":\"A improv\u00e1vel vida de aventuras\"}]},{\"@type\":\"WebSite\",\"@id\":\"https:\/\/www.notibras.com\/site\/#website\",\"url\":\"https:\/\/www.notibras.com\/site\/\",\"name\":\"Notibras\",\"description\":\"Not\u00edcias de Bras\u00edlia, do Brasil e do Mundo\",\"publisher\":{\"@id\":\"https:\/\/www.notibras.com\/site\/#organization\"},\"potentialAction\":[{\"@type\":\"SearchAction\",\"target\":{\"@type\":\"EntryPoint\",\"urlTemplate\":\"https:\/\/www.notibras.com\/site\/?s={search_term_string}\"},\"query-input\":{\"@type\":\"PropertyValueSpecification\",\"valueRequired\":true,\"valueName\":\"search_term_string\"}}],\"inLanguage\":\"pt-BR\"},{\"@type\":\"Organization\",\"@id\":\"https:\/\/www.notibras.com\/site\/#organization\",\"name\":\"Grupo Notibras de Comunica\u00e7\u00e3o\",\"url\":\"https:\/\/www.notibras.com\/site\/\",\"logo\":{\"@type\":\"ImageObject\",\"inLanguage\":\"pt-BR\",\"@id\":\"https:\/\/www.notibras.com\/site\/#\/schema\/logo\/image\/\",\"url\":\"https:\/\/www.notibras.com\/site\/wp-content\/uploads\/2023\/01\/notibras23.png\",\"contentUrl\":\"https:\/\/www.notibras.com\/site\/wp-content\/uploads\/2023\/01\/notibras23.png\",\"width\":350,\"height\":87,\"caption\":\"Grupo Notibras de Comunica\u00e7\u00e3o\"},\"image\":{\"@id\":\"https:\/\/www.notibras.com\/site\/#\/schema\/logo\/image\/\"},\"sameAs\":[\"https:\/\/www.facebook.com\/notibras\/\",\"https:\/\/x.com\/Notibras\",\"https:\/\/www.instagram.com\/notibras\/\"]},{\"@type\":\"Person\",\"@id\":\"https:\/\/www.notibras.com\/site\/#\/schema\/person\/5b7fabf2aedc3ada2105f03b22b4d3dd\",\"name\":\"Eduardo Mart\u00ednez\",\"image\":{\"@type\":\"ImageObject\",\"inLanguage\":\"pt-BR\",\"@id\":\"https:\/\/secure.gravatar.com\/avatar\/7902f906289926289cbcda644b5197c796b893c6ffd7b9a536a42d290f7704a0?s=96&d=mm&r=g\",\"url\":\"https:\/\/secure.gravatar.com\/avatar\/7902f906289926289cbcda644b5197c796b893c6ffd7b9a536a42d290f7704a0?s=96&d=mm&r=g\",\"contentUrl\":\"https:\/\/secure.gravatar.com\/avatar\/7902f906289926289cbcda644b5197c796b893c6ffd7b9a536a42d290f7704a0?s=96&d=mm&r=g\",\"caption\":\"Eduardo Mart\u00ednez\"}}]}<\/script>\n<!-- \/ Yoast SEO plugin. -->","yoast_head_json":{"title":"A improv\u00e1vel vida de aventuras - Notibras","robots":{"index":"index","follow":"follow","max-snippet":"max-snippet:-1","max-image-preview":"max-image-preview:large","max-video-preview":"max-video-preview:-1"},"canonical":"https:\/\/www.notibras.com\/site\/a-improvavel-vida-de-aventuras\/","og_locale":"pt_BR","og_type":"article","og_title":"A improv\u00e1vel vida de aventuras - Notibras","og_description":"Meu av\u00f4, de acordo com as palavras do meu pai, teria sido um sujeito de se admirar. Desses que todos costumam voltar os olhos na v\u00e3 esperan\u00e7a de que ocorra uma troca de olhares, breve que seja, apenas para cordial aceno de cabe\u00e7a. N\u00e3o sei se papai fala com a raz\u00e3o ou, n\u00e3o descarto, seja [&hellip;]","og_url":"https:\/\/www.notibras.com\/site\/a-improvavel-vida-de-aventuras\/","og_site_name":"Notibras","article_publisher":"https:\/\/www.facebook.com\/notibras\/","article_published_time":"2026-03-13T05:00:47+00:00","og_image":[{"width":930,"height":559,"url":"https:\/\/www.notibras.com\/site\/wp-content\/uploads\/2026\/03\/WhatsApp-Image-2026-03-12-at-11.14.37.jpeg","type":"image\/jpeg"}],"author":"Eduardo Mart\u00ednez","twitter_card":"summary_large_image","twitter_creator":"@Notibras","twitter_site":"@Notibras","twitter_misc":{"Escrito por":"Eduardo Mart\u00ednez","Est. tempo de leitura":"3 minutos"},"schema":{"@context":"https:\/\/schema.org","@graph":[{"@type":"Article","@id":"https:\/\/www.notibras.com\/site\/a-improvavel-vida-de-aventuras\/#article","isPartOf":{"@id":"https:\/\/www.notibras.com\/site\/a-improvavel-vida-de-aventuras\/"},"author":{"name":"Eduardo Mart\u00ednez","@id":"https:\/\/www.notibras.com\/site\/#\/schema\/person\/5b7fabf2aedc3ada2105f03b22b4d3dd"},"headline":"A improv\u00e1vel vida de aventuras","datePublished":"2026-03-13T05:00:47+00:00","mainEntityOfPage":{"@id":"https:\/\/www.notibras.com\/site\/a-improvavel-vida-de-aventuras\/"},"wordCount":503,"publisher":{"@id":"https:\/\/www.notibras.com\/site\/#organization"},"image":{"@id":"https:\/\/www.notibras.com\/site\/a-improvavel-vida-de-aventuras\/#primaryimage"},"thumbnailUrl":"https:\/\/www.notibras.com\/site\/wp-content\/uploads\/2026\/03\/WhatsApp-Image-2026-03-12-at-11.14.37.jpeg","articleSection":["Quadradinho em Foco"],"inLanguage":"pt-BR"},{"@type":"WebPage","@id":"https:\/\/www.notibras.com\/site\/a-improvavel-vida-de-aventuras\/","url":"https:\/\/www.notibras.com\/site\/a-improvavel-vida-de-aventuras\/","name":"A improv\u00e1vel vida de aventuras - Notibras","isPartOf":{"@id":"https:\/\/www.notibras.com\/site\/#website"},"primaryImageOfPage":{"@id":"https:\/\/www.notibras.com\/site\/a-improvavel-vida-de-aventuras\/#primaryimage"},"image":{"@id":"https:\/\/www.notibras.com\/site\/a-improvavel-vida-de-aventuras\/#primaryimage"},"thumbnailUrl":"https:\/\/www.notibras.com\/site\/wp-content\/uploads\/2026\/03\/WhatsApp-Image-2026-03-12-at-11.14.37.jpeg","datePublished":"2026-03-13T05:00:47+00:00","breadcrumb":{"@id":"https:\/\/www.notibras.com\/site\/a-improvavel-vida-de-aventuras\/#breadcrumb"},"inLanguage":"pt-BR","potentialAction":[{"@type":"ReadAction","target":["https:\/\/www.notibras.com\/site\/a-improvavel-vida-de-aventuras\/"]}]},{"@type":"ImageObject","inLanguage":"pt-BR","@id":"https:\/\/www.notibras.com\/site\/a-improvavel-vida-de-aventuras\/#primaryimage","url":"https:\/\/www.notibras.com\/site\/wp-content\/uploads\/2026\/03\/WhatsApp-Image-2026-03-12-at-11.14.37.jpeg","contentUrl":"https:\/\/www.notibras.com\/site\/wp-content\/uploads\/2026\/03\/WhatsApp-Image-2026-03-12-at-11.14.37.jpeg","width":930,"height":559},{"@type":"BreadcrumbList","@id":"https:\/\/www.notibras.com\/site\/a-improvavel-vida-de-aventuras\/#breadcrumb","itemListElement":[{"@type":"ListItem","position":1,"name":"In\u00edcio","item":"https:\/\/www.notibras.com\/site\/"},{"@type":"ListItem","position":2,"name":"A improv\u00e1vel vida de aventuras"}]},{"@type":"WebSite","@id":"https:\/\/www.notibras.com\/site\/#website","url":"https:\/\/www.notibras.com\/site\/","name":"Notibras","description":"Not\u00edcias de Bras\u00edlia, do Brasil e do Mundo","publisher":{"@id":"https:\/\/www.notibras.com\/site\/#organization"},"potentialAction":[{"@type":"SearchAction","target":{"@type":"EntryPoint","urlTemplate":"https:\/\/www.notibras.com\/site\/?s={search_term_string}"},"query-input":{"@type":"PropertyValueSpecification","valueRequired":true,"valueName":"search_term_string"}}],"inLanguage":"pt-BR"},{"@type":"Organization","@id":"https:\/\/www.notibras.com\/site\/#organization","name":"Grupo Notibras de Comunica\u00e7\u00e3o","url":"https:\/\/www.notibras.com\/site\/","logo":{"@type":"ImageObject","inLanguage":"pt-BR","@id":"https:\/\/www.notibras.com\/site\/#\/schema\/logo\/image\/","url":"https:\/\/www.notibras.com\/site\/wp-content\/uploads\/2023\/01\/notibras23.png","contentUrl":"https:\/\/www.notibras.com\/site\/wp-content\/uploads\/2023\/01\/notibras23.png","width":350,"height":87,"caption":"Grupo Notibras de Comunica\u00e7\u00e3o"},"image":{"@id":"https:\/\/www.notibras.com\/site\/#\/schema\/logo\/image\/"},"sameAs":["https:\/\/www.facebook.com\/notibras\/","https:\/\/x.com\/Notibras","https:\/\/www.instagram.com\/notibras\/"]},{"@type":"Person","@id":"https:\/\/www.notibras.com\/site\/#\/schema\/person\/5b7fabf2aedc3ada2105f03b22b4d3dd","name":"Eduardo Mart\u00ednez","image":{"@type":"ImageObject","inLanguage":"pt-BR","@id":"https:\/\/secure.gravatar.com\/avatar\/7902f906289926289cbcda644b5197c796b893c6ffd7b9a536a42d290f7704a0?s=96&d=mm&r=g","url":"https:\/\/secure.gravatar.com\/avatar\/7902f906289926289cbcda644b5197c796b893c6ffd7b9a536a42d290f7704a0?s=96&d=mm&r=g","contentUrl":"https:\/\/secure.gravatar.com\/avatar\/7902f906289926289cbcda644b5197c796b893c6ffd7b9a536a42d290f7704a0?s=96&d=mm&r=g","caption":"Eduardo Mart\u00ednez"}}]}},"amp_enabled":true,"_links":{"self":[{"href":"https:\/\/www.notibras.com\/site\/wp-json\/wp\/v2\/posts\/386684","targetHints":{"allow":["GET"]}}],"collection":[{"href":"https:\/\/www.notibras.com\/site\/wp-json\/wp\/v2\/posts"}],"about":[{"href":"https:\/\/www.notibras.com\/site\/wp-json\/wp\/v2\/types\/post"}],"author":[{"embeddable":true,"href":"https:\/\/www.notibras.com\/site\/wp-json\/wp\/v2\/users\/21"}],"replies":[{"embeddable":true,"href":"https:\/\/www.notibras.com\/site\/wp-json\/wp\/v2\/comments?post=386684"}],"version-history":[{"count":2,"href":"https:\/\/www.notibras.com\/site\/wp-json\/wp\/v2\/posts\/386684\/revisions"}],"predecessor-version":[{"id":386687,"href":"https:\/\/www.notibras.com\/site\/wp-json\/wp\/v2\/posts\/386684\/revisions\/386687"}],"wp:featuredmedia":[{"embeddable":true,"href":"https:\/\/www.notibras.com\/site\/wp-json\/wp\/v2\/media\/386685"}],"wp:attachment":[{"href":"https:\/\/www.notibras.com\/site\/wp-json\/wp\/v2\/media?parent=386684"}],"wp:term":[{"taxonomy":"category","embeddable":true,"href":"https:\/\/www.notibras.com\/site\/wp-json\/wp\/v2\/categories?post=386684"},{"taxonomy":"post_tag","embeddable":true,"href":"https:\/\/www.notibras.com\/site\/wp-json\/wp\/v2\/tags?post=386684"}],"curies":[{"name":"wp","href":"https:\/\/api.w.org\/{rel}","templated":true}]}}