{"id":386689,"date":"2026-03-13T04:00:21","date_gmt":"2026-03-13T07:00:21","guid":{"rendered":"https:\/\/www.notibras.com\/site\/?p=386689"},"modified":"2026-03-12T12:44:04","modified_gmt":"2026-03-12T15:44:04","slug":"a-vida-nao-e-linear-apaixone-se-pelo-processo","status":"publish","type":"post","link":"https:\/\/www.notibras.com\/site\/a-vida-nao-e-linear-apaixone-se-pelo-processo\/","title":{"rendered":"A VIDA N\u00c3O \u00c9 LINEAR: APAIXONE-SE PELO PROCESSO"},"content":{"rendered":"<p>H\u00e1 uma cren\u00e7a silenciosa que aprendemos desde muito cedo: a de que a vida deve seguir uma linha reta. Entramos na escola, passamos de ano, escolhemos uma profiss\u00e3o, constru\u00edmos uma carreira, estabelecemos relacionamentos, atingimos metas e, supostamente, colhemos os frutos de tudo isso em uma progress\u00e3o cont\u00ednua e ascendente. Essa narrativa est\u00e1 t\u00e3o arraigada em nossa cultura que raramente a questionamos. Est\u00e1 nos elogios que recebemos quando somos bem-sucedidos, nos olhares de preocupa\u00e7\u00e3o quando hesitamos, nas compara\u00e7\u00f5es silenciosas que fazemos ao rolar a tela do celular.<\/p>\n<p>Esse ambiente, que poder\u00edamos chamar de cultura da linearidade, forma-se em lares, escolas e espa\u00e7os sociais onde o erro \u00e9 tratado como desvio, a pausa como pregui\u00e7a e a d\u00favida como fraqueza. A crian\u00e7a aprende, ainda muito pequena, que seu valor est\u00e1 diretamente atrelado \u00e0 sua capacidade de avan\u00e7ar sem trope\u00e7os. O afeto, muitas vezes, chega condicionado ao desempenho. Crescemos, assim, com a sensa\u00e7\u00e3o de que h\u00e1 um \u00fanico caminho certo e que qualquer desvio significa que estamos ficando para tr\u00e1s.<\/p>\n<p>No corpo, essa press\u00e3o se inscreve em sil\u00eancio. Os ombros se encurvam sob o peso do futuro, o maxilar se contrai na tentativa de segurar o controle, a respira\u00e7\u00e3o encurta como se o ar fosse um recurso escasso demais para ser aproveitado em pausas. A ansiedade torna-se companheira constante, e o corpo passa a viver em estado de prontid\u00e3o, aguardando o pr\u00f3ximo obst\u00e1culo a ser superado. O prazer de simplesmente existir vai se perdendo em meio \u00e0 urg\u00eancia de chegar a algum lugar.<\/p>\n<p>Na vida adulta, esse padr\u00e3o se revela em nuances sutis e nem t\u00e3o sutis assim. Revela-se na dificuldade de desacelerar aos finais de semana, na autocr\u00edtica feroz diante de um erro no trabalho, na ang\u00fastia ao ver colegas alcan\u00e7ando marcos que ainda n\u00e3o alcan\u00e7amos. Revela-se nas frases que repetimos para n\u00f3s mesmos: &#8220;Eu j\u00e1 deveria estar melhor&#8221;,<\/p>\n<p>&#8220;N\u00e3o posso parar agora&#8221;, &#8220;Se eu voltar atr\u00e1s, vou perder tudo&#8221;. Revela-se, sobretudo, na sensa\u00e7\u00e3o de que estamos sempre correndo atr\u00e1s de algo, sem nunca conseguir desfrutar plenamente do que j\u00e1 est\u00e1 aqui.<\/p>\n<p>A l\u00f3gica emocional por tr\u00e1s desse comportamento \u00e9 compreens\u00edvel e, ao mesmo tempo, profundamente enganosa. Acreditamos que nosso valor pessoal \u00e9 diretamente proporcional \u00e0 nossa produtividade e \u00e0 nossa capacidade de evolu\u00e7\u00e3o cont\u00ednua. Nessa equa\u00e7\u00e3o, qualquer pausa vira retrocesso, qualquer d\u00favida vira incapacidade, qualquer reca\u00edda vira fracasso pessoal. O que essa l\u00f3gica esconde \u00e9 que ela nos coloca em uma corrida sem linha de chegada, pois o ideal de perfei\u00e7\u00e3o linear \u00e9 simplesmente inating\u00edvel. A vida real n\u00e3o cabe nessa equa\u00e7\u00e3o.<\/p>\n<p>O caminho da transforma\u00e7\u00e3o come\u00e7a quando nos permitimos abandonar essa ilus\u00e3o. Quando olhamos para a natureza e percebemos que nenhum ciclo \u00e9 perfeitamente linear: as esta\u00e7\u00f5es v\u00e3o e voltam, as \u00e1rvores perdem folhas para depois florescer, os rios contornam obst\u00e1culos sem deixar de ser rios. A maturidade emocional n\u00e3o est\u00e1 em evitar as curvas, mas em aprender a naveg\u00e1-las com mais presen\u00e7a e menos julgamento.<\/p>\n<p>Apaixonar-se pelo processo \u00e9 isso: \u00e9 reconhecer que o crescimento psicol\u00f3gico raramente acontece em linha reta. \u00c9 entender que transforma\u00e7\u00f5es profundas exigem tempo de assimila\u00e7\u00e3o, repeti\u00e7\u00e3o de aprendizados e enfrentamento de desconfortos que antecedem a mudan\u00e7a real. \u00c9 permitir-se recome\u00e7ar sem se sentir fracassado, desacelerar sem se sentir estagnado, duvidar sem se sentir perdido. O processo n\u00e3o \u00e9 um intervalo entre conquistas; ele \u00e9 o pr\u00f3prio espa\u00e7o onde a vida acontece e onde a transforma\u00e7\u00e3o se tece, dia ap\u00f3s dia.<\/p>\n<p>Acolher a n\u00e3o linearidade da vida \u00e9 um ato de autocuidado profundo. \u00c9 reduzir a press\u00e3o interna que nos adoece, \u00e9 cultivar a autocompaix\u00e3o que nos sustenta, \u00e9 aprender a habitar as pausas com a mesma dignidade que celebramos as chegadas. A vida n\u00e3o \u00e9 uma linha reta rumo \u00e0 felicidade futura; ela \u00e9 um organismo vivo, pulsante, cheio de idas e vindas, que pede de n\u00f3s presen\u00e7a, n\u00e3o pressa.<\/p>\n<p>O que voc\u00ea tem interpretado como fracasso que talvez seja apenas o seu caminho mais humano, mais verdadeiro e mais necess\u00e1rio de encontrar a si mesmo?<\/p>\n<p><strong>&#8230;&#8230;&#8230;&#8230;&#8230;<\/strong><\/p>\n<p><strong>Acompanhe no perfil @sersuperconsciente \u00e0s lives \u201cTerapias que reconectam\u201d, todas as quartas-feiras, \u00e0s 19h.<\/strong><\/p>\n<p><strong>Marina Dutra \u2013 Terapeuta<\/strong><br \/>\n<strong>E-mail: sersuperconsciente@gmail.com<\/strong><\/p>\n","protected":false},"excerpt":{"rendered":"<p>H\u00e1 uma cren\u00e7a silenciosa que aprendemos desde muito cedo: a de que a vida deve seguir uma linha reta. Entramos na escola, passamos de ano, escolhemos uma profiss\u00e3o, constru\u00edmos uma carreira, estabelecemos relacionamentos, atingimos metas e, supostamente, colhemos os frutos de tudo isso em uma progress\u00e3o cont\u00ednua e ascendente. Essa narrativa est\u00e1 t\u00e3o arraigada em [&hellip;]<\/p>\n","protected":false},"author":21,"featured_media":386690,"comment_status":"closed","ping_status":"closed","sticky":false,"template":"","format":"standard","meta":{"_acf_changed":false,"footnotes":""},"categories":[155],"tags":[],"class_list":["post-386689","post","type-post","status-publish","format-standard","has-post-thumbnail","hentry","category-leitura-vip"],"acf":[],"yoast_head":"<!-- This site is optimized with the Yoast SEO plugin v27.2 - https:\/\/yoast.com\/product\/yoast-seo-wordpress\/ -->\n<title>A VIDA N\u00c3O \u00c9 LINEAR: APAIXONE-SE PELO PROCESSO - Notibras<\/title>\n<meta name=\"robots\" content=\"index, follow, max-snippet:-1, max-image-preview:large, max-video-preview:-1\" \/>\n<link rel=\"canonical\" href=\"https:\/\/www.notibras.com\/site\/a-vida-nao-e-linear-apaixone-se-pelo-processo\/\" \/>\n<meta property=\"og:locale\" content=\"pt_BR\" \/>\n<meta property=\"og:type\" content=\"article\" \/>\n<meta property=\"og:title\" content=\"A VIDA N\u00c3O \u00c9 LINEAR: APAIXONE-SE PELO PROCESSO - Notibras\" \/>\n<meta property=\"og:description\" content=\"H\u00e1 uma cren\u00e7a silenciosa que aprendemos desde muito cedo: a de que a vida deve seguir uma linha reta. Entramos na escola, passamos de ano, escolhemos uma profiss\u00e3o, constru\u00edmos uma carreira, estabelecemos relacionamentos, atingimos metas e, supostamente, colhemos os frutos de tudo isso em uma progress\u00e3o cont\u00ednua e ascendente. Essa narrativa est\u00e1 t\u00e3o arraigada em [&hellip;]\" \/>\n<meta property=\"og:url\" content=\"https:\/\/www.notibras.com\/site\/a-vida-nao-e-linear-apaixone-se-pelo-processo\/\" \/>\n<meta property=\"og:site_name\" content=\"Notibras\" \/>\n<meta property=\"article:publisher\" content=\"https:\/\/www.facebook.com\/notibras\/\" \/>\n<meta property=\"article:published_time\" content=\"2026-03-13T07:00:21+00:00\" \/>\n<meta property=\"og:image\" content=\"https:\/\/www.notibras.com\/site\/wp-content\/uploads\/2026\/03\/WhatsApp-Image-2026-03-12-at-10.05.04.jpeg\" \/>\n\t<meta property=\"og:image:width\" content=\"1024\" \/>\n\t<meta property=\"og:image:height\" content=\"1536\" \/>\n\t<meta property=\"og:image:type\" content=\"image\/jpeg\" \/>\n<meta name=\"author\" content=\"Eduardo Mart\u00ednez\" \/>\n<meta name=\"twitter:card\" content=\"summary_large_image\" \/>\n<meta name=\"twitter:creator\" content=\"@Notibras\" \/>\n<meta name=\"twitter:site\" content=\"@Notibras\" \/>\n<meta name=\"twitter:label1\" content=\"Escrito por\" \/>\n\t<meta name=\"twitter:data1\" content=\"Eduardo Mart\u00ednez\" \/>\n\t<meta name=\"twitter:label2\" content=\"Est. tempo de leitura\" \/>\n\t<meta name=\"twitter:data2\" content=\"4 minutos\" \/>\n<script type=\"application\/ld+json\" class=\"yoast-schema-graph\">{\"@context\":\"https:\/\/schema.org\",\"@graph\":[{\"@type\":\"Article\",\"@id\":\"https:\/\/www.notibras.com\/site\/a-vida-nao-e-linear-apaixone-se-pelo-processo\/#article\",\"isPartOf\":{\"@id\":\"https:\/\/www.notibras.com\/site\/a-vida-nao-e-linear-apaixone-se-pelo-processo\/\"},\"author\":{\"name\":\"Eduardo Mart\u00ednez\",\"@id\":\"https:\/\/www.notibras.com\/site\/#\/schema\/person\/5b7fabf2aedc3ada2105f03b22b4d3dd\"},\"headline\":\"A VIDA N\u00c3O \u00c9 LINEAR: APAIXONE-SE PELO PROCESSO\",\"datePublished\":\"2026-03-13T07:00:21+00:00\",\"mainEntityOfPage\":{\"@id\":\"https:\/\/www.notibras.com\/site\/a-vida-nao-e-linear-apaixone-se-pelo-processo\/\"},\"wordCount\":745,\"publisher\":{\"@id\":\"https:\/\/www.notibras.com\/site\/#organization\"},\"image\":{\"@id\":\"https:\/\/www.notibras.com\/site\/a-vida-nao-e-linear-apaixone-se-pelo-processo\/#primaryimage\"},\"thumbnailUrl\":\"https:\/\/www.notibras.com\/site\/wp-content\/uploads\/2026\/03\/WhatsApp-Image-2026-03-12-at-10.05.04.jpeg\",\"articleSection\":[\"Leitura Vip\"],\"inLanguage\":\"pt-BR\"},{\"@type\":\"WebPage\",\"@id\":\"https:\/\/www.notibras.com\/site\/a-vida-nao-e-linear-apaixone-se-pelo-processo\/\",\"url\":\"https:\/\/www.notibras.com\/site\/a-vida-nao-e-linear-apaixone-se-pelo-processo\/\",\"name\":\"A VIDA N\u00c3O \u00c9 LINEAR: APAIXONE-SE PELO PROCESSO - Notibras\",\"isPartOf\":{\"@id\":\"https:\/\/www.notibras.com\/site\/#website\"},\"primaryImageOfPage\":{\"@id\":\"https:\/\/www.notibras.com\/site\/a-vida-nao-e-linear-apaixone-se-pelo-processo\/#primaryimage\"},\"image\":{\"@id\":\"https:\/\/www.notibras.com\/site\/a-vida-nao-e-linear-apaixone-se-pelo-processo\/#primaryimage\"},\"thumbnailUrl\":\"https:\/\/www.notibras.com\/site\/wp-content\/uploads\/2026\/03\/WhatsApp-Image-2026-03-12-at-10.05.04.jpeg\",\"datePublished\":\"2026-03-13T07:00:21+00:00\",\"breadcrumb\":{\"@id\":\"https:\/\/www.notibras.com\/site\/a-vida-nao-e-linear-apaixone-se-pelo-processo\/#breadcrumb\"},\"inLanguage\":\"pt-BR\",\"potentialAction\":[{\"@type\":\"ReadAction\",\"target\":[\"https:\/\/www.notibras.com\/site\/a-vida-nao-e-linear-apaixone-se-pelo-processo\/\"]}]},{\"@type\":\"ImageObject\",\"inLanguage\":\"pt-BR\",\"@id\":\"https:\/\/www.notibras.com\/site\/a-vida-nao-e-linear-apaixone-se-pelo-processo\/#primaryimage\",\"url\":\"https:\/\/www.notibras.com\/site\/wp-content\/uploads\/2026\/03\/WhatsApp-Image-2026-03-12-at-10.05.04.jpeg\",\"contentUrl\":\"https:\/\/www.notibras.com\/site\/wp-content\/uploads\/2026\/03\/WhatsApp-Image-2026-03-12-at-10.05.04.jpeg\",\"width\":1024,\"height\":1536},{\"@type\":\"BreadcrumbList\",\"@id\":\"https:\/\/www.notibras.com\/site\/a-vida-nao-e-linear-apaixone-se-pelo-processo\/#breadcrumb\",\"itemListElement\":[{\"@type\":\"ListItem\",\"position\":1,\"name\":\"In\u00edcio\",\"item\":\"https:\/\/www.notibras.com\/site\/\"},{\"@type\":\"ListItem\",\"position\":2,\"name\":\"A VIDA N\u00c3O \u00c9 LINEAR: APAIXONE-SE PELO PROCESSO\"}]},{\"@type\":\"WebSite\",\"@id\":\"https:\/\/www.notibras.com\/site\/#website\",\"url\":\"https:\/\/www.notibras.com\/site\/\",\"name\":\"Notibras\",\"description\":\"Not\u00edcias de Bras\u00edlia, do Brasil e do Mundo\",\"publisher\":{\"@id\":\"https:\/\/www.notibras.com\/site\/#organization\"},\"potentialAction\":[{\"@type\":\"SearchAction\",\"target\":{\"@type\":\"EntryPoint\",\"urlTemplate\":\"https:\/\/www.notibras.com\/site\/?s={search_term_string}\"},\"query-input\":{\"@type\":\"PropertyValueSpecification\",\"valueRequired\":true,\"valueName\":\"search_term_string\"}}],\"inLanguage\":\"pt-BR\"},{\"@type\":\"Organization\",\"@id\":\"https:\/\/www.notibras.com\/site\/#organization\",\"name\":\"Grupo Notibras de Comunica\u00e7\u00e3o\",\"url\":\"https:\/\/www.notibras.com\/site\/\",\"logo\":{\"@type\":\"ImageObject\",\"inLanguage\":\"pt-BR\",\"@id\":\"https:\/\/www.notibras.com\/site\/#\/schema\/logo\/image\/\",\"url\":\"https:\/\/www.notibras.com\/site\/wp-content\/uploads\/2023\/01\/notibras23.png\",\"contentUrl\":\"https:\/\/www.notibras.com\/site\/wp-content\/uploads\/2023\/01\/notibras23.png\",\"width\":350,\"height\":87,\"caption\":\"Grupo Notibras de Comunica\u00e7\u00e3o\"},\"image\":{\"@id\":\"https:\/\/www.notibras.com\/site\/#\/schema\/logo\/image\/\"},\"sameAs\":[\"https:\/\/www.facebook.com\/notibras\/\",\"https:\/\/x.com\/Notibras\",\"https:\/\/www.instagram.com\/notibras\/\"]},{\"@type\":\"Person\",\"@id\":\"https:\/\/www.notibras.com\/site\/#\/schema\/person\/5b7fabf2aedc3ada2105f03b22b4d3dd\",\"name\":\"Eduardo Mart\u00ednez\",\"image\":{\"@type\":\"ImageObject\",\"inLanguage\":\"pt-BR\",\"@id\":\"https:\/\/secure.gravatar.com\/avatar\/7902f906289926289cbcda644b5197c796b893c6ffd7b9a536a42d290f7704a0?s=96&d=mm&r=g\",\"url\":\"https:\/\/secure.gravatar.com\/avatar\/7902f906289926289cbcda644b5197c796b893c6ffd7b9a536a42d290f7704a0?s=96&d=mm&r=g\",\"contentUrl\":\"https:\/\/secure.gravatar.com\/avatar\/7902f906289926289cbcda644b5197c796b893c6ffd7b9a536a42d290f7704a0?s=96&d=mm&r=g\",\"caption\":\"Eduardo Mart\u00ednez\"}}]}<\/script>\n<!-- \/ Yoast SEO plugin. -->","yoast_head_json":{"title":"A VIDA N\u00c3O \u00c9 LINEAR: APAIXONE-SE PELO PROCESSO - Notibras","robots":{"index":"index","follow":"follow","max-snippet":"max-snippet:-1","max-image-preview":"max-image-preview:large","max-video-preview":"max-video-preview:-1"},"canonical":"https:\/\/www.notibras.com\/site\/a-vida-nao-e-linear-apaixone-se-pelo-processo\/","og_locale":"pt_BR","og_type":"article","og_title":"A VIDA N\u00c3O \u00c9 LINEAR: APAIXONE-SE PELO PROCESSO - Notibras","og_description":"H\u00e1 uma cren\u00e7a silenciosa que aprendemos desde muito cedo: a de que a vida deve seguir uma linha reta. Entramos na escola, passamos de ano, escolhemos uma profiss\u00e3o, constru\u00edmos uma carreira, estabelecemos relacionamentos, atingimos metas e, supostamente, colhemos os frutos de tudo isso em uma progress\u00e3o cont\u00ednua e ascendente. Essa narrativa est\u00e1 t\u00e3o arraigada em [&hellip;]","og_url":"https:\/\/www.notibras.com\/site\/a-vida-nao-e-linear-apaixone-se-pelo-processo\/","og_site_name":"Notibras","article_publisher":"https:\/\/www.facebook.com\/notibras\/","article_published_time":"2026-03-13T07:00:21+00:00","og_image":[{"width":1024,"height":1536,"url":"https:\/\/www.notibras.com\/site\/wp-content\/uploads\/2026\/03\/WhatsApp-Image-2026-03-12-at-10.05.04.jpeg","type":"image\/jpeg"}],"author":"Eduardo Mart\u00ednez","twitter_card":"summary_large_image","twitter_creator":"@Notibras","twitter_site":"@Notibras","twitter_misc":{"Escrito por":"Eduardo Mart\u00ednez","Est. tempo de leitura":"4 minutos"},"schema":{"@context":"https:\/\/schema.org","@graph":[{"@type":"Article","@id":"https:\/\/www.notibras.com\/site\/a-vida-nao-e-linear-apaixone-se-pelo-processo\/#article","isPartOf":{"@id":"https:\/\/www.notibras.com\/site\/a-vida-nao-e-linear-apaixone-se-pelo-processo\/"},"author":{"name":"Eduardo Mart\u00ednez","@id":"https:\/\/www.notibras.com\/site\/#\/schema\/person\/5b7fabf2aedc3ada2105f03b22b4d3dd"},"headline":"A VIDA N\u00c3O \u00c9 LINEAR: APAIXONE-SE PELO PROCESSO","datePublished":"2026-03-13T07:00:21+00:00","mainEntityOfPage":{"@id":"https:\/\/www.notibras.com\/site\/a-vida-nao-e-linear-apaixone-se-pelo-processo\/"},"wordCount":745,"publisher":{"@id":"https:\/\/www.notibras.com\/site\/#organization"},"image":{"@id":"https:\/\/www.notibras.com\/site\/a-vida-nao-e-linear-apaixone-se-pelo-processo\/#primaryimage"},"thumbnailUrl":"https:\/\/www.notibras.com\/site\/wp-content\/uploads\/2026\/03\/WhatsApp-Image-2026-03-12-at-10.05.04.jpeg","articleSection":["Leitura Vip"],"inLanguage":"pt-BR"},{"@type":"WebPage","@id":"https:\/\/www.notibras.com\/site\/a-vida-nao-e-linear-apaixone-se-pelo-processo\/","url":"https:\/\/www.notibras.com\/site\/a-vida-nao-e-linear-apaixone-se-pelo-processo\/","name":"A VIDA N\u00c3O \u00c9 LINEAR: APAIXONE-SE PELO PROCESSO - Notibras","isPartOf":{"@id":"https:\/\/www.notibras.com\/site\/#website"},"primaryImageOfPage":{"@id":"https:\/\/www.notibras.com\/site\/a-vida-nao-e-linear-apaixone-se-pelo-processo\/#primaryimage"},"image":{"@id":"https:\/\/www.notibras.com\/site\/a-vida-nao-e-linear-apaixone-se-pelo-processo\/#primaryimage"},"thumbnailUrl":"https:\/\/www.notibras.com\/site\/wp-content\/uploads\/2026\/03\/WhatsApp-Image-2026-03-12-at-10.05.04.jpeg","datePublished":"2026-03-13T07:00:21+00:00","breadcrumb":{"@id":"https:\/\/www.notibras.com\/site\/a-vida-nao-e-linear-apaixone-se-pelo-processo\/#breadcrumb"},"inLanguage":"pt-BR","potentialAction":[{"@type":"ReadAction","target":["https:\/\/www.notibras.com\/site\/a-vida-nao-e-linear-apaixone-se-pelo-processo\/"]}]},{"@type":"ImageObject","inLanguage":"pt-BR","@id":"https:\/\/www.notibras.com\/site\/a-vida-nao-e-linear-apaixone-se-pelo-processo\/#primaryimage","url":"https:\/\/www.notibras.com\/site\/wp-content\/uploads\/2026\/03\/WhatsApp-Image-2026-03-12-at-10.05.04.jpeg","contentUrl":"https:\/\/www.notibras.com\/site\/wp-content\/uploads\/2026\/03\/WhatsApp-Image-2026-03-12-at-10.05.04.jpeg","width":1024,"height":1536},{"@type":"BreadcrumbList","@id":"https:\/\/www.notibras.com\/site\/a-vida-nao-e-linear-apaixone-se-pelo-processo\/#breadcrumb","itemListElement":[{"@type":"ListItem","position":1,"name":"In\u00edcio","item":"https:\/\/www.notibras.com\/site\/"},{"@type":"ListItem","position":2,"name":"A VIDA N\u00c3O \u00c9 LINEAR: APAIXONE-SE PELO PROCESSO"}]},{"@type":"WebSite","@id":"https:\/\/www.notibras.com\/site\/#website","url":"https:\/\/www.notibras.com\/site\/","name":"Notibras","description":"Not\u00edcias de Bras\u00edlia, do Brasil e do Mundo","publisher":{"@id":"https:\/\/www.notibras.com\/site\/#organization"},"potentialAction":[{"@type":"SearchAction","target":{"@type":"EntryPoint","urlTemplate":"https:\/\/www.notibras.com\/site\/?s={search_term_string}"},"query-input":{"@type":"PropertyValueSpecification","valueRequired":true,"valueName":"search_term_string"}}],"inLanguage":"pt-BR"},{"@type":"Organization","@id":"https:\/\/www.notibras.com\/site\/#organization","name":"Grupo Notibras de Comunica\u00e7\u00e3o","url":"https:\/\/www.notibras.com\/site\/","logo":{"@type":"ImageObject","inLanguage":"pt-BR","@id":"https:\/\/www.notibras.com\/site\/#\/schema\/logo\/image\/","url":"https:\/\/www.notibras.com\/site\/wp-content\/uploads\/2023\/01\/notibras23.png","contentUrl":"https:\/\/www.notibras.com\/site\/wp-content\/uploads\/2023\/01\/notibras23.png","width":350,"height":87,"caption":"Grupo Notibras de Comunica\u00e7\u00e3o"},"image":{"@id":"https:\/\/www.notibras.com\/site\/#\/schema\/logo\/image\/"},"sameAs":["https:\/\/www.facebook.com\/notibras\/","https:\/\/x.com\/Notibras","https:\/\/www.instagram.com\/notibras\/"]},{"@type":"Person","@id":"https:\/\/www.notibras.com\/site\/#\/schema\/person\/5b7fabf2aedc3ada2105f03b22b4d3dd","name":"Eduardo Mart\u00ednez","image":{"@type":"ImageObject","inLanguage":"pt-BR","@id":"https:\/\/secure.gravatar.com\/avatar\/7902f906289926289cbcda644b5197c796b893c6ffd7b9a536a42d290f7704a0?s=96&d=mm&r=g","url":"https:\/\/secure.gravatar.com\/avatar\/7902f906289926289cbcda644b5197c796b893c6ffd7b9a536a42d290f7704a0?s=96&d=mm&r=g","contentUrl":"https:\/\/secure.gravatar.com\/avatar\/7902f906289926289cbcda644b5197c796b893c6ffd7b9a536a42d290f7704a0?s=96&d=mm&r=g","caption":"Eduardo Mart\u00ednez"}}]}},"amp_enabled":true,"_links":{"self":[{"href":"https:\/\/www.notibras.com\/site\/wp-json\/wp\/v2\/posts\/386689","targetHints":{"allow":["GET"]}}],"collection":[{"href":"https:\/\/www.notibras.com\/site\/wp-json\/wp\/v2\/posts"}],"about":[{"href":"https:\/\/www.notibras.com\/site\/wp-json\/wp\/v2\/types\/post"}],"author":[{"embeddable":true,"href":"https:\/\/www.notibras.com\/site\/wp-json\/wp\/v2\/users\/21"}],"replies":[{"embeddable":true,"href":"https:\/\/www.notibras.com\/site\/wp-json\/wp\/v2\/comments?post=386689"}],"version-history":[{"count":2,"href":"https:\/\/www.notibras.com\/site\/wp-json\/wp\/v2\/posts\/386689\/revisions"}],"predecessor-version":[{"id":386692,"href":"https:\/\/www.notibras.com\/site\/wp-json\/wp\/v2\/posts\/386689\/revisions\/386692"}],"wp:featuredmedia":[{"embeddable":true,"href":"https:\/\/www.notibras.com\/site\/wp-json\/wp\/v2\/media\/386690"}],"wp:attachment":[{"href":"https:\/\/www.notibras.com\/site\/wp-json\/wp\/v2\/media?parent=386689"}],"wp:term":[{"taxonomy":"category","embeddable":true,"href":"https:\/\/www.notibras.com\/site\/wp-json\/wp\/v2\/categories?post=386689"},{"taxonomy":"post_tag","embeddable":true,"href":"https:\/\/www.notibras.com\/site\/wp-json\/wp\/v2\/tags?post=386689"}],"curies":[{"name":"wp","href":"https:\/\/api.w.org\/{rel}","templated":true}]}}