{"id":386693,"date":"2026-03-13T00:15:14","date_gmt":"2026-03-13T03:15:14","guid":{"rendered":"https:\/\/www.notibras.com\/site\/?p=386693"},"modified":"2026-03-12T13:08:53","modified_gmt":"2026-03-12T16:08:53","slug":"segundo-cepi-com-mais-de-200-vagas-para-primeira-infancia-em-periodo-integral","status":"publish","type":"post","link":"https:\/\/www.notibras.com\/site\/segundo-cepi-com-mais-de-200-vagas-para-primeira-infancia-em-periodo-integral\/","title":{"rendered":"Segundo Cepi com mais de 200 vagas para primeira inf\u00e2ncia em per\u00edodo integral"},"content":{"rendered":"<p>O Governo do Distrito Federal (GDF) inaugurou o segundo Centro de Educa\u00e7\u00e3o da Primeira Inf\u00e2ncia (Cepi) de Taguatinga nesta quinta-feira (12). Localizado na EQNL 9\/11, o Cepi Manac\u00e1 atender\u00e1 mais de 200 crian\u00e7as de 4 meses a 3 anos completos em per\u00edodo integral, em uma estrutura moderna com dez salas de aula. A obra foi executada pela Companhia Urbanizadora da Nova Capital (Novacap), com investimento de R$ 6.417.023,65, e representa mais um avan\u00e7o na amplia\u00e7\u00e3o da rede p\u00fablica de ensino da capital.<\/p>\n<p>Presente na solenidade, o governador Ibaneis Rocha destacou o compromisso do governo com a oferta de vagas para a popula\u00e7\u00e3o, com a constru\u00e7\u00e3o de 27 unidades em diversas regi\u00f5es administrativas desde 2019. \u201c[Taguatinga] n\u00e3o tinha nenhuma, agora j\u00e1 tem duas para atender as fam\u00edlias daqui da regi\u00e3o. Uma obra muito bem feita, em espa\u00e7o modular, com capacidade de receber aproximadamente 200 crian\u00e7as. [Somado] com a outra que j\u00e1 entregamos, de quase 200 vagas, s\u00e3o 400 crian\u00e7as na creche. E esse \u00e9 um presente que o Governo do Distrito Federal e a Secretaria de Educa\u00e7\u00e3o, em parceria com a Novacap, entrega para as m\u00e3es de toda essa regi\u00e3o\u201d, observou.<\/p>\n<p>Ibaneis Rocha tamb\u00e9m refor\u00e7ou a import\u00e2ncia dos equipamentos para o desenvolvimento das crian\u00e7as e o apoio \u00e0 rotina familiar. \u201cQuem ganha com isso s\u00e3o as m\u00e3es, que t\u00eam um local com sa\u00fade, bem preservado, com alimenta\u00e7\u00e3o garantida, com excelentes monitores para deixar os seus filhos \u00e0s 7h da manh\u00e3, saindo \u00e0s 17h, depois de fazer cinco refei\u00e7\u00f5es di\u00e1rias. Isso tudo faz com que n\u00f3s tenhamos crian\u00e7as que passam a ser bem educadas, bem cuidadas e t\u00eam toda a capacidade de se preparar para o futuro. Ent\u00e3o, para n\u00f3s \u00e9 motivo de muita alegria\u201d, salientou o chefe do Executivo. \u201cAinda temos mais 17 creches que ser\u00e3o constru\u00eddas at\u00e9 o ano que vem e acabamos com todo esse problema. Lembrando que eram 26 mil crian\u00e7as fora da creche. Hoje n\u00f3s estamos com essa fila praticamente zerada\u201d.<\/p>\n<p>A obra possui \u00e1rea total constru\u00edda de 1.311,97 m\u00b2 e foi executada pela Ol\u00edmpio Constru\u00e7\u00f5es Eireli-ME, com fiscaliza\u00e7\u00e3o da Novacap. Os recursos s\u00e3o provenientes do Fundo Nacional de Desenvolvimento da Educa\u00e7\u00e3o (FNDE), com contrapartida do GDF. A estrutura conta com dez salas de aula, espa\u00e7o multiuso, sala de professores, cozinha, vesti\u00e1rios, banheiros adaptados para pessoas com defici\u00eancia (PcD), lavanderia, rouparia, sala da secretaria, almoxarifado, lact\u00e1rio, frald\u00e1rios, sala da dire\u00e7\u00e3o, playground e p\u00e1tio coberto.<\/p>\n<p>Segundo a secret\u00e1ria de Educa\u00e7\u00e3o, H\u00e9lvia Paranagu\u00e1, o Cepi Manac\u00e1 vai oferecer educa\u00e7\u00e3o de qualidade aos pequenos, com atividades essenciais para a primeira inf\u00e2ncia. \u201cA crian\u00e7a \u00e9 estimulada e j\u00e1 come\u00e7a o processo de aprendizagem. Vai aprendendo o que \u00e9 quente, o que \u00e9 frio, o que \u00e9 mais duro, o que \u00e9 molinho. \u00c9 todo um trabalho que \u00e9 feito pelos nossos professores com essas crian\u00e7as, al\u00e9m da oferta de refei\u00e7\u00f5es para elas e de insumos para as m\u00e3es, desde fralda, toalha, tudo isso que a m\u00e3e recebe para ter o seu filho na creche. Ent\u00e3o, \u00e9 um atendimento integral para que as crian\u00e7as j\u00e1 iniciem a sua trajet\u00f3ria na educa\u00e7\u00e3o p\u00fablica do Distrito Federal\u201d, explicou a secret\u00e1ria.<\/p>\n<p>Mais de 200 crian\u00e7as de 4 meses a 3 anos completos dar\u00e3o os primeiros passos na jornada educacional no Centro de Educa\u00e7\u00e3o da Primeira Inf\u00e2ncia Manac\u00e1. \u201cEsse Cepi era muito esperado pela comunidade e, com a inaugura\u00e7\u00e3o, come\u00e7amos a atender as crian\u00e7as hoje mesmo\u201d, afirma a diretora da unidade, Gisele Fiqueira. \u201cA equipe \u00e9 formada por professores e monitores, nutricionistas, cozinheiros e equipes de limpeza e de portaria. Nosso planejamento pedag\u00f3gico, organiza\u00e7\u00e3o e forma\u00e7\u00f5es s\u00e3o voltados e pautados pelos documentos norteadores da educa\u00e7\u00e3o infantil e pelo Curr\u00edculo em Movimento, para priorizar o protagonismo infantil\u201d.<\/p>\n<p>O motorista de aplicativo Alysson do Amaral, 30 anos, comemorou a inaugura\u00e7\u00e3o da unidade. \u201cO Cepi \u00e9 de grande import\u00e2ncia para a gente, que vamos ter onde deixar nossos filhos\u201d, afirmou ele, que \u00e9 pai da pequena Ver\u00f4nica, de 1 ano. \u201cViemos fazer a matr\u00edcula e conhecer o espa\u00e7o, que \u00e9 \u00f3timo. Tudo novinho, ser\u00e1 muito bom para ela. As creches particulares t\u00eam valores bem exorbitantes, elevados, e esse Cepi aqui ajuda muito\u201d.<\/p>\n<p>Outro pai que est\u00e1 contente com a entrega \u00e9 o aut\u00f4nomo Renato J\u00fanior de Oliveira, 46. A filha dele, a pequena Olivia, tem apenas 8 meses e dar\u00e1 os primeiros passos na educa\u00e7\u00e3o na pr\u00f3xima semana. \u201cEu e a m\u00e3e dela viemos fazer a matr\u00edcula e ela j\u00e1 come\u00e7a na segunda-feira. Est\u00e1vamos precisando dessa creche, \u00e9 bem perto da nossa casa\u201d, revelou. \u201cIsso ajuda financeiramente, ajuda a fam\u00edlia, tanto o pai quanto a m\u00e3e, que podem trabalhar sem esquentar a cabe\u00e7a, porque o filho est\u00e1 sendo bem cuidado por profissionais de qualidade\u201d.<\/p>\n","protected":false},"excerpt":{"rendered":"<p>O Governo do Distrito Federal (GDF) inaugurou o segundo Centro de Educa\u00e7\u00e3o da Primeira Inf\u00e2ncia (Cepi) de Taguatinga nesta quinta-feira (12). Localizado na EQNL 9\/11, o Cepi Manac\u00e1 atender\u00e1 mais de 200 crian\u00e7as de 4 meses a 3 anos completos em per\u00edodo integral, em uma estrutura moderna com dez salas de aula. A obra foi [&hellip;]<\/p>\n","protected":false},"author":21,"featured_media":386694,"comment_status":"closed","ping_status":"closed","sticky":false,"template":"","format":"standard","meta":{"_acf_changed":false,"footnotes":""},"categories":[161],"tags":[],"class_list":["post-386693","post","type-post","status-publish","format-standard","has-post-thumbnail","hentry","category-quadradinho-em-foco"],"acf":[],"yoast_head":"<!-- This site is optimized with the Yoast SEO plugin v27.2 - https:\/\/yoast.com\/product\/yoast-seo-wordpress\/ -->\n<title>Segundo Cepi com mais de 200 vagas para primeira inf\u00e2ncia em per\u00edodo integral - Notibras<\/title>\n<meta name=\"robots\" content=\"index, follow, max-snippet:-1, max-image-preview:large, max-video-preview:-1\" \/>\n<link rel=\"canonical\" href=\"https:\/\/www.notibras.com\/site\/segundo-cepi-com-mais-de-200-vagas-para-primeira-infancia-em-periodo-integral\/\" \/>\n<meta property=\"og:locale\" content=\"pt_BR\" \/>\n<meta property=\"og:type\" content=\"article\" \/>\n<meta property=\"og:title\" content=\"Segundo Cepi com mais de 200 vagas para primeira inf\u00e2ncia em per\u00edodo integral - Notibras\" \/>\n<meta property=\"og:description\" content=\"O Governo do Distrito Federal (GDF) inaugurou o segundo Centro de Educa\u00e7\u00e3o da Primeira Inf\u00e2ncia (Cepi) de Taguatinga nesta quinta-feira (12). Localizado na EQNL 9\/11, o Cepi Manac\u00e1 atender\u00e1 mais de 200 crian\u00e7as de 4 meses a 3 anos completos em per\u00edodo integral, em uma estrutura moderna com dez salas de aula. A obra foi [&hellip;]\" \/>\n<meta property=\"og:url\" content=\"https:\/\/www.notibras.com\/site\/segundo-cepi-com-mais-de-200-vagas-para-primeira-infancia-em-periodo-integral\/\" \/>\n<meta property=\"og:site_name\" content=\"Notibras\" \/>\n<meta property=\"article:publisher\" content=\"https:\/\/www.facebook.com\/notibras\/\" \/>\n<meta property=\"article:published_time\" content=\"2026-03-13T03:15:14+00:00\" \/>\n<meta property=\"og:image\" content=\"https:\/\/www.notibras.com\/site\/wp-content\/uploads\/2026\/03\/Allyson-do-Amaral.jpg\" \/>\n\t<meta property=\"og:image:width\" content=\"2240\" \/>\n\t<meta property=\"og:image:height\" content=\"1493\" \/>\n\t<meta property=\"og:image:type\" content=\"image\/jpeg\" \/>\n<meta name=\"author\" content=\"Eduardo Mart\u00ednez\" \/>\n<meta name=\"twitter:card\" content=\"summary_large_image\" \/>\n<meta name=\"twitter:creator\" content=\"@Notibras\" \/>\n<meta name=\"twitter:site\" content=\"@Notibras\" \/>\n<meta name=\"twitter:label1\" content=\"Escrito por\" \/>\n\t<meta name=\"twitter:data1\" content=\"Eduardo Mart\u00ednez\" \/>\n\t<meta name=\"twitter:label2\" content=\"Est. tempo de leitura\" \/>\n\t<meta name=\"twitter:data2\" content=\"5 minutos\" \/>\n<script type=\"application\/ld+json\" class=\"yoast-schema-graph\">{\"@context\":\"https:\/\/schema.org\",\"@graph\":[{\"@type\":\"Article\",\"@id\":\"https:\/\/www.notibras.com\/site\/segundo-cepi-com-mais-de-200-vagas-para-primeira-infancia-em-periodo-integral\/#article\",\"isPartOf\":{\"@id\":\"https:\/\/www.notibras.com\/site\/segundo-cepi-com-mais-de-200-vagas-para-primeira-infancia-em-periodo-integral\/\"},\"author\":{\"name\":\"Eduardo Mart\u00ednez\",\"@id\":\"https:\/\/www.notibras.com\/site\/#\/schema\/person\/5b7fabf2aedc3ada2105f03b22b4d3dd\"},\"headline\":\"Segundo Cepi com mais de 200 vagas para primeira inf\u00e2ncia em per\u00edodo integral\",\"datePublished\":\"2026-03-13T03:15:14+00:00\",\"mainEntityOfPage\":{\"@id\":\"https:\/\/www.notibras.com\/site\/segundo-cepi-com-mais-de-200-vagas-para-primeira-infancia-em-periodo-integral\/\"},\"wordCount\":852,\"publisher\":{\"@id\":\"https:\/\/www.notibras.com\/site\/#organization\"},\"image\":{\"@id\":\"https:\/\/www.notibras.com\/site\/segundo-cepi-com-mais-de-200-vagas-para-primeira-infancia-em-periodo-integral\/#primaryimage\"},\"thumbnailUrl\":\"https:\/\/www.notibras.com\/site\/wp-content\/uploads\/2026\/03\/Allyson-do-Amaral.jpg\",\"articleSection\":[\"Quadradinho em Foco\"],\"inLanguage\":\"pt-BR\"},{\"@type\":\"WebPage\",\"@id\":\"https:\/\/www.notibras.com\/site\/segundo-cepi-com-mais-de-200-vagas-para-primeira-infancia-em-periodo-integral\/\",\"url\":\"https:\/\/www.notibras.com\/site\/segundo-cepi-com-mais-de-200-vagas-para-primeira-infancia-em-periodo-integral\/\",\"name\":\"Segundo Cepi com mais de 200 vagas para primeira inf\u00e2ncia em per\u00edodo integral - Notibras\",\"isPartOf\":{\"@id\":\"https:\/\/www.notibras.com\/site\/#website\"},\"primaryImageOfPage\":{\"@id\":\"https:\/\/www.notibras.com\/site\/segundo-cepi-com-mais-de-200-vagas-para-primeira-infancia-em-periodo-integral\/#primaryimage\"},\"image\":{\"@id\":\"https:\/\/www.notibras.com\/site\/segundo-cepi-com-mais-de-200-vagas-para-primeira-infancia-em-periodo-integral\/#primaryimage\"},\"thumbnailUrl\":\"https:\/\/www.notibras.com\/site\/wp-content\/uploads\/2026\/03\/Allyson-do-Amaral.jpg\",\"datePublished\":\"2026-03-13T03:15:14+00:00\",\"breadcrumb\":{\"@id\":\"https:\/\/www.notibras.com\/site\/segundo-cepi-com-mais-de-200-vagas-para-primeira-infancia-em-periodo-integral\/#breadcrumb\"},\"inLanguage\":\"pt-BR\",\"potentialAction\":[{\"@type\":\"ReadAction\",\"target\":[\"https:\/\/www.notibras.com\/site\/segundo-cepi-com-mais-de-200-vagas-para-primeira-infancia-em-periodo-integral\/\"]}]},{\"@type\":\"ImageObject\",\"inLanguage\":\"pt-BR\",\"@id\":\"https:\/\/www.notibras.com\/site\/segundo-cepi-com-mais-de-200-vagas-para-primeira-infancia-em-periodo-integral\/#primaryimage\",\"url\":\"https:\/\/www.notibras.com\/site\/wp-content\/uploads\/2026\/03\/Allyson-do-Amaral.jpg\",\"contentUrl\":\"https:\/\/www.notibras.com\/site\/wp-content\/uploads\/2026\/03\/Allyson-do-Amaral.jpg\",\"width\":2240,\"height\":1493},{\"@type\":\"BreadcrumbList\",\"@id\":\"https:\/\/www.notibras.com\/site\/segundo-cepi-com-mais-de-200-vagas-para-primeira-infancia-em-periodo-integral\/#breadcrumb\",\"itemListElement\":[{\"@type\":\"ListItem\",\"position\":1,\"name\":\"In\u00edcio\",\"item\":\"https:\/\/www.notibras.com\/site\/\"},{\"@type\":\"ListItem\",\"position\":2,\"name\":\"Segundo Cepi com mais de 200 vagas para primeira inf\u00e2ncia em per\u00edodo integral\"}]},{\"@type\":\"WebSite\",\"@id\":\"https:\/\/www.notibras.com\/site\/#website\",\"url\":\"https:\/\/www.notibras.com\/site\/\",\"name\":\"Notibras\",\"description\":\"Not\u00edcias de Bras\u00edlia, do Brasil e do Mundo\",\"publisher\":{\"@id\":\"https:\/\/www.notibras.com\/site\/#organization\"},\"potentialAction\":[{\"@type\":\"SearchAction\",\"target\":{\"@type\":\"EntryPoint\",\"urlTemplate\":\"https:\/\/www.notibras.com\/site\/?s={search_term_string}\"},\"query-input\":{\"@type\":\"PropertyValueSpecification\",\"valueRequired\":true,\"valueName\":\"search_term_string\"}}],\"inLanguage\":\"pt-BR\"},{\"@type\":\"Organization\",\"@id\":\"https:\/\/www.notibras.com\/site\/#organization\",\"name\":\"Grupo Notibras de Comunica\u00e7\u00e3o\",\"url\":\"https:\/\/www.notibras.com\/site\/\",\"logo\":{\"@type\":\"ImageObject\",\"inLanguage\":\"pt-BR\",\"@id\":\"https:\/\/www.notibras.com\/site\/#\/schema\/logo\/image\/\",\"url\":\"https:\/\/www.notibras.com\/site\/wp-content\/uploads\/2023\/01\/notibras23.png\",\"contentUrl\":\"https:\/\/www.notibras.com\/site\/wp-content\/uploads\/2023\/01\/notibras23.png\",\"width\":350,\"height\":87,\"caption\":\"Grupo Notibras de Comunica\u00e7\u00e3o\"},\"image\":{\"@id\":\"https:\/\/www.notibras.com\/site\/#\/schema\/logo\/image\/\"},\"sameAs\":[\"https:\/\/www.facebook.com\/notibras\/\",\"https:\/\/x.com\/Notibras\",\"https:\/\/www.instagram.com\/notibras\/\"]},{\"@type\":\"Person\",\"@id\":\"https:\/\/www.notibras.com\/site\/#\/schema\/person\/5b7fabf2aedc3ada2105f03b22b4d3dd\",\"name\":\"Eduardo Mart\u00ednez\",\"image\":{\"@type\":\"ImageObject\",\"inLanguage\":\"pt-BR\",\"@id\":\"https:\/\/secure.gravatar.com\/avatar\/7902f906289926289cbcda644b5197c796b893c6ffd7b9a536a42d290f7704a0?s=96&d=mm&r=g\",\"url\":\"https:\/\/secure.gravatar.com\/avatar\/7902f906289926289cbcda644b5197c796b893c6ffd7b9a536a42d290f7704a0?s=96&d=mm&r=g\",\"contentUrl\":\"https:\/\/secure.gravatar.com\/avatar\/7902f906289926289cbcda644b5197c796b893c6ffd7b9a536a42d290f7704a0?s=96&d=mm&r=g\",\"caption\":\"Eduardo Mart\u00ednez\"}}]}<\/script>\n<!-- \/ Yoast SEO plugin. -->","yoast_head_json":{"title":"Segundo Cepi com mais de 200 vagas para primeira inf\u00e2ncia em per\u00edodo integral - Notibras","robots":{"index":"index","follow":"follow","max-snippet":"max-snippet:-1","max-image-preview":"max-image-preview:large","max-video-preview":"max-video-preview:-1"},"canonical":"https:\/\/www.notibras.com\/site\/segundo-cepi-com-mais-de-200-vagas-para-primeira-infancia-em-periodo-integral\/","og_locale":"pt_BR","og_type":"article","og_title":"Segundo Cepi com mais de 200 vagas para primeira inf\u00e2ncia em per\u00edodo integral - Notibras","og_description":"O Governo do Distrito Federal (GDF) inaugurou o segundo Centro de Educa\u00e7\u00e3o da Primeira Inf\u00e2ncia (Cepi) de Taguatinga nesta quinta-feira (12). Localizado na EQNL 9\/11, o Cepi Manac\u00e1 atender\u00e1 mais de 200 crian\u00e7as de 4 meses a 3 anos completos em per\u00edodo integral, em uma estrutura moderna com dez salas de aula. A obra foi [&hellip;]","og_url":"https:\/\/www.notibras.com\/site\/segundo-cepi-com-mais-de-200-vagas-para-primeira-infancia-em-periodo-integral\/","og_site_name":"Notibras","article_publisher":"https:\/\/www.facebook.com\/notibras\/","article_published_time":"2026-03-13T03:15:14+00:00","og_image":[{"width":2240,"height":1493,"url":"https:\/\/www.notibras.com\/site\/wp-content\/uploads\/2026\/03\/Allyson-do-Amaral.jpg","type":"image\/jpeg"}],"author":"Eduardo Mart\u00ednez","twitter_card":"summary_large_image","twitter_creator":"@Notibras","twitter_site":"@Notibras","twitter_misc":{"Escrito por":"Eduardo Mart\u00ednez","Est. tempo de leitura":"5 minutos"},"schema":{"@context":"https:\/\/schema.org","@graph":[{"@type":"Article","@id":"https:\/\/www.notibras.com\/site\/segundo-cepi-com-mais-de-200-vagas-para-primeira-infancia-em-periodo-integral\/#article","isPartOf":{"@id":"https:\/\/www.notibras.com\/site\/segundo-cepi-com-mais-de-200-vagas-para-primeira-infancia-em-periodo-integral\/"},"author":{"name":"Eduardo Mart\u00ednez","@id":"https:\/\/www.notibras.com\/site\/#\/schema\/person\/5b7fabf2aedc3ada2105f03b22b4d3dd"},"headline":"Segundo Cepi com mais de 200 vagas para primeira inf\u00e2ncia em per\u00edodo integral","datePublished":"2026-03-13T03:15:14+00:00","mainEntityOfPage":{"@id":"https:\/\/www.notibras.com\/site\/segundo-cepi-com-mais-de-200-vagas-para-primeira-infancia-em-periodo-integral\/"},"wordCount":852,"publisher":{"@id":"https:\/\/www.notibras.com\/site\/#organization"},"image":{"@id":"https:\/\/www.notibras.com\/site\/segundo-cepi-com-mais-de-200-vagas-para-primeira-infancia-em-periodo-integral\/#primaryimage"},"thumbnailUrl":"https:\/\/www.notibras.com\/site\/wp-content\/uploads\/2026\/03\/Allyson-do-Amaral.jpg","articleSection":["Quadradinho em Foco"],"inLanguage":"pt-BR"},{"@type":"WebPage","@id":"https:\/\/www.notibras.com\/site\/segundo-cepi-com-mais-de-200-vagas-para-primeira-infancia-em-periodo-integral\/","url":"https:\/\/www.notibras.com\/site\/segundo-cepi-com-mais-de-200-vagas-para-primeira-infancia-em-periodo-integral\/","name":"Segundo Cepi com mais de 200 vagas para primeira inf\u00e2ncia em per\u00edodo integral - Notibras","isPartOf":{"@id":"https:\/\/www.notibras.com\/site\/#website"},"primaryImageOfPage":{"@id":"https:\/\/www.notibras.com\/site\/segundo-cepi-com-mais-de-200-vagas-para-primeira-infancia-em-periodo-integral\/#primaryimage"},"image":{"@id":"https:\/\/www.notibras.com\/site\/segundo-cepi-com-mais-de-200-vagas-para-primeira-infancia-em-periodo-integral\/#primaryimage"},"thumbnailUrl":"https:\/\/www.notibras.com\/site\/wp-content\/uploads\/2026\/03\/Allyson-do-Amaral.jpg","datePublished":"2026-03-13T03:15:14+00:00","breadcrumb":{"@id":"https:\/\/www.notibras.com\/site\/segundo-cepi-com-mais-de-200-vagas-para-primeira-infancia-em-periodo-integral\/#breadcrumb"},"inLanguage":"pt-BR","potentialAction":[{"@type":"ReadAction","target":["https:\/\/www.notibras.com\/site\/segundo-cepi-com-mais-de-200-vagas-para-primeira-infancia-em-periodo-integral\/"]}]},{"@type":"ImageObject","inLanguage":"pt-BR","@id":"https:\/\/www.notibras.com\/site\/segundo-cepi-com-mais-de-200-vagas-para-primeira-infancia-em-periodo-integral\/#primaryimage","url":"https:\/\/www.notibras.com\/site\/wp-content\/uploads\/2026\/03\/Allyson-do-Amaral.jpg","contentUrl":"https:\/\/www.notibras.com\/site\/wp-content\/uploads\/2026\/03\/Allyson-do-Amaral.jpg","width":2240,"height":1493},{"@type":"BreadcrumbList","@id":"https:\/\/www.notibras.com\/site\/segundo-cepi-com-mais-de-200-vagas-para-primeira-infancia-em-periodo-integral\/#breadcrumb","itemListElement":[{"@type":"ListItem","position":1,"name":"In\u00edcio","item":"https:\/\/www.notibras.com\/site\/"},{"@type":"ListItem","position":2,"name":"Segundo Cepi com mais de 200 vagas para primeira inf\u00e2ncia em per\u00edodo integral"}]},{"@type":"WebSite","@id":"https:\/\/www.notibras.com\/site\/#website","url":"https:\/\/www.notibras.com\/site\/","name":"Notibras","description":"Not\u00edcias de Bras\u00edlia, do Brasil e do Mundo","publisher":{"@id":"https:\/\/www.notibras.com\/site\/#organization"},"potentialAction":[{"@type":"SearchAction","target":{"@type":"EntryPoint","urlTemplate":"https:\/\/www.notibras.com\/site\/?s={search_term_string}"},"query-input":{"@type":"PropertyValueSpecification","valueRequired":true,"valueName":"search_term_string"}}],"inLanguage":"pt-BR"},{"@type":"Organization","@id":"https:\/\/www.notibras.com\/site\/#organization","name":"Grupo Notibras de Comunica\u00e7\u00e3o","url":"https:\/\/www.notibras.com\/site\/","logo":{"@type":"ImageObject","inLanguage":"pt-BR","@id":"https:\/\/www.notibras.com\/site\/#\/schema\/logo\/image\/","url":"https:\/\/www.notibras.com\/site\/wp-content\/uploads\/2023\/01\/notibras23.png","contentUrl":"https:\/\/www.notibras.com\/site\/wp-content\/uploads\/2023\/01\/notibras23.png","width":350,"height":87,"caption":"Grupo Notibras de Comunica\u00e7\u00e3o"},"image":{"@id":"https:\/\/www.notibras.com\/site\/#\/schema\/logo\/image\/"},"sameAs":["https:\/\/www.facebook.com\/notibras\/","https:\/\/x.com\/Notibras","https:\/\/www.instagram.com\/notibras\/"]},{"@type":"Person","@id":"https:\/\/www.notibras.com\/site\/#\/schema\/person\/5b7fabf2aedc3ada2105f03b22b4d3dd","name":"Eduardo Mart\u00ednez","image":{"@type":"ImageObject","inLanguage":"pt-BR","@id":"https:\/\/secure.gravatar.com\/avatar\/7902f906289926289cbcda644b5197c796b893c6ffd7b9a536a42d290f7704a0?s=96&d=mm&r=g","url":"https:\/\/secure.gravatar.com\/avatar\/7902f906289926289cbcda644b5197c796b893c6ffd7b9a536a42d290f7704a0?s=96&d=mm&r=g","contentUrl":"https:\/\/secure.gravatar.com\/avatar\/7902f906289926289cbcda644b5197c796b893c6ffd7b9a536a42d290f7704a0?s=96&d=mm&r=g","caption":"Eduardo Mart\u00ednez"}}]}},"amp_enabled":true,"_links":{"self":[{"href":"https:\/\/www.notibras.com\/site\/wp-json\/wp\/v2\/posts\/386693","targetHints":{"allow":["GET"]}}],"collection":[{"href":"https:\/\/www.notibras.com\/site\/wp-json\/wp\/v2\/posts"}],"about":[{"href":"https:\/\/www.notibras.com\/site\/wp-json\/wp\/v2\/types\/post"}],"author":[{"embeddable":true,"href":"https:\/\/www.notibras.com\/site\/wp-json\/wp\/v2\/users\/21"}],"replies":[{"embeddable":true,"href":"https:\/\/www.notibras.com\/site\/wp-json\/wp\/v2\/comments?post=386693"}],"version-history":[{"count":2,"href":"https:\/\/www.notibras.com\/site\/wp-json\/wp\/v2\/posts\/386693\/revisions"}],"predecessor-version":[{"id":386696,"href":"https:\/\/www.notibras.com\/site\/wp-json\/wp\/v2\/posts\/386693\/revisions\/386696"}],"wp:featuredmedia":[{"embeddable":true,"href":"https:\/\/www.notibras.com\/site\/wp-json\/wp\/v2\/media\/386694"}],"wp:attachment":[{"href":"https:\/\/www.notibras.com\/site\/wp-json\/wp\/v2\/media?parent=386693"}],"wp:term":[{"taxonomy":"category","embeddable":true,"href":"https:\/\/www.notibras.com\/site\/wp-json\/wp\/v2\/categories?post=386693"},{"taxonomy":"post_tag","embeddable":true,"href":"https:\/\/www.notibras.com\/site\/wp-json\/wp\/v2\/tags?post=386693"}],"curies":[{"name":"wp","href":"https:\/\/api.w.org\/{rel}","templated":true}]}}