{"id":386698,"date":"2026-03-12T12:32:22","date_gmt":"2026-03-12T15:32:22","guid":{"rendered":"https:\/\/www.notibras.com\/site\/?p=386698"},"modified":"2026-03-12T13:34:22","modified_gmt":"2026-03-12T16:34:22","slug":"ira-endurece-discurso-e-ameaca-ampliar-guerra","status":"publish","type":"post","link":"https:\/\/www.notibras.com\/site\/ira-endurece-discurso-e-ameaca-ampliar-guerra\/","title":{"rendered":"Ir\u00e3 endurece discurso e amea\u00e7a ampliar guerra"},"content":{"rendered":"<p>Em sua primeira manifesta\u00e7\u00e3o p\u00fablica desde que assumiu o posto de L\u00edder Supremo da Rep\u00fablica Isl\u00e2mica, ap\u00f3s a morte de seu pai, Mojtaba Khamenei adotou nesta quinta-feira, 12, um tom de forte confronta\u00e7\u00e3o e afirmou que o Ir\u00e3 n\u00e3o abrir\u00e1 m\u00e3o do que chamou de \u201cdireito inegoci\u00e1vel\u201d de vingar o sangue de seus m\u00e1rtires mortos na guerra contra Estados Unidos e Israel.<\/p>\n<p>\u201cAsseguro a todos que n\u00e3o renunciaremos a vingar o sangue de seus m\u00e1rtires\u201d, declarou Mojtaba, em discurso transmitido por meios oficiais iranianos. Segundo ele, a resposta de Teer\u00e3 n\u00e3o se limita \u00e0 morte de Ali Khamenei, morto nos primeiros ataques do conflito, mas se estende a cada iraniano atingido pelos bombardeios inimigos. \u201cA vingan\u00e7a que almejamos n\u00e3o se limita ao mart\u00edrio do Grande L\u00edder da Revolu\u00e7\u00e3o; cada membro da na\u00e7\u00e3o martirizado pelo inimigo constitui um caso \u00e0 parte para vingan\u00e7a\u201d, afirmou.<\/p>\n<p>O novo l\u00edder iraniano acrescentou que parte dessa resposta j\u00e1 come\u00e7ou a se materializar militarmente, mas deixou claro que, para Teer\u00e3, a opera\u00e7\u00e3o retaliat\u00f3ria ainda est\u00e1 longe do fim. \u201cUma parte limitada dessa vingan\u00e7a j\u00e1 tomou forma concreta, por\u00e9m enquanto n\u00e3o for levada adiante em sua totalidade, essa quest\u00e3o permanecer\u00e1 acima de todas as outras\u201d, disse, ao mencionar tamb\u00e9m o bombardeio contra uma escola feminina em Minab, epis\u00f3dio usado pelo regime como s\u00edmbolo de mobiliza\u00e7\u00e3o nacional. \u201cSeremos particularmente sens\u00edveis ao sangue de nossas crian\u00e7as e beb\u00eas\u201d, completou.<\/p>\n<p>Al\u00e9m do discurso emocional, Mojtaba introduziu um elemento de grande preocupa\u00e7\u00e3o internacional: a possibilidade de usar o Estreito de Ormuz como instrumento direto de guerra. O bloqueio da passagem mar\u00edtima \u2014 por onde circula parcela expressiva do petr\u00f3leo mundial \u2014 voltou a ser citado como mecanismo de press\u00e3o estrat\u00e9gica, elevando o temor de impacto imediato sobre energia, fretes mar\u00edtimos e mercados globais.<\/p>\n<p>O novo L\u00edder Supremo tamb\u00e9m lan\u00e7ou advert\u00eancia direta aos pa\u00edses \u00e1rabes do Golfo, afirmando que qualquer apoio log\u00edstico aos Estados Unidos poder\u00e1 transformar esses territ\u00f3rios em alvos militares iranianos. Segundo ele, bases militares instaladas na regi\u00e3o e colocadas \u00e0 disposi\u00e7\u00e3o de Washington passariam automaticamente a integrar o teatro de guerra.<\/p>\n<p>\u201cOs Estados do Golfo devem esclarecer sua posi\u00e7\u00e3o em rela\u00e7\u00e3o aos agressores de nossa amada p\u00e1tria e aos assassinos de nosso povo\u201d, afirmou. \u201cRecomendo que fechem essas bases o mais r\u00e1pido poss\u00edvel, porque precisam compreender que as promessas americanas de seguran\u00e7a e paz n\u00e3o passam de mentira.\u201d<\/p>\n<p>A declara\u00e7\u00e3o amplia a tens\u00e3o sobre pa\u00edses como Ar\u00e1bia Saudita, Emirados \u00c1rabes Unidos, Bahrein e Catar, onde h\u00e1 presen\u00e7a militar ocidental e estruturas sens\u00edveis para opera\u00e7\u00f5es a\u00e9reas e navais. Analistas internacionais avaliam que o discurso de Mojtaba confirma uma linha ainda mais r\u00edgida que a de seu pai, sugerindo que o novo comando iraniano pretende sustentar o conflito em m\u00faltiplas frentes, combinando retalia\u00e7\u00e3o militar, press\u00e3o energ\u00e9tica e intimida\u00e7\u00e3o diplom\u00e1tica.<\/p>\n<p>No ambiente internacional, a fala foi recebida como sinal de que a guerra entra em nova etapa: menos simb\u00f3lica, mais direta, e com potencial de arrastar toda a arquitetura estrat\u00e9gica do Golfo para um confronto de consequ\u00eancias imprevis\u00edveis.<\/p>\n","protected":false},"excerpt":{"rendered":"<p>Em sua primeira manifesta\u00e7\u00e3o p\u00fablica desde que assumiu o posto de L\u00edder Supremo da Rep\u00fablica Isl\u00e2mica, ap\u00f3s a morte de seu pai, Mojtaba Khamenei adotou nesta quinta-feira, 12, um tom de forte confronta\u00e7\u00e3o e afirmou que o Ir\u00e3 n\u00e3o abrir\u00e1 m\u00e3o do que chamou de \u201cdireito inegoci\u00e1vel\u201d de vingar o sangue de seus m\u00e1rtires mortos [&hellip;]<\/p>\n","protected":false},"author":2,"featured_media":386699,"comment_status":"closed","ping_status":"closed","sticky":false,"template":"","format":"standard","meta":{"_acf_changed":false,"footnotes":""},"categories":[159],"tags":[95],"class_list":["post-386698","post","type-post","status-publish","format-standard","has-post-thumbnail","hentry","category-apocalipse","tag-capa"],"acf":[],"yoast_head":"<!-- This site is optimized with the Yoast SEO plugin v27.2 - https:\/\/yoast.com\/product\/yoast-seo-wordpress\/ -->\n<title>Ir\u00e3 endurece discurso e amea\u00e7a ampliar guerra - Notibras<\/title>\n<meta name=\"robots\" content=\"index, follow, max-snippet:-1, max-image-preview:large, max-video-preview:-1\" \/>\n<link rel=\"canonical\" href=\"https:\/\/www.notibras.com\/site\/ira-endurece-discurso-e-ameaca-ampliar-guerra\/\" \/>\n<meta property=\"og:locale\" content=\"pt_BR\" \/>\n<meta property=\"og:type\" content=\"article\" \/>\n<meta property=\"og:title\" content=\"Ir\u00e3 endurece discurso e amea\u00e7a ampliar guerra - Notibras\" \/>\n<meta property=\"og:description\" content=\"Em sua primeira manifesta\u00e7\u00e3o p\u00fablica desde que assumiu o posto de L\u00edder Supremo da Rep\u00fablica Isl\u00e2mica, ap\u00f3s a morte de seu pai, Mojtaba Khamenei adotou nesta quinta-feira, 12, um tom de forte confronta\u00e7\u00e3o e afirmou que o Ir\u00e3 n\u00e3o abrir\u00e1 m\u00e3o do que chamou de \u201cdireito inegoci\u00e1vel\u201d de vingar o sangue de seus m\u00e1rtires mortos [&hellip;]\" \/>\n<meta property=\"og:url\" content=\"https:\/\/www.notibras.com\/site\/ira-endurece-discurso-e-ameaca-ampliar-guerra\/\" \/>\n<meta property=\"og:site_name\" content=\"Notibras\" \/>\n<meta property=\"article:publisher\" content=\"https:\/\/www.facebook.com\/notibras\/\" \/>\n<meta property=\"article:published_time\" content=\"2026-03-12T15:32:22+00:00\" \/>\n<meta property=\"article:modified_time\" content=\"2026-03-12T16:34:22+00:00\" \/>\n<meta property=\"og:image\" content=\"https:\/\/www.notibras.com\/site\/wp-content\/uploads\/2026\/03\/motjaba.webp\" \/>\n\t<meta property=\"og:image:width\" content=\"1920\" \/>\n\t<meta property=\"og:image:height\" content=\"1080\" \/>\n\t<meta property=\"og:image:type\" content=\"image\/webp\" \/>\n<meta name=\"author\" content=\"Reda\u00e7\u00e3o\" \/>\n<meta name=\"twitter:card\" content=\"summary_large_image\" \/>\n<meta name=\"twitter:creator\" content=\"@Notibras\" \/>\n<meta name=\"twitter:site\" content=\"@Notibras\" \/>\n<meta name=\"twitter:label1\" content=\"Escrito por\" \/>\n\t<meta name=\"twitter:data1\" content=\"Reda\u00e7\u00e3o\" \/>\n\t<meta name=\"twitter:label2\" content=\"Est. tempo de leitura\" \/>\n\t<meta name=\"twitter:data2\" content=\"3 minutos\" \/>\n<script type=\"application\/ld+json\" class=\"yoast-schema-graph\">{\"@context\":\"https:\/\/schema.org\",\"@graph\":[{\"@type\":\"Article\",\"@id\":\"https:\/\/www.notibras.com\/site\/ira-endurece-discurso-e-ameaca-ampliar-guerra\/#article\",\"isPartOf\":{\"@id\":\"https:\/\/www.notibras.com\/site\/ira-endurece-discurso-e-ameaca-ampliar-guerra\/\"},\"author\":{\"name\":\"Reda\u00e7\u00e3o\",\"@id\":\"https:\/\/www.notibras.com\/site\/#\/schema\/person\/36ab0979449956132d3e5b517ea76ac8\"},\"headline\":\"Ir\u00e3 endurece discurso e amea\u00e7a ampliar guerra\",\"datePublished\":\"2026-03-12T15:32:22+00:00\",\"dateModified\":\"2026-03-12T16:34:22+00:00\",\"mainEntityOfPage\":{\"@id\":\"https:\/\/www.notibras.com\/site\/ira-endurece-discurso-e-ameaca-ampliar-guerra\/\"},\"wordCount\":576,\"publisher\":{\"@id\":\"https:\/\/www.notibras.com\/site\/#organization\"},\"image\":{\"@id\":\"https:\/\/www.notibras.com\/site\/ira-endurece-discurso-e-ameaca-ampliar-guerra\/#primaryimage\"},\"thumbnailUrl\":\"https:\/\/www.notibras.com\/site\/wp-content\/uploads\/2026\/03\/motjaba.webp\",\"keywords\":[\"capa\"],\"articleSection\":[\"Apocalipse\"],\"inLanguage\":\"pt-BR\"},{\"@type\":\"WebPage\",\"@id\":\"https:\/\/www.notibras.com\/site\/ira-endurece-discurso-e-ameaca-ampliar-guerra\/\",\"url\":\"https:\/\/www.notibras.com\/site\/ira-endurece-discurso-e-ameaca-ampliar-guerra\/\",\"name\":\"Ir\u00e3 endurece discurso e amea\u00e7a ampliar guerra - Notibras\",\"isPartOf\":{\"@id\":\"https:\/\/www.notibras.com\/site\/#website\"},\"primaryImageOfPage\":{\"@id\":\"https:\/\/www.notibras.com\/site\/ira-endurece-discurso-e-ameaca-ampliar-guerra\/#primaryimage\"},\"image\":{\"@id\":\"https:\/\/www.notibras.com\/site\/ira-endurece-discurso-e-ameaca-ampliar-guerra\/#primaryimage\"},\"thumbnailUrl\":\"https:\/\/www.notibras.com\/site\/wp-content\/uploads\/2026\/03\/motjaba.webp\",\"datePublished\":\"2026-03-12T15:32:22+00:00\",\"dateModified\":\"2026-03-12T16:34:22+00:00\",\"breadcrumb\":{\"@id\":\"https:\/\/www.notibras.com\/site\/ira-endurece-discurso-e-ameaca-ampliar-guerra\/#breadcrumb\"},\"inLanguage\":\"pt-BR\",\"potentialAction\":[{\"@type\":\"ReadAction\",\"target\":[\"https:\/\/www.notibras.com\/site\/ira-endurece-discurso-e-ameaca-ampliar-guerra\/\"]}]},{\"@type\":\"ImageObject\",\"inLanguage\":\"pt-BR\",\"@id\":\"https:\/\/www.notibras.com\/site\/ira-endurece-discurso-e-ameaca-ampliar-guerra\/#primaryimage\",\"url\":\"https:\/\/www.notibras.com\/site\/wp-content\/uploads\/2026\/03\/motjaba.webp\",\"contentUrl\":\"https:\/\/www.notibras.com\/site\/wp-content\/uploads\/2026\/03\/motjaba.webp\",\"width\":1920,\"height\":1080},{\"@type\":\"BreadcrumbList\",\"@id\":\"https:\/\/www.notibras.com\/site\/ira-endurece-discurso-e-ameaca-ampliar-guerra\/#breadcrumb\",\"itemListElement\":[{\"@type\":\"ListItem\",\"position\":1,\"name\":\"In\u00edcio\",\"item\":\"https:\/\/www.notibras.com\/site\/\"},{\"@type\":\"ListItem\",\"position\":2,\"name\":\"Ir\u00e3 endurece discurso e amea\u00e7a ampliar guerra\"}]},{\"@type\":\"WebSite\",\"@id\":\"https:\/\/www.notibras.com\/site\/#website\",\"url\":\"https:\/\/www.notibras.com\/site\/\",\"name\":\"Notibras\",\"description\":\"Not\u00edcias de Bras\u00edlia, do Brasil e do Mundo\",\"publisher\":{\"@id\":\"https:\/\/www.notibras.com\/site\/#organization\"},\"potentialAction\":[{\"@type\":\"SearchAction\",\"target\":{\"@type\":\"EntryPoint\",\"urlTemplate\":\"https:\/\/www.notibras.com\/site\/?s={search_term_string}\"},\"query-input\":{\"@type\":\"PropertyValueSpecification\",\"valueRequired\":true,\"valueName\":\"search_term_string\"}}],\"inLanguage\":\"pt-BR\"},{\"@type\":\"Organization\",\"@id\":\"https:\/\/www.notibras.com\/site\/#organization\",\"name\":\"Grupo Notibras de Comunica\u00e7\u00e3o\",\"url\":\"https:\/\/www.notibras.com\/site\/\",\"logo\":{\"@type\":\"ImageObject\",\"inLanguage\":\"pt-BR\",\"@id\":\"https:\/\/www.notibras.com\/site\/#\/schema\/logo\/image\/\",\"url\":\"https:\/\/www.notibras.com\/site\/wp-content\/uploads\/2023\/01\/notibras23.png\",\"contentUrl\":\"https:\/\/www.notibras.com\/site\/wp-content\/uploads\/2023\/01\/notibras23.png\",\"width\":350,\"height\":87,\"caption\":\"Grupo Notibras de Comunica\u00e7\u00e3o\"},\"image\":{\"@id\":\"https:\/\/www.notibras.com\/site\/#\/schema\/logo\/image\/\"},\"sameAs\":[\"https:\/\/www.facebook.com\/notibras\/\",\"https:\/\/x.com\/Notibras\",\"https:\/\/www.instagram.com\/notibras\/\"]},{\"@type\":\"Person\",\"@id\":\"https:\/\/www.notibras.com\/site\/#\/schema\/person\/36ab0979449956132d3e5b517ea76ac8\",\"name\":\"Reda\u00e7\u00e3o\",\"image\":{\"@type\":\"ImageObject\",\"inLanguage\":\"pt-BR\",\"@id\":\"https:\/\/secure.gravatar.com\/avatar\/e0a867bdedb85fd243eadf09663511f96fc81e0720a4a42581f334ad4303aa6b?s=96&d=mm&r=g\",\"url\":\"https:\/\/secure.gravatar.com\/avatar\/e0a867bdedb85fd243eadf09663511f96fc81e0720a4a42581f334ad4303aa6b?s=96&d=mm&r=g\",\"contentUrl\":\"https:\/\/secure.gravatar.com\/avatar\/e0a867bdedb85fd243eadf09663511f96fc81e0720a4a42581f334ad4303aa6b?s=96&d=mm&r=g\",\"caption\":\"Reda\u00e7\u00e3o\"}}]}<\/script>\n<!-- \/ Yoast SEO plugin. -->","yoast_head_json":{"title":"Ir\u00e3 endurece discurso e amea\u00e7a ampliar guerra - Notibras","robots":{"index":"index","follow":"follow","max-snippet":"max-snippet:-1","max-image-preview":"max-image-preview:large","max-video-preview":"max-video-preview:-1"},"canonical":"https:\/\/www.notibras.com\/site\/ira-endurece-discurso-e-ameaca-ampliar-guerra\/","og_locale":"pt_BR","og_type":"article","og_title":"Ir\u00e3 endurece discurso e amea\u00e7a ampliar guerra - Notibras","og_description":"Em sua primeira manifesta\u00e7\u00e3o p\u00fablica desde que assumiu o posto de L\u00edder Supremo da Rep\u00fablica Isl\u00e2mica, ap\u00f3s a morte de seu pai, Mojtaba Khamenei adotou nesta quinta-feira, 12, um tom de forte confronta\u00e7\u00e3o e afirmou que o Ir\u00e3 n\u00e3o abrir\u00e1 m\u00e3o do que chamou de \u201cdireito inegoci\u00e1vel\u201d de vingar o sangue de seus m\u00e1rtires mortos [&hellip;]","og_url":"https:\/\/www.notibras.com\/site\/ira-endurece-discurso-e-ameaca-ampliar-guerra\/","og_site_name":"Notibras","article_publisher":"https:\/\/www.facebook.com\/notibras\/","article_published_time":"2026-03-12T15:32:22+00:00","article_modified_time":"2026-03-12T16:34:22+00:00","og_image":[{"width":1920,"height":1080,"url":"https:\/\/www.notibras.com\/site\/wp-content\/uploads\/2026\/03\/motjaba.webp","type":"image\/webp"}],"author":"Reda\u00e7\u00e3o","twitter_card":"summary_large_image","twitter_creator":"@Notibras","twitter_site":"@Notibras","twitter_misc":{"Escrito por":"Reda\u00e7\u00e3o","Est. tempo de leitura":"3 minutos"},"schema":{"@context":"https:\/\/schema.org","@graph":[{"@type":"Article","@id":"https:\/\/www.notibras.com\/site\/ira-endurece-discurso-e-ameaca-ampliar-guerra\/#article","isPartOf":{"@id":"https:\/\/www.notibras.com\/site\/ira-endurece-discurso-e-ameaca-ampliar-guerra\/"},"author":{"name":"Reda\u00e7\u00e3o","@id":"https:\/\/www.notibras.com\/site\/#\/schema\/person\/36ab0979449956132d3e5b517ea76ac8"},"headline":"Ir\u00e3 endurece discurso e amea\u00e7a ampliar guerra","datePublished":"2026-03-12T15:32:22+00:00","dateModified":"2026-03-12T16:34:22+00:00","mainEntityOfPage":{"@id":"https:\/\/www.notibras.com\/site\/ira-endurece-discurso-e-ameaca-ampliar-guerra\/"},"wordCount":576,"publisher":{"@id":"https:\/\/www.notibras.com\/site\/#organization"},"image":{"@id":"https:\/\/www.notibras.com\/site\/ira-endurece-discurso-e-ameaca-ampliar-guerra\/#primaryimage"},"thumbnailUrl":"https:\/\/www.notibras.com\/site\/wp-content\/uploads\/2026\/03\/motjaba.webp","keywords":["capa"],"articleSection":["Apocalipse"],"inLanguage":"pt-BR"},{"@type":"WebPage","@id":"https:\/\/www.notibras.com\/site\/ira-endurece-discurso-e-ameaca-ampliar-guerra\/","url":"https:\/\/www.notibras.com\/site\/ira-endurece-discurso-e-ameaca-ampliar-guerra\/","name":"Ir\u00e3 endurece discurso e amea\u00e7a ampliar guerra - Notibras","isPartOf":{"@id":"https:\/\/www.notibras.com\/site\/#website"},"primaryImageOfPage":{"@id":"https:\/\/www.notibras.com\/site\/ira-endurece-discurso-e-ameaca-ampliar-guerra\/#primaryimage"},"image":{"@id":"https:\/\/www.notibras.com\/site\/ira-endurece-discurso-e-ameaca-ampliar-guerra\/#primaryimage"},"thumbnailUrl":"https:\/\/www.notibras.com\/site\/wp-content\/uploads\/2026\/03\/motjaba.webp","datePublished":"2026-03-12T15:32:22+00:00","dateModified":"2026-03-12T16:34:22+00:00","breadcrumb":{"@id":"https:\/\/www.notibras.com\/site\/ira-endurece-discurso-e-ameaca-ampliar-guerra\/#breadcrumb"},"inLanguage":"pt-BR","potentialAction":[{"@type":"ReadAction","target":["https:\/\/www.notibras.com\/site\/ira-endurece-discurso-e-ameaca-ampliar-guerra\/"]}]},{"@type":"ImageObject","inLanguage":"pt-BR","@id":"https:\/\/www.notibras.com\/site\/ira-endurece-discurso-e-ameaca-ampliar-guerra\/#primaryimage","url":"https:\/\/www.notibras.com\/site\/wp-content\/uploads\/2026\/03\/motjaba.webp","contentUrl":"https:\/\/www.notibras.com\/site\/wp-content\/uploads\/2026\/03\/motjaba.webp","width":1920,"height":1080},{"@type":"BreadcrumbList","@id":"https:\/\/www.notibras.com\/site\/ira-endurece-discurso-e-ameaca-ampliar-guerra\/#breadcrumb","itemListElement":[{"@type":"ListItem","position":1,"name":"In\u00edcio","item":"https:\/\/www.notibras.com\/site\/"},{"@type":"ListItem","position":2,"name":"Ir\u00e3 endurece discurso e amea\u00e7a ampliar guerra"}]},{"@type":"WebSite","@id":"https:\/\/www.notibras.com\/site\/#website","url":"https:\/\/www.notibras.com\/site\/","name":"Notibras","description":"Not\u00edcias de Bras\u00edlia, do Brasil e do Mundo","publisher":{"@id":"https:\/\/www.notibras.com\/site\/#organization"},"potentialAction":[{"@type":"SearchAction","target":{"@type":"EntryPoint","urlTemplate":"https:\/\/www.notibras.com\/site\/?s={search_term_string}"},"query-input":{"@type":"PropertyValueSpecification","valueRequired":true,"valueName":"search_term_string"}}],"inLanguage":"pt-BR"},{"@type":"Organization","@id":"https:\/\/www.notibras.com\/site\/#organization","name":"Grupo Notibras de Comunica\u00e7\u00e3o","url":"https:\/\/www.notibras.com\/site\/","logo":{"@type":"ImageObject","inLanguage":"pt-BR","@id":"https:\/\/www.notibras.com\/site\/#\/schema\/logo\/image\/","url":"https:\/\/www.notibras.com\/site\/wp-content\/uploads\/2023\/01\/notibras23.png","contentUrl":"https:\/\/www.notibras.com\/site\/wp-content\/uploads\/2023\/01\/notibras23.png","width":350,"height":87,"caption":"Grupo Notibras de Comunica\u00e7\u00e3o"},"image":{"@id":"https:\/\/www.notibras.com\/site\/#\/schema\/logo\/image\/"},"sameAs":["https:\/\/www.facebook.com\/notibras\/","https:\/\/x.com\/Notibras","https:\/\/www.instagram.com\/notibras\/"]},{"@type":"Person","@id":"https:\/\/www.notibras.com\/site\/#\/schema\/person\/36ab0979449956132d3e5b517ea76ac8","name":"Reda\u00e7\u00e3o","image":{"@type":"ImageObject","inLanguage":"pt-BR","@id":"https:\/\/secure.gravatar.com\/avatar\/e0a867bdedb85fd243eadf09663511f96fc81e0720a4a42581f334ad4303aa6b?s=96&d=mm&r=g","url":"https:\/\/secure.gravatar.com\/avatar\/e0a867bdedb85fd243eadf09663511f96fc81e0720a4a42581f334ad4303aa6b?s=96&d=mm&r=g","contentUrl":"https:\/\/secure.gravatar.com\/avatar\/e0a867bdedb85fd243eadf09663511f96fc81e0720a4a42581f334ad4303aa6b?s=96&d=mm&r=g","caption":"Reda\u00e7\u00e3o"}}]}},"amp_enabled":true,"_links":{"self":[{"href":"https:\/\/www.notibras.com\/site\/wp-json\/wp\/v2\/posts\/386698","targetHints":{"allow":["GET"]}}],"collection":[{"href":"https:\/\/www.notibras.com\/site\/wp-json\/wp\/v2\/posts"}],"about":[{"href":"https:\/\/www.notibras.com\/site\/wp-json\/wp\/v2\/types\/post"}],"author":[{"embeddable":true,"href":"https:\/\/www.notibras.com\/site\/wp-json\/wp\/v2\/users\/2"}],"replies":[{"embeddable":true,"href":"https:\/\/www.notibras.com\/site\/wp-json\/wp\/v2\/comments?post=386698"}],"version-history":[{"count":1,"href":"https:\/\/www.notibras.com\/site\/wp-json\/wp\/v2\/posts\/386698\/revisions"}],"predecessor-version":[{"id":386700,"href":"https:\/\/www.notibras.com\/site\/wp-json\/wp\/v2\/posts\/386698\/revisions\/386700"}],"wp:featuredmedia":[{"embeddable":true,"href":"https:\/\/www.notibras.com\/site\/wp-json\/wp\/v2\/media\/386699"}],"wp:attachment":[{"href":"https:\/\/www.notibras.com\/site\/wp-json\/wp\/v2\/media?parent=386698"}],"wp:term":[{"taxonomy":"category","embeddable":true,"href":"https:\/\/www.notibras.com\/site\/wp-json\/wp\/v2\/categories?post=386698"},{"taxonomy":"post_tag","embeddable":true,"href":"https:\/\/www.notibras.com\/site\/wp-json\/wp\/v2\/tags?post=386698"}],"curies":[{"name":"wp","href":"https:\/\/api.w.org\/{rel}","templated":true}]}}