{"id":386701,"date":"2026-03-12T10:34:57","date_gmt":"2026-03-12T13:34:57","guid":{"rendered":"https:\/\/www.notibras.com\/site\/?p=386701"},"modified":"2026-03-12T13:41:43","modified_gmt":"2026-03-12T16:41:43","slug":"italia-descarta-enviar-tropas-para-atacar-ira","status":"publish","type":"post","link":"https:\/\/www.notibras.com\/site\/italia-descarta-enviar-tropas-para-atacar-ira\/","title":{"rendered":"It\u00e1lia descarta enviar tropas para atacar Ir\u00e3"},"content":{"rendered":"<p>A primeira-ministra italiana, Georgia Meloni, manifestou sua oposi\u00e7\u00e3o \u00e0s hostilidades em curso entre os Estados Unidos e Israel contra o Ir\u00e3.<\/p>\n<p>Em discurso no Parlamento em Roma, antes da reuni\u00e3o do Conselho Europeu, Meloni comentou a crescente crise no Oriente M\u00e9dio, enfatizando que a It\u00e1lia n\u00e3o se juntar\u00e1 \u00e0s a\u00e7\u00f5es militares contra a Rep\u00fablica Isl\u00e2mica.<\/p>\n<p>&#8220;Quero deixar bem claro desde j\u00e1, para evitar qualquer mal-entendido: a It\u00e1lia n\u00e3o est\u00e1 participando e n\u00e3o pretende participar&#8221;, enfatizou.<\/p>\n<p>A premi\u00ea descreveu a escalada militar como algo que &#8220;ultrapassa os limites do direito internacional&#8221;.<\/p>\n<p>A It\u00e1lia tornou-se o mais recente pa\u00eds da UE a opor-se \u00e0 campanha militar EUA-Israel contra o Ir\u00e3, juntando-se \u00e0 Holanda, Fran\u00e7a e Espanha.<\/p>\n","protected":false},"excerpt":{"rendered":"<p>A primeira-ministra italiana, Georgia Meloni, manifestou sua oposi\u00e7\u00e3o \u00e0s hostilidades em curso entre os Estados Unidos e Israel contra o Ir\u00e3. Em discurso no Parlamento em Roma, antes da reuni\u00e3o do Conselho Europeu, Meloni comentou a crescente crise no Oriente M\u00e9dio, enfatizando que a It\u00e1lia n\u00e3o se juntar\u00e1 \u00e0s a\u00e7\u00f5es militares contra a Rep\u00fablica Isl\u00e2mica. [&hellip;]<\/p>\n","protected":false},"author":2,"featured_media":386702,"comment_status":"closed","ping_status":"closed","sticky":false,"template":"","format":"standard","meta":{"_acf_changed":false,"footnotes":""},"categories":[159],"tags":[],"class_list":["post-386701","post","type-post","status-publish","format-standard","has-post-thumbnail","hentry","category-apocalipse"],"acf":[],"yoast_head":"<!-- This site is optimized with the Yoast SEO plugin v27.2 - https:\/\/yoast.com\/product\/yoast-seo-wordpress\/ -->\n<title>It\u00e1lia descarta enviar tropas para atacar Ir\u00e3 - Notibras<\/title>\n<meta name=\"robots\" content=\"index, follow, max-snippet:-1, max-image-preview:large, max-video-preview:-1\" \/>\n<link rel=\"canonical\" href=\"https:\/\/www.notibras.com\/site\/italia-descarta-enviar-tropas-para-atacar-ira\/\" \/>\n<meta property=\"og:locale\" content=\"pt_BR\" \/>\n<meta property=\"og:type\" content=\"article\" \/>\n<meta property=\"og:title\" content=\"It\u00e1lia descarta enviar tropas para atacar Ir\u00e3 - Notibras\" \/>\n<meta property=\"og:description\" content=\"A primeira-ministra italiana, Georgia Meloni, manifestou sua oposi\u00e7\u00e3o \u00e0s hostilidades em curso entre os Estados Unidos e Israel contra o Ir\u00e3. Em discurso no Parlamento em Roma, antes da reuni\u00e3o do Conselho Europeu, Meloni comentou a crescente crise no Oriente M\u00e9dio, enfatizando que a It\u00e1lia n\u00e3o se juntar\u00e1 \u00e0s a\u00e7\u00f5es militares contra a Rep\u00fablica Isl\u00e2mica. [&hellip;]\" \/>\n<meta property=\"og:url\" content=\"https:\/\/www.notibras.com\/site\/italia-descarta-enviar-tropas-para-atacar-ira\/\" \/>\n<meta property=\"og:site_name\" content=\"Notibras\" \/>\n<meta property=\"article:publisher\" content=\"https:\/\/www.facebook.com\/notibras\/\" \/>\n<meta property=\"article:published_time\" content=\"2026-03-12T13:34:57+00:00\" \/>\n<meta property=\"article:modified_time\" content=\"2026-03-12T16:41:43+00:00\" \/>\n<meta property=\"og:image\" content=\"https:\/\/www.notibras.com\/site\/wp-content\/uploads\/2026\/03\/meloni.webp\" \/>\n\t<meta property=\"og:image:width\" content=\"1536\" \/>\n\t<meta property=\"og:image:height\" content=\"864\" \/>\n\t<meta property=\"og:image:type\" content=\"image\/webp\" \/>\n<meta name=\"author\" content=\"Reda\u00e7\u00e3o\" \/>\n<meta name=\"twitter:card\" content=\"summary_large_image\" \/>\n<meta name=\"twitter:creator\" content=\"@Notibras\" \/>\n<meta name=\"twitter:site\" content=\"@Notibras\" \/>\n<meta name=\"twitter:label1\" content=\"Escrito por\" \/>\n\t<meta name=\"twitter:data1\" content=\"Reda\u00e7\u00e3o\" \/>\n\t<meta name=\"twitter:label2\" content=\"Est. tempo de leitura\" \/>\n\t<meta name=\"twitter:data2\" content=\"1 minuto\" \/>\n<script type=\"application\/ld+json\" class=\"yoast-schema-graph\">{\"@context\":\"https:\/\/schema.org\",\"@graph\":[{\"@type\":\"Article\",\"@id\":\"https:\/\/www.notibras.com\/site\/italia-descarta-enviar-tropas-para-atacar-ira\/#article\",\"isPartOf\":{\"@id\":\"https:\/\/www.notibras.com\/site\/italia-descarta-enviar-tropas-para-atacar-ira\/\"},\"author\":{\"name\":\"Reda\u00e7\u00e3o\",\"@id\":\"https:\/\/www.notibras.com\/site\/#\/schema\/person\/36ab0979449956132d3e5b517ea76ac8\"},\"headline\":\"It\u00e1lia descarta enviar tropas para atacar Ir\u00e3\",\"datePublished\":\"2026-03-12T13:34:57+00:00\",\"dateModified\":\"2026-03-12T16:41:43+00:00\",\"mainEntityOfPage\":{\"@id\":\"https:\/\/www.notibras.com\/site\/italia-descarta-enviar-tropas-para-atacar-ira\/\"},\"wordCount\":134,\"publisher\":{\"@id\":\"https:\/\/www.notibras.com\/site\/#organization\"},\"image\":{\"@id\":\"https:\/\/www.notibras.com\/site\/italia-descarta-enviar-tropas-para-atacar-ira\/#primaryimage\"},\"thumbnailUrl\":\"https:\/\/www.notibras.com\/site\/wp-content\/uploads\/2026\/03\/meloni.webp\",\"articleSection\":[\"Apocalipse\"],\"inLanguage\":\"pt-BR\"},{\"@type\":\"WebPage\",\"@id\":\"https:\/\/www.notibras.com\/site\/italia-descarta-enviar-tropas-para-atacar-ira\/\",\"url\":\"https:\/\/www.notibras.com\/site\/italia-descarta-enviar-tropas-para-atacar-ira\/\",\"name\":\"It\u00e1lia descarta enviar tropas para atacar Ir\u00e3 - Notibras\",\"isPartOf\":{\"@id\":\"https:\/\/www.notibras.com\/site\/#website\"},\"primaryImageOfPage\":{\"@id\":\"https:\/\/www.notibras.com\/site\/italia-descarta-enviar-tropas-para-atacar-ira\/#primaryimage\"},\"image\":{\"@id\":\"https:\/\/www.notibras.com\/site\/italia-descarta-enviar-tropas-para-atacar-ira\/#primaryimage\"},\"thumbnailUrl\":\"https:\/\/www.notibras.com\/site\/wp-content\/uploads\/2026\/03\/meloni.webp\",\"datePublished\":\"2026-03-12T13:34:57+00:00\",\"dateModified\":\"2026-03-12T16:41:43+00:00\",\"breadcrumb\":{\"@id\":\"https:\/\/www.notibras.com\/site\/italia-descarta-enviar-tropas-para-atacar-ira\/#breadcrumb\"},\"inLanguage\":\"pt-BR\",\"potentialAction\":[{\"@type\":\"ReadAction\",\"target\":[\"https:\/\/www.notibras.com\/site\/italia-descarta-enviar-tropas-para-atacar-ira\/\"]}]},{\"@type\":\"ImageObject\",\"inLanguage\":\"pt-BR\",\"@id\":\"https:\/\/www.notibras.com\/site\/italia-descarta-enviar-tropas-para-atacar-ira\/#primaryimage\",\"url\":\"https:\/\/www.notibras.com\/site\/wp-content\/uploads\/2026\/03\/meloni.webp\",\"contentUrl\":\"https:\/\/www.notibras.com\/site\/wp-content\/uploads\/2026\/03\/meloni.webp\",\"width\":1536,\"height\":864},{\"@type\":\"BreadcrumbList\",\"@id\":\"https:\/\/www.notibras.com\/site\/italia-descarta-enviar-tropas-para-atacar-ira\/#breadcrumb\",\"itemListElement\":[{\"@type\":\"ListItem\",\"position\":1,\"name\":\"In\u00edcio\",\"item\":\"https:\/\/www.notibras.com\/site\/\"},{\"@type\":\"ListItem\",\"position\":2,\"name\":\"It\u00e1lia descarta enviar tropas para atacar Ir\u00e3\"}]},{\"@type\":\"WebSite\",\"@id\":\"https:\/\/www.notibras.com\/site\/#website\",\"url\":\"https:\/\/www.notibras.com\/site\/\",\"name\":\"Notibras\",\"description\":\"Not\u00edcias de Bras\u00edlia, do Brasil e do Mundo\",\"publisher\":{\"@id\":\"https:\/\/www.notibras.com\/site\/#organization\"},\"potentialAction\":[{\"@type\":\"SearchAction\",\"target\":{\"@type\":\"EntryPoint\",\"urlTemplate\":\"https:\/\/www.notibras.com\/site\/?s={search_term_string}\"},\"query-input\":{\"@type\":\"PropertyValueSpecification\",\"valueRequired\":true,\"valueName\":\"search_term_string\"}}],\"inLanguage\":\"pt-BR\"},{\"@type\":\"Organization\",\"@id\":\"https:\/\/www.notibras.com\/site\/#organization\",\"name\":\"Grupo Notibras de Comunica\u00e7\u00e3o\",\"url\":\"https:\/\/www.notibras.com\/site\/\",\"logo\":{\"@type\":\"ImageObject\",\"inLanguage\":\"pt-BR\",\"@id\":\"https:\/\/www.notibras.com\/site\/#\/schema\/logo\/image\/\",\"url\":\"https:\/\/www.notibras.com\/site\/wp-content\/uploads\/2023\/01\/notibras23.png\",\"contentUrl\":\"https:\/\/www.notibras.com\/site\/wp-content\/uploads\/2023\/01\/notibras23.png\",\"width\":350,\"height\":87,\"caption\":\"Grupo Notibras de Comunica\u00e7\u00e3o\"},\"image\":{\"@id\":\"https:\/\/www.notibras.com\/site\/#\/schema\/logo\/image\/\"},\"sameAs\":[\"https:\/\/www.facebook.com\/notibras\/\",\"https:\/\/x.com\/Notibras\",\"https:\/\/www.instagram.com\/notibras\/\"]},{\"@type\":\"Person\",\"@id\":\"https:\/\/www.notibras.com\/site\/#\/schema\/person\/36ab0979449956132d3e5b517ea76ac8\",\"name\":\"Reda\u00e7\u00e3o\",\"image\":{\"@type\":\"ImageObject\",\"inLanguage\":\"pt-BR\",\"@id\":\"https:\/\/secure.gravatar.com\/avatar\/e0a867bdedb85fd243eadf09663511f96fc81e0720a4a42581f334ad4303aa6b?s=96&d=mm&r=g\",\"url\":\"https:\/\/secure.gravatar.com\/avatar\/e0a867bdedb85fd243eadf09663511f96fc81e0720a4a42581f334ad4303aa6b?s=96&d=mm&r=g\",\"contentUrl\":\"https:\/\/secure.gravatar.com\/avatar\/e0a867bdedb85fd243eadf09663511f96fc81e0720a4a42581f334ad4303aa6b?s=96&d=mm&r=g\",\"caption\":\"Reda\u00e7\u00e3o\"}}]}<\/script>\n<!-- \/ Yoast SEO plugin. -->","yoast_head_json":{"title":"It\u00e1lia descarta enviar tropas para atacar Ir\u00e3 - Notibras","robots":{"index":"index","follow":"follow","max-snippet":"max-snippet:-1","max-image-preview":"max-image-preview:large","max-video-preview":"max-video-preview:-1"},"canonical":"https:\/\/www.notibras.com\/site\/italia-descarta-enviar-tropas-para-atacar-ira\/","og_locale":"pt_BR","og_type":"article","og_title":"It\u00e1lia descarta enviar tropas para atacar Ir\u00e3 - Notibras","og_description":"A primeira-ministra italiana, Georgia Meloni, manifestou sua oposi\u00e7\u00e3o \u00e0s hostilidades em curso entre os Estados Unidos e Israel contra o Ir\u00e3. Em discurso no Parlamento em Roma, antes da reuni\u00e3o do Conselho Europeu, Meloni comentou a crescente crise no Oriente M\u00e9dio, enfatizando que a It\u00e1lia n\u00e3o se juntar\u00e1 \u00e0s a\u00e7\u00f5es militares contra a Rep\u00fablica Isl\u00e2mica. [&hellip;]","og_url":"https:\/\/www.notibras.com\/site\/italia-descarta-enviar-tropas-para-atacar-ira\/","og_site_name":"Notibras","article_publisher":"https:\/\/www.facebook.com\/notibras\/","article_published_time":"2026-03-12T13:34:57+00:00","article_modified_time":"2026-03-12T16:41:43+00:00","og_image":[{"width":1536,"height":864,"url":"https:\/\/www.notibras.com\/site\/wp-content\/uploads\/2026\/03\/meloni.webp","type":"image\/webp"}],"author":"Reda\u00e7\u00e3o","twitter_card":"summary_large_image","twitter_creator":"@Notibras","twitter_site":"@Notibras","twitter_misc":{"Escrito por":"Reda\u00e7\u00e3o","Est. tempo de leitura":"1 minuto"},"schema":{"@context":"https:\/\/schema.org","@graph":[{"@type":"Article","@id":"https:\/\/www.notibras.com\/site\/italia-descarta-enviar-tropas-para-atacar-ira\/#article","isPartOf":{"@id":"https:\/\/www.notibras.com\/site\/italia-descarta-enviar-tropas-para-atacar-ira\/"},"author":{"name":"Reda\u00e7\u00e3o","@id":"https:\/\/www.notibras.com\/site\/#\/schema\/person\/36ab0979449956132d3e5b517ea76ac8"},"headline":"It\u00e1lia descarta enviar tropas para atacar Ir\u00e3","datePublished":"2026-03-12T13:34:57+00:00","dateModified":"2026-03-12T16:41:43+00:00","mainEntityOfPage":{"@id":"https:\/\/www.notibras.com\/site\/italia-descarta-enviar-tropas-para-atacar-ira\/"},"wordCount":134,"publisher":{"@id":"https:\/\/www.notibras.com\/site\/#organization"},"image":{"@id":"https:\/\/www.notibras.com\/site\/italia-descarta-enviar-tropas-para-atacar-ira\/#primaryimage"},"thumbnailUrl":"https:\/\/www.notibras.com\/site\/wp-content\/uploads\/2026\/03\/meloni.webp","articleSection":["Apocalipse"],"inLanguage":"pt-BR"},{"@type":"WebPage","@id":"https:\/\/www.notibras.com\/site\/italia-descarta-enviar-tropas-para-atacar-ira\/","url":"https:\/\/www.notibras.com\/site\/italia-descarta-enviar-tropas-para-atacar-ira\/","name":"It\u00e1lia descarta enviar tropas para atacar Ir\u00e3 - Notibras","isPartOf":{"@id":"https:\/\/www.notibras.com\/site\/#website"},"primaryImageOfPage":{"@id":"https:\/\/www.notibras.com\/site\/italia-descarta-enviar-tropas-para-atacar-ira\/#primaryimage"},"image":{"@id":"https:\/\/www.notibras.com\/site\/italia-descarta-enviar-tropas-para-atacar-ira\/#primaryimage"},"thumbnailUrl":"https:\/\/www.notibras.com\/site\/wp-content\/uploads\/2026\/03\/meloni.webp","datePublished":"2026-03-12T13:34:57+00:00","dateModified":"2026-03-12T16:41:43+00:00","breadcrumb":{"@id":"https:\/\/www.notibras.com\/site\/italia-descarta-enviar-tropas-para-atacar-ira\/#breadcrumb"},"inLanguage":"pt-BR","potentialAction":[{"@type":"ReadAction","target":["https:\/\/www.notibras.com\/site\/italia-descarta-enviar-tropas-para-atacar-ira\/"]}]},{"@type":"ImageObject","inLanguage":"pt-BR","@id":"https:\/\/www.notibras.com\/site\/italia-descarta-enviar-tropas-para-atacar-ira\/#primaryimage","url":"https:\/\/www.notibras.com\/site\/wp-content\/uploads\/2026\/03\/meloni.webp","contentUrl":"https:\/\/www.notibras.com\/site\/wp-content\/uploads\/2026\/03\/meloni.webp","width":1536,"height":864},{"@type":"BreadcrumbList","@id":"https:\/\/www.notibras.com\/site\/italia-descarta-enviar-tropas-para-atacar-ira\/#breadcrumb","itemListElement":[{"@type":"ListItem","position":1,"name":"In\u00edcio","item":"https:\/\/www.notibras.com\/site\/"},{"@type":"ListItem","position":2,"name":"It\u00e1lia descarta enviar tropas para atacar Ir\u00e3"}]},{"@type":"WebSite","@id":"https:\/\/www.notibras.com\/site\/#website","url":"https:\/\/www.notibras.com\/site\/","name":"Notibras","description":"Not\u00edcias de Bras\u00edlia, do Brasil e do Mundo","publisher":{"@id":"https:\/\/www.notibras.com\/site\/#organization"},"potentialAction":[{"@type":"SearchAction","target":{"@type":"EntryPoint","urlTemplate":"https:\/\/www.notibras.com\/site\/?s={search_term_string}"},"query-input":{"@type":"PropertyValueSpecification","valueRequired":true,"valueName":"search_term_string"}}],"inLanguage":"pt-BR"},{"@type":"Organization","@id":"https:\/\/www.notibras.com\/site\/#organization","name":"Grupo Notibras de Comunica\u00e7\u00e3o","url":"https:\/\/www.notibras.com\/site\/","logo":{"@type":"ImageObject","inLanguage":"pt-BR","@id":"https:\/\/www.notibras.com\/site\/#\/schema\/logo\/image\/","url":"https:\/\/www.notibras.com\/site\/wp-content\/uploads\/2023\/01\/notibras23.png","contentUrl":"https:\/\/www.notibras.com\/site\/wp-content\/uploads\/2023\/01\/notibras23.png","width":350,"height":87,"caption":"Grupo Notibras de Comunica\u00e7\u00e3o"},"image":{"@id":"https:\/\/www.notibras.com\/site\/#\/schema\/logo\/image\/"},"sameAs":["https:\/\/www.facebook.com\/notibras\/","https:\/\/x.com\/Notibras","https:\/\/www.instagram.com\/notibras\/"]},{"@type":"Person","@id":"https:\/\/www.notibras.com\/site\/#\/schema\/person\/36ab0979449956132d3e5b517ea76ac8","name":"Reda\u00e7\u00e3o","image":{"@type":"ImageObject","inLanguage":"pt-BR","@id":"https:\/\/secure.gravatar.com\/avatar\/e0a867bdedb85fd243eadf09663511f96fc81e0720a4a42581f334ad4303aa6b?s=96&d=mm&r=g","url":"https:\/\/secure.gravatar.com\/avatar\/e0a867bdedb85fd243eadf09663511f96fc81e0720a4a42581f334ad4303aa6b?s=96&d=mm&r=g","contentUrl":"https:\/\/secure.gravatar.com\/avatar\/e0a867bdedb85fd243eadf09663511f96fc81e0720a4a42581f334ad4303aa6b?s=96&d=mm&r=g","caption":"Reda\u00e7\u00e3o"}}]}},"amp_enabled":true,"_links":{"self":[{"href":"https:\/\/www.notibras.com\/site\/wp-json\/wp\/v2\/posts\/386701","targetHints":{"allow":["GET"]}}],"collection":[{"href":"https:\/\/www.notibras.com\/site\/wp-json\/wp\/v2\/posts"}],"about":[{"href":"https:\/\/www.notibras.com\/site\/wp-json\/wp\/v2\/types\/post"}],"author":[{"embeddable":true,"href":"https:\/\/www.notibras.com\/site\/wp-json\/wp\/v2\/users\/2"}],"replies":[{"embeddable":true,"href":"https:\/\/www.notibras.com\/site\/wp-json\/wp\/v2\/comments?post=386701"}],"version-history":[{"count":1,"href":"https:\/\/www.notibras.com\/site\/wp-json\/wp\/v2\/posts\/386701\/revisions"}],"predecessor-version":[{"id":386703,"href":"https:\/\/www.notibras.com\/site\/wp-json\/wp\/v2\/posts\/386701\/revisions\/386703"}],"wp:featuredmedia":[{"embeddable":true,"href":"https:\/\/www.notibras.com\/site\/wp-json\/wp\/v2\/media\/386702"}],"wp:attachment":[{"href":"https:\/\/www.notibras.com\/site\/wp-json\/wp\/v2\/media?parent=386701"}],"wp:term":[{"taxonomy":"category","embeddable":true,"href":"https:\/\/www.notibras.com\/site\/wp-json\/wp\/v2\/categories?post=386701"},{"taxonomy":"post_tag","embeddable":true,"href":"https:\/\/www.notibras.com\/site\/wp-json\/wp\/v2\/tags?post=386701"}],"curies":[{"name":"wp","href":"https:\/\/api.w.org\/{rel}","templated":true}]}}