{"id":386705,"date":"2026-03-12T12:47:37","date_gmt":"2026-03-12T15:47:37","guid":{"rendered":"https:\/\/www.notibras.com\/site\/?p=386705"},"modified":"2026-03-12T13:52:29","modified_gmt":"2026-03-12T16:52:29","slug":"lula-zera-imposto-da-gasolina-e-subsidia-diesel-para-conter-alta-no-preco","status":"publish","type":"post","link":"https:\/\/www.notibras.com\/site\/lula-zera-imposto-da-gasolina-e-subsidia-diesel-para-conter-alta-no-preco\/","title":{"rendered":"Lula zera imposto da gasolina e subsidia diesel para conter alta no pre\u00e7o"},"content":{"rendered":"<p>O presidente Luiz In\u00e1cio Lula da Silva assinou um decreto presidencial nesta quinta-feira (12) zerando as al\u00edquotas do PIS e do Confins sobre a importa\u00e7\u00e3o e comercializa\u00e7\u00e3o do diesel. Al\u00e9m disso, assinou medida provis\u00f3ria (MP) com subven\u00e7\u00e3o ao diesel para produtores e importadores.<\/p>\n<p>\u201c[As medidas s\u00e3o] para que a gente garanta que essa guerra n\u00e3o chegue ao bolso do motorista, ao bolso do caminhoneiro e, sobretudo, n\u00e3o chegando ao bolso do caminhoneiro n\u00e3o vai chegar ao prato de feij\u00e3o, \u00e0 salada do alface, da cebola e a comida que o povo mais come\u201d, afirmou Lula em coletiva de imprensa.<\/p>\n<p>As medidas foram anunciadas em car\u00e1ter tempor\u00e1rio e justificadas por causa da alta do petr\u00f3leo causada pela guerra no Ir\u00e3, que vem obrigando pa\u00edses a liberarem estoques de emerg\u00eancia.<\/p>\n<p><strong>Pre\u00e7os <\/strong><br \/>\nO corte dos impostos deve reduzir o valor do litro em R$ 0,32 na refinaria. J\u00e1 a subven\u00e7\u00e3o aos produtores e importadores deve ter impacto de R$ 0,32 por litro, chegando a R$ 0,64 de redu\u00e7\u00e3o por litro do diesel, segundo c\u00e1lculos do Minist\u00e9rio da Fazenda.<\/p>\n<p>A subven\u00e7\u00e3o aos produtores e importadores ser\u00e1 condicionada a uma comprova\u00e7\u00e3o de que o valor foi transferido para os consumidores finais. O presidente Lula acrescentou que o imposto de exporta\u00e7\u00e3o de petr\u00f3leo ter\u00e1 al\u00edquota elevada para compensar a subven\u00e7\u00e3o ao diesel<\/p>\n<p>O governo ainda desenhou medidas de fiscaliza\u00e7\u00e3o e transpar\u00eancia para combater o aumento abusivo dos pre\u00e7os dos combust\u00edveis, por a\u00e7\u00f5es especuladoras. Segundo explicou o ministro da Fazenda Fernando Haddad, a defini\u00e7\u00e3o da abusividade deve ser definida por crit\u00e9rios objetivos da Ag\u00eancia Nacional de Petr\u00f3leo (ANP).<\/p>\n<p>\u201cTanto no caso de um armazenamento de combust\u00edvel injustificado, como aumento abusivo no pre\u00e7o que passa a ser fiscalizado pela ANP, com crit\u00e9rios objetivos, que ser\u00e3o produto de uma resolu\u00e7\u00e3o da Ag\u00eancia\u201d, comentou Haddad.<\/p>\n<p>O ministro da Fazenda acrescentou que as medidas n\u00e3o alteram a pol\u00edtica de pre\u00e7os da Petrobras, que segue operando como \u00e9 hoje.<\/p>\n","protected":false},"excerpt":{"rendered":"<p>O presidente Luiz In\u00e1cio Lula da Silva assinou um decreto presidencial nesta quinta-feira (12) zerando as al\u00edquotas do PIS e do Confins sobre a importa\u00e7\u00e3o e comercializa\u00e7\u00e3o do diesel. Al\u00e9m disso, assinou medida provis\u00f3ria (MP) com subven\u00e7\u00e3o ao diesel para produtores e importadores. \u201c[As medidas s\u00e3o] para que a gente garanta que essa guerra n\u00e3o [&hellip;]<\/p>\n","protected":false},"author":2,"featured_media":386706,"comment_status":"closed","ping_status":"closed","sticky":false,"template":"","format":"standard","meta":{"_acf_changed":false,"footnotes":""},"categories":[16],"tags":[],"class_list":["post-386705","post","type-post","status-publish","format-standard","has-post-thumbnail","hentry","category-brasil"],"acf":[],"yoast_head":"<!-- This site is optimized with the Yoast SEO plugin v27.2 - https:\/\/yoast.com\/product\/yoast-seo-wordpress\/ -->\n<title>Lula zera imposto da gasolina e subsidia diesel para conter alta no pre\u00e7o - Notibras<\/title>\n<meta name=\"robots\" content=\"index, follow, max-snippet:-1, max-image-preview:large, max-video-preview:-1\" \/>\n<link rel=\"canonical\" href=\"https:\/\/www.notibras.com\/site\/lula-zera-imposto-da-gasolina-e-subsidia-diesel-para-conter-alta-no-preco\/\" \/>\n<meta property=\"og:locale\" content=\"pt_BR\" \/>\n<meta property=\"og:type\" content=\"article\" \/>\n<meta property=\"og:title\" content=\"Lula zera imposto da gasolina e subsidia diesel para conter alta no pre\u00e7o - Notibras\" \/>\n<meta property=\"og:description\" content=\"O presidente Luiz In\u00e1cio Lula da Silva assinou um decreto presidencial nesta quinta-feira (12) zerando as al\u00edquotas do PIS e do Confins sobre a importa\u00e7\u00e3o e comercializa\u00e7\u00e3o do diesel. Al\u00e9m disso, assinou medida provis\u00f3ria (MP) com subven\u00e7\u00e3o ao diesel para produtores e importadores. \u201c[As medidas s\u00e3o] para que a gente garanta que essa guerra n\u00e3o [&hellip;]\" \/>\n<meta property=\"og:url\" content=\"https:\/\/www.notibras.com\/site\/lula-zera-imposto-da-gasolina-e-subsidia-diesel-para-conter-alta-no-preco\/\" \/>\n<meta property=\"og:site_name\" content=\"Notibras\" \/>\n<meta property=\"article:publisher\" content=\"https:\/\/www.facebook.com\/notibras\/\" \/>\n<meta property=\"article:published_time\" content=\"2026-03-12T15:47:37+00:00\" \/>\n<meta property=\"article:modified_time\" content=\"2026-03-12T16:52:29+00:00\" \/>\n<meta property=\"og:image\" content=\"https:\/\/www.notibras.com\/site\/wp-content\/uploads\/2026\/03\/935804-postos_combustiveis_aumento.webp\" \/>\n\t<meta property=\"og:image:width\" content=\"1170\" \/>\n\t<meta property=\"og:image:height\" content=\"700\" \/>\n\t<meta property=\"og:image:type\" content=\"image\/webp\" \/>\n<meta name=\"author\" content=\"Reda\u00e7\u00e3o\" \/>\n<meta name=\"twitter:card\" content=\"summary_large_image\" \/>\n<meta name=\"twitter:creator\" content=\"@Notibras\" \/>\n<meta name=\"twitter:site\" content=\"@Notibras\" \/>\n<meta name=\"twitter:label1\" content=\"Escrito por\" \/>\n\t<meta name=\"twitter:data1\" content=\"Reda\u00e7\u00e3o\" \/>\n\t<meta name=\"twitter:label2\" content=\"Est. tempo de leitura\" \/>\n\t<meta name=\"twitter:data2\" content=\"3 minutos\" \/>\n<script type=\"application\/ld+json\" class=\"yoast-schema-graph\">{\"@context\":\"https:\/\/schema.org\",\"@graph\":[{\"@type\":\"Article\",\"@id\":\"https:\/\/www.notibras.com\/site\/lula-zera-imposto-da-gasolina-e-subsidia-diesel-para-conter-alta-no-preco\/#article\",\"isPartOf\":{\"@id\":\"https:\/\/www.notibras.com\/site\/lula-zera-imposto-da-gasolina-e-subsidia-diesel-para-conter-alta-no-preco\/\"},\"author\":{\"name\":\"Reda\u00e7\u00e3o\",\"@id\":\"https:\/\/www.notibras.com\/site\/#\/schema\/person\/36ab0979449956132d3e5b517ea76ac8\"},\"headline\":\"Lula zera imposto da gasolina e subsidia diesel para conter alta no pre\u00e7o\",\"datePublished\":\"2026-03-12T15:47:37+00:00\",\"dateModified\":\"2026-03-12T16:52:29+00:00\",\"mainEntityOfPage\":{\"@id\":\"https:\/\/www.notibras.com\/site\/lula-zera-imposto-da-gasolina-e-subsidia-diesel-para-conter-alta-no-preco\/\"},\"wordCount\":371,\"publisher\":{\"@id\":\"https:\/\/www.notibras.com\/site\/#organization\"},\"image\":{\"@id\":\"https:\/\/www.notibras.com\/site\/lula-zera-imposto-da-gasolina-e-subsidia-diesel-para-conter-alta-no-preco\/#primaryimage\"},\"thumbnailUrl\":\"https:\/\/www.notibras.com\/site\/wp-content\/uploads\/2026\/03\/935804-postos_combustiveis_aumento.webp\",\"articleSection\":[\"Brasil\"],\"inLanguage\":\"pt-BR\"},{\"@type\":\"WebPage\",\"@id\":\"https:\/\/www.notibras.com\/site\/lula-zera-imposto-da-gasolina-e-subsidia-diesel-para-conter-alta-no-preco\/\",\"url\":\"https:\/\/www.notibras.com\/site\/lula-zera-imposto-da-gasolina-e-subsidia-diesel-para-conter-alta-no-preco\/\",\"name\":\"Lula zera imposto da gasolina e subsidia diesel para conter alta no pre\u00e7o - Notibras\",\"isPartOf\":{\"@id\":\"https:\/\/www.notibras.com\/site\/#website\"},\"primaryImageOfPage\":{\"@id\":\"https:\/\/www.notibras.com\/site\/lula-zera-imposto-da-gasolina-e-subsidia-diesel-para-conter-alta-no-preco\/#primaryimage\"},\"image\":{\"@id\":\"https:\/\/www.notibras.com\/site\/lula-zera-imposto-da-gasolina-e-subsidia-diesel-para-conter-alta-no-preco\/#primaryimage\"},\"thumbnailUrl\":\"https:\/\/www.notibras.com\/site\/wp-content\/uploads\/2026\/03\/935804-postos_combustiveis_aumento.webp\",\"datePublished\":\"2026-03-12T15:47:37+00:00\",\"dateModified\":\"2026-03-12T16:52:29+00:00\",\"breadcrumb\":{\"@id\":\"https:\/\/www.notibras.com\/site\/lula-zera-imposto-da-gasolina-e-subsidia-diesel-para-conter-alta-no-preco\/#breadcrumb\"},\"inLanguage\":\"pt-BR\",\"potentialAction\":[{\"@type\":\"ReadAction\",\"target\":[\"https:\/\/www.notibras.com\/site\/lula-zera-imposto-da-gasolina-e-subsidia-diesel-para-conter-alta-no-preco\/\"]}]},{\"@type\":\"ImageObject\",\"inLanguage\":\"pt-BR\",\"@id\":\"https:\/\/www.notibras.com\/site\/lula-zera-imposto-da-gasolina-e-subsidia-diesel-para-conter-alta-no-preco\/#primaryimage\",\"url\":\"https:\/\/www.notibras.com\/site\/wp-content\/uploads\/2026\/03\/935804-postos_combustiveis_aumento.webp\",\"contentUrl\":\"https:\/\/www.notibras.com\/site\/wp-content\/uploads\/2026\/03\/935804-postos_combustiveis_aumento.webp\",\"width\":1170,\"height\":700},{\"@type\":\"BreadcrumbList\",\"@id\":\"https:\/\/www.notibras.com\/site\/lula-zera-imposto-da-gasolina-e-subsidia-diesel-para-conter-alta-no-preco\/#breadcrumb\",\"itemListElement\":[{\"@type\":\"ListItem\",\"position\":1,\"name\":\"In\u00edcio\",\"item\":\"https:\/\/www.notibras.com\/site\/\"},{\"@type\":\"ListItem\",\"position\":2,\"name\":\"Lula zera imposto da gasolina e subsidia diesel para conter alta no pre\u00e7o\"}]},{\"@type\":\"WebSite\",\"@id\":\"https:\/\/www.notibras.com\/site\/#website\",\"url\":\"https:\/\/www.notibras.com\/site\/\",\"name\":\"Notibras\",\"description\":\"Not\u00edcias de Bras\u00edlia, do Brasil e do Mundo\",\"publisher\":{\"@id\":\"https:\/\/www.notibras.com\/site\/#organization\"},\"potentialAction\":[{\"@type\":\"SearchAction\",\"target\":{\"@type\":\"EntryPoint\",\"urlTemplate\":\"https:\/\/www.notibras.com\/site\/?s={search_term_string}\"},\"query-input\":{\"@type\":\"PropertyValueSpecification\",\"valueRequired\":true,\"valueName\":\"search_term_string\"}}],\"inLanguage\":\"pt-BR\"},{\"@type\":\"Organization\",\"@id\":\"https:\/\/www.notibras.com\/site\/#organization\",\"name\":\"Grupo Notibras de Comunica\u00e7\u00e3o\",\"url\":\"https:\/\/www.notibras.com\/site\/\",\"logo\":{\"@type\":\"ImageObject\",\"inLanguage\":\"pt-BR\",\"@id\":\"https:\/\/www.notibras.com\/site\/#\/schema\/logo\/image\/\",\"url\":\"https:\/\/www.notibras.com\/site\/wp-content\/uploads\/2023\/01\/notibras23.png\",\"contentUrl\":\"https:\/\/www.notibras.com\/site\/wp-content\/uploads\/2023\/01\/notibras23.png\",\"width\":350,\"height\":87,\"caption\":\"Grupo Notibras de Comunica\u00e7\u00e3o\"},\"image\":{\"@id\":\"https:\/\/www.notibras.com\/site\/#\/schema\/logo\/image\/\"},\"sameAs\":[\"https:\/\/www.facebook.com\/notibras\/\",\"https:\/\/x.com\/Notibras\",\"https:\/\/www.instagram.com\/notibras\/\"]},{\"@type\":\"Person\",\"@id\":\"https:\/\/www.notibras.com\/site\/#\/schema\/person\/36ab0979449956132d3e5b517ea76ac8\",\"name\":\"Reda\u00e7\u00e3o\",\"image\":{\"@type\":\"ImageObject\",\"inLanguage\":\"pt-BR\",\"@id\":\"https:\/\/secure.gravatar.com\/avatar\/e0a867bdedb85fd243eadf09663511f96fc81e0720a4a42581f334ad4303aa6b?s=96&d=mm&r=g\",\"url\":\"https:\/\/secure.gravatar.com\/avatar\/e0a867bdedb85fd243eadf09663511f96fc81e0720a4a42581f334ad4303aa6b?s=96&d=mm&r=g\",\"contentUrl\":\"https:\/\/secure.gravatar.com\/avatar\/e0a867bdedb85fd243eadf09663511f96fc81e0720a4a42581f334ad4303aa6b?s=96&d=mm&r=g\",\"caption\":\"Reda\u00e7\u00e3o\"}}]}<\/script>\n<!-- \/ Yoast SEO plugin. -->","yoast_head_json":{"title":"Lula zera imposto da gasolina e subsidia diesel para conter alta no pre\u00e7o - Notibras","robots":{"index":"index","follow":"follow","max-snippet":"max-snippet:-1","max-image-preview":"max-image-preview:large","max-video-preview":"max-video-preview:-1"},"canonical":"https:\/\/www.notibras.com\/site\/lula-zera-imposto-da-gasolina-e-subsidia-diesel-para-conter-alta-no-preco\/","og_locale":"pt_BR","og_type":"article","og_title":"Lula zera imposto da gasolina e subsidia diesel para conter alta no pre\u00e7o - Notibras","og_description":"O presidente Luiz In\u00e1cio Lula da Silva assinou um decreto presidencial nesta quinta-feira (12) zerando as al\u00edquotas do PIS e do Confins sobre a importa\u00e7\u00e3o e comercializa\u00e7\u00e3o do diesel. Al\u00e9m disso, assinou medida provis\u00f3ria (MP) com subven\u00e7\u00e3o ao diesel para produtores e importadores. \u201c[As medidas s\u00e3o] para que a gente garanta que essa guerra n\u00e3o [&hellip;]","og_url":"https:\/\/www.notibras.com\/site\/lula-zera-imposto-da-gasolina-e-subsidia-diesel-para-conter-alta-no-preco\/","og_site_name":"Notibras","article_publisher":"https:\/\/www.facebook.com\/notibras\/","article_published_time":"2026-03-12T15:47:37+00:00","article_modified_time":"2026-03-12T16:52:29+00:00","og_image":[{"width":1170,"height":700,"url":"https:\/\/www.notibras.com\/site\/wp-content\/uploads\/2026\/03\/935804-postos_combustiveis_aumento.webp","type":"image\/webp"}],"author":"Reda\u00e7\u00e3o","twitter_card":"summary_large_image","twitter_creator":"@Notibras","twitter_site":"@Notibras","twitter_misc":{"Escrito por":"Reda\u00e7\u00e3o","Est. tempo de leitura":"3 minutos"},"schema":{"@context":"https:\/\/schema.org","@graph":[{"@type":"Article","@id":"https:\/\/www.notibras.com\/site\/lula-zera-imposto-da-gasolina-e-subsidia-diesel-para-conter-alta-no-preco\/#article","isPartOf":{"@id":"https:\/\/www.notibras.com\/site\/lula-zera-imposto-da-gasolina-e-subsidia-diesel-para-conter-alta-no-preco\/"},"author":{"name":"Reda\u00e7\u00e3o","@id":"https:\/\/www.notibras.com\/site\/#\/schema\/person\/36ab0979449956132d3e5b517ea76ac8"},"headline":"Lula zera imposto da gasolina e subsidia diesel para conter alta no pre\u00e7o","datePublished":"2026-03-12T15:47:37+00:00","dateModified":"2026-03-12T16:52:29+00:00","mainEntityOfPage":{"@id":"https:\/\/www.notibras.com\/site\/lula-zera-imposto-da-gasolina-e-subsidia-diesel-para-conter-alta-no-preco\/"},"wordCount":371,"publisher":{"@id":"https:\/\/www.notibras.com\/site\/#organization"},"image":{"@id":"https:\/\/www.notibras.com\/site\/lula-zera-imposto-da-gasolina-e-subsidia-diesel-para-conter-alta-no-preco\/#primaryimage"},"thumbnailUrl":"https:\/\/www.notibras.com\/site\/wp-content\/uploads\/2026\/03\/935804-postos_combustiveis_aumento.webp","articleSection":["Brasil"],"inLanguage":"pt-BR"},{"@type":"WebPage","@id":"https:\/\/www.notibras.com\/site\/lula-zera-imposto-da-gasolina-e-subsidia-diesel-para-conter-alta-no-preco\/","url":"https:\/\/www.notibras.com\/site\/lula-zera-imposto-da-gasolina-e-subsidia-diesel-para-conter-alta-no-preco\/","name":"Lula zera imposto da gasolina e subsidia diesel para conter alta no pre\u00e7o - Notibras","isPartOf":{"@id":"https:\/\/www.notibras.com\/site\/#website"},"primaryImageOfPage":{"@id":"https:\/\/www.notibras.com\/site\/lula-zera-imposto-da-gasolina-e-subsidia-diesel-para-conter-alta-no-preco\/#primaryimage"},"image":{"@id":"https:\/\/www.notibras.com\/site\/lula-zera-imposto-da-gasolina-e-subsidia-diesel-para-conter-alta-no-preco\/#primaryimage"},"thumbnailUrl":"https:\/\/www.notibras.com\/site\/wp-content\/uploads\/2026\/03\/935804-postos_combustiveis_aumento.webp","datePublished":"2026-03-12T15:47:37+00:00","dateModified":"2026-03-12T16:52:29+00:00","breadcrumb":{"@id":"https:\/\/www.notibras.com\/site\/lula-zera-imposto-da-gasolina-e-subsidia-diesel-para-conter-alta-no-preco\/#breadcrumb"},"inLanguage":"pt-BR","potentialAction":[{"@type":"ReadAction","target":["https:\/\/www.notibras.com\/site\/lula-zera-imposto-da-gasolina-e-subsidia-diesel-para-conter-alta-no-preco\/"]}]},{"@type":"ImageObject","inLanguage":"pt-BR","@id":"https:\/\/www.notibras.com\/site\/lula-zera-imposto-da-gasolina-e-subsidia-diesel-para-conter-alta-no-preco\/#primaryimage","url":"https:\/\/www.notibras.com\/site\/wp-content\/uploads\/2026\/03\/935804-postos_combustiveis_aumento.webp","contentUrl":"https:\/\/www.notibras.com\/site\/wp-content\/uploads\/2026\/03\/935804-postos_combustiveis_aumento.webp","width":1170,"height":700},{"@type":"BreadcrumbList","@id":"https:\/\/www.notibras.com\/site\/lula-zera-imposto-da-gasolina-e-subsidia-diesel-para-conter-alta-no-preco\/#breadcrumb","itemListElement":[{"@type":"ListItem","position":1,"name":"In\u00edcio","item":"https:\/\/www.notibras.com\/site\/"},{"@type":"ListItem","position":2,"name":"Lula zera imposto da gasolina e subsidia diesel para conter alta no pre\u00e7o"}]},{"@type":"WebSite","@id":"https:\/\/www.notibras.com\/site\/#website","url":"https:\/\/www.notibras.com\/site\/","name":"Notibras","description":"Not\u00edcias de Bras\u00edlia, do Brasil e do Mundo","publisher":{"@id":"https:\/\/www.notibras.com\/site\/#organization"},"potentialAction":[{"@type":"SearchAction","target":{"@type":"EntryPoint","urlTemplate":"https:\/\/www.notibras.com\/site\/?s={search_term_string}"},"query-input":{"@type":"PropertyValueSpecification","valueRequired":true,"valueName":"search_term_string"}}],"inLanguage":"pt-BR"},{"@type":"Organization","@id":"https:\/\/www.notibras.com\/site\/#organization","name":"Grupo Notibras de Comunica\u00e7\u00e3o","url":"https:\/\/www.notibras.com\/site\/","logo":{"@type":"ImageObject","inLanguage":"pt-BR","@id":"https:\/\/www.notibras.com\/site\/#\/schema\/logo\/image\/","url":"https:\/\/www.notibras.com\/site\/wp-content\/uploads\/2023\/01\/notibras23.png","contentUrl":"https:\/\/www.notibras.com\/site\/wp-content\/uploads\/2023\/01\/notibras23.png","width":350,"height":87,"caption":"Grupo Notibras de Comunica\u00e7\u00e3o"},"image":{"@id":"https:\/\/www.notibras.com\/site\/#\/schema\/logo\/image\/"},"sameAs":["https:\/\/www.facebook.com\/notibras\/","https:\/\/x.com\/Notibras","https:\/\/www.instagram.com\/notibras\/"]},{"@type":"Person","@id":"https:\/\/www.notibras.com\/site\/#\/schema\/person\/36ab0979449956132d3e5b517ea76ac8","name":"Reda\u00e7\u00e3o","image":{"@type":"ImageObject","inLanguage":"pt-BR","@id":"https:\/\/secure.gravatar.com\/avatar\/e0a867bdedb85fd243eadf09663511f96fc81e0720a4a42581f334ad4303aa6b?s=96&d=mm&r=g","url":"https:\/\/secure.gravatar.com\/avatar\/e0a867bdedb85fd243eadf09663511f96fc81e0720a4a42581f334ad4303aa6b?s=96&d=mm&r=g","contentUrl":"https:\/\/secure.gravatar.com\/avatar\/e0a867bdedb85fd243eadf09663511f96fc81e0720a4a42581f334ad4303aa6b?s=96&d=mm&r=g","caption":"Reda\u00e7\u00e3o"}}]}},"amp_enabled":true,"_links":{"self":[{"href":"https:\/\/www.notibras.com\/site\/wp-json\/wp\/v2\/posts\/386705","targetHints":{"allow":["GET"]}}],"collection":[{"href":"https:\/\/www.notibras.com\/site\/wp-json\/wp\/v2\/posts"}],"about":[{"href":"https:\/\/www.notibras.com\/site\/wp-json\/wp\/v2\/types\/post"}],"author":[{"embeddable":true,"href":"https:\/\/www.notibras.com\/site\/wp-json\/wp\/v2\/users\/2"}],"replies":[{"embeddable":true,"href":"https:\/\/www.notibras.com\/site\/wp-json\/wp\/v2\/comments?post=386705"}],"version-history":[{"count":2,"href":"https:\/\/www.notibras.com\/site\/wp-json\/wp\/v2\/posts\/386705\/revisions"}],"predecessor-version":[{"id":386708,"href":"https:\/\/www.notibras.com\/site\/wp-json\/wp\/v2\/posts\/386705\/revisions\/386708"}],"wp:featuredmedia":[{"embeddable":true,"href":"https:\/\/www.notibras.com\/site\/wp-json\/wp\/v2\/media\/386706"}],"wp:attachment":[{"href":"https:\/\/www.notibras.com\/site\/wp-json\/wp\/v2\/media?parent=386705"}],"wp:term":[{"taxonomy":"category","embeddable":true,"href":"https:\/\/www.notibras.com\/site\/wp-json\/wp\/v2\/categories?post=386705"},{"taxonomy":"post_tag","embeddable":true,"href":"https:\/\/www.notibras.com\/site\/wp-json\/wp\/v2\/tags?post=386705"}],"curies":[{"name":"wp","href":"https:\/\/api.w.org\/{rel}","templated":true}]}}