{"id":386715,"date":"2026-03-14T00:00:49","date_gmt":"2026-03-14T03:00:49","guid":{"rendered":"https:\/\/www.notibras.com\/site\/?p=386715"},"modified":"2026-03-12T16:32:27","modified_gmt":"2026-03-12T19:32:27","slug":"aquilo-era-mais-raro-do-que-achar-dentes-numa-galinha","status":"publish","type":"post","link":"https:\/\/www.notibras.com\/site\/aquilo-era-mais-raro-do-que-achar-dentes-numa-galinha\/","title":{"rendered":"Aquilo era mais raro do que achar dentes numa galinha"},"content":{"rendered":"<p>&#8211; Carmela n\u00e3o \u00e9 mais donzela. Vai fundo.<\/p>\n<p>A frase n\u00e3o teve resposta, nem causou espanto. Donzelas maiores de 18 anos, em Niter\u00f3i, no ano de gra\u00e7a de 1971, eram mais raras que dentes<br \/>\nnuma galinha. E num acampamento de carnaval em Praia Seca, trecho paradis\u00edaco da lagoa de Araruama, ent\u00e3o&#8230; Todo mundo pra l\u00e1 de<br \/>\nMarrakesh, louco de (muita) bebida e (alguma) maconha, se aparecesse alguma virgem desavisada por ali, j\u00e1 viu, ia deixar de s\u00ea-lo (trocadilho com selo, evidente) rapidinho. Vapt vupt.<\/p>\n<p>Hora de apresentar os personagens. Quem foi informado da n\u00e3o donzelice de Carmela foi Rudi, nascido em Niter\u00f3i com o nome de Rodolfo e jornalista em S\u00e3o Paulo; quem proferiu a obviedade foi seu amigo (melhor dizendo, ex-amigo) Manuel, sutil como um elefante em loja de lou\u00e7a. E Carmela&#8230; Ah, Carmela era uma linda espanholinha de uns 20 anos, de l\u00e1bios grandes, sorriso permanente e bra\u00e7os roli\u00e7os, deliciosos de pegar; a afirmativa sugeria que ela gostava do negocinho, se Rudi chegasse junto ia se dar bem.<\/p>\n<p>S\u00f3 que Carmela e Rudi n\u00e3o estavam com a m\u00ednima vontade de transar. N\u00e3o um com o outro. Ela acabara de terminar um relacionamento; ele continuava apaixonado por Lola, com quem havia vivido uma rela\u00e7\u00e3o t\u00f3rrida e tempestuosa e que, pouco depois do t\u00e9rmino, casara de papel passado com Manuel, o sutil. Lola estava no acampamento com o marido, Rudi ficava latejando de desejo por ela \u00e0 sombra das casuarinas que rodeavam a areia branca \u2013 e desejo latejante \u00e9 um esc\u00e2ndalo, fica vis\u00edvel dentro da sunga, atrai mo\u00e7as solteiras e senhoras casadas&#8230;Conclus\u00e3o de Manuel, cujo casamento, diga-se, n\u00e3o ia nada bem das pernas: era urgente acasalar Rudi, cruz\u00e1-lo com alguma mo\u00e7a, para que sua latej\u00e2ncia n\u00e3o despertasse desejos l\u00fabricos em Lola e ferrasse de vez o matrim\u00f4nio deles. Sem saber de nada disso, Carmela, a n\u00e3o donzela, foi a v\u00edtima escolhida.<\/p>\n<p>O caminho para isso foi o de sempre ao molho: muito \u00e1lcool, alguns baseados e horm\u00f4nios funcionando a todo vapor. Ou seja, n\u00e3o foi necess\u00e1rio segur\u00e1-lo \u00e0 for\u00e7a para faz\u00ea-lo transar com a salerosa. Carmela e ele beberam juntos, fumaram juntos, riram juntos, e de repente come\u00e7aram a se beijar. Mais tarde, foram para a barraca de Rudi.<\/p>\n<p>E ali o bicho n\u00e3o pegou. Mas quase. Quando estavam nas preliminares, ele sentiu um grilo pousar nas suas costas. B\u00eabado, maconhado e cheio de culpa por estar traindo Lola publicamente, Rudi ficou com medo do bisso. Ele lembra vagamente de ter procurado a porra do grilo e, claro, de n\u00e3o ter encontrado nada. E, mais vagamente ainda, de ter encarado a mo\u00e7a, no que deve ter sido a transa mais insatisfat\u00f3ria da vida dos dois.<\/p>\n<p>Foi ainda pior no dia seguinte. Ao tentarem sair da barraca, sentiram a entrada bloqueada. Conseguiram esgueirar-se por tr\u00e1s \u2013 e levaram um susto. A frente da barraca estava toda coberta de galhos de \u00e1rvore entrela\u00e7ados como guirlandas. Toda a matilha estava diante da tenda, presas \u00e0 mostra e l\u00ednguas de fora, esperando para tirar sarro dos dois pombinhos. Ficaram desapontados com a investida pela retaguarda de Rudi \u2013 o que n\u00e3o houve dentro da barraca \u2013 fizeram as piadinhas de praxe e foram para o mar, ou trepar, ou beber, ou maconhar, o que lhes aprouvesse.<\/p>\n<p>Este conto podia terminar aqui. Mas teve uma su\u00edte. Ap\u00f3s o acampamento, Carmela e Rudi encontraram-se em Niter\u00f3i e foram para a casa dele, em Friburgo. Ele n\u00e3o se lembra de ter sequestrado a mo\u00e7a e a levado no porta-malas, ent\u00e3o ela deve ter viajado a seu lado, conversando com ele, rindo e dando-lhe beijinhos. E depois, na casa de campo, transaram duas vezes, se n\u00e3o gostosa, pelo menos satisfatoriamente, o suficiente para ele mostrar que n\u00e3o tinha medo do bisso e de suas alitera\u00e7\u00f5es. Rudi lembra do coment\u00e1rio da mo\u00e7oila:<\/p>\n<p>&#8211; Agora, sim.<\/p>\n<p>E n\u00e3o se lembra de mais nada, nem de t\u00ea-la levado de volta a Niter\u00f3i. Mas levou, claro. E nunca mais se viram.<\/p>\n","protected":false},"excerpt":{"rendered":"<p>&#8211; Carmela n\u00e3o \u00e9 mais donzela. Vai fundo. A frase n\u00e3o teve resposta, nem causou espanto. Donzelas maiores de 18 anos, em Niter\u00f3i, no ano de gra\u00e7a de 1971, eram mais raras que dentes numa galinha. E num acampamento de carnaval em Praia Seca, trecho paradis\u00edaco da lagoa de Araruama, ent\u00e3o&#8230; Todo mundo pra l\u00e1 [&hellip;]<\/p>\n","protected":false},"author":21,"featured_media":386716,"comment_status":"closed","ping_status":"closed","sticky":false,"template":"","format":"standard","meta":{"_acf_changed":false,"footnotes":""},"categories":[234],"tags":[],"class_list":["post-386715","post","type-post","status-publish","format-standard","has-post-thumbnail","hentry","category-cafe-literario"],"acf":[],"yoast_head":"<!-- This site is optimized with the Yoast SEO plugin v27.2 - https:\/\/yoast.com\/product\/yoast-seo-wordpress\/ -->\n<title>Aquilo era mais raro do que achar dentes numa galinha - Notibras<\/title>\n<meta name=\"robots\" content=\"index, follow, max-snippet:-1, max-image-preview:large, max-video-preview:-1\" \/>\n<link rel=\"canonical\" href=\"https:\/\/www.notibras.com\/site\/aquilo-era-mais-raro-do-que-achar-dentes-numa-galinha\/\" \/>\n<meta property=\"og:locale\" content=\"pt_BR\" \/>\n<meta property=\"og:type\" content=\"article\" \/>\n<meta property=\"og:title\" content=\"Aquilo era mais raro do que achar dentes numa galinha - Notibras\" \/>\n<meta property=\"og:description\" content=\"&#8211; Carmela n\u00e3o \u00e9 mais donzela. Vai fundo. A frase n\u00e3o teve resposta, nem causou espanto. Donzelas maiores de 18 anos, em Niter\u00f3i, no ano de gra\u00e7a de 1971, eram mais raras que dentes numa galinha. E num acampamento de carnaval em Praia Seca, trecho paradis\u00edaco da lagoa de Araruama, ent\u00e3o&#8230; Todo mundo pra l\u00e1 [&hellip;]\" \/>\n<meta property=\"og:url\" content=\"https:\/\/www.notibras.com\/site\/aquilo-era-mais-raro-do-que-achar-dentes-numa-galinha\/\" \/>\n<meta property=\"og:site_name\" content=\"Notibras\" \/>\n<meta property=\"article:publisher\" content=\"https:\/\/www.facebook.com\/notibras\/\" \/>\n<meta property=\"article:published_time\" content=\"2026-03-14T03:00:49+00:00\" \/>\n<meta property=\"og:image\" content=\"https:\/\/www.notibras.com\/site\/wp-content\/uploads\/2026\/03\/WhatsApp-Image-2026-03-12-at-16.29.02.jpeg\" \/>\n\t<meta property=\"og:image:width\" content=\"856\" \/>\n\t<meta property=\"og:image:height\" content=\"488\" \/>\n\t<meta property=\"og:image:type\" content=\"image\/jpeg\" \/>\n<meta name=\"author\" content=\"Eduardo Mart\u00ednez\" \/>\n<meta name=\"twitter:card\" content=\"summary_large_image\" \/>\n<meta name=\"twitter:creator\" content=\"@Notibras\" \/>\n<meta name=\"twitter:site\" content=\"@Notibras\" \/>\n<meta name=\"twitter:label1\" content=\"Escrito por\" \/>\n\t<meta name=\"twitter:data1\" content=\"Eduardo Mart\u00ednez\" \/>\n\t<meta name=\"twitter:label2\" content=\"Est. tempo de leitura\" \/>\n\t<meta name=\"twitter:data2\" content=\"4 minutos\" \/>\n<script type=\"application\/ld+json\" class=\"yoast-schema-graph\">{\"@context\":\"https:\/\/schema.org\",\"@graph\":[{\"@type\":\"Article\",\"@id\":\"https:\/\/www.notibras.com\/site\/aquilo-era-mais-raro-do-que-achar-dentes-numa-galinha\/#article\",\"isPartOf\":{\"@id\":\"https:\/\/www.notibras.com\/site\/aquilo-era-mais-raro-do-que-achar-dentes-numa-galinha\/\"},\"author\":{\"name\":\"Eduardo Mart\u00ednez\",\"@id\":\"https:\/\/www.notibras.com\/site\/#\/schema\/person\/5b7fabf2aedc3ada2105f03b22b4d3dd\"},\"headline\":\"Aquilo era mais raro do que achar dentes numa galinha\",\"datePublished\":\"2026-03-14T03:00:49+00:00\",\"mainEntityOfPage\":{\"@id\":\"https:\/\/www.notibras.com\/site\/aquilo-era-mais-raro-do-que-achar-dentes-numa-galinha\/\"},\"wordCount\":722,\"publisher\":{\"@id\":\"https:\/\/www.notibras.com\/site\/#organization\"},\"image\":{\"@id\":\"https:\/\/www.notibras.com\/site\/aquilo-era-mais-raro-do-que-achar-dentes-numa-galinha\/#primaryimage\"},\"thumbnailUrl\":\"https:\/\/www.notibras.com\/site\/wp-content\/uploads\/2026\/03\/WhatsApp-Image-2026-03-12-at-16.29.02.jpeg\",\"articleSection\":[\"Caf\u00e9 Liter\u00e1rio\"],\"inLanguage\":\"pt-BR\"},{\"@type\":\"WebPage\",\"@id\":\"https:\/\/www.notibras.com\/site\/aquilo-era-mais-raro-do-que-achar-dentes-numa-galinha\/\",\"url\":\"https:\/\/www.notibras.com\/site\/aquilo-era-mais-raro-do-que-achar-dentes-numa-galinha\/\",\"name\":\"Aquilo era mais raro do que achar dentes numa galinha - Notibras\",\"isPartOf\":{\"@id\":\"https:\/\/www.notibras.com\/site\/#website\"},\"primaryImageOfPage\":{\"@id\":\"https:\/\/www.notibras.com\/site\/aquilo-era-mais-raro-do-que-achar-dentes-numa-galinha\/#primaryimage\"},\"image\":{\"@id\":\"https:\/\/www.notibras.com\/site\/aquilo-era-mais-raro-do-que-achar-dentes-numa-galinha\/#primaryimage\"},\"thumbnailUrl\":\"https:\/\/www.notibras.com\/site\/wp-content\/uploads\/2026\/03\/WhatsApp-Image-2026-03-12-at-16.29.02.jpeg\",\"datePublished\":\"2026-03-14T03:00:49+00:00\",\"breadcrumb\":{\"@id\":\"https:\/\/www.notibras.com\/site\/aquilo-era-mais-raro-do-que-achar-dentes-numa-galinha\/#breadcrumb\"},\"inLanguage\":\"pt-BR\",\"potentialAction\":[{\"@type\":\"ReadAction\",\"target\":[\"https:\/\/www.notibras.com\/site\/aquilo-era-mais-raro-do-que-achar-dentes-numa-galinha\/\"]}]},{\"@type\":\"ImageObject\",\"inLanguage\":\"pt-BR\",\"@id\":\"https:\/\/www.notibras.com\/site\/aquilo-era-mais-raro-do-que-achar-dentes-numa-galinha\/#primaryimage\",\"url\":\"https:\/\/www.notibras.com\/site\/wp-content\/uploads\/2026\/03\/WhatsApp-Image-2026-03-12-at-16.29.02.jpeg\",\"contentUrl\":\"https:\/\/www.notibras.com\/site\/wp-content\/uploads\/2026\/03\/WhatsApp-Image-2026-03-12-at-16.29.02.jpeg\",\"width\":856,\"height\":488},{\"@type\":\"BreadcrumbList\",\"@id\":\"https:\/\/www.notibras.com\/site\/aquilo-era-mais-raro-do-que-achar-dentes-numa-galinha\/#breadcrumb\",\"itemListElement\":[{\"@type\":\"ListItem\",\"position\":1,\"name\":\"In\u00edcio\",\"item\":\"https:\/\/www.notibras.com\/site\/\"},{\"@type\":\"ListItem\",\"position\":2,\"name\":\"Aquilo era mais raro do que achar dentes numa galinha\"}]},{\"@type\":\"WebSite\",\"@id\":\"https:\/\/www.notibras.com\/site\/#website\",\"url\":\"https:\/\/www.notibras.com\/site\/\",\"name\":\"Notibras\",\"description\":\"Not\u00edcias de Bras\u00edlia, do Brasil e do Mundo\",\"publisher\":{\"@id\":\"https:\/\/www.notibras.com\/site\/#organization\"},\"potentialAction\":[{\"@type\":\"SearchAction\",\"target\":{\"@type\":\"EntryPoint\",\"urlTemplate\":\"https:\/\/www.notibras.com\/site\/?s={search_term_string}\"},\"query-input\":{\"@type\":\"PropertyValueSpecification\",\"valueRequired\":true,\"valueName\":\"search_term_string\"}}],\"inLanguage\":\"pt-BR\"},{\"@type\":\"Organization\",\"@id\":\"https:\/\/www.notibras.com\/site\/#organization\",\"name\":\"Grupo Notibras de Comunica\u00e7\u00e3o\",\"url\":\"https:\/\/www.notibras.com\/site\/\",\"logo\":{\"@type\":\"ImageObject\",\"inLanguage\":\"pt-BR\",\"@id\":\"https:\/\/www.notibras.com\/site\/#\/schema\/logo\/image\/\",\"url\":\"https:\/\/www.notibras.com\/site\/wp-content\/uploads\/2023\/01\/notibras23.png\",\"contentUrl\":\"https:\/\/www.notibras.com\/site\/wp-content\/uploads\/2023\/01\/notibras23.png\",\"width\":350,\"height\":87,\"caption\":\"Grupo Notibras de Comunica\u00e7\u00e3o\"},\"image\":{\"@id\":\"https:\/\/www.notibras.com\/site\/#\/schema\/logo\/image\/\"},\"sameAs\":[\"https:\/\/www.facebook.com\/notibras\/\",\"https:\/\/x.com\/Notibras\",\"https:\/\/www.instagram.com\/notibras\/\"]},{\"@type\":\"Person\",\"@id\":\"https:\/\/www.notibras.com\/site\/#\/schema\/person\/5b7fabf2aedc3ada2105f03b22b4d3dd\",\"name\":\"Eduardo Mart\u00ednez\",\"image\":{\"@type\":\"ImageObject\",\"inLanguage\":\"pt-BR\",\"@id\":\"https:\/\/secure.gravatar.com\/avatar\/7902f906289926289cbcda644b5197c796b893c6ffd7b9a536a42d290f7704a0?s=96&d=mm&r=g\",\"url\":\"https:\/\/secure.gravatar.com\/avatar\/7902f906289926289cbcda644b5197c796b893c6ffd7b9a536a42d290f7704a0?s=96&d=mm&r=g\",\"contentUrl\":\"https:\/\/secure.gravatar.com\/avatar\/7902f906289926289cbcda644b5197c796b893c6ffd7b9a536a42d290f7704a0?s=96&d=mm&r=g\",\"caption\":\"Eduardo Mart\u00ednez\"}}]}<\/script>\n<!-- \/ Yoast SEO plugin. -->","yoast_head_json":{"title":"Aquilo era mais raro do que achar dentes numa galinha - Notibras","robots":{"index":"index","follow":"follow","max-snippet":"max-snippet:-1","max-image-preview":"max-image-preview:large","max-video-preview":"max-video-preview:-1"},"canonical":"https:\/\/www.notibras.com\/site\/aquilo-era-mais-raro-do-que-achar-dentes-numa-galinha\/","og_locale":"pt_BR","og_type":"article","og_title":"Aquilo era mais raro do que achar dentes numa galinha - Notibras","og_description":"&#8211; Carmela n\u00e3o \u00e9 mais donzela. Vai fundo. A frase n\u00e3o teve resposta, nem causou espanto. Donzelas maiores de 18 anos, em Niter\u00f3i, no ano de gra\u00e7a de 1971, eram mais raras que dentes numa galinha. E num acampamento de carnaval em Praia Seca, trecho paradis\u00edaco da lagoa de Araruama, ent\u00e3o&#8230; Todo mundo pra l\u00e1 [&hellip;]","og_url":"https:\/\/www.notibras.com\/site\/aquilo-era-mais-raro-do-que-achar-dentes-numa-galinha\/","og_site_name":"Notibras","article_publisher":"https:\/\/www.facebook.com\/notibras\/","article_published_time":"2026-03-14T03:00:49+00:00","og_image":[{"width":856,"height":488,"url":"https:\/\/www.notibras.com\/site\/wp-content\/uploads\/2026\/03\/WhatsApp-Image-2026-03-12-at-16.29.02.jpeg","type":"image\/jpeg"}],"author":"Eduardo Mart\u00ednez","twitter_card":"summary_large_image","twitter_creator":"@Notibras","twitter_site":"@Notibras","twitter_misc":{"Escrito por":"Eduardo Mart\u00ednez","Est. tempo de leitura":"4 minutos"},"schema":{"@context":"https:\/\/schema.org","@graph":[{"@type":"Article","@id":"https:\/\/www.notibras.com\/site\/aquilo-era-mais-raro-do-que-achar-dentes-numa-galinha\/#article","isPartOf":{"@id":"https:\/\/www.notibras.com\/site\/aquilo-era-mais-raro-do-que-achar-dentes-numa-galinha\/"},"author":{"name":"Eduardo Mart\u00ednez","@id":"https:\/\/www.notibras.com\/site\/#\/schema\/person\/5b7fabf2aedc3ada2105f03b22b4d3dd"},"headline":"Aquilo era mais raro do que achar dentes numa galinha","datePublished":"2026-03-14T03:00:49+00:00","mainEntityOfPage":{"@id":"https:\/\/www.notibras.com\/site\/aquilo-era-mais-raro-do-que-achar-dentes-numa-galinha\/"},"wordCount":722,"publisher":{"@id":"https:\/\/www.notibras.com\/site\/#organization"},"image":{"@id":"https:\/\/www.notibras.com\/site\/aquilo-era-mais-raro-do-que-achar-dentes-numa-galinha\/#primaryimage"},"thumbnailUrl":"https:\/\/www.notibras.com\/site\/wp-content\/uploads\/2026\/03\/WhatsApp-Image-2026-03-12-at-16.29.02.jpeg","articleSection":["Caf\u00e9 Liter\u00e1rio"],"inLanguage":"pt-BR"},{"@type":"WebPage","@id":"https:\/\/www.notibras.com\/site\/aquilo-era-mais-raro-do-que-achar-dentes-numa-galinha\/","url":"https:\/\/www.notibras.com\/site\/aquilo-era-mais-raro-do-que-achar-dentes-numa-galinha\/","name":"Aquilo era mais raro do que achar dentes numa galinha - Notibras","isPartOf":{"@id":"https:\/\/www.notibras.com\/site\/#website"},"primaryImageOfPage":{"@id":"https:\/\/www.notibras.com\/site\/aquilo-era-mais-raro-do-que-achar-dentes-numa-galinha\/#primaryimage"},"image":{"@id":"https:\/\/www.notibras.com\/site\/aquilo-era-mais-raro-do-que-achar-dentes-numa-galinha\/#primaryimage"},"thumbnailUrl":"https:\/\/www.notibras.com\/site\/wp-content\/uploads\/2026\/03\/WhatsApp-Image-2026-03-12-at-16.29.02.jpeg","datePublished":"2026-03-14T03:00:49+00:00","breadcrumb":{"@id":"https:\/\/www.notibras.com\/site\/aquilo-era-mais-raro-do-que-achar-dentes-numa-galinha\/#breadcrumb"},"inLanguage":"pt-BR","potentialAction":[{"@type":"ReadAction","target":["https:\/\/www.notibras.com\/site\/aquilo-era-mais-raro-do-que-achar-dentes-numa-galinha\/"]}]},{"@type":"ImageObject","inLanguage":"pt-BR","@id":"https:\/\/www.notibras.com\/site\/aquilo-era-mais-raro-do-que-achar-dentes-numa-galinha\/#primaryimage","url":"https:\/\/www.notibras.com\/site\/wp-content\/uploads\/2026\/03\/WhatsApp-Image-2026-03-12-at-16.29.02.jpeg","contentUrl":"https:\/\/www.notibras.com\/site\/wp-content\/uploads\/2026\/03\/WhatsApp-Image-2026-03-12-at-16.29.02.jpeg","width":856,"height":488},{"@type":"BreadcrumbList","@id":"https:\/\/www.notibras.com\/site\/aquilo-era-mais-raro-do-que-achar-dentes-numa-galinha\/#breadcrumb","itemListElement":[{"@type":"ListItem","position":1,"name":"In\u00edcio","item":"https:\/\/www.notibras.com\/site\/"},{"@type":"ListItem","position":2,"name":"Aquilo era mais raro do que achar dentes numa galinha"}]},{"@type":"WebSite","@id":"https:\/\/www.notibras.com\/site\/#website","url":"https:\/\/www.notibras.com\/site\/","name":"Notibras","description":"Not\u00edcias de Bras\u00edlia, do Brasil e do Mundo","publisher":{"@id":"https:\/\/www.notibras.com\/site\/#organization"},"potentialAction":[{"@type":"SearchAction","target":{"@type":"EntryPoint","urlTemplate":"https:\/\/www.notibras.com\/site\/?s={search_term_string}"},"query-input":{"@type":"PropertyValueSpecification","valueRequired":true,"valueName":"search_term_string"}}],"inLanguage":"pt-BR"},{"@type":"Organization","@id":"https:\/\/www.notibras.com\/site\/#organization","name":"Grupo Notibras de Comunica\u00e7\u00e3o","url":"https:\/\/www.notibras.com\/site\/","logo":{"@type":"ImageObject","inLanguage":"pt-BR","@id":"https:\/\/www.notibras.com\/site\/#\/schema\/logo\/image\/","url":"https:\/\/www.notibras.com\/site\/wp-content\/uploads\/2023\/01\/notibras23.png","contentUrl":"https:\/\/www.notibras.com\/site\/wp-content\/uploads\/2023\/01\/notibras23.png","width":350,"height":87,"caption":"Grupo Notibras de Comunica\u00e7\u00e3o"},"image":{"@id":"https:\/\/www.notibras.com\/site\/#\/schema\/logo\/image\/"},"sameAs":["https:\/\/www.facebook.com\/notibras\/","https:\/\/x.com\/Notibras","https:\/\/www.instagram.com\/notibras\/"]},{"@type":"Person","@id":"https:\/\/www.notibras.com\/site\/#\/schema\/person\/5b7fabf2aedc3ada2105f03b22b4d3dd","name":"Eduardo Mart\u00ednez","image":{"@type":"ImageObject","inLanguage":"pt-BR","@id":"https:\/\/secure.gravatar.com\/avatar\/7902f906289926289cbcda644b5197c796b893c6ffd7b9a536a42d290f7704a0?s=96&d=mm&r=g","url":"https:\/\/secure.gravatar.com\/avatar\/7902f906289926289cbcda644b5197c796b893c6ffd7b9a536a42d290f7704a0?s=96&d=mm&r=g","contentUrl":"https:\/\/secure.gravatar.com\/avatar\/7902f906289926289cbcda644b5197c796b893c6ffd7b9a536a42d290f7704a0?s=96&d=mm&r=g","caption":"Eduardo Mart\u00ednez"}}]}},"amp_enabled":true,"_links":{"self":[{"href":"https:\/\/www.notibras.com\/site\/wp-json\/wp\/v2\/posts\/386715","targetHints":{"allow":["GET"]}}],"collection":[{"href":"https:\/\/www.notibras.com\/site\/wp-json\/wp\/v2\/posts"}],"about":[{"href":"https:\/\/www.notibras.com\/site\/wp-json\/wp\/v2\/types\/post"}],"author":[{"embeddable":true,"href":"https:\/\/www.notibras.com\/site\/wp-json\/wp\/v2\/users\/21"}],"replies":[{"embeddable":true,"href":"https:\/\/www.notibras.com\/site\/wp-json\/wp\/v2\/comments?post=386715"}],"version-history":[{"count":2,"href":"https:\/\/www.notibras.com\/site\/wp-json\/wp\/v2\/posts\/386715\/revisions"}],"predecessor-version":[{"id":386718,"href":"https:\/\/www.notibras.com\/site\/wp-json\/wp\/v2\/posts\/386715\/revisions\/386718"}],"wp:featuredmedia":[{"embeddable":true,"href":"https:\/\/www.notibras.com\/site\/wp-json\/wp\/v2\/media\/386716"}],"wp:attachment":[{"href":"https:\/\/www.notibras.com\/site\/wp-json\/wp\/v2\/media?parent=386715"}],"wp:term":[{"taxonomy":"category","embeddable":true,"href":"https:\/\/www.notibras.com\/site\/wp-json\/wp\/v2\/categories?post=386715"},{"taxonomy":"post_tag","embeddable":true,"href":"https:\/\/www.notibras.com\/site\/wp-json\/wp\/v2\/tags?post=386715"}],"curies":[{"name":"wp","href":"https:\/\/api.w.org\/{rel}","templated":true}]}}