{"id":386740,"date":"2026-03-13T02:00:07","date_gmt":"2026-03-13T05:00:07","guid":{"rendered":"https:\/\/www.notibras.com\/site\/?p=386740"},"modified":"2026-03-12T23:15:45","modified_gmt":"2026-03-13T02:15:45","slug":"o-debate-que-o-rio-merecia-e-a-briga-que-paes-e-castro-entregam","status":"publish","type":"post","link":"https:\/\/www.notibras.com\/site\/o-debate-que-o-rio-merecia-e-a-briga-que-paes-e-castro-entregam\/","title":{"rendered":"O debate que o Rio merecia e a briga que Paes e Castro entregam"},"content":{"rendered":"<p>A seguran\u00e7a p\u00fablica no Rio de Janeiro merecia um debate s\u00e9rio. Em vez disso, o que se v\u00ea \u00e9 uma troca de farpas desnecess\u00e1ria entre o prefeito Eduardo Paes e o governador Cl\u00e1udio Castro, num embate que vai assumindo, com o tempo, um tom cada vez mais pessoal.<\/p>\n<p>O que torna esse cen\u00e1rio ainda mais dif\u00edcil de compreender \u00e9 a posi\u00e7\u00e3o confort\u00e1vel em que Paes se encontra. Com cerca de 30 pontos de vantagem nas pesquisas para o governo do estado, o prefeito n\u00e3o enfrenta nenhum advers\u00e1rio que represente amea\u00e7a efetiva \u00e0 sua candidatura. Num quadro assim, ele pouco precisaria fazer para ser eleito. Engajar-se em ataques que podem desgast\u00e1-lo parece um movimento desnecess\u00e1rio e que contradiz a racionalidade de quem joga para n\u00e3o perder.<\/p>\n<p>Do lado de Castro, os ataques parecem igualmente sem prop\u00f3sito. O atual governador enfrenta um futuro cada vez mais incerto: ao que tudo indica, pode se tornar ineleg\u00edvel, a depender do desfecho do processo em andamento no TSE. Com o pr\u00f3prio destino pol\u00edtico em xeque, investir energia numa guerra de narrativas com o favorito ao seu cargo soa mais como distra\u00e7\u00e3o do que estrat\u00e9gia.<br \/>\nEm resumo, a briga n\u00e3o beneficia ningu\u00e9m: nem Paes, nem Castro e muito menos o povo do Rio.<\/p>\n","protected":false},"excerpt":{"rendered":"<p>A seguran\u00e7a p\u00fablica no Rio de Janeiro merecia um debate s\u00e9rio. Em vez disso, o que se v\u00ea \u00e9 uma troca de farpas desnecess\u00e1ria entre o prefeito Eduardo Paes e o governador Cl\u00e1udio Castro, num embate que vai assumindo, com o tempo, um tom cada vez mais pessoal. O que torna esse cen\u00e1rio ainda mais [&hellip;]<\/p>\n","protected":false},"author":21,"featured_media":386742,"comment_status":"closed","ping_status":"closed","sticky":false,"template":"","format":"standard","meta":{"_acf_changed":false,"footnotes":""},"categories":[235],"tags":[],"class_list":["post-386740","post","type-post","status-publish","format-standard","has-post-thumbnail","hentry","category-dona-irene"],"acf":[],"yoast_head":"<!-- This site is optimized with the Yoast SEO plugin v27.2 - https:\/\/yoast.com\/product\/yoast-seo-wordpress\/ -->\n<title>O debate que o Rio merecia e a briga que Paes e Castro entregam - Notibras<\/title>\n<meta name=\"robots\" content=\"index, follow, max-snippet:-1, max-image-preview:large, max-video-preview:-1\" \/>\n<link rel=\"canonical\" href=\"https:\/\/www.notibras.com\/site\/o-debate-que-o-rio-merecia-e-a-briga-que-paes-e-castro-entregam\/\" \/>\n<meta property=\"og:locale\" content=\"pt_BR\" \/>\n<meta property=\"og:type\" content=\"article\" \/>\n<meta property=\"og:title\" content=\"O debate que o Rio merecia e a briga que Paes e Castro entregam - Notibras\" \/>\n<meta property=\"og:description\" content=\"A seguran\u00e7a p\u00fablica no Rio de Janeiro merecia um debate s\u00e9rio. Em vez disso, o que se v\u00ea \u00e9 uma troca de farpas desnecess\u00e1ria entre o prefeito Eduardo Paes e o governador Cl\u00e1udio Castro, num embate que vai assumindo, com o tempo, um tom cada vez mais pessoal. O que torna esse cen\u00e1rio ainda mais [&hellip;]\" \/>\n<meta property=\"og:url\" content=\"https:\/\/www.notibras.com\/site\/o-debate-que-o-rio-merecia-e-a-briga-que-paes-e-castro-entregam\/\" \/>\n<meta property=\"og:site_name\" content=\"Notibras\" \/>\n<meta property=\"article:publisher\" content=\"https:\/\/www.facebook.com\/notibras\/\" \/>\n<meta property=\"article:published_time\" content=\"2026-03-13T05:00:07+00:00\" \/>\n<meta property=\"og:image\" content=\"https:\/\/www.notibras.com\/site\/wp-content\/uploads\/2026\/03\/arte-44-.webp\" \/>\n\t<meta property=\"og:image:width\" content=\"888\" \/>\n\t<meta property=\"og:image:height\" content=\"530\" \/>\n\t<meta property=\"og:image:type\" content=\"image\/webp\" \/>\n<meta name=\"author\" content=\"Eduardo Mart\u00ednez\" \/>\n<meta name=\"twitter:card\" content=\"summary_large_image\" \/>\n<meta name=\"twitter:creator\" content=\"@Notibras\" \/>\n<meta name=\"twitter:site\" content=\"@Notibras\" \/>\n<meta name=\"twitter:label1\" content=\"Escrito por\" \/>\n\t<meta name=\"twitter:data1\" content=\"Eduardo Mart\u00ednez\" \/>\n\t<meta name=\"twitter:label2\" content=\"Est. tempo de leitura\" \/>\n\t<meta name=\"twitter:data2\" content=\"2 minutos\" \/>\n<script type=\"application\/ld+json\" class=\"yoast-schema-graph\">{\"@context\":\"https:\/\/schema.org\",\"@graph\":[{\"@type\":\"Article\",\"@id\":\"https:\/\/www.notibras.com\/site\/o-debate-que-o-rio-merecia-e-a-briga-que-paes-e-castro-entregam\/#article\",\"isPartOf\":{\"@id\":\"https:\/\/www.notibras.com\/site\/o-debate-que-o-rio-merecia-e-a-briga-que-paes-e-castro-entregam\/\"},\"author\":{\"name\":\"Eduardo Mart\u00ednez\",\"@id\":\"https:\/\/www.notibras.com\/site\/#\/schema\/person\/5b7fabf2aedc3ada2105f03b22b4d3dd\"},\"headline\":\"O debate que o Rio merecia e a briga que Paes e Castro entregam\",\"datePublished\":\"2026-03-13T05:00:07+00:00\",\"mainEntityOfPage\":{\"@id\":\"https:\/\/www.notibras.com\/site\/o-debate-que-o-rio-merecia-e-a-briga-que-paes-e-castro-entregam\/\"},\"wordCount\":240,\"publisher\":{\"@id\":\"https:\/\/www.notibras.com\/site\/#organization\"},\"image\":{\"@id\":\"https:\/\/www.notibras.com\/site\/o-debate-que-o-rio-merecia-e-a-briga-que-paes-e-castro-entregam\/#primaryimage\"},\"thumbnailUrl\":\"https:\/\/www.notibras.com\/site\/wp-content\/uploads\/2026\/03\/arte-44-.webp\",\"articleSection\":[\"Dona Irene\"],\"inLanguage\":\"pt-BR\"},{\"@type\":\"WebPage\",\"@id\":\"https:\/\/www.notibras.com\/site\/o-debate-que-o-rio-merecia-e-a-briga-que-paes-e-castro-entregam\/\",\"url\":\"https:\/\/www.notibras.com\/site\/o-debate-que-o-rio-merecia-e-a-briga-que-paes-e-castro-entregam\/\",\"name\":\"O debate que o Rio merecia e a briga que Paes e Castro entregam - Notibras\",\"isPartOf\":{\"@id\":\"https:\/\/www.notibras.com\/site\/#website\"},\"primaryImageOfPage\":{\"@id\":\"https:\/\/www.notibras.com\/site\/o-debate-que-o-rio-merecia-e-a-briga-que-paes-e-castro-entregam\/#primaryimage\"},\"image\":{\"@id\":\"https:\/\/www.notibras.com\/site\/o-debate-que-o-rio-merecia-e-a-briga-que-paes-e-castro-entregam\/#primaryimage\"},\"thumbnailUrl\":\"https:\/\/www.notibras.com\/site\/wp-content\/uploads\/2026\/03\/arte-44-.webp\",\"datePublished\":\"2026-03-13T05:00:07+00:00\",\"breadcrumb\":{\"@id\":\"https:\/\/www.notibras.com\/site\/o-debate-que-o-rio-merecia-e-a-briga-que-paes-e-castro-entregam\/#breadcrumb\"},\"inLanguage\":\"pt-BR\",\"potentialAction\":[{\"@type\":\"ReadAction\",\"target\":[\"https:\/\/www.notibras.com\/site\/o-debate-que-o-rio-merecia-e-a-briga-que-paes-e-castro-entregam\/\"]}]},{\"@type\":\"ImageObject\",\"inLanguage\":\"pt-BR\",\"@id\":\"https:\/\/www.notibras.com\/site\/o-debate-que-o-rio-merecia-e-a-briga-que-paes-e-castro-entregam\/#primaryimage\",\"url\":\"https:\/\/www.notibras.com\/site\/wp-content\/uploads\/2026\/03\/arte-44-.webp\",\"contentUrl\":\"https:\/\/www.notibras.com\/site\/wp-content\/uploads\/2026\/03\/arte-44-.webp\",\"width\":888,\"height\":530},{\"@type\":\"BreadcrumbList\",\"@id\":\"https:\/\/www.notibras.com\/site\/o-debate-que-o-rio-merecia-e-a-briga-que-paes-e-castro-entregam\/#breadcrumb\",\"itemListElement\":[{\"@type\":\"ListItem\",\"position\":1,\"name\":\"In\u00edcio\",\"item\":\"https:\/\/www.notibras.com\/site\/\"},{\"@type\":\"ListItem\",\"position\":2,\"name\":\"O debate que o Rio merecia e a briga que Paes e Castro entregam\"}]},{\"@type\":\"WebSite\",\"@id\":\"https:\/\/www.notibras.com\/site\/#website\",\"url\":\"https:\/\/www.notibras.com\/site\/\",\"name\":\"Notibras\",\"description\":\"Not\u00edcias de Bras\u00edlia, do Brasil e do Mundo\",\"publisher\":{\"@id\":\"https:\/\/www.notibras.com\/site\/#organization\"},\"potentialAction\":[{\"@type\":\"SearchAction\",\"target\":{\"@type\":\"EntryPoint\",\"urlTemplate\":\"https:\/\/www.notibras.com\/site\/?s={search_term_string}\"},\"query-input\":{\"@type\":\"PropertyValueSpecification\",\"valueRequired\":true,\"valueName\":\"search_term_string\"}}],\"inLanguage\":\"pt-BR\"},{\"@type\":\"Organization\",\"@id\":\"https:\/\/www.notibras.com\/site\/#organization\",\"name\":\"Grupo Notibras de Comunica\u00e7\u00e3o\",\"url\":\"https:\/\/www.notibras.com\/site\/\",\"logo\":{\"@type\":\"ImageObject\",\"inLanguage\":\"pt-BR\",\"@id\":\"https:\/\/www.notibras.com\/site\/#\/schema\/logo\/image\/\",\"url\":\"https:\/\/www.notibras.com\/site\/wp-content\/uploads\/2023\/01\/notibras23.png\",\"contentUrl\":\"https:\/\/www.notibras.com\/site\/wp-content\/uploads\/2023\/01\/notibras23.png\",\"width\":350,\"height\":87,\"caption\":\"Grupo Notibras de Comunica\u00e7\u00e3o\"},\"image\":{\"@id\":\"https:\/\/www.notibras.com\/site\/#\/schema\/logo\/image\/\"},\"sameAs\":[\"https:\/\/www.facebook.com\/notibras\/\",\"https:\/\/x.com\/Notibras\",\"https:\/\/www.instagram.com\/notibras\/\"]},{\"@type\":\"Person\",\"@id\":\"https:\/\/www.notibras.com\/site\/#\/schema\/person\/5b7fabf2aedc3ada2105f03b22b4d3dd\",\"name\":\"Eduardo Mart\u00ednez\",\"image\":{\"@type\":\"ImageObject\",\"inLanguage\":\"pt-BR\",\"@id\":\"https:\/\/secure.gravatar.com\/avatar\/7902f906289926289cbcda644b5197c796b893c6ffd7b9a536a42d290f7704a0?s=96&d=mm&r=g\",\"url\":\"https:\/\/secure.gravatar.com\/avatar\/7902f906289926289cbcda644b5197c796b893c6ffd7b9a536a42d290f7704a0?s=96&d=mm&r=g\",\"contentUrl\":\"https:\/\/secure.gravatar.com\/avatar\/7902f906289926289cbcda644b5197c796b893c6ffd7b9a536a42d290f7704a0?s=96&d=mm&r=g\",\"caption\":\"Eduardo Mart\u00ednez\"}}]}<\/script>\n<!-- \/ Yoast SEO plugin. -->","yoast_head_json":{"title":"O debate que o Rio merecia e a briga que Paes e Castro entregam - Notibras","robots":{"index":"index","follow":"follow","max-snippet":"max-snippet:-1","max-image-preview":"max-image-preview:large","max-video-preview":"max-video-preview:-1"},"canonical":"https:\/\/www.notibras.com\/site\/o-debate-que-o-rio-merecia-e-a-briga-que-paes-e-castro-entregam\/","og_locale":"pt_BR","og_type":"article","og_title":"O debate que o Rio merecia e a briga que Paes e Castro entregam - Notibras","og_description":"A seguran\u00e7a p\u00fablica no Rio de Janeiro merecia um debate s\u00e9rio. Em vez disso, o que se v\u00ea \u00e9 uma troca de farpas desnecess\u00e1ria entre o prefeito Eduardo Paes e o governador Cl\u00e1udio Castro, num embate que vai assumindo, com o tempo, um tom cada vez mais pessoal. O que torna esse cen\u00e1rio ainda mais [&hellip;]","og_url":"https:\/\/www.notibras.com\/site\/o-debate-que-o-rio-merecia-e-a-briga-que-paes-e-castro-entregam\/","og_site_name":"Notibras","article_publisher":"https:\/\/www.facebook.com\/notibras\/","article_published_time":"2026-03-13T05:00:07+00:00","og_image":[{"width":888,"height":530,"url":"https:\/\/www.notibras.com\/site\/wp-content\/uploads\/2026\/03\/arte-44-.webp","type":"image\/webp"}],"author":"Eduardo Mart\u00ednez","twitter_card":"summary_large_image","twitter_creator":"@Notibras","twitter_site":"@Notibras","twitter_misc":{"Escrito por":"Eduardo Mart\u00ednez","Est. tempo de leitura":"2 minutos"},"schema":{"@context":"https:\/\/schema.org","@graph":[{"@type":"Article","@id":"https:\/\/www.notibras.com\/site\/o-debate-que-o-rio-merecia-e-a-briga-que-paes-e-castro-entregam\/#article","isPartOf":{"@id":"https:\/\/www.notibras.com\/site\/o-debate-que-o-rio-merecia-e-a-briga-que-paes-e-castro-entregam\/"},"author":{"name":"Eduardo Mart\u00ednez","@id":"https:\/\/www.notibras.com\/site\/#\/schema\/person\/5b7fabf2aedc3ada2105f03b22b4d3dd"},"headline":"O debate que o Rio merecia e a briga que Paes e Castro entregam","datePublished":"2026-03-13T05:00:07+00:00","mainEntityOfPage":{"@id":"https:\/\/www.notibras.com\/site\/o-debate-que-o-rio-merecia-e-a-briga-que-paes-e-castro-entregam\/"},"wordCount":240,"publisher":{"@id":"https:\/\/www.notibras.com\/site\/#organization"},"image":{"@id":"https:\/\/www.notibras.com\/site\/o-debate-que-o-rio-merecia-e-a-briga-que-paes-e-castro-entregam\/#primaryimage"},"thumbnailUrl":"https:\/\/www.notibras.com\/site\/wp-content\/uploads\/2026\/03\/arte-44-.webp","articleSection":["Dona Irene"],"inLanguage":"pt-BR"},{"@type":"WebPage","@id":"https:\/\/www.notibras.com\/site\/o-debate-que-o-rio-merecia-e-a-briga-que-paes-e-castro-entregam\/","url":"https:\/\/www.notibras.com\/site\/o-debate-que-o-rio-merecia-e-a-briga-que-paes-e-castro-entregam\/","name":"O debate que o Rio merecia e a briga que Paes e Castro entregam - Notibras","isPartOf":{"@id":"https:\/\/www.notibras.com\/site\/#website"},"primaryImageOfPage":{"@id":"https:\/\/www.notibras.com\/site\/o-debate-que-o-rio-merecia-e-a-briga-que-paes-e-castro-entregam\/#primaryimage"},"image":{"@id":"https:\/\/www.notibras.com\/site\/o-debate-que-o-rio-merecia-e-a-briga-que-paes-e-castro-entregam\/#primaryimage"},"thumbnailUrl":"https:\/\/www.notibras.com\/site\/wp-content\/uploads\/2026\/03\/arte-44-.webp","datePublished":"2026-03-13T05:00:07+00:00","breadcrumb":{"@id":"https:\/\/www.notibras.com\/site\/o-debate-que-o-rio-merecia-e-a-briga-que-paes-e-castro-entregam\/#breadcrumb"},"inLanguage":"pt-BR","potentialAction":[{"@type":"ReadAction","target":["https:\/\/www.notibras.com\/site\/o-debate-que-o-rio-merecia-e-a-briga-que-paes-e-castro-entregam\/"]}]},{"@type":"ImageObject","inLanguage":"pt-BR","@id":"https:\/\/www.notibras.com\/site\/o-debate-que-o-rio-merecia-e-a-briga-que-paes-e-castro-entregam\/#primaryimage","url":"https:\/\/www.notibras.com\/site\/wp-content\/uploads\/2026\/03\/arte-44-.webp","contentUrl":"https:\/\/www.notibras.com\/site\/wp-content\/uploads\/2026\/03\/arte-44-.webp","width":888,"height":530},{"@type":"BreadcrumbList","@id":"https:\/\/www.notibras.com\/site\/o-debate-que-o-rio-merecia-e-a-briga-que-paes-e-castro-entregam\/#breadcrumb","itemListElement":[{"@type":"ListItem","position":1,"name":"In\u00edcio","item":"https:\/\/www.notibras.com\/site\/"},{"@type":"ListItem","position":2,"name":"O debate que o Rio merecia e a briga que Paes e Castro entregam"}]},{"@type":"WebSite","@id":"https:\/\/www.notibras.com\/site\/#website","url":"https:\/\/www.notibras.com\/site\/","name":"Notibras","description":"Not\u00edcias de Bras\u00edlia, do Brasil e do Mundo","publisher":{"@id":"https:\/\/www.notibras.com\/site\/#organization"},"potentialAction":[{"@type":"SearchAction","target":{"@type":"EntryPoint","urlTemplate":"https:\/\/www.notibras.com\/site\/?s={search_term_string}"},"query-input":{"@type":"PropertyValueSpecification","valueRequired":true,"valueName":"search_term_string"}}],"inLanguage":"pt-BR"},{"@type":"Organization","@id":"https:\/\/www.notibras.com\/site\/#organization","name":"Grupo Notibras de Comunica\u00e7\u00e3o","url":"https:\/\/www.notibras.com\/site\/","logo":{"@type":"ImageObject","inLanguage":"pt-BR","@id":"https:\/\/www.notibras.com\/site\/#\/schema\/logo\/image\/","url":"https:\/\/www.notibras.com\/site\/wp-content\/uploads\/2023\/01\/notibras23.png","contentUrl":"https:\/\/www.notibras.com\/site\/wp-content\/uploads\/2023\/01\/notibras23.png","width":350,"height":87,"caption":"Grupo Notibras de Comunica\u00e7\u00e3o"},"image":{"@id":"https:\/\/www.notibras.com\/site\/#\/schema\/logo\/image\/"},"sameAs":["https:\/\/www.facebook.com\/notibras\/","https:\/\/x.com\/Notibras","https:\/\/www.instagram.com\/notibras\/"]},{"@type":"Person","@id":"https:\/\/www.notibras.com\/site\/#\/schema\/person\/5b7fabf2aedc3ada2105f03b22b4d3dd","name":"Eduardo Mart\u00ednez","image":{"@type":"ImageObject","inLanguage":"pt-BR","@id":"https:\/\/secure.gravatar.com\/avatar\/7902f906289926289cbcda644b5197c796b893c6ffd7b9a536a42d290f7704a0?s=96&d=mm&r=g","url":"https:\/\/secure.gravatar.com\/avatar\/7902f906289926289cbcda644b5197c796b893c6ffd7b9a536a42d290f7704a0?s=96&d=mm&r=g","contentUrl":"https:\/\/secure.gravatar.com\/avatar\/7902f906289926289cbcda644b5197c796b893c6ffd7b9a536a42d290f7704a0?s=96&d=mm&r=g","caption":"Eduardo Mart\u00ednez"}}]}},"amp_enabled":true,"_links":{"self":[{"href":"https:\/\/www.notibras.com\/site\/wp-json\/wp\/v2\/posts\/386740","targetHints":{"allow":["GET"]}}],"collection":[{"href":"https:\/\/www.notibras.com\/site\/wp-json\/wp\/v2\/posts"}],"about":[{"href":"https:\/\/www.notibras.com\/site\/wp-json\/wp\/v2\/types\/post"}],"author":[{"embeddable":true,"href":"https:\/\/www.notibras.com\/site\/wp-json\/wp\/v2\/users\/21"}],"replies":[{"embeddable":true,"href":"https:\/\/www.notibras.com\/site\/wp-json\/wp\/v2\/comments?post=386740"}],"version-history":[{"count":3,"href":"https:\/\/www.notibras.com\/site\/wp-json\/wp\/v2\/posts\/386740\/revisions"}],"predecessor-version":[{"id":386744,"href":"https:\/\/www.notibras.com\/site\/wp-json\/wp\/v2\/posts\/386740\/revisions\/386744"}],"wp:featuredmedia":[{"embeddable":true,"href":"https:\/\/www.notibras.com\/site\/wp-json\/wp\/v2\/media\/386742"}],"wp:attachment":[{"href":"https:\/\/www.notibras.com\/site\/wp-json\/wp\/v2\/media?parent=386740"}],"wp:term":[{"taxonomy":"category","embeddable":true,"href":"https:\/\/www.notibras.com\/site\/wp-json\/wp\/v2\/categories?post=386740"},{"taxonomy":"post_tag","embeddable":true,"href":"https:\/\/www.notibras.com\/site\/wp-json\/wp\/v2\/tags?post=386740"}],"curies":[{"name":"wp","href":"https:\/\/api.w.org\/{rel}","templated":true}]}}