{"id":386745,"date":"2026-03-14T02:00:51","date_gmt":"2026-03-14T05:00:51","guid":{"rendered":"https:\/\/www.notibras.com\/site\/?p=386745"},"modified":"2026-03-12T23:21:37","modified_gmt":"2026-03-13T02:21:37","slug":"so-falamos-das-vitorias","status":"publish","type":"post","link":"https:\/\/www.notibras.com\/site\/so-falamos-das-vitorias\/","title":{"rendered":"S\u00f3 falamos das vit\u00f3rias"},"content":{"rendered":"<p>Por que as derrotas costumam ser escondidas, \u00e9 algo que nunca entendi. Seria medo do crivo da sociedade? Mas por que isso acontece, ainda mais em exist\u00eancias fadadas ao fracasso? Pois n\u00e3o sou diferente desses tantos mortais, esquec\u00edveis que somos. Perdi a maioria das lutas, mas venci. Quer dizer, em uma ou outra ocasi\u00e3o, o que me coloca nesse enorme balaio dos maus vencedores, que se vangloriam por ninharias, talvez para camuflar o oceano de derrotas.<\/p>\n<p>Minha m\u00e3e, que estudo nunca teve, s\u00f3 assinava com a impress\u00e3o do polegar, n\u00e3o se deixava enganar por devaneios, t\u00e3o comuns nesses breves instantes de \u00eaxito. Triunfo, voc\u00ea poderia dizer, mas descarto tal verbete. Triunfo \u00e9 pr\u00f3prio dos que n\u00e3o s\u00e3o da nossa estirpe. Ent\u00e3o, deixemos para essa casta o privil\u00e9gio de diz\u00ea-lo. Triunfantes s\u00e3o eles.<\/p>\n<p>Saiba que h\u00e1 20 anos, completados h\u00e1 dois dias, tomei posse como escritur\u00e1rio no Banco do Brasil. Pois \u00e9, naquele long\u00ednquo ano de 2006, l\u00e1 estava eu, cabelos devidamente alinhados, barba feita, cal\u00e7a tergal e camisa impec\u00e1vel, sem contar o par de sapatos dois n\u00fameros acima do meu, emprestado de um amigo, diante do gerente. Ele me olhou como se estivesse avaliando quem era aquele rapazola magro, quase desnutrido, que, a partir daquele instante, seria seu mais novo subordinado. Venci, meu amigo! Era o que eu imaginava, apesar da tremedeira que tomou conta das minhas pernas, t\u00e3o finas que lembrariam as de um sabi\u00e1.<\/p>\n<p>Ganhei um crach\u00e1 que, propositalmente, me esquecia de tirar quando sa\u00eda para o almo\u00e7o ou, ent\u00e3o, pegava o \u00f4nibus de volta para casa. Quando percebia algum curioso me fitando com aquele passaporte para o Olimpo, estufava o peito e fingia olhar para o horizonte. Todavia, meu cora\u00e7\u00e3o parecia um menino saltitando diante do presente de Natal. Papai Noel existe! Era no que voltei a acreditar naqueles idos.<\/p>\n<p>Galguei alguns degraus na estratosf\u00e9rica escalada rumo ao sucesso. Sucesso de verdade. Ap\u00f3s anos de labuta, conquistei o posto de caixa e, mais quase uma d\u00e9cada, me tornei gerente de conta. Nada mal para aquele magricela que n\u00e3o tinha dinheiro nem para comprar sapatos, especialmente um de qualidade. Entretanto, vov\u00f3, do alto da sua sabedoria praticamente prof\u00e9tica, sempre esteve com a raz\u00e3o.<\/p>\n<p>Papai Noel n\u00e3o existe, meu amigo. N\u00e3o para os que vieram de onde viemos.<\/p>\n<p><strong>\u2026\u2026\u2026\u2026\u2026\u2026\u2026\u2026<\/strong><\/p>\n<p><strong>Eduardo Mart\u00ednez \u00e9 autor do livro \u201957 Contos e Cr\u00f4nicas por um Autor Muito Velho\u2019 (Vencedor do Pr\u00eamio Liter\u00e1rio Clarice Lispector \u2013 2025 na categoria livro de contos).<\/strong><\/p>\n<p><strong>Compre aqui<\/strong><\/p>\n<p><a href=\"https:\/\/www.joanineditora.com.br\/57-contos-e-cronicas-por-um-autor-muito-velho\"><strong>https:\/\/www.joanineditora.com.br\/57-contos-e-cronicas-por-um-autor-muito-velho<\/strong><\/a><\/p>\n","protected":false},"excerpt":{"rendered":"<p>Por que as derrotas costumam ser escondidas, \u00e9 algo que nunca entendi. Seria medo do crivo da sociedade? Mas por que isso acontece, ainda mais em exist\u00eancias fadadas ao fracasso? Pois n\u00e3o sou diferente desses tantos mortais, esquec\u00edveis que somos. Perdi a maioria das lutas, mas venci. Quer dizer, em uma ou outra ocasi\u00e3o, o [&hellip;]<\/p>\n","protected":false},"author":21,"featured_media":386746,"comment_status":"closed","ping_status":"closed","sticky":false,"template":"","format":"standard","meta":{"_acf_changed":false,"footnotes":""},"categories":[161],"tags":[],"class_list":["post-386745","post","type-post","status-publish","format-standard","has-post-thumbnail","hentry","category-quadradinho-em-foco"],"acf":[],"yoast_head":"<!-- This site is optimized with the Yoast SEO plugin v27.2 - https:\/\/yoast.com\/product\/yoast-seo-wordpress\/ -->\n<title>S\u00f3 falamos das vit\u00f3rias - Notibras<\/title>\n<meta name=\"robots\" content=\"index, follow, max-snippet:-1, max-image-preview:large, max-video-preview:-1\" \/>\n<link rel=\"canonical\" href=\"https:\/\/www.notibras.com\/site\/so-falamos-das-vitorias\/\" \/>\n<meta property=\"og:locale\" content=\"pt_BR\" \/>\n<meta property=\"og:type\" content=\"article\" \/>\n<meta property=\"og:title\" content=\"S\u00f3 falamos das vit\u00f3rias - Notibras\" \/>\n<meta property=\"og:description\" content=\"Por que as derrotas costumam ser escondidas, \u00e9 algo que nunca entendi. Seria medo do crivo da sociedade? Mas por que isso acontece, ainda mais em exist\u00eancias fadadas ao fracasso? Pois n\u00e3o sou diferente desses tantos mortais, esquec\u00edveis que somos. Perdi a maioria das lutas, mas venci. Quer dizer, em uma ou outra ocasi\u00e3o, o [&hellip;]\" \/>\n<meta property=\"og:url\" content=\"https:\/\/www.notibras.com\/site\/so-falamos-das-vitorias\/\" \/>\n<meta property=\"og:site_name\" content=\"Notibras\" \/>\n<meta property=\"article:publisher\" content=\"https:\/\/www.facebook.com\/notibras\/\" \/>\n<meta property=\"article:published_time\" content=\"2026-03-14T05:00:51+00:00\" \/>\n<meta property=\"og:image\" content=\"https:\/\/www.notibras.com\/site\/wp-content\/uploads\/2026\/03\/WhatsApp-Image-2026-03-12-at-23.06.00.jpeg\" \/>\n\t<meta property=\"og:image:width\" content=\"960\" \/>\n\t<meta property=\"og:image:height\" content=\"559\" \/>\n\t<meta property=\"og:image:type\" content=\"image\/jpeg\" \/>\n<meta name=\"author\" content=\"Eduardo Mart\u00ednez\" \/>\n<meta name=\"twitter:card\" content=\"summary_large_image\" \/>\n<meta name=\"twitter:creator\" content=\"@Notibras\" \/>\n<meta name=\"twitter:site\" content=\"@Notibras\" \/>\n<meta name=\"twitter:label1\" content=\"Escrito por\" \/>\n\t<meta name=\"twitter:data1\" content=\"Eduardo Mart\u00ednez\" \/>\n\t<meta name=\"twitter:label2\" content=\"Est. tempo de leitura\" \/>\n\t<meta name=\"twitter:data2\" content=\"3 minutos\" \/>\n<script type=\"application\/ld+json\" class=\"yoast-schema-graph\">{\"@context\":\"https:\/\/schema.org\",\"@graph\":[{\"@type\":\"Article\",\"@id\":\"https:\/\/www.notibras.com\/site\/so-falamos-das-vitorias\/#article\",\"isPartOf\":{\"@id\":\"https:\/\/www.notibras.com\/site\/so-falamos-das-vitorias\/\"},\"author\":{\"name\":\"Eduardo Mart\u00ednez\",\"@id\":\"https:\/\/www.notibras.com\/site\/#\/schema\/person\/5b7fabf2aedc3ada2105f03b22b4d3dd\"},\"headline\":\"S\u00f3 falamos das vit\u00f3rias\",\"datePublished\":\"2026-03-14T05:00:51+00:00\",\"mainEntityOfPage\":{\"@id\":\"https:\/\/www.notibras.com\/site\/so-falamos-das-vitorias\/\"},\"wordCount\":448,\"publisher\":{\"@id\":\"https:\/\/www.notibras.com\/site\/#organization\"},\"image\":{\"@id\":\"https:\/\/www.notibras.com\/site\/so-falamos-das-vitorias\/#primaryimage\"},\"thumbnailUrl\":\"https:\/\/www.notibras.com\/site\/wp-content\/uploads\/2026\/03\/WhatsApp-Image-2026-03-12-at-23.06.00.jpeg\",\"articleSection\":[\"Quadradinho em Foco\"],\"inLanguage\":\"pt-BR\"},{\"@type\":\"WebPage\",\"@id\":\"https:\/\/www.notibras.com\/site\/so-falamos-das-vitorias\/\",\"url\":\"https:\/\/www.notibras.com\/site\/so-falamos-das-vitorias\/\",\"name\":\"S\u00f3 falamos das vit\u00f3rias - Notibras\",\"isPartOf\":{\"@id\":\"https:\/\/www.notibras.com\/site\/#website\"},\"primaryImageOfPage\":{\"@id\":\"https:\/\/www.notibras.com\/site\/so-falamos-das-vitorias\/#primaryimage\"},\"image\":{\"@id\":\"https:\/\/www.notibras.com\/site\/so-falamos-das-vitorias\/#primaryimage\"},\"thumbnailUrl\":\"https:\/\/www.notibras.com\/site\/wp-content\/uploads\/2026\/03\/WhatsApp-Image-2026-03-12-at-23.06.00.jpeg\",\"datePublished\":\"2026-03-14T05:00:51+00:00\",\"breadcrumb\":{\"@id\":\"https:\/\/www.notibras.com\/site\/so-falamos-das-vitorias\/#breadcrumb\"},\"inLanguage\":\"pt-BR\",\"potentialAction\":[{\"@type\":\"ReadAction\",\"target\":[\"https:\/\/www.notibras.com\/site\/so-falamos-das-vitorias\/\"]}]},{\"@type\":\"ImageObject\",\"inLanguage\":\"pt-BR\",\"@id\":\"https:\/\/www.notibras.com\/site\/so-falamos-das-vitorias\/#primaryimage\",\"url\":\"https:\/\/www.notibras.com\/site\/wp-content\/uploads\/2026\/03\/WhatsApp-Image-2026-03-12-at-23.06.00.jpeg\",\"contentUrl\":\"https:\/\/www.notibras.com\/site\/wp-content\/uploads\/2026\/03\/WhatsApp-Image-2026-03-12-at-23.06.00.jpeg\",\"width\":960,\"height\":559},{\"@type\":\"BreadcrumbList\",\"@id\":\"https:\/\/www.notibras.com\/site\/so-falamos-das-vitorias\/#breadcrumb\",\"itemListElement\":[{\"@type\":\"ListItem\",\"position\":1,\"name\":\"In\u00edcio\",\"item\":\"https:\/\/www.notibras.com\/site\/\"},{\"@type\":\"ListItem\",\"position\":2,\"name\":\"S\u00f3 falamos das vit\u00f3rias\"}]},{\"@type\":\"WebSite\",\"@id\":\"https:\/\/www.notibras.com\/site\/#website\",\"url\":\"https:\/\/www.notibras.com\/site\/\",\"name\":\"Notibras\",\"description\":\"Not\u00edcias de Bras\u00edlia, do Brasil e do Mundo\",\"publisher\":{\"@id\":\"https:\/\/www.notibras.com\/site\/#organization\"},\"potentialAction\":[{\"@type\":\"SearchAction\",\"target\":{\"@type\":\"EntryPoint\",\"urlTemplate\":\"https:\/\/www.notibras.com\/site\/?s={search_term_string}\"},\"query-input\":{\"@type\":\"PropertyValueSpecification\",\"valueRequired\":true,\"valueName\":\"search_term_string\"}}],\"inLanguage\":\"pt-BR\"},{\"@type\":\"Organization\",\"@id\":\"https:\/\/www.notibras.com\/site\/#organization\",\"name\":\"Grupo Notibras de Comunica\u00e7\u00e3o\",\"url\":\"https:\/\/www.notibras.com\/site\/\",\"logo\":{\"@type\":\"ImageObject\",\"inLanguage\":\"pt-BR\",\"@id\":\"https:\/\/www.notibras.com\/site\/#\/schema\/logo\/image\/\",\"url\":\"https:\/\/www.notibras.com\/site\/wp-content\/uploads\/2023\/01\/notibras23.png\",\"contentUrl\":\"https:\/\/www.notibras.com\/site\/wp-content\/uploads\/2023\/01\/notibras23.png\",\"width\":350,\"height\":87,\"caption\":\"Grupo Notibras de Comunica\u00e7\u00e3o\"},\"image\":{\"@id\":\"https:\/\/www.notibras.com\/site\/#\/schema\/logo\/image\/\"},\"sameAs\":[\"https:\/\/www.facebook.com\/notibras\/\",\"https:\/\/x.com\/Notibras\",\"https:\/\/www.instagram.com\/notibras\/\"]},{\"@type\":\"Person\",\"@id\":\"https:\/\/www.notibras.com\/site\/#\/schema\/person\/5b7fabf2aedc3ada2105f03b22b4d3dd\",\"name\":\"Eduardo Mart\u00ednez\",\"image\":{\"@type\":\"ImageObject\",\"inLanguage\":\"pt-BR\",\"@id\":\"https:\/\/secure.gravatar.com\/avatar\/7902f906289926289cbcda644b5197c796b893c6ffd7b9a536a42d290f7704a0?s=96&d=mm&r=g\",\"url\":\"https:\/\/secure.gravatar.com\/avatar\/7902f906289926289cbcda644b5197c796b893c6ffd7b9a536a42d290f7704a0?s=96&d=mm&r=g\",\"contentUrl\":\"https:\/\/secure.gravatar.com\/avatar\/7902f906289926289cbcda644b5197c796b893c6ffd7b9a536a42d290f7704a0?s=96&d=mm&r=g\",\"caption\":\"Eduardo Mart\u00ednez\"}}]}<\/script>\n<!-- \/ Yoast SEO plugin. -->","yoast_head_json":{"title":"S\u00f3 falamos das vit\u00f3rias - Notibras","robots":{"index":"index","follow":"follow","max-snippet":"max-snippet:-1","max-image-preview":"max-image-preview:large","max-video-preview":"max-video-preview:-1"},"canonical":"https:\/\/www.notibras.com\/site\/so-falamos-das-vitorias\/","og_locale":"pt_BR","og_type":"article","og_title":"S\u00f3 falamos das vit\u00f3rias - Notibras","og_description":"Por que as derrotas costumam ser escondidas, \u00e9 algo que nunca entendi. Seria medo do crivo da sociedade? Mas por que isso acontece, ainda mais em exist\u00eancias fadadas ao fracasso? Pois n\u00e3o sou diferente desses tantos mortais, esquec\u00edveis que somos. Perdi a maioria das lutas, mas venci. Quer dizer, em uma ou outra ocasi\u00e3o, o [&hellip;]","og_url":"https:\/\/www.notibras.com\/site\/so-falamos-das-vitorias\/","og_site_name":"Notibras","article_publisher":"https:\/\/www.facebook.com\/notibras\/","article_published_time":"2026-03-14T05:00:51+00:00","og_image":[{"width":960,"height":559,"url":"https:\/\/www.notibras.com\/site\/wp-content\/uploads\/2026\/03\/WhatsApp-Image-2026-03-12-at-23.06.00.jpeg","type":"image\/jpeg"}],"author":"Eduardo Mart\u00ednez","twitter_card":"summary_large_image","twitter_creator":"@Notibras","twitter_site":"@Notibras","twitter_misc":{"Escrito por":"Eduardo Mart\u00ednez","Est. tempo de leitura":"3 minutos"},"schema":{"@context":"https:\/\/schema.org","@graph":[{"@type":"Article","@id":"https:\/\/www.notibras.com\/site\/so-falamos-das-vitorias\/#article","isPartOf":{"@id":"https:\/\/www.notibras.com\/site\/so-falamos-das-vitorias\/"},"author":{"name":"Eduardo Mart\u00ednez","@id":"https:\/\/www.notibras.com\/site\/#\/schema\/person\/5b7fabf2aedc3ada2105f03b22b4d3dd"},"headline":"S\u00f3 falamos das vit\u00f3rias","datePublished":"2026-03-14T05:00:51+00:00","mainEntityOfPage":{"@id":"https:\/\/www.notibras.com\/site\/so-falamos-das-vitorias\/"},"wordCount":448,"publisher":{"@id":"https:\/\/www.notibras.com\/site\/#organization"},"image":{"@id":"https:\/\/www.notibras.com\/site\/so-falamos-das-vitorias\/#primaryimage"},"thumbnailUrl":"https:\/\/www.notibras.com\/site\/wp-content\/uploads\/2026\/03\/WhatsApp-Image-2026-03-12-at-23.06.00.jpeg","articleSection":["Quadradinho em Foco"],"inLanguage":"pt-BR"},{"@type":"WebPage","@id":"https:\/\/www.notibras.com\/site\/so-falamos-das-vitorias\/","url":"https:\/\/www.notibras.com\/site\/so-falamos-das-vitorias\/","name":"S\u00f3 falamos das vit\u00f3rias - Notibras","isPartOf":{"@id":"https:\/\/www.notibras.com\/site\/#website"},"primaryImageOfPage":{"@id":"https:\/\/www.notibras.com\/site\/so-falamos-das-vitorias\/#primaryimage"},"image":{"@id":"https:\/\/www.notibras.com\/site\/so-falamos-das-vitorias\/#primaryimage"},"thumbnailUrl":"https:\/\/www.notibras.com\/site\/wp-content\/uploads\/2026\/03\/WhatsApp-Image-2026-03-12-at-23.06.00.jpeg","datePublished":"2026-03-14T05:00:51+00:00","breadcrumb":{"@id":"https:\/\/www.notibras.com\/site\/so-falamos-das-vitorias\/#breadcrumb"},"inLanguage":"pt-BR","potentialAction":[{"@type":"ReadAction","target":["https:\/\/www.notibras.com\/site\/so-falamos-das-vitorias\/"]}]},{"@type":"ImageObject","inLanguage":"pt-BR","@id":"https:\/\/www.notibras.com\/site\/so-falamos-das-vitorias\/#primaryimage","url":"https:\/\/www.notibras.com\/site\/wp-content\/uploads\/2026\/03\/WhatsApp-Image-2026-03-12-at-23.06.00.jpeg","contentUrl":"https:\/\/www.notibras.com\/site\/wp-content\/uploads\/2026\/03\/WhatsApp-Image-2026-03-12-at-23.06.00.jpeg","width":960,"height":559},{"@type":"BreadcrumbList","@id":"https:\/\/www.notibras.com\/site\/so-falamos-das-vitorias\/#breadcrumb","itemListElement":[{"@type":"ListItem","position":1,"name":"In\u00edcio","item":"https:\/\/www.notibras.com\/site\/"},{"@type":"ListItem","position":2,"name":"S\u00f3 falamos das vit\u00f3rias"}]},{"@type":"WebSite","@id":"https:\/\/www.notibras.com\/site\/#website","url":"https:\/\/www.notibras.com\/site\/","name":"Notibras","description":"Not\u00edcias de Bras\u00edlia, do Brasil e do Mundo","publisher":{"@id":"https:\/\/www.notibras.com\/site\/#organization"},"potentialAction":[{"@type":"SearchAction","target":{"@type":"EntryPoint","urlTemplate":"https:\/\/www.notibras.com\/site\/?s={search_term_string}"},"query-input":{"@type":"PropertyValueSpecification","valueRequired":true,"valueName":"search_term_string"}}],"inLanguage":"pt-BR"},{"@type":"Organization","@id":"https:\/\/www.notibras.com\/site\/#organization","name":"Grupo Notibras de Comunica\u00e7\u00e3o","url":"https:\/\/www.notibras.com\/site\/","logo":{"@type":"ImageObject","inLanguage":"pt-BR","@id":"https:\/\/www.notibras.com\/site\/#\/schema\/logo\/image\/","url":"https:\/\/www.notibras.com\/site\/wp-content\/uploads\/2023\/01\/notibras23.png","contentUrl":"https:\/\/www.notibras.com\/site\/wp-content\/uploads\/2023\/01\/notibras23.png","width":350,"height":87,"caption":"Grupo Notibras de Comunica\u00e7\u00e3o"},"image":{"@id":"https:\/\/www.notibras.com\/site\/#\/schema\/logo\/image\/"},"sameAs":["https:\/\/www.facebook.com\/notibras\/","https:\/\/x.com\/Notibras","https:\/\/www.instagram.com\/notibras\/"]},{"@type":"Person","@id":"https:\/\/www.notibras.com\/site\/#\/schema\/person\/5b7fabf2aedc3ada2105f03b22b4d3dd","name":"Eduardo Mart\u00ednez","image":{"@type":"ImageObject","inLanguage":"pt-BR","@id":"https:\/\/secure.gravatar.com\/avatar\/7902f906289926289cbcda644b5197c796b893c6ffd7b9a536a42d290f7704a0?s=96&d=mm&r=g","url":"https:\/\/secure.gravatar.com\/avatar\/7902f906289926289cbcda644b5197c796b893c6ffd7b9a536a42d290f7704a0?s=96&d=mm&r=g","contentUrl":"https:\/\/secure.gravatar.com\/avatar\/7902f906289926289cbcda644b5197c796b893c6ffd7b9a536a42d290f7704a0?s=96&d=mm&r=g","caption":"Eduardo Mart\u00ednez"}}]}},"amp_enabled":true,"_links":{"self":[{"href":"https:\/\/www.notibras.com\/site\/wp-json\/wp\/v2\/posts\/386745","targetHints":{"allow":["GET"]}}],"collection":[{"href":"https:\/\/www.notibras.com\/site\/wp-json\/wp\/v2\/posts"}],"about":[{"href":"https:\/\/www.notibras.com\/site\/wp-json\/wp\/v2\/types\/post"}],"author":[{"embeddable":true,"href":"https:\/\/www.notibras.com\/site\/wp-json\/wp\/v2\/users\/21"}],"replies":[{"embeddable":true,"href":"https:\/\/www.notibras.com\/site\/wp-json\/wp\/v2\/comments?post=386745"}],"version-history":[{"count":2,"href":"https:\/\/www.notibras.com\/site\/wp-json\/wp\/v2\/posts\/386745\/revisions"}],"predecessor-version":[{"id":386748,"href":"https:\/\/www.notibras.com\/site\/wp-json\/wp\/v2\/posts\/386745\/revisions\/386748"}],"wp:featuredmedia":[{"embeddable":true,"href":"https:\/\/www.notibras.com\/site\/wp-json\/wp\/v2\/media\/386746"}],"wp:attachment":[{"href":"https:\/\/www.notibras.com\/site\/wp-json\/wp\/v2\/media?parent=386745"}],"wp:term":[{"taxonomy":"category","embeddable":true,"href":"https:\/\/www.notibras.com\/site\/wp-json\/wp\/v2\/categories?post=386745"},{"taxonomy":"post_tag","embeddable":true,"href":"https:\/\/www.notibras.com\/site\/wp-json\/wp\/v2\/tags?post=386745"}],"curies":[{"name":"wp","href":"https:\/\/api.w.org\/{rel}","templated":true}]}}