{"id":386753,"date":"2026-03-13T06:29:54","date_gmt":"2026-03-13T09:29:54","guid":{"rendered":"https:\/\/www.notibras.com\/site\/?p=386753"},"modified":"2026-03-13T06:31:33","modified_gmt":"2026-03-13T09:31:33","slug":"psiu-de-vorcaro-numa-sexta-13-pode-implodir-republica-de-bananas","status":"publish","type":"post","link":"https:\/\/www.notibras.com\/site\/psiu-de-vorcaro-numa-sexta-13-pode-implodir-republica-de-bananas\/","title":{"rendered":"Psiu de Vorcaro numa sexta, 13, pode implodir Rep\u00fablica de Bananas"},"content":{"rendered":"<p>A guerra \u00e9 entre loucos e doid\u00f5es. Alguns s\u00e3o malucos pelo poder absoluto. Como n\u00e3o interessa o ju\u00edzo de valor, o conflito que j\u00e1 matou e feriu centenas de iranianos, libaneses, judeus e norte-americanos \u00e9 l\u00e1 entre eles. A batalha est\u00e1 a milhares de quil\u00f4metros de dist\u00e2ncia e provavelmente os drones assassinos, os foguetes at\u00f4micos e a crueldade de Donald Trump e de Benjamin Netanyahu n\u00e3o chegar\u00e3o t\u00e3o cedo ao Brasil. Talvez nunca cheguem.<\/p>\n<p>Embora alguns de nossos patriotas tor\u00e7am para que o \u00f3dio, a brutalidade e a f\u00faria se instalem no Pa\u00eds Tropical, tomara que os senhores da guerra sucumbam ou que fiquem cada vez mais longe de n\u00f3s. Mas, aqui, apesar das maravilhas da paz, h\u00e1 uma bomba reprimida, com nome, sobrenome, filia\u00e7\u00e3o e CPF e que est\u00e1 bem pr\u00f3xima de explodir sobre a cabe\u00e7a de dezenas de excel\u00eancias eleitas, de endinheirados da Faria Lima e tamb\u00e9m de autoridades poderosas e supostamente acima de qualquer suspeita.<\/p>\n<p>N\u00e3o \u00e9 uma bomba comum. Na verdade, \u00e9 um homem-bomba com acesso \u00e0 m\u00eddia, a gabinetes indevass\u00e1veis e at\u00e9 a pal\u00e1cios impenetr\u00e1veis. Al\u00e9m de uma boa l\u00e1bia, o explosivo cidad\u00e3o disp\u00f5e de v\u00e1rias ogivas em seu caderninho de anota\u00e7\u00f5es privadas e, principalmente, em seu celular. Simbolicamente apelidado de <i>Mortaro<\/i>, o metaf\u00f3rico artefato \u00e9 conhecido nacionalmente por Daniel Vorcaro, cuja defini\u00e7\u00e3o oficial e oficiosa no Aur\u00e9lio \u00e9 engravatado enganador com firma reconhecida em cart\u00f3rio.<\/p>\n<p>No popular, o sujeito \u00e9 um mo\u00e7o sem topete e sem brilhantina, que j\u00e1 foi um predador social, mas que, mesmo preso, deve espalhar seus rica\u00e7os estilha\u00e7os por onde passou. \u00c9 por isso que, em p\u00e2nico, toda a Pra\u00e7a dos Tr\u00eas Poderes, a Faria Lima e a V\u00eanus Platinada prometem a vida pela liberdade do bomb\u00e1stico banqueiro. Solto ele \u00e9 sin\u00f4nimo de sil\u00eancio, de paz e tranquilidade para homens e mulheres com culpas em todas as esquinas, mas com bagagens e arm\u00e1rios apinhados de dindim.<\/p>\n<p>Preso, Daniel Vorcaro estaria pr\u00f3ximo da dela\u00e7\u00e3o. As negocia\u00e7\u00f5es est\u00e3o em curso. Ou seja, o recado est\u00e1 dado. \u00c9 tudo ou nada. No portugu\u00eas mais escorreito, na testa de Vorcaro est\u00e1 escrito aquele c\u00e9lebre ditado: Cal\u00e7a de veludo ou bunda de fora. At\u00e9 que resolvam, a p\u00f3lvora vem sendo espalhada pelos quatro cantos do pa\u00eds, inclusive em famosos est\u00fadios de TV. Ainda que disponha de \u00e1udios comprometedores e autocomprometedores, isso a Globo ainda n\u00e3o mostrou. Em breve ter\u00e1 de mostrar. Em uma cela escura e sem os suntuosos m\u00f3veis e utens\u00edlios de sua luxuosa mans\u00e3o, Daniel Vorcaro estuda uma definitiva forma de voltar a dar as cartas.<\/p>\n<p>Sem data definida e carecida de confirma\u00e7\u00e3o, a ordem \u00e9 liquidar a Rep\u00fablica Federativa das Bananas. Tudo pode acontecer nesta sexta (13), quando o Supremo Tribunal come\u00e7a a julgar a pris\u00e3o preventiva de Vorcaro, determinada pelo ministro bolsonarista Andr\u00e9 Mendon\u00e7a. Citado nas investiga\u00e7\u00f5es, o ministro Dias Toffoli foi indicado relator, mas pulou andando do barco. S\u00e3o muitos os tent\u00e1culos do dono do que sobrou do Banco Master. Quem deles se livrar talvez vire a emin\u00eancia parda que a Rep\u00fablica tanto espera. Os que forem alcan\u00e7ados se transformar\u00e3o em personas non gratas para patriotas, flamenguistas, corintianos e cerca de 160 milh\u00f5es de eleitores.<\/p>\n","protected":false},"excerpt":{"rendered":"<p>A guerra \u00e9 entre loucos e doid\u00f5es. Alguns s\u00e3o malucos pelo poder absoluto. Como n\u00e3o interessa o ju\u00edzo de valor, o conflito que j\u00e1 matou e feriu centenas de iranianos, libaneses, judeus e norte-americanos \u00e9 l\u00e1 entre eles. A batalha est\u00e1 a milhares de quil\u00f4metros de dist\u00e2ncia e provavelmente os drones assassinos, os foguetes at\u00f4micos [&hellip;]<\/p>\n","protected":false},"author":2,"featured_media":371415,"comment_status":"closed","ping_status":"closed","sticky":false,"template":"","format":"standard","meta":{"_acf_changed":false,"footnotes":""},"categories":[16],"tags":[95],"class_list":["post-386753","post","type-post","status-publish","format-standard","has-post-thumbnail","hentry","category-brasil","tag-capa"],"acf":[],"yoast_head":"<!-- This site is optimized with the Yoast SEO plugin v27.2 - https:\/\/yoast.com\/product\/yoast-seo-wordpress\/ -->\n<title>Psiu de Vorcaro numa sexta, 13, pode implodir Rep\u00fablica de Bananas - Notibras<\/title>\n<meta name=\"robots\" content=\"index, follow, max-snippet:-1, max-image-preview:large, max-video-preview:-1\" \/>\n<link rel=\"canonical\" href=\"https:\/\/www.notibras.com\/site\/psiu-de-vorcaro-numa-sexta-13-pode-implodir-republica-de-bananas\/\" \/>\n<meta property=\"og:locale\" content=\"pt_BR\" \/>\n<meta property=\"og:type\" content=\"article\" \/>\n<meta property=\"og:title\" content=\"Psiu de Vorcaro numa sexta, 13, pode implodir Rep\u00fablica de Bananas - Notibras\" \/>\n<meta property=\"og:description\" content=\"A guerra \u00e9 entre loucos e doid\u00f5es. Alguns s\u00e3o malucos pelo poder absoluto. Como n\u00e3o interessa o ju\u00edzo de valor, o conflito que j\u00e1 matou e feriu centenas de iranianos, libaneses, judeus e norte-americanos \u00e9 l\u00e1 entre eles. A batalha est\u00e1 a milhares de quil\u00f4metros de dist\u00e2ncia e provavelmente os drones assassinos, os foguetes at\u00f4micos [&hellip;]\" \/>\n<meta property=\"og:url\" content=\"https:\/\/www.notibras.com\/site\/psiu-de-vorcaro-numa-sexta-13-pode-implodir-republica-de-bananas\/\" \/>\n<meta property=\"og:site_name\" content=\"Notibras\" \/>\n<meta property=\"article:publisher\" content=\"https:\/\/www.facebook.com\/notibras\/\" \/>\n<meta property=\"article:published_time\" content=\"2026-03-13T09:29:54+00:00\" \/>\n<meta property=\"article:modified_time\" content=\"2026-03-13T09:31:33+00:00\" \/>\n<meta name=\"author\" content=\"Reda\u00e7\u00e3o\" \/>\n<meta name=\"twitter:card\" content=\"summary_large_image\" \/>\n<meta name=\"twitter:creator\" content=\"@Notibras\" \/>\n<meta name=\"twitter:site\" content=\"@Notibras\" \/>\n<meta name=\"twitter:label1\" content=\"Escrito por\" \/>\n\t<meta name=\"twitter:data1\" content=\"Reda\u00e7\u00e3o\" \/>\n\t<meta name=\"twitter:label2\" content=\"Est. tempo de leitura\" \/>\n\t<meta name=\"twitter:data2\" content=\"4 minutos\" \/>\n<script type=\"application\/ld+json\" class=\"yoast-schema-graph\">{\"@context\":\"https:\/\/schema.org\",\"@graph\":[{\"@type\":\"Article\",\"@id\":\"https:\/\/www.notibras.com\/site\/psiu-de-vorcaro-numa-sexta-13-pode-implodir-republica-de-bananas\/#article\",\"isPartOf\":{\"@id\":\"https:\/\/www.notibras.com\/site\/psiu-de-vorcaro-numa-sexta-13-pode-implodir-republica-de-bananas\/\"},\"author\":{\"name\":\"Reda\u00e7\u00e3o\",\"@id\":\"https:\/\/www.notibras.com\/site\/#\/schema\/person\/36ab0979449956132d3e5b517ea76ac8\"},\"headline\":\"Psiu de Vorcaro numa sexta, 13, pode implodir Rep\u00fablica de Bananas\",\"datePublished\":\"2026-03-13T09:29:54+00:00\",\"dateModified\":\"2026-03-13T09:31:33+00:00\",\"mainEntityOfPage\":{\"@id\":\"https:\/\/www.notibras.com\/site\/psiu-de-vorcaro-numa-sexta-13-pode-implodir-republica-de-bananas\/\"},\"wordCount\":594,\"publisher\":{\"@id\":\"https:\/\/www.notibras.com\/site\/#organization\"},\"image\":{\"@id\":\"https:\/\/www.notibras.com\/site\/psiu-de-vorcaro-numa-sexta-13-pode-implodir-republica-de-bananas\/#primaryimage\"},\"thumbnailUrl\":\"https:\/\/www.notibras.com\/site\/wp-content\/uploads\/2025\/11\/vorcaro.avif\",\"keywords\":[\"capa\"],\"articleSection\":[\"Brasil\"],\"inLanguage\":\"pt-BR\"},{\"@type\":\"WebPage\",\"@id\":\"https:\/\/www.notibras.com\/site\/psiu-de-vorcaro-numa-sexta-13-pode-implodir-republica-de-bananas\/\",\"url\":\"https:\/\/www.notibras.com\/site\/psiu-de-vorcaro-numa-sexta-13-pode-implodir-republica-de-bananas\/\",\"name\":\"Psiu de Vorcaro numa sexta, 13, pode implodir Rep\u00fablica de Bananas - Notibras\",\"isPartOf\":{\"@id\":\"https:\/\/www.notibras.com\/site\/#website\"},\"primaryImageOfPage\":{\"@id\":\"https:\/\/www.notibras.com\/site\/psiu-de-vorcaro-numa-sexta-13-pode-implodir-republica-de-bananas\/#primaryimage\"},\"image\":{\"@id\":\"https:\/\/www.notibras.com\/site\/psiu-de-vorcaro-numa-sexta-13-pode-implodir-republica-de-bananas\/#primaryimage\"},\"thumbnailUrl\":\"https:\/\/www.notibras.com\/site\/wp-content\/uploads\/2025\/11\/vorcaro.avif\",\"datePublished\":\"2026-03-13T09:29:54+00:00\",\"dateModified\":\"2026-03-13T09:31:33+00:00\",\"breadcrumb\":{\"@id\":\"https:\/\/www.notibras.com\/site\/psiu-de-vorcaro-numa-sexta-13-pode-implodir-republica-de-bananas\/#breadcrumb\"},\"inLanguage\":\"pt-BR\",\"potentialAction\":[{\"@type\":\"ReadAction\",\"target\":[\"https:\/\/www.notibras.com\/site\/psiu-de-vorcaro-numa-sexta-13-pode-implodir-republica-de-bananas\/\"]}]},{\"@type\":\"ImageObject\",\"inLanguage\":\"pt-BR\",\"@id\":\"https:\/\/www.notibras.com\/site\/psiu-de-vorcaro-numa-sexta-13-pode-implodir-republica-de-bananas\/#primaryimage\",\"url\":\"https:\/\/www.notibras.com\/site\/wp-content\/uploads\/2025\/11\/vorcaro.avif\",\"contentUrl\":\"https:\/\/www.notibras.com\/site\/wp-content\/uploads\/2025\/11\/vorcaro.avif\",\"width\":888,\"height\":590},{\"@type\":\"BreadcrumbList\",\"@id\":\"https:\/\/www.notibras.com\/site\/psiu-de-vorcaro-numa-sexta-13-pode-implodir-republica-de-bananas\/#breadcrumb\",\"itemListElement\":[{\"@type\":\"ListItem\",\"position\":1,\"name\":\"In\u00edcio\",\"item\":\"https:\/\/www.notibras.com\/site\/\"},{\"@type\":\"ListItem\",\"position\":2,\"name\":\"Psiu de Vorcaro numa sexta, 13, pode implodir Rep\u00fablica de Bananas\"}]},{\"@type\":\"WebSite\",\"@id\":\"https:\/\/www.notibras.com\/site\/#website\",\"url\":\"https:\/\/www.notibras.com\/site\/\",\"name\":\"Notibras\",\"description\":\"Not\u00edcias de Bras\u00edlia, do Brasil e do Mundo\",\"publisher\":{\"@id\":\"https:\/\/www.notibras.com\/site\/#organization\"},\"potentialAction\":[{\"@type\":\"SearchAction\",\"target\":{\"@type\":\"EntryPoint\",\"urlTemplate\":\"https:\/\/www.notibras.com\/site\/?s={search_term_string}\"},\"query-input\":{\"@type\":\"PropertyValueSpecification\",\"valueRequired\":true,\"valueName\":\"search_term_string\"}}],\"inLanguage\":\"pt-BR\"},{\"@type\":\"Organization\",\"@id\":\"https:\/\/www.notibras.com\/site\/#organization\",\"name\":\"Grupo Notibras de Comunica\u00e7\u00e3o\",\"url\":\"https:\/\/www.notibras.com\/site\/\",\"logo\":{\"@type\":\"ImageObject\",\"inLanguage\":\"pt-BR\",\"@id\":\"https:\/\/www.notibras.com\/site\/#\/schema\/logo\/image\/\",\"url\":\"https:\/\/www.notibras.com\/site\/wp-content\/uploads\/2023\/01\/notibras23.png\",\"contentUrl\":\"https:\/\/www.notibras.com\/site\/wp-content\/uploads\/2023\/01\/notibras23.png\",\"width\":350,\"height\":87,\"caption\":\"Grupo Notibras de Comunica\u00e7\u00e3o\"},\"image\":{\"@id\":\"https:\/\/www.notibras.com\/site\/#\/schema\/logo\/image\/\"},\"sameAs\":[\"https:\/\/www.facebook.com\/notibras\/\",\"https:\/\/x.com\/Notibras\",\"https:\/\/www.instagram.com\/notibras\/\"]},{\"@type\":\"Person\",\"@id\":\"https:\/\/www.notibras.com\/site\/#\/schema\/person\/36ab0979449956132d3e5b517ea76ac8\",\"name\":\"Reda\u00e7\u00e3o\",\"image\":{\"@type\":\"ImageObject\",\"inLanguage\":\"pt-BR\",\"@id\":\"https:\/\/secure.gravatar.com\/avatar\/e0a867bdedb85fd243eadf09663511f96fc81e0720a4a42581f334ad4303aa6b?s=96&d=mm&r=g\",\"url\":\"https:\/\/secure.gravatar.com\/avatar\/e0a867bdedb85fd243eadf09663511f96fc81e0720a4a42581f334ad4303aa6b?s=96&d=mm&r=g\",\"contentUrl\":\"https:\/\/secure.gravatar.com\/avatar\/e0a867bdedb85fd243eadf09663511f96fc81e0720a4a42581f334ad4303aa6b?s=96&d=mm&r=g\",\"caption\":\"Reda\u00e7\u00e3o\"}}]}<\/script>\n<!-- \/ Yoast SEO plugin. -->","yoast_head_json":{"title":"Psiu de Vorcaro numa sexta, 13, pode implodir Rep\u00fablica de Bananas - Notibras","robots":{"index":"index","follow":"follow","max-snippet":"max-snippet:-1","max-image-preview":"max-image-preview:large","max-video-preview":"max-video-preview:-1"},"canonical":"https:\/\/www.notibras.com\/site\/psiu-de-vorcaro-numa-sexta-13-pode-implodir-republica-de-bananas\/","og_locale":"pt_BR","og_type":"article","og_title":"Psiu de Vorcaro numa sexta, 13, pode implodir Rep\u00fablica de Bananas - Notibras","og_description":"A guerra \u00e9 entre loucos e doid\u00f5es. Alguns s\u00e3o malucos pelo poder absoluto. Como n\u00e3o interessa o ju\u00edzo de valor, o conflito que j\u00e1 matou e feriu centenas de iranianos, libaneses, judeus e norte-americanos \u00e9 l\u00e1 entre eles. A batalha est\u00e1 a milhares de quil\u00f4metros de dist\u00e2ncia e provavelmente os drones assassinos, os foguetes at\u00f4micos [&hellip;]","og_url":"https:\/\/www.notibras.com\/site\/psiu-de-vorcaro-numa-sexta-13-pode-implodir-republica-de-bananas\/","og_site_name":"Notibras","article_publisher":"https:\/\/www.facebook.com\/notibras\/","article_published_time":"2026-03-13T09:29:54+00:00","article_modified_time":"2026-03-13T09:31:33+00:00","author":"Reda\u00e7\u00e3o","twitter_card":"summary_large_image","twitter_creator":"@Notibras","twitter_site":"@Notibras","twitter_misc":{"Escrito por":"Reda\u00e7\u00e3o","Est. tempo de leitura":"4 minutos"},"schema":{"@context":"https:\/\/schema.org","@graph":[{"@type":"Article","@id":"https:\/\/www.notibras.com\/site\/psiu-de-vorcaro-numa-sexta-13-pode-implodir-republica-de-bananas\/#article","isPartOf":{"@id":"https:\/\/www.notibras.com\/site\/psiu-de-vorcaro-numa-sexta-13-pode-implodir-republica-de-bananas\/"},"author":{"name":"Reda\u00e7\u00e3o","@id":"https:\/\/www.notibras.com\/site\/#\/schema\/person\/36ab0979449956132d3e5b517ea76ac8"},"headline":"Psiu de Vorcaro numa sexta, 13, pode implodir Rep\u00fablica de Bananas","datePublished":"2026-03-13T09:29:54+00:00","dateModified":"2026-03-13T09:31:33+00:00","mainEntityOfPage":{"@id":"https:\/\/www.notibras.com\/site\/psiu-de-vorcaro-numa-sexta-13-pode-implodir-republica-de-bananas\/"},"wordCount":594,"publisher":{"@id":"https:\/\/www.notibras.com\/site\/#organization"},"image":{"@id":"https:\/\/www.notibras.com\/site\/psiu-de-vorcaro-numa-sexta-13-pode-implodir-republica-de-bananas\/#primaryimage"},"thumbnailUrl":"https:\/\/www.notibras.com\/site\/wp-content\/uploads\/2025\/11\/vorcaro.avif","keywords":["capa"],"articleSection":["Brasil"],"inLanguage":"pt-BR"},{"@type":"WebPage","@id":"https:\/\/www.notibras.com\/site\/psiu-de-vorcaro-numa-sexta-13-pode-implodir-republica-de-bananas\/","url":"https:\/\/www.notibras.com\/site\/psiu-de-vorcaro-numa-sexta-13-pode-implodir-republica-de-bananas\/","name":"Psiu de Vorcaro numa sexta, 13, pode implodir Rep\u00fablica de Bananas - Notibras","isPartOf":{"@id":"https:\/\/www.notibras.com\/site\/#website"},"primaryImageOfPage":{"@id":"https:\/\/www.notibras.com\/site\/psiu-de-vorcaro-numa-sexta-13-pode-implodir-republica-de-bananas\/#primaryimage"},"image":{"@id":"https:\/\/www.notibras.com\/site\/psiu-de-vorcaro-numa-sexta-13-pode-implodir-republica-de-bananas\/#primaryimage"},"thumbnailUrl":"https:\/\/www.notibras.com\/site\/wp-content\/uploads\/2025\/11\/vorcaro.avif","datePublished":"2026-03-13T09:29:54+00:00","dateModified":"2026-03-13T09:31:33+00:00","breadcrumb":{"@id":"https:\/\/www.notibras.com\/site\/psiu-de-vorcaro-numa-sexta-13-pode-implodir-republica-de-bananas\/#breadcrumb"},"inLanguage":"pt-BR","potentialAction":[{"@type":"ReadAction","target":["https:\/\/www.notibras.com\/site\/psiu-de-vorcaro-numa-sexta-13-pode-implodir-republica-de-bananas\/"]}]},{"@type":"ImageObject","inLanguage":"pt-BR","@id":"https:\/\/www.notibras.com\/site\/psiu-de-vorcaro-numa-sexta-13-pode-implodir-republica-de-bananas\/#primaryimage","url":"https:\/\/www.notibras.com\/site\/wp-content\/uploads\/2025\/11\/vorcaro.avif","contentUrl":"https:\/\/www.notibras.com\/site\/wp-content\/uploads\/2025\/11\/vorcaro.avif","width":888,"height":590},{"@type":"BreadcrumbList","@id":"https:\/\/www.notibras.com\/site\/psiu-de-vorcaro-numa-sexta-13-pode-implodir-republica-de-bananas\/#breadcrumb","itemListElement":[{"@type":"ListItem","position":1,"name":"In\u00edcio","item":"https:\/\/www.notibras.com\/site\/"},{"@type":"ListItem","position":2,"name":"Psiu de Vorcaro numa sexta, 13, pode implodir Rep\u00fablica de Bananas"}]},{"@type":"WebSite","@id":"https:\/\/www.notibras.com\/site\/#website","url":"https:\/\/www.notibras.com\/site\/","name":"Notibras","description":"Not\u00edcias de Bras\u00edlia, do Brasil e do Mundo","publisher":{"@id":"https:\/\/www.notibras.com\/site\/#organization"},"potentialAction":[{"@type":"SearchAction","target":{"@type":"EntryPoint","urlTemplate":"https:\/\/www.notibras.com\/site\/?s={search_term_string}"},"query-input":{"@type":"PropertyValueSpecification","valueRequired":true,"valueName":"search_term_string"}}],"inLanguage":"pt-BR"},{"@type":"Organization","@id":"https:\/\/www.notibras.com\/site\/#organization","name":"Grupo Notibras de Comunica\u00e7\u00e3o","url":"https:\/\/www.notibras.com\/site\/","logo":{"@type":"ImageObject","inLanguage":"pt-BR","@id":"https:\/\/www.notibras.com\/site\/#\/schema\/logo\/image\/","url":"https:\/\/www.notibras.com\/site\/wp-content\/uploads\/2023\/01\/notibras23.png","contentUrl":"https:\/\/www.notibras.com\/site\/wp-content\/uploads\/2023\/01\/notibras23.png","width":350,"height":87,"caption":"Grupo Notibras de Comunica\u00e7\u00e3o"},"image":{"@id":"https:\/\/www.notibras.com\/site\/#\/schema\/logo\/image\/"},"sameAs":["https:\/\/www.facebook.com\/notibras\/","https:\/\/x.com\/Notibras","https:\/\/www.instagram.com\/notibras\/"]},{"@type":"Person","@id":"https:\/\/www.notibras.com\/site\/#\/schema\/person\/36ab0979449956132d3e5b517ea76ac8","name":"Reda\u00e7\u00e3o","image":{"@type":"ImageObject","inLanguage":"pt-BR","@id":"https:\/\/secure.gravatar.com\/avatar\/e0a867bdedb85fd243eadf09663511f96fc81e0720a4a42581f334ad4303aa6b?s=96&d=mm&r=g","url":"https:\/\/secure.gravatar.com\/avatar\/e0a867bdedb85fd243eadf09663511f96fc81e0720a4a42581f334ad4303aa6b?s=96&d=mm&r=g","contentUrl":"https:\/\/secure.gravatar.com\/avatar\/e0a867bdedb85fd243eadf09663511f96fc81e0720a4a42581f334ad4303aa6b?s=96&d=mm&r=g","caption":"Reda\u00e7\u00e3o"}}]}},"amp_enabled":true,"_links":{"self":[{"href":"https:\/\/www.notibras.com\/site\/wp-json\/wp\/v2\/posts\/386753","targetHints":{"allow":["GET"]}}],"collection":[{"href":"https:\/\/www.notibras.com\/site\/wp-json\/wp\/v2\/posts"}],"about":[{"href":"https:\/\/www.notibras.com\/site\/wp-json\/wp\/v2\/types\/post"}],"author":[{"embeddable":true,"href":"https:\/\/www.notibras.com\/site\/wp-json\/wp\/v2\/users\/2"}],"replies":[{"embeddable":true,"href":"https:\/\/www.notibras.com\/site\/wp-json\/wp\/v2\/comments?post=386753"}],"version-history":[{"count":3,"href":"https:\/\/www.notibras.com\/site\/wp-json\/wp\/v2\/posts\/386753\/revisions"}],"predecessor-version":[{"id":386756,"href":"https:\/\/www.notibras.com\/site\/wp-json\/wp\/v2\/posts\/386753\/revisions\/386756"}],"wp:featuredmedia":[{"embeddable":true,"href":"https:\/\/www.notibras.com\/site\/wp-json\/wp\/v2\/media\/371415"}],"wp:attachment":[{"href":"https:\/\/www.notibras.com\/site\/wp-json\/wp\/v2\/media?parent=386753"}],"wp:term":[{"taxonomy":"category","embeddable":true,"href":"https:\/\/www.notibras.com\/site\/wp-json\/wp\/v2\/categories?post=386753"},{"taxonomy":"post_tag","embeddable":true,"href":"https:\/\/www.notibras.com\/site\/wp-json\/wp\/v2\/tags?post=386753"}],"curies":[{"name":"wp","href":"https:\/\/api.w.org\/{rel}","templated":true}]}}