{"id":386757,"date":"2026-03-13T00:01:24","date_gmt":"2026-03-13T03:01:24","guid":{"rendered":"https:\/\/www.notibras.com\/site\/?p=386757"},"modified":"2026-03-13T06:42:05","modified_gmt":"2026-03-13T09:42:05","slug":"moraes-recua-e-nega-visita-de-assessor-de-trump-a-bolsonaro-na-papudinha","status":"publish","type":"post","link":"https:\/\/www.notibras.com\/site\/moraes-recua-e-nega-visita-de-assessor-de-trump-a-bolsonaro-na-papudinha\/","title":{"rendered":"Moraes recua e nega visita de assessor de Trump a Bolsonaro na Papudinha"},"content":{"rendered":"<p>O ministro Alexandre de Moraes, do Supremo Tribunal Federal (STF), negou nesta quinta-feira (12) o pedido do ex-presidente Jair Bolsonaro para receber a visita na pris\u00e3o de Darren Beattie, assessor do governo dos Estados Unidos.<\/p>\n<p>Na decis\u00e3o, Moraes disse que a visita do assessor do presidente Donald Trump n\u00e3o foi comunicada \u00e0 diplomacia brasileira e n\u00e3o est\u00e1 inserida na agenda oficial que ser\u00e1 cumprida no Brasil.<\/p>\n<p>\u201cA realiza\u00e7\u00e3o da visita de Darren Beattie, requerida nestes autos pela Defesa de Jair Messias Bolsonaro, n\u00e3o est\u00e1 inserida no contexto diplom\u00e1tico que autorizou a concess\u00e3o do visto e seu ingresso no territ\u00f3rio brasileiro, al\u00e9m de n\u00e3o ter sido comunicada, previamente, \u00e0s autoridades diplom\u00e1ticas brasileiras, o que, inclusive poderia ensejar a rean\u00e1lise do visto concedido\u201d, decidiu o ministro.<\/p>\n<p>Mais cedo, o ministro das Rela\u00e7\u00f5es Exteriores, Mauro Vieira, informou a Moraes que a visita a Bolsonaro pode configurar \u201cindevida inger\u00eancia\u201d em assuntos internos do Brasil.<\/p>\n<p>Segundo Vieira, a embaixada do Estados Unidos no Brasil informou ao governo brasileiro que Darren Beattie vem ao Brasil para participar do F\u00f3rum Brasil-EUA de Minerais Cr\u00edticos, que ser\u00e1 realizado em S\u00e3o Paulo, na pr\u00f3xima quarta-feira (18).<\/p>\n<p>O chanceler acrescentou ainda que a representa\u00e7\u00e3o norte-americana n\u00e3o mencionou eventuais visitas fora da agenda oficial.<\/p>\n<p>No in\u00edcio desta semana, a defesa de Bolsonaro pediu que a visita seja realizada na pr\u00f3xima segunda-feira (16), no per\u00edodo da manh\u00e3, ou na ter\u00e7a-feira (17), datas em que o assessor estar\u00e1 em visita oficial ao Brasil. A entrada de um tradutor na pris\u00e3o tamb\u00e9m foi solicitada.<\/p>\n<p>Bolsonaro foi condenado a 27 anos e tr\u00eas meses pris\u00e3o na a\u00e7\u00e3o penal da trama golpista e cumpre pena no 19\u00b0 Batalh\u00e3o da Pol\u00edcia Militar, localizado dentro do Complexo Penitenci\u00e1rio da Papuda, em Bras\u00edlia.<\/p>\n<p>O local \u00e9 conhecido como Papudinha e \u00e9 destinado a presos especiais, como policiais, advogados e ju\u00edzes.<\/p>\n","protected":false},"excerpt":{"rendered":"<p>O ministro Alexandre de Moraes, do Supremo Tribunal Federal (STF), negou nesta quinta-feira (12) o pedido do ex-presidente Jair Bolsonaro para receber a visita na pris\u00e3o de Darren Beattie, assessor do governo dos Estados Unidos. Na decis\u00e3o, Moraes disse que a visita do assessor do presidente Donald Trump n\u00e3o foi comunicada \u00e0 diplomacia brasileira e [&hellip;]<\/p>\n","protected":false},"author":2,"featured_media":386758,"comment_status":"closed","ping_status":"closed","sticky":false,"template":"","format":"standard","meta":{"_acf_changed":false,"footnotes":""},"categories":[16],"tags":[],"class_list":["post-386757","post","type-post","status-publish","format-standard","has-post-thumbnail","hentry","category-brasil"],"acf":[],"yoast_head":"<!-- This site is optimized with the Yoast SEO plugin v27.2 - https:\/\/yoast.com\/product\/yoast-seo-wordpress\/ -->\n<title>Moraes recua e nega visita de assessor de Trump a Bolsonaro na Papudinha - Notibras<\/title>\n<meta name=\"robots\" content=\"index, follow, max-snippet:-1, max-image-preview:large, max-video-preview:-1\" \/>\n<link rel=\"canonical\" href=\"https:\/\/www.notibras.com\/site\/moraes-recua-e-nega-visita-de-assessor-de-trump-a-bolsonaro-na-papudinha\/\" \/>\n<meta property=\"og:locale\" content=\"pt_BR\" \/>\n<meta property=\"og:type\" content=\"article\" \/>\n<meta property=\"og:title\" content=\"Moraes recua e nega visita de assessor de Trump a Bolsonaro na Papudinha - Notibras\" \/>\n<meta property=\"og:description\" content=\"O ministro Alexandre de Moraes, do Supremo Tribunal Federal (STF), negou nesta quinta-feira (12) o pedido do ex-presidente Jair Bolsonaro para receber a visita na pris\u00e3o de Darren Beattie, assessor do governo dos Estados Unidos. Na decis\u00e3o, Moraes disse que a visita do assessor do presidente Donald Trump n\u00e3o foi comunicada \u00e0 diplomacia brasileira e [&hellip;]\" \/>\n<meta property=\"og:url\" content=\"https:\/\/www.notibras.com\/site\/moraes-recua-e-nega-visita-de-assessor-de-trump-a-bolsonaro-na-papudinha\/\" \/>\n<meta property=\"og:site_name\" content=\"Notibras\" \/>\n<meta property=\"article:publisher\" content=\"https:\/\/www.facebook.com\/notibras\/\" \/>\n<meta property=\"article:published_time\" content=\"2026-03-13T03:01:24+00:00\" \/>\n<meta property=\"article:modified_time\" content=\"2026-03-13T09:42:05+00:00\" \/>\n<meta property=\"og:image\" content=\"https:\/\/www.notibras.com\/site\/wp-content\/uploads\/2026\/03\/1787627_big-darren-bettie.webp\" \/>\n\t<meta property=\"og:image:width\" content=\"1170\" \/>\n\t<meta property=\"og:image:height\" content=\"700\" \/>\n\t<meta property=\"og:image:type\" content=\"image\/webp\" \/>\n<meta name=\"author\" content=\"Reda\u00e7\u00e3o\" \/>\n<meta name=\"twitter:card\" content=\"summary_large_image\" \/>\n<meta name=\"twitter:creator\" content=\"@Notibras\" \/>\n<meta name=\"twitter:site\" content=\"@Notibras\" \/>\n<meta name=\"twitter:label1\" content=\"Escrito por\" \/>\n\t<meta name=\"twitter:data1\" content=\"Reda\u00e7\u00e3o\" \/>\n\t<meta name=\"twitter:label2\" content=\"Est. tempo de leitura\" \/>\n\t<meta name=\"twitter:data2\" content=\"2 minutos\" \/>\n<script type=\"application\/ld+json\" class=\"yoast-schema-graph\">{\"@context\":\"https:\/\/schema.org\",\"@graph\":[{\"@type\":\"Article\",\"@id\":\"https:\/\/www.notibras.com\/site\/moraes-recua-e-nega-visita-de-assessor-de-trump-a-bolsonaro-na-papudinha\/#article\",\"isPartOf\":{\"@id\":\"https:\/\/www.notibras.com\/site\/moraes-recua-e-nega-visita-de-assessor-de-trump-a-bolsonaro-na-papudinha\/\"},\"author\":{\"name\":\"Reda\u00e7\u00e3o\",\"@id\":\"https:\/\/www.notibras.com\/site\/#\/schema\/person\/36ab0979449956132d3e5b517ea76ac8\"},\"headline\":\"Moraes recua e nega visita de assessor de Trump a Bolsonaro na Papudinha\",\"datePublished\":\"2026-03-13T03:01:24+00:00\",\"dateModified\":\"2026-03-13T09:42:05+00:00\",\"mainEntityOfPage\":{\"@id\":\"https:\/\/www.notibras.com\/site\/moraes-recua-e-nega-visita-de-assessor-de-trump-a-bolsonaro-na-papudinha\/\"},\"wordCount\":340,\"publisher\":{\"@id\":\"https:\/\/www.notibras.com\/site\/#organization\"},\"image\":{\"@id\":\"https:\/\/www.notibras.com\/site\/moraes-recua-e-nega-visita-de-assessor-de-trump-a-bolsonaro-na-papudinha\/#primaryimage\"},\"thumbnailUrl\":\"https:\/\/www.notibras.com\/site\/wp-content\/uploads\/2026\/03\/1787627_big-darren-bettie.webp\",\"articleSection\":[\"Brasil\"],\"inLanguage\":\"pt-BR\"},{\"@type\":\"WebPage\",\"@id\":\"https:\/\/www.notibras.com\/site\/moraes-recua-e-nega-visita-de-assessor-de-trump-a-bolsonaro-na-papudinha\/\",\"url\":\"https:\/\/www.notibras.com\/site\/moraes-recua-e-nega-visita-de-assessor-de-trump-a-bolsonaro-na-papudinha\/\",\"name\":\"Moraes recua e nega visita de assessor de Trump a Bolsonaro na Papudinha - Notibras\",\"isPartOf\":{\"@id\":\"https:\/\/www.notibras.com\/site\/#website\"},\"primaryImageOfPage\":{\"@id\":\"https:\/\/www.notibras.com\/site\/moraes-recua-e-nega-visita-de-assessor-de-trump-a-bolsonaro-na-papudinha\/#primaryimage\"},\"image\":{\"@id\":\"https:\/\/www.notibras.com\/site\/moraes-recua-e-nega-visita-de-assessor-de-trump-a-bolsonaro-na-papudinha\/#primaryimage\"},\"thumbnailUrl\":\"https:\/\/www.notibras.com\/site\/wp-content\/uploads\/2026\/03\/1787627_big-darren-bettie.webp\",\"datePublished\":\"2026-03-13T03:01:24+00:00\",\"dateModified\":\"2026-03-13T09:42:05+00:00\",\"breadcrumb\":{\"@id\":\"https:\/\/www.notibras.com\/site\/moraes-recua-e-nega-visita-de-assessor-de-trump-a-bolsonaro-na-papudinha\/#breadcrumb\"},\"inLanguage\":\"pt-BR\",\"potentialAction\":[{\"@type\":\"ReadAction\",\"target\":[\"https:\/\/www.notibras.com\/site\/moraes-recua-e-nega-visita-de-assessor-de-trump-a-bolsonaro-na-papudinha\/\"]}]},{\"@type\":\"ImageObject\",\"inLanguage\":\"pt-BR\",\"@id\":\"https:\/\/www.notibras.com\/site\/moraes-recua-e-nega-visita-de-assessor-de-trump-a-bolsonaro-na-papudinha\/#primaryimage\",\"url\":\"https:\/\/www.notibras.com\/site\/wp-content\/uploads\/2026\/03\/1787627_big-darren-bettie.webp\",\"contentUrl\":\"https:\/\/www.notibras.com\/site\/wp-content\/uploads\/2026\/03\/1787627_big-darren-bettie.webp\",\"width\":1170,\"height\":700},{\"@type\":\"BreadcrumbList\",\"@id\":\"https:\/\/www.notibras.com\/site\/moraes-recua-e-nega-visita-de-assessor-de-trump-a-bolsonaro-na-papudinha\/#breadcrumb\",\"itemListElement\":[{\"@type\":\"ListItem\",\"position\":1,\"name\":\"In\u00edcio\",\"item\":\"https:\/\/www.notibras.com\/site\/\"},{\"@type\":\"ListItem\",\"position\":2,\"name\":\"Moraes recua e nega visita de assessor de Trump a Bolsonaro na Papudinha\"}]},{\"@type\":\"WebSite\",\"@id\":\"https:\/\/www.notibras.com\/site\/#website\",\"url\":\"https:\/\/www.notibras.com\/site\/\",\"name\":\"Notibras\",\"description\":\"Not\u00edcias de Bras\u00edlia, do Brasil e do Mundo\",\"publisher\":{\"@id\":\"https:\/\/www.notibras.com\/site\/#organization\"},\"potentialAction\":[{\"@type\":\"SearchAction\",\"target\":{\"@type\":\"EntryPoint\",\"urlTemplate\":\"https:\/\/www.notibras.com\/site\/?s={search_term_string}\"},\"query-input\":{\"@type\":\"PropertyValueSpecification\",\"valueRequired\":true,\"valueName\":\"search_term_string\"}}],\"inLanguage\":\"pt-BR\"},{\"@type\":\"Organization\",\"@id\":\"https:\/\/www.notibras.com\/site\/#organization\",\"name\":\"Grupo Notibras de Comunica\u00e7\u00e3o\",\"url\":\"https:\/\/www.notibras.com\/site\/\",\"logo\":{\"@type\":\"ImageObject\",\"inLanguage\":\"pt-BR\",\"@id\":\"https:\/\/www.notibras.com\/site\/#\/schema\/logo\/image\/\",\"url\":\"https:\/\/www.notibras.com\/site\/wp-content\/uploads\/2023\/01\/notibras23.png\",\"contentUrl\":\"https:\/\/www.notibras.com\/site\/wp-content\/uploads\/2023\/01\/notibras23.png\",\"width\":350,\"height\":87,\"caption\":\"Grupo Notibras de Comunica\u00e7\u00e3o\"},\"image\":{\"@id\":\"https:\/\/www.notibras.com\/site\/#\/schema\/logo\/image\/\"},\"sameAs\":[\"https:\/\/www.facebook.com\/notibras\/\",\"https:\/\/x.com\/Notibras\",\"https:\/\/www.instagram.com\/notibras\/\"]},{\"@type\":\"Person\",\"@id\":\"https:\/\/www.notibras.com\/site\/#\/schema\/person\/36ab0979449956132d3e5b517ea76ac8\",\"name\":\"Reda\u00e7\u00e3o\",\"image\":{\"@type\":\"ImageObject\",\"inLanguage\":\"pt-BR\",\"@id\":\"https:\/\/secure.gravatar.com\/avatar\/e0a867bdedb85fd243eadf09663511f96fc81e0720a4a42581f334ad4303aa6b?s=96&d=mm&r=g\",\"url\":\"https:\/\/secure.gravatar.com\/avatar\/e0a867bdedb85fd243eadf09663511f96fc81e0720a4a42581f334ad4303aa6b?s=96&d=mm&r=g\",\"contentUrl\":\"https:\/\/secure.gravatar.com\/avatar\/e0a867bdedb85fd243eadf09663511f96fc81e0720a4a42581f334ad4303aa6b?s=96&d=mm&r=g\",\"caption\":\"Reda\u00e7\u00e3o\"}}]}<\/script>\n<!-- \/ Yoast SEO plugin. -->","yoast_head_json":{"title":"Moraes recua e nega visita de assessor de Trump a Bolsonaro na Papudinha - Notibras","robots":{"index":"index","follow":"follow","max-snippet":"max-snippet:-1","max-image-preview":"max-image-preview:large","max-video-preview":"max-video-preview:-1"},"canonical":"https:\/\/www.notibras.com\/site\/moraes-recua-e-nega-visita-de-assessor-de-trump-a-bolsonaro-na-papudinha\/","og_locale":"pt_BR","og_type":"article","og_title":"Moraes recua e nega visita de assessor de Trump a Bolsonaro na Papudinha - Notibras","og_description":"O ministro Alexandre de Moraes, do Supremo Tribunal Federal (STF), negou nesta quinta-feira (12) o pedido do ex-presidente Jair Bolsonaro para receber a visita na pris\u00e3o de Darren Beattie, assessor do governo dos Estados Unidos. Na decis\u00e3o, Moraes disse que a visita do assessor do presidente Donald Trump n\u00e3o foi comunicada \u00e0 diplomacia brasileira e [&hellip;]","og_url":"https:\/\/www.notibras.com\/site\/moraes-recua-e-nega-visita-de-assessor-de-trump-a-bolsonaro-na-papudinha\/","og_site_name":"Notibras","article_publisher":"https:\/\/www.facebook.com\/notibras\/","article_published_time":"2026-03-13T03:01:24+00:00","article_modified_time":"2026-03-13T09:42:05+00:00","og_image":[{"width":1170,"height":700,"url":"https:\/\/www.notibras.com\/site\/wp-content\/uploads\/2026\/03\/1787627_big-darren-bettie.webp","type":"image\/webp"}],"author":"Reda\u00e7\u00e3o","twitter_card":"summary_large_image","twitter_creator":"@Notibras","twitter_site":"@Notibras","twitter_misc":{"Escrito por":"Reda\u00e7\u00e3o","Est. tempo de leitura":"2 minutos"},"schema":{"@context":"https:\/\/schema.org","@graph":[{"@type":"Article","@id":"https:\/\/www.notibras.com\/site\/moraes-recua-e-nega-visita-de-assessor-de-trump-a-bolsonaro-na-papudinha\/#article","isPartOf":{"@id":"https:\/\/www.notibras.com\/site\/moraes-recua-e-nega-visita-de-assessor-de-trump-a-bolsonaro-na-papudinha\/"},"author":{"name":"Reda\u00e7\u00e3o","@id":"https:\/\/www.notibras.com\/site\/#\/schema\/person\/36ab0979449956132d3e5b517ea76ac8"},"headline":"Moraes recua e nega visita de assessor de Trump a Bolsonaro na Papudinha","datePublished":"2026-03-13T03:01:24+00:00","dateModified":"2026-03-13T09:42:05+00:00","mainEntityOfPage":{"@id":"https:\/\/www.notibras.com\/site\/moraes-recua-e-nega-visita-de-assessor-de-trump-a-bolsonaro-na-papudinha\/"},"wordCount":340,"publisher":{"@id":"https:\/\/www.notibras.com\/site\/#organization"},"image":{"@id":"https:\/\/www.notibras.com\/site\/moraes-recua-e-nega-visita-de-assessor-de-trump-a-bolsonaro-na-papudinha\/#primaryimage"},"thumbnailUrl":"https:\/\/www.notibras.com\/site\/wp-content\/uploads\/2026\/03\/1787627_big-darren-bettie.webp","articleSection":["Brasil"],"inLanguage":"pt-BR"},{"@type":"WebPage","@id":"https:\/\/www.notibras.com\/site\/moraes-recua-e-nega-visita-de-assessor-de-trump-a-bolsonaro-na-papudinha\/","url":"https:\/\/www.notibras.com\/site\/moraes-recua-e-nega-visita-de-assessor-de-trump-a-bolsonaro-na-papudinha\/","name":"Moraes recua e nega visita de assessor de Trump a Bolsonaro na Papudinha - Notibras","isPartOf":{"@id":"https:\/\/www.notibras.com\/site\/#website"},"primaryImageOfPage":{"@id":"https:\/\/www.notibras.com\/site\/moraes-recua-e-nega-visita-de-assessor-de-trump-a-bolsonaro-na-papudinha\/#primaryimage"},"image":{"@id":"https:\/\/www.notibras.com\/site\/moraes-recua-e-nega-visita-de-assessor-de-trump-a-bolsonaro-na-papudinha\/#primaryimage"},"thumbnailUrl":"https:\/\/www.notibras.com\/site\/wp-content\/uploads\/2026\/03\/1787627_big-darren-bettie.webp","datePublished":"2026-03-13T03:01:24+00:00","dateModified":"2026-03-13T09:42:05+00:00","breadcrumb":{"@id":"https:\/\/www.notibras.com\/site\/moraes-recua-e-nega-visita-de-assessor-de-trump-a-bolsonaro-na-papudinha\/#breadcrumb"},"inLanguage":"pt-BR","potentialAction":[{"@type":"ReadAction","target":["https:\/\/www.notibras.com\/site\/moraes-recua-e-nega-visita-de-assessor-de-trump-a-bolsonaro-na-papudinha\/"]}]},{"@type":"ImageObject","inLanguage":"pt-BR","@id":"https:\/\/www.notibras.com\/site\/moraes-recua-e-nega-visita-de-assessor-de-trump-a-bolsonaro-na-papudinha\/#primaryimage","url":"https:\/\/www.notibras.com\/site\/wp-content\/uploads\/2026\/03\/1787627_big-darren-bettie.webp","contentUrl":"https:\/\/www.notibras.com\/site\/wp-content\/uploads\/2026\/03\/1787627_big-darren-bettie.webp","width":1170,"height":700},{"@type":"BreadcrumbList","@id":"https:\/\/www.notibras.com\/site\/moraes-recua-e-nega-visita-de-assessor-de-trump-a-bolsonaro-na-papudinha\/#breadcrumb","itemListElement":[{"@type":"ListItem","position":1,"name":"In\u00edcio","item":"https:\/\/www.notibras.com\/site\/"},{"@type":"ListItem","position":2,"name":"Moraes recua e nega visita de assessor de Trump a Bolsonaro na Papudinha"}]},{"@type":"WebSite","@id":"https:\/\/www.notibras.com\/site\/#website","url":"https:\/\/www.notibras.com\/site\/","name":"Notibras","description":"Not\u00edcias de Bras\u00edlia, do Brasil e do Mundo","publisher":{"@id":"https:\/\/www.notibras.com\/site\/#organization"},"potentialAction":[{"@type":"SearchAction","target":{"@type":"EntryPoint","urlTemplate":"https:\/\/www.notibras.com\/site\/?s={search_term_string}"},"query-input":{"@type":"PropertyValueSpecification","valueRequired":true,"valueName":"search_term_string"}}],"inLanguage":"pt-BR"},{"@type":"Organization","@id":"https:\/\/www.notibras.com\/site\/#organization","name":"Grupo Notibras de Comunica\u00e7\u00e3o","url":"https:\/\/www.notibras.com\/site\/","logo":{"@type":"ImageObject","inLanguage":"pt-BR","@id":"https:\/\/www.notibras.com\/site\/#\/schema\/logo\/image\/","url":"https:\/\/www.notibras.com\/site\/wp-content\/uploads\/2023\/01\/notibras23.png","contentUrl":"https:\/\/www.notibras.com\/site\/wp-content\/uploads\/2023\/01\/notibras23.png","width":350,"height":87,"caption":"Grupo Notibras de Comunica\u00e7\u00e3o"},"image":{"@id":"https:\/\/www.notibras.com\/site\/#\/schema\/logo\/image\/"},"sameAs":["https:\/\/www.facebook.com\/notibras\/","https:\/\/x.com\/Notibras","https:\/\/www.instagram.com\/notibras\/"]},{"@type":"Person","@id":"https:\/\/www.notibras.com\/site\/#\/schema\/person\/36ab0979449956132d3e5b517ea76ac8","name":"Reda\u00e7\u00e3o","image":{"@type":"ImageObject","inLanguage":"pt-BR","@id":"https:\/\/secure.gravatar.com\/avatar\/e0a867bdedb85fd243eadf09663511f96fc81e0720a4a42581f334ad4303aa6b?s=96&d=mm&r=g","url":"https:\/\/secure.gravatar.com\/avatar\/e0a867bdedb85fd243eadf09663511f96fc81e0720a4a42581f334ad4303aa6b?s=96&d=mm&r=g","contentUrl":"https:\/\/secure.gravatar.com\/avatar\/e0a867bdedb85fd243eadf09663511f96fc81e0720a4a42581f334ad4303aa6b?s=96&d=mm&r=g","caption":"Reda\u00e7\u00e3o"}}]}},"amp_enabled":true,"_links":{"self":[{"href":"https:\/\/www.notibras.com\/site\/wp-json\/wp\/v2\/posts\/386757","targetHints":{"allow":["GET"]}}],"collection":[{"href":"https:\/\/www.notibras.com\/site\/wp-json\/wp\/v2\/posts"}],"about":[{"href":"https:\/\/www.notibras.com\/site\/wp-json\/wp\/v2\/types\/post"}],"author":[{"embeddable":true,"href":"https:\/\/www.notibras.com\/site\/wp-json\/wp\/v2\/users\/2"}],"replies":[{"embeddable":true,"href":"https:\/\/www.notibras.com\/site\/wp-json\/wp\/v2\/comments?post=386757"}],"version-history":[{"count":1,"href":"https:\/\/www.notibras.com\/site\/wp-json\/wp\/v2\/posts\/386757\/revisions"}],"predecessor-version":[{"id":386759,"href":"https:\/\/www.notibras.com\/site\/wp-json\/wp\/v2\/posts\/386757\/revisions\/386759"}],"wp:featuredmedia":[{"embeddable":true,"href":"https:\/\/www.notibras.com\/site\/wp-json\/wp\/v2\/media\/386758"}],"wp:attachment":[{"href":"https:\/\/www.notibras.com\/site\/wp-json\/wp\/v2\/media?parent=386757"}],"wp:term":[{"taxonomy":"category","embeddable":true,"href":"https:\/\/www.notibras.com\/site\/wp-json\/wp\/v2\/categories?post=386757"},{"taxonomy":"post_tag","embeddable":true,"href":"https:\/\/www.notibras.com\/site\/wp-json\/wp\/v2\/tags?post=386757"}],"curies":[{"name":"wp","href":"https:\/\/api.w.org\/{rel}","templated":true}]}}