{"id":386760,"date":"2026-03-13T00:00:54","date_gmt":"2026-03-13T03:00:54","guid":{"rendered":"https:\/\/www.notibras.com\/site\/?p=386760"},"modified":"2026-03-13T06:46:02","modified_gmt":"2026-03-13T09:46:02","slug":"filhos-adotivos-nascidos-no-exterior-viram-brasileiros-natos","status":"publish","type":"post","link":"https:\/\/www.notibras.com\/site\/filhos-adotivos-nascidos-no-exterior-viram-brasileiros-natos\/","title":{"rendered":"Filhos adotivos nascidos no exterior viram brasileiros natos"},"content":{"rendered":"<p>O Supremo Tribunal Federal (STF) decidiu nesta quinta-feira (12) que filhos adotivos nascidos no exterior t\u00eam direito \u00e0 nacionalidade brasileira ao completarem 18 anos.<\/p>\n<p>O direito vale para crian\u00e7as e adolescentes que foram adotados por pais brasileiros que vivem no exterior e registrados nas embaixadas e consulados do pa\u00eds.<\/p>\n<p>A Corte ressaltou que a Constitui\u00e7\u00e3o pro\u00edbe distin\u00e7\u00e3o entre filhos biol\u00f3gicos e adotivos. Dessa forma, por unanimidade, os ministros entenderam que s\u00e3o inconstitucionais as interpreta\u00e7\u00f5es jur\u00eddicas das inst\u00e2ncias inferiores da Justi\u00e7a que n\u00e3o reconhecem que filhos biol\u00f3gicos e adotivos possuem os mesmos direitos de nacionalidade.<\/p>\n<p>O Supremo julgou um recurso de uma fam\u00edlia de brasileiros que adotou duas crian\u00e7as nos Estados Unidos. Ap\u00f3s atingirem a maioridade, elas solicitaram o reconhecimento da nacionalidade brasileira, mas o pedido foi rejeitado pelo Tribunal Regional Federal da 1\u00aa Regi\u00e3o (TRF-1).<\/p>\n<p>O tribunal entendeu que a nacionalidade s\u00f3 poderia ser adquirida por meio de um processo de naturaliza\u00e7\u00e3o. Inconformada com a decis\u00e3o, a fam\u00edlia recorreu ao STF.<\/p>\n<p>A decis\u00e3o tomada pela Corte dever\u00e1 ser aplicada a todos os processos semelhantes que tratam da quest\u00e3o.<\/p>\n<p>Uma tese jur\u00eddica tamb\u00e9m foi aprovada para balizar os julgamentos.<\/p>\n<p>\u201c\u00c9 assegurado o direito \u00e0 nacionalidade brasileira origin\u00e1ria \u00e0 pessoa nascida no exterior adotada por pessoa brasileira e registrada no \u00f3rg\u00e3o consular competente\u201d, diz o texto.<\/p>\n","protected":false},"excerpt":{"rendered":"<p>O Supremo Tribunal Federal (STF) decidiu nesta quinta-feira (12) que filhos adotivos nascidos no exterior t\u00eam direito \u00e0 nacionalidade brasileira ao completarem 18 anos. O direito vale para crian\u00e7as e adolescentes que foram adotados por pais brasileiros que vivem no exterior e registrados nas embaixadas e consulados do pa\u00eds. A Corte ressaltou que a Constitui\u00e7\u00e3o [&hellip;]<\/p>\n","protected":false},"author":2,"featured_media":386761,"comment_status":"closed","ping_status":"closed","sticky":false,"template":"","format":"standard","meta":{"_acf_changed":false,"footnotes":""},"categories":[16],"tags":[],"class_list":["post-386760","post","type-post","status-publish","format-standard","has-post-thumbnail","hentry","category-brasil"],"acf":[],"yoast_head":"<!-- This site is optimized with the Yoast SEO plugin v27.2 - https:\/\/yoast.com\/product\/yoast-seo-wordpress\/ -->\n<title>Filhos adotivos nascidos no exterior viram brasileiros natos - Notibras<\/title>\n<meta name=\"robots\" content=\"index, follow, max-snippet:-1, max-image-preview:large, max-video-preview:-1\" \/>\n<link rel=\"canonical\" href=\"https:\/\/www.notibras.com\/site\/filhos-adotivos-nascidos-no-exterior-viram-brasileiros-natos\/\" \/>\n<meta property=\"og:locale\" content=\"pt_BR\" \/>\n<meta property=\"og:type\" content=\"article\" \/>\n<meta property=\"og:title\" content=\"Filhos adotivos nascidos no exterior viram brasileiros natos - Notibras\" \/>\n<meta property=\"og:description\" content=\"O Supremo Tribunal Federal (STF) decidiu nesta quinta-feira (12) que filhos adotivos nascidos no exterior t\u00eam direito \u00e0 nacionalidade brasileira ao completarem 18 anos. O direito vale para crian\u00e7as e adolescentes que foram adotados por pais brasileiros que vivem no exterior e registrados nas embaixadas e consulados do pa\u00eds. A Corte ressaltou que a Constitui\u00e7\u00e3o [&hellip;]\" \/>\n<meta property=\"og:url\" content=\"https:\/\/www.notibras.com\/site\/filhos-adotivos-nascidos-no-exterior-viram-brasileiros-natos\/\" \/>\n<meta property=\"og:site_name\" content=\"Notibras\" \/>\n<meta property=\"article:publisher\" content=\"https:\/\/www.facebook.com\/notibras\/\" \/>\n<meta property=\"article:published_time\" content=\"2026-03-13T03:00:54+00:00\" \/>\n<meta property=\"article:modified_time\" content=\"2026-03-13T09:46:02+00:00\" \/>\n<meta property=\"og:image\" content=\"https:\/\/www.notibras.com\/site\/wp-content\/uploads\/2026\/03\/infantil_bebe_0104222290.webp\" \/>\n\t<meta property=\"og:image:width\" content=\"1170\" \/>\n\t<meta property=\"og:image:height\" content=\"700\" \/>\n\t<meta property=\"og:image:type\" content=\"image\/webp\" \/>\n<meta name=\"author\" content=\"Reda\u00e7\u00e3o\" \/>\n<meta name=\"twitter:card\" content=\"summary_large_image\" \/>\n<meta name=\"twitter:creator\" content=\"@Notibras\" \/>\n<meta name=\"twitter:site\" content=\"@Notibras\" \/>\n<meta name=\"twitter:label1\" content=\"Escrito por\" \/>\n\t<meta name=\"twitter:data1\" content=\"Reda\u00e7\u00e3o\" \/>\n\t<meta name=\"twitter:label2\" content=\"Est. tempo de leitura\" \/>\n\t<meta name=\"twitter:data2\" content=\"2 minutos\" \/>\n<script type=\"application\/ld+json\" class=\"yoast-schema-graph\">{\"@context\":\"https:\/\/schema.org\",\"@graph\":[{\"@type\":\"Article\",\"@id\":\"https:\/\/www.notibras.com\/site\/filhos-adotivos-nascidos-no-exterior-viram-brasileiros-natos\/#article\",\"isPartOf\":{\"@id\":\"https:\/\/www.notibras.com\/site\/filhos-adotivos-nascidos-no-exterior-viram-brasileiros-natos\/\"},\"author\":{\"name\":\"Reda\u00e7\u00e3o\",\"@id\":\"https:\/\/www.notibras.com\/site\/#\/schema\/person\/36ab0979449956132d3e5b517ea76ac8\"},\"headline\":\"Filhos adotivos nascidos no exterior viram brasileiros natos\",\"datePublished\":\"2026-03-13T03:00:54+00:00\",\"dateModified\":\"2026-03-13T09:46:02+00:00\",\"mainEntityOfPage\":{\"@id\":\"https:\/\/www.notibras.com\/site\/filhos-adotivos-nascidos-no-exterior-viram-brasileiros-natos\/\"},\"wordCount\":242,\"publisher\":{\"@id\":\"https:\/\/www.notibras.com\/site\/#organization\"},\"image\":{\"@id\":\"https:\/\/www.notibras.com\/site\/filhos-adotivos-nascidos-no-exterior-viram-brasileiros-natos\/#primaryimage\"},\"thumbnailUrl\":\"https:\/\/www.notibras.com\/site\/wp-content\/uploads\/2026\/03\/infantil_bebe_0104222290.webp\",\"articleSection\":[\"Brasil\"],\"inLanguage\":\"pt-BR\"},{\"@type\":\"WebPage\",\"@id\":\"https:\/\/www.notibras.com\/site\/filhos-adotivos-nascidos-no-exterior-viram-brasileiros-natos\/\",\"url\":\"https:\/\/www.notibras.com\/site\/filhos-adotivos-nascidos-no-exterior-viram-brasileiros-natos\/\",\"name\":\"Filhos adotivos nascidos no exterior viram brasileiros natos - Notibras\",\"isPartOf\":{\"@id\":\"https:\/\/www.notibras.com\/site\/#website\"},\"primaryImageOfPage\":{\"@id\":\"https:\/\/www.notibras.com\/site\/filhos-adotivos-nascidos-no-exterior-viram-brasileiros-natos\/#primaryimage\"},\"image\":{\"@id\":\"https:\/\/www.notibras.com\/site\/filhos-adotivos-nascidos-no-exterior-viram-brasileiros-natos\/#primaryimage\"},\"thumbnailUrl\":\"https:\/\/www.notibras.com\/site\/wp-content\/uploads\/2026\/03\/infantil_bebe_0104222290.webp\",\"datePublished\":\"2026-03-13T03:00:54+00:00\",\"dateModified\":\"2026-03-13T09:46:02+00:00\",\"breadcrumb\":{\"@id\":\"https:\/\/www.notibras.com\/site\/filhos-adotivos-nascidos-no-exterior-viram-brasileiros-natos\/#breadcrumb\"},\"inLanguage\":\"pt-BR\",\"potentialAction\":[{\"@type\":\"ReadAction\",\"target\":[\"https:\/\/www.notibras.com\/site\/filhos-adotivos-nascidos-no-exterior-viram-brasileiros-natos\/\"]}]},{\"@type\":\"ImageObject\",\"inLanguage\":\"pt-BR\",\"@id\":\"https:\/\/www.notibras.com\/site\/filhos-adotivos-nascidos-no-exterior-viram-brasileiros-natos\/#primaryimage\",\"url\":\"https:\/\/www.notibras.com\/site\/wp-content\/uploads\/2026\/03\/infantil_bebe_0104222290.webp\",\"contentUrl\":\"https:\/\/www.notibras.com\/site\/wp-content\/uploads\/2026\/03\/infantil_bebe_0104222290.webp\",\"width\":1170,\"height\":700},{\"@type\":\"BreadcrumbList\",\"@id\":\"https:\/\/www.notibras.com\/site\/filhos-adotivos-nascidos-no-exterior-viram-brasileiros-natos\/#breadcrumb\",\"itemListElement\":[{\"@type\":\"ListItem\",\"position\":1,\"name\":\"In\u00edcio\",\"item\":\"https:\/\/www.notibras.com\/site\/\"},{\"@type\":\"ListItem\",\"position\":2,\"name\":\"Filhos adotivos nascidos no exterior viram brasileiros natos\"}]},{\"@type\":\"WebSite\",\"@id\":\"https:\/\/www.notibras.com\/site\/#website\",\"url\":\"https:\/\/www.notibras.com\/site\/\",\"name\":\"Notibras\",\"description\":\"Not\u00edcias de Bras\u00edlia, do Brasil e do Mundo\",\"publisher\":{\"@id\":\"https:\/\/www.notibras.com\/site\/#organization\"},\"potentialAction\":[{\"@type\":\"SearchAction\",\"target\":{\"@type\":\"EntryPoint\",\"urlTemplate\":\"https:\/\/www.notibras.com\/site\/?s={search_term_string}\"},\"query-input\":{\"@type\":\"PropertyValueSpecification\",\"valueRequired\":true,\"valueName\":\"search_term_string\"}}],\"inLanguage\":\"pt-BR\"},{\"@type\":\"Organization\",\"@id\":\"https:\/\/www.notibras.com\/site\/#organization\",\"name\":\"Grupo Notibras de Comunica\u00e7\u00e3o\",\"url\":\"https:\/\/www.notibras.com\/site\/\",\"logo\":{\"@type\":\"ImageObject\",\"inLanguage\":\"pt-BR\",\"@id\":\"https:\/\/www.notibras.com\/site\/#\/schema\/logo\/image\/\",\"url\":\"https:\/\/www.notibras.com\/site\/wp-content\/uploads\/2023\/01\/notibras23.png\",\"contentUrl\":\"https:\/\/www.notibras.com\/site\/wp-content\/uploads\/2023\/01\/notibras23.png\",\"width\":350,\"height\":87,\"caption\":\"Grupo Notibras de Comunica\u00e7\u00e3o\"},\"image\":{\"@id\":\"https:\/\/www.notibras.com\/site\/#\/schema\/logo\/image\/\"},\"sameAs\":[\"https:\/\/www.facebook.com\/notibras\/\",\"https:\/\/x.com\/Notibras\",\"https:\/\/www.instagram.com\/notibras\/\"]},{\"@type\":\"Person\",\"@id\":\"https:\/\/www.notibras.com\/site\/#\/schema\/person\/36ab0979449956132d3e5b517ea76ac8\",\"name\":\"Reda\u00e7\u00e3o\",\"image\":{\"@type\":\"ImageObject\",\"inLanguage\":\"pt-BR\",\"@id\":\"https:\/\/secure.gravatar.com\/avatar\/e0a867bdedb85fd243eadf09663511f96fc81e0720a4a42581f334ad4303aa6b?s=96&d=mm&r=g\",\"url\":\"https:\/\/secure.gravatar.com\/avatar\/e0a867bdedb85fd243eadf09663511f96fc81e0720a4a42581f334ad4303aa6b?s=96&d=mm&r=g\",\"contentUrl\":\"https:\/\/secure.gravatar.com\/avatar\/e0a867bdedb85fd243eadf09663511f96fc81e0720a4a42581f334ad4303aa6b?s=96&d=mm&r=g\",\"caption\":\"Reda\u00e7\u00e3o\"}}]}<\/script>\n<!-- \/ Yoast SEO plugin. -->","yoast_head_json":{"title":"Filhos adotivos nascidos no exterior viram brasileiros natos - Notibras","robots":{"index":"index","follow":"follow","max-snippet":"max-snippet:-1","max-image-preview":"max-image-preview:large","max-video-preview":"max-video-preview:-1"},"canonical":"https:\/\/www.notibras.com\/site\/filhos-adotivos-nascidos-no-exterior-viram-brasileiros-natos\/","og_locale":"pt_BR","og_type":"article","og_title":"Filhos adotivos nascidos no exterior viram brasileiros natos - Notibras","og_description":"O Supremo Tribunal Federal (STF) decidiu nesta quinta-feira (12) que filhos adotivos nascidos no exterior t\u00eam direito \u00e0 nacionalidade brasileira ao completarem 18 anos. O direito vale para crian\u00e7as e adolescentes que foram adotados por pais brasileiros que vivem no exterior e registrados nas embaixadas e consulados do pa\u00eds. A Corte ressaltou que a Constitui\u00e7\u00e3o [&hellip;]","og_url":"https:\/\/www.notibras.com\/site\/filhos-adotivos-nascidos-no-exterior-viram-brasileiros-natos\/","og_site_name":"Notibras","article_publisher":"https:\/\/www.facebook.com\/notibras\/","article_published_time":"2026-03-13T03:00:54+00:00","article_modified_time":"2026-03-13T09:46:02+00:00","og_image":[{"width":1170,"height":700,"url":"https:\/\/www.notibras.com\/site\/wp-content\/uploads\/2026\/03\/infantil_bebe_0104222290.webp","type":"image\/webp"}],"author":"Reda\u00e7\u00e3o","twitter_card":"summary_large_image","twitter_creator":"@Notibras","twitter_site":"@Notibras","twitter_misc":{"Escrito por":"Reda\u00e7\u00e3o","Est. tempo de leitura":"2 minutos"},"schema":{"@context":"https:\/\/schema.org","@graph":[{"@type":"Article","@id":"https:\/\/www.notibras.com\/site\/filhos-adotivos-nascidos-no-exterior-viram-brasileiros-natos\/#article","isPartOf":{"@id":"https:\/\/www.notibras.com\/site\/filhos-adotivos-nascidos-no-exterior-viram-brasileiros-natos\/"},"author":{"name":"Reda\u00e7\u00e3o","@id":"https:\/\/www.notibras.com\/site\/#\/schema\/person\/36ab0979449956132d3e5b517ea76ac8"},"headline":"Filhos adotivos nascidos no exterior viram brasileiros natos","datePublished":"2026-03-13T03:00:54+00:00","dateModified":"2026-03-13T09:46:02+00:00","mainEntityOfPage":{"@id":"https:\/\/www.notibras.com\/site\/filhos-adotivos-nascidos-no-exterior-viram-brasileiros-natos\/"},"wordCount":242,"publisher":{"@id":"https:\/\/www.notibras.com\/site\/#organization"},"image":{"@id":"https:\/\/www.notibras.com\/site\/filhos-adotivos-nascidos-no-exterior-viram-brasileiros-natos\/#primaryimage"},"thumbnailUrl":"https:\/\/www.notibras.com\/site\/wp-content\/uploads\/2026\/03\/infantil_bebe_0104222290.webp","articleSection":["Brasil"],"inLanguage":"pt-BR"},{"@type":"WebPage","@id":"https:\/\/www.notibras.com\/site\/filhos-adotivos-nascidos-no-exterior-viram-brasileiros-natos\/","url":"https:\/\/www.notibras.com\/site\/filhos-adotivos-nascidos-no-exterior-viram-brasileiros-natos\/","name":"Filhos adotivos nascidos no exterior viram brasileiros natos - Notibras","isPartOf":{"@id":"https:\/\/www.notibras.com\/site\/#website"},"primaryImageOfPage":{"@id":"https:\/\/www.notibras.com\/site\/filhos-adotivos-nascidos-no-exterior-viram-brasileiros-natos\/#primaryimage"},"image":{"@id":"https:\/\/www.notibras.com\/site\/filhos-adotivos-nascidos-no-exterior-viram-brasileiros-natos\/#primaryimage"},"thumbnailUrl":"https:\/\/www.notibras.com\/site\/wp-content\/uploads\/2026\/03\/infantil_bebe_0104222290.webp","datePublished":"2026-03-13T03:00:54+00:00","dateModified":"2026-03-13T09:46:02+00:00","breadcrumb":{"@id":"https:\/\/www.notibras.com\/site\/filhos-adotivos-nascidos-no-exterior-viram-brasileiros-natos\/#breadcrumb"},"inLanguage":"pt-BR","potentialAction":[{"@type":"ReadAction","target":["https:\/\/www.notibras.com\/site\/filhos-adotivos-nascidos-no-exterior-viram-brasileiros-natos\/"]}]},{"@type":"ImageObject","inLanguage":"pt-BR","@id":"https:\/\/www.notibras.com\/site\/filhos-adotivos-nascidos-no-exterior-viram-brasileiros-natos\/#primaryimage","url":"https:\/\/www.notibras.com\/site\/wp-content\/uploads\/2026\/03\/infantil_bebe_0104222290.webp","contentUrl":"https:\/\/www.notibras.com\/site\/wp-content\/uploads\/2026\/03\/infantil_bebe_0104222290.webp","width":1170,"height":700},{"@type":"BreadcrumbList","@id":"https:\/\/www.notibras.com\/site\/filhos-adotivos-nascidos-no-exterior-viram-brasileiros-natos\/#breadcrumb","itemListElement":[{"@type":"ListItem","position":1,"name":"In\u00edcio","item":"https:\/\/www.notibras.com\/site\/"},{"@type":"ListItem","position":2,"name":"Filhos adotivos nascidos no exterior viram brasileiros natos"}]},{"@type":"WebSite","@id":"https:\/\/www.notibras.com\/site\/#website","url":"https:\/\/www.notibras.com\/site\/","name":"Notibras","description":"Not\u00edcias de Bras\u00edlia, do Brasil e do Mundo","publisher":{"@id":"https:\/\/www.notibras.com\/site\/#organization"},"potentialAction":[{"@type":"SearchAction","target":{"@type":"EntryPoint","urlTemplate":"https:\/\/www.notibras.com\/site\/?s={search_term_string}"},"query-input":{"@type":"PropertyValueSpecification","valueRequired":true,"valueName":"search_term_string"}}],"inLanguage":"pt-BR"},{"@type":"Organization","@id":"https:\/\/www.notibras.com\/site\/#organization","name":"Grupo Notibras de Comunica\u00e7\u00e3o","url":"https:\/\/www.notibras.com\/site\/","logo":{"@type":"ImageObject","inLanguage":"pt-BR","@id":"https:\/\/www.notibras.com\/site\/#\/schema\/logo\/image\/","url":"https:\/\/www.notibras.com\/site\/wp-content\/uploads\/2023\/01\/notibras23.png","contentUrl":"https:\/\/www.notibras.com\/site\/wp-content\/uploads\/2023\/01\/notibras23.png","width":350,"height":87,"caption":"Grupo Notibras de Comunica\u00e7\u00e3o"},"image":{"@id":"https:\/\/www.notibras.com\/site\/#\/schema\/logo\/image\/"},"sameAs":["https:\/\/www.facebook.com\/notibras\/","https:\/\/x.com\/Notibras","https:\/\/www.instagram.com\/notibras\/"]},{"@type":"Person","@id":"https:\/\/www.notibras.com\/site\/#\/schema\/person\/36ab0979449956132d3e5b517ea76ac8","name":"Reda\u00e7\u00e3o","image":{"@type":"ImageObject","inLanguage":"pt-BR","@id":"https:\/\/secure.gravatar.com\/avatar\/e0a867bdedb85fd243eadf09663511f96fc81e0720a4a42581f334ad4303aa6b?s=96&d=mm&r=g","url":"https:\/\/secure.gravatar.com\/avatar\/e0a867bdedb85fd243eadf09663511f96fc81e0720a4a42581f334ad4303aa6b?s=96&d=mm&r=g","contentUrl":"https:\/\/secure.gravatar.com\/avatar\/e0a867bdedb85fd243eadf09663511f96fc81e0720a4a42581f334ad4303aa6b?s=96&d=mm&r=g","caption":"Reda\u00e7\u00e3o"}}]}},"amp_enabled":true,"_links":{"self":[{"href":"https:\/\/www.notibras.com\/site\/wp-json\/wp\/v2\/posts\/386760","targetHints":{"allow":["GET"]}}],"collection":[{"href":"https:\/\/www.notibras.com\/site\/wp-json\/wp\/v2\/posts"}],"about":[{"href":"https:\/\/www.notibras.com\/site\/wp-json\/wp\/v2\/types\/post"}],"author":[{"embeddable":true,"href":"https:\/\/www.notibras.com\/site\/wp-json\/wp\/v2\/users\/2"}],"replies":[{"embeddable":true,"href":"https:\/\/www.notibras.com\/site\/wp-json\/wp\/v2\/comments?post=386760"}],"version-history":[{"count":1,"href":"https:\/\/www.notibras.com\/site\/wp-json\/wp\/v2\/posts\/386760\/revisions"}],"predecessor-version":[{"id":386762,"href":"https:\/\/www.notibras.com\/site\/wp-json\/wp\/v2\/posts\/386760\/revisions\/386762"}],"wp:featuredmedia":[{"embeddable":true,"href":"https:\/\/www.notibras.com\/site\/wp-json\/wp\/v2\/media\/386761"}],"wp:attachment":[{"href":"https:\/\/www.notibras.com\/site\/wp-json\/wp\/v2\/media?parent=386760"}],"wp:term":[{"taxonomy":"category","embeddable":true,"href":"https:\/\/www.notibras.com\/site\/wp-json\/wp\/v2\/categories?post=386760"},{"taxonomy":"post_tag","embeddable":true,"href":"https:\/\/www.notibras.com\/site\/wp-json\/wp\/v2\/tags?post=386760"}],"curies":[{"name":"wp","href":"https:\/\/api.w.org\/{rel}","templated":true}]}}