{"id":386766,"date":"2026-03-13T00:00:04","date_gmt":"2026-03-13T03:00:04","guid":{"rendered":"https:\/\/www.notibras.com\/site\/?p=386766"},"modified":"2026-03-13T06:53:28","modified_gmt":"2026-03-13T09:53:28","slug":"mais-de-4-mil-brasileiros-ja-retornaram-de-dubai-e-doha","status":"publish","type":"post","link":"https:\/\/www.notibras.com\/site\/mais-de-4-mil-brasileiros-ja-retornaram-de-dubai-e-doha\/","title":{"rendered":"Mais de 4 mil brasileiros j\u00e1 retornaram de Dubai e Doha"},"content":{"rendered":"<p>Desde a eclos\u00e3o de uma nova guerra envolvendo Estados Unidos (EUA) e Israel contra o Ir\u00e3, que come\u00e7ou no dia 28 de fevereiro, mais de 4 mil brasileiros conseguiram retornar do Oriente M\u00e9dio, a partir de embarques nos aeroportos de Dubai, nos Emirados \u00c1rabes Unidos (EAU), e de Doha, no Catar. O balan\u00e7o foi divulgado nesta quinta-feira (12) pelo Minist\u00e9rio das Rela\u00e7\u00f5es Exteriores (MRE) do Brasil.<\/p>\n<p>Segundo a pasta, que monitora a crise, apesar dos primeiros dias de ataques terem inclu\u00eddo aliados dos Estados Unidos no Golfo P\u00e9rsico, como os pr\u00f3prios Emirados \u00c1rabes Unidos e o Catar, os voos regulares de Dubai com destino aos aeroportos de Guarulhos (SP) e do Gale\u00e3o (RJ), operados pela Emirates, foram retomados no dia 4 de mar\u00e7o.<\/p>\n<p>At\u00e9 agora, foram conclu\u00eddas 14 opera\u00e7\u00f5es, com cerca de 3,8 mil brasileiros sendo repatriados por esta via.<\/p>\n<p>Em Doha, as opera\u00e7\u00f5es foram retomadas no dia 7 de mar\u00e7o e, at\u00e9 esta quinta-feira, houve o retorno de 278 brasileiros. J\u00e1 o voo direto que liga Doha a S\u00e3o Paulo, operado pela Qatar Airways, foi retomado nesta quinta. O pr\u00f3ximo est\u00e1 previsto para o dia 15.<\/p>\n<p>Desde o dia 28 de fevereiro, o Itamaraty recomenda n\u00e3o viajar para 12 pa\u00edses.<\/p>\n<p>\u201cPara quem j\u00e1 se encontra na regi\u00e3o, a orienta\u00e7\u00e3o \u00e9 seguir rigorosamente as recomenda\u00e7\u00f5es de seguran\u00e7a das autoridades locais. Caso o voo tenha sido cancelado, deve-se procurar a companhia a\u00e9rea para remarca\u00e7\u00e3o dos bilhetes&#8221;, informou o Pal\u00e1cio do Itamaraty, em nota.<\/p>\n<p>O governo brasileiro disponibiliza ainda plant\u00f5es consulares em todos os pa\u00edses afetados pela guerra. Devido a restri\u00e7\u00f5es locais, o Itamaraty recomenda o envio de mensagens de texto se as chamadas de WhatsApp n\u00e3o completarem. Canais oficiais seguem em atualiza\u00e7\u00e3o constante, garantiu a pasta.<\/p>\n<p>O Itamaraty tamb\u00e9m informou que o governo negocia transporte terrestre seguro de Doha, Kuwait e Manama (Bahrein) at\u00e9 o Aeroporto de Riade, na Ar\u00e1bia Saudita, para posterior embarque em voos comerciais com destino ao Brasil.<\/p>\n<p>Para o traslado terrestre, os nacionais brasileiros devem portar passaportes com, no m\u00ednimo, seis meses de validade, al\u00e9m de preencher os requisitos de entrada na Ar\u00e1bia Saudita.<\/p>\n<p>&#8220;O aux\u00edlio prioriza n\u00e3o residentes e grupos preferenciais (Lei 10.048\/2000). Tamb\u00e9m h\u00e1 gest\u00f5es em curso para o transporte de animais dom\u00e9sticos retidos nos Emirados&#8221;, diz o informe.<\/p>\n<p>A guerra desencadeada por EUA e Israel contra o Ir\u00e3, que est\u00e1 prestes a completar duas semanas, j\u00e1 matou cerca de 2 mil pessoas, a maioria iranianos e libaneses. A capacidade de resist\u00eancia do Ir\u00e3 frente \u00e0s for\u00e7as b\u00e9licas dos EUA e Israel, al\u00e9m da retalia\u00e7\u00e3o contra pa\u00edses do Golfo P\u00e9rsico, t\u00eam impactado o com\u00e9rcio mundial do petr\u00f3leo.<\/p>\n<p>O governo do Ir\u00e3, que tem atacado navios cargueiros que tentam atravessar o Estreito de Ormuz, principal rota mundial do produto no Oriente M\u00e9dio, chegou a alertar que o pre\u00e7o do barril poder\u00e1 chegar a US$ 200 em algumas semanas.<\/p>\n<p>Para conter reflexos na escalada dos pre\u00e7os no Brasil, o presidente Luiz In\u00e1cio Lula da Silva assinou, mais cedo, um decreto zerando as al\u00edquotas do PIS e do Cofins sobre a importa\u00e7\u00e3o e comercializa\u00e7\u00e3o do diesel. Al\u00e9m disso, assinou medida provis\u00f3ria (MP) com subven\u00e7\u00e3o ao diesel para produtores e importadores.<\/p>\n","protected":false},"excerpt":{"rendered":"<p>Desde a eclos\u00e3o de uma nova guerra envolvendo Estados Unidos (EUA) e Israel contra o Ir\u00e3, que come\u00e7ou no dia 28 de fevereiro, mais de 4 mil brasileiros conseguiram retornar do Oriente M\u00e9dio, a partir de embarques nos aeroportos de Dubai, nos Emirados \u00c1rabes Unidos (EAU), e de Doha, no Catar. O balan\u00e7o foi divulgado [&hellip;]<\/p>\n","protected":false},"author":2,"featured_media":386767,"comment_status":"closed","ping_status":"closed","sticky":false,"template":"","format":"standard","meta":{"_acf_changed":false,"footnotes":""},"categories":[16],"tags":[],"class_list":["post-386766","post","type-post","status-publish","format-standard","has-post-thumbnail","hentry","category-brasil"],"acf":[],"yoast_head":"<!-- This site is optimized with the Yoast SEO plugin v27.2 - https:\/\/yoast.com\/product\/yoast-seo-wordpress\/ -->\n<title>Mais de 4 mil brasileiros j\u00e1 retornaram de Dubai e Doha - Notibras<\/title>\n<meta name=\"robots\" content=\"index, follow, max-snippet:-1, max-image-preview:large, max-video-preview:-1\" \/>\n<link rel=\"canonical\" href=\"https:\/\/www.notibras.com\/site\/mais-de-4-mil-brasileiros-ja-retornaram-de-dubai-e-doha\/\" \/>\n<meta property=\"og:locale\" content=\"pt_BR\" \/>\n<meta property=\"og:type\" content=\"article\" \/>\n<meta property=\"og:title\" content=\"Mais de 4 mil brasileiros j\u00e1 retornaram de Dubai e Doha - Notibras\" \/>\n<meta property=\"og:description\" content=\"Desde a eclos\u00e3o de uma nova guerra envolvendo Estados Unidos (EUA) e Israel contra o Ir\u00e3, que come\u00e7ou no dia 28 de fevereiro, mais de 4 mil brasileiros conseguiram retornar do Oriente M\u00e9dio, a partir de embarques nos aeroportos de Dubai, nos Emirados \u00c1rabes Unidos (EAU), e de Doha, no Catar. O balan\u00e7o foi divulgado [&hellip;]\" \/>\n<meta property=\"og:url\" content=\"https:\/\/www.notibras.com\/site\/mais-de-4-mil-brasileiros-ja-retornaram-de-dubai-e-doha\/\" \/>\n<meta property=\"og:site_name\" content=\"Notibras\" \/>\n<meta property=\"article:publisher\" content=\"https:\/\/www.facebook.com\/notibras\/\" \/>\n<meta property=\"article:published_time\" content=\"2026-03-13T03:00:04+00:00\" \/>\n<meta property=\"article:modified_time\" content=\"2026-03-13T09:53:28+00:00\" \/>\n<meta property=\"og:image\" content=\"https:\/\/www.notibras.com\/site\/wp-content\/uploads\/2026\/03\/crise_israel_ira_palestina1.webp\" \/>\n\t<meta property=\"og:image:width\" content=\"1170\" \/>\n\t<meta property=\"og:image:height\" content=\"700\" \/>\n\t<meta property=\"og:image:type\" content=\"image\/webp\" \/>\n<meta name=\"author\" content=\"Reda\u00e7\u00e3o\" \/>\n<meta name=\"twitter:card\" content=\"summary_large_image\" \/>\n<meta name=\"twitter:creator\" content=\"@Notibras\" \/>\n<meta name=\"twitter:site\" content=\"@Notibras\" \/>\n<meta name=\"twitter:label1\" content=\"Escrito por\" \/>\n\t<meta name=\"twitter:data1\" content=\"Reda\u00e7\u00e3o\" \/>\n\t<meta name=\"twitter:label2\" content=\"Est. tempo de leitura\" \/>\n\t<meta name=\"twitter:data2\" content=\"4 minutos\" \/>\n<script type=\"application\/ld+json\" class=\"yoast-schema-graph\">{\"@context\":\"https:\/\/schema.org\",\"@graph\":[{\"@type\":\"Article\",\"@id\":\"https:\/\/www.notibras.com\/site\/mais-de-4-mil-brasileiros-ja-retornaram-de-dubai-e-doha\/#article\",\"isPartOf\":{\"@id\":\"https:\/\/www.notibras.com\/site\/mais-de-4-mil-brasileiros-ja-retornaram-de-dubai-e-doha\/\"},\"author\":{\"name\":\"Reda\u00e7\u00e3o\",\"@id\":\"https:\/\/www.notibras.com\/site\/#\/schema\/person\/36ab0979449956132d3e5b517ea76ac8\"},\"headline\":\"Mais de 4 mil brasileiros j\u00e1 retornaram de Dubai e Doha\",\"datePublished\":\"2026-03-13T03:00:04+00:00\",\"dateModified\":\"2026-03-13T09:53:28+00:00\",\"mainEntityOfPage\":{\"@id\":\"https:\/\/www.notibras.com\/site\/mais-de-4-mil-brasileiros-ja-retornaram-de-dubai-e-doha\/\"},\"wordCount\":578,\"publisher\":{\"@id\":\"https:\/\/www.notibras.com\/site\/#organization\"},\"image\":{\"@id\":\"https:\/\/www.notibras.com\/site\/mais-de-4-mil-brasileiros-ja-retornaram-de-dubai-e-doha\/#primaryimage\"},\"thumbnailUrl\":\"https:\/\/www.notibras.com\/site\/wp-content\/uploads\/2026\/03\/crise_israel_ira_palestina1.webp\",\"articleSection\":[\"Brasil\"],\"inLanguage\":\"pt-BR\"},{\"@type\":\"WebPage\",\"@id\":\"https:\/\/www.notibras.com\/site\/mais-de-4-mil-brasileiros-ja-retornaram-de-dubai-e-doha\/\",\"url\":\"https:\/\/www.notibras.com\/site\/mais-de-4-mil-brasileiros-ja-retornaram-de-dubai-e-doha\/\",\"name\":\"Mais de 4 mil brasileiros j\u00e1 retornaram de Dubai e Doha - Notibras\",\"isPartOf\":{\"@id\":\"https:\/\/www.notibras.com\/site\/#website\"},\"primaryImageOfPage\":{\"@id\":\"https:\/\/www.notibras.com\/site\/mais-de-4-mil-brasileiros-ja-retornaram-de-dubai-e-doha\/#primaryimage\"},\"image\":{\"@id\":\"https:\/\/www.notibras.com\/site\/mais-de-4-mil-brasileiros-ja-retornaram-de-dubai-e-doha\/#primaryimage\"},\"thumbnailUrl\":\"https:\/\/www.notibras.com\/site\/wp-content\/uploads\/2026\/03\/crise_israel_ira_palestina1.webp\",\"datePublished\":\"2026-03-13T03:00:04+00:00\",\"dateModified\":\"2026-03-13T09:53:28+00:00\",\"breadcrumb\":{\"@id\":\"https:\/\/www.notibras.com\/site\/mais-de-4-mil-brasileiros-ja-retornaram-de-dubai-e-doha\/#breadcrumb\"},\"inLanguage\":\"pt-BR\",\"potentialAction\":[{\"@type\":\"ReadAction\",\"target\":[\"https:\/\/www.notibras.com\/site\/mais-de-4-mil-brasileiros-ja-retornaram-de-dubai-e-doha\/\"]}]},{\"@type\":\"ImageObject\",\"inLanguage\":\"pt-BR\",\"@id\":\"https:\/\/www.notibras.com\/site\/mais-de-4-mil-brasileiros-ja-retornaram-de-dubai-e-doha\/#primaryimage\",\"url\":\"https:\/\/www.notibras.com\/site\/wp-content\/uploads\/2026\/03\/crise_israel_ira_palestina1.webp\",\"contentUrl\":\"https:\/\/www.notibras.com\/site\/wp-content\/uploads\/2026\/03\/crise_israel_ira_palestina1.webp\",\"width\":1170,\"height\":700},{\"@type\":\"BreadcrumbList\",\"@id\":\"https:\/\/www.notibras.com\/site\/mais-de-4-mil-brasileiros-ja-retornaram-de-dubai-e-doha\/#breadcrumb\",\"itemListElement\":[{\"@type\":\"ListItem\",\"position\":1,\"name\":\"In\u00edcio\",\"item\":\"https:\/\/www.notibras.com\/site\/\"},{\"@type\":\"ListItem\",\"position\":2,\"name\":\"Mais de 4 mil brasileiros j\u00e1 retornaram de Dubai e Doha\"}]},{\"@type\":\"WebSite\",\"@id\":\"https:\/\/www.notibras.com\/site\/#website\",\"url\":\"https:\/\/www.notibras.com\/site\/\",\"name\":\"Notibras\",\"description\":\"Not\u00edcias de Bras\u00edlia, do Brasil e do Mundo\",\"publisher\":{\"@id\":\"https:\/\/www.notibras.com\/site\/#organization\"},\"potentialAction\":[{\"@type\":\"SearchAction\",\"target\":{\"@type\":\"EntryPoint\",\"urlTemplate\":\"https:\/\/www.notibras.com\/site\/?s={search_term_string}\"},\"query-input\":{\"@type\":\"PropertyValueSpecification\",\"valueRequired\":true,\"valueName\":\"search_term_string\"}}],\"inLanguage\":\"pt-BR\"},{\"@type\":\"Organization\",\"@id\":\"https:\/\/www.notibras.com\/site\/#organization\",\"name\":\"Grupo Notibras de Comunica\u00e7\u00e3o\",\"url\":\"https:\/\/www.notibras.com\/site\/\",\"logo\":{\"@type\":\"ImageObject\",\"inLanguage\":\"pt-BR\",\"@id\":\"https:\/\/www.notibras.com\/site\/#\/schema\/logo\/image\/\",\"url\":\"https:\/\/www.notibras.com\/site\/wp-content\/uploads\/2023\/01\/notibras23.png\",\"contentUrl\":\"https:\/\/www.notibras.com\/site\/wp-content\/uploads\/2023\/01\/notibras23.png\",\"width\":350,\"height\":87,\"caption\":\"Grupo Notibras de Comunica\u00e7\u00e3o\"},\"image\":{\"@id\":\"https:\/\/www.notibras.com\/site\/#\/schema\/logo\/image\/\"},\"sameAs\":[\"https:\/\/www.facebook.com\/notibras\/\",\"https:\/\/x.com\/Notibras\",\"https:\/\/www.instagram.com\/notibras\/\"]},{\"@type\":\"Person\",\"@id\":\"https:\/\/www.notibras.com\/site\/#\/schema\/person\/36ab0979449956132d3e5b517ea76ac8\",\"name\":\"Reda\u00e7\u00e3o\",\"image\":{\"@type\":\"ImageObject\",\"inLanguage\":\"pt-BR\",\"@id\":\"https:\/\/secure.gravatar.com\/avatar\/e0a867bdedb85fd243eadf09663511f96fc81e0720a4a42581f334ad4303aa6b?s=96&d=mm&r=g\",\"url\":\"https:\/\/secure.gravatar.com\/avatar\/e0a867bdedb85fd243eadf09663511f96fc81e0720a4a42581f334ad4303aa6b?s=96&d=mm&r=g\",\"contentUrl\":\"https:\/\/secure.gravatar.com\/avatar\/e0a867bdedb85fd243eadf09663511f96fc81e0720a4a42581f334ad4303aa6b?s=96&d=mm&r=g\",\"caption\":\"Reda\u00e7\u00e3o\"}}]}<\/script>\n<!-- \/ Yoast SEO plugin. -->","yoast_head_json":{"title":"Mais de 4 mil brasileiros j\u00e1 retornaram de Dubai e Doha - Notibras","robots":{"index":"index","follow":"follow","max-snippet":"max-snippet:-1","max-image-preview":"max-image-preview:large","max-video-preview":"max-video-preview:-1"},"canonical":"https:\/\/www.notibras.com\/site\/mais-de-4-mil-brasileiros-ja-retornaram-de-dubai-e-doha\/","og_locale":"pt_BR","og_type":"article","og_title":"Mais de 4 mil brasileiros j\u00e1 retornaram de Dubai e Doha - Notibras","og_description":"Desde a eclos\u00e3o de uma nova guerra envolvendo Estados Unidos (EUA) e Israel contra o Ir\u00e3, que come\u00e7ou no dia 28 de fevereiro, mais de 4 mil brasileiros conseguiram retornar do Oriente M\u00e9dio, a partir de embarques nos aeroportos de Dubai, nos Emirados \u00c1rabes Unidos (EAU), e de Doha, no Catar. O balan\u00e7o foi divulgado [&hellip;]","og_url":"https:\/\/www.notibras.com\/site\/mais-de-4-mil-brasileiros-ja-retornaram-de-dubai-e-doha\/","og_site_name":"Notibras","article_publisher":"https:\/\/www.facebook.com\/notibras\/","article_published_time":"2026-03-13T03:00:04+00:00","article_modified_time":"2026-03-13T09:53:28+00:00","og_image":[{"width":1170,"height":700,"url":"https:\/\/www.notibras.com\/site\/wp-content\/uploads\/2026\/03\/crise_israel_ira_palestina1.webp","type":"image\/webp"}],"author":"Reda\u00e7\u00e3o","twitter_card":"summary_large_image","twitter_creator":"@Notibras","twitter_site":"@Notibras","twitter_misc":{"Escrito por":"Reda\u00e7\u00e3o","Est. tempo de leitura":"4 minutos"},"schema":{"@context":"https:\/\/schema.org","@graph":[{"@type":"Article","@id":"https:\/\/www.notibras.com\/site\/mais-de-4-mil-brasileiros-ja-retornaram-de-dubai-e-doha\/#article","isPartOf":{"@id":"https:\/\/www.notibras.com\/site\/mais-de-4-mil-brasileiros-ja-retornaram-de-dubai-e-doha\/"},"author":{"name":"Reda\u00e7\u00e3o","@id":"https:\/\/www.notibras.com\/site\/#\/schema\/person\/36ab0979449956132d3e5b517ea76ac8"},"headline":"Mais de 4 mil brasileiros j\u00e1 retornaram de Dubai e Doha","datePublished":"2026-03-13T03:00:04+00:00","dateModified":"2026-03-13T09:53:28+00:00","mainEntityOfPage":{"@id":"https:\/\/www.notibras.com\/site\/mais-de-4-mil-brasileiros-ja-retornaram-de-dubai-e-doha\/"},"wordCount":578,"publisher":{"@id":"https:\/\/www.notibras.com\/site\/#organization"},"image":{"@id":"https:\/\/www.notibras.com\/site\/mais-de-4-mil-brasileiros-ja-retornaram-de-dubai-e-doha\/#primaryimage"},"thumbnailUrl":"https:\/\/www.notibras.com\/site\/wp-content\/uploads\/2026\/03\/crise_israel_ira_palestina1.webp","articleSection":["Brasil"],"inLanguage":"pt-BR"},{"@type":"WebPage","@id":"https:\/\/www.notibras.com\/site\/mais-de-4-mil-brasileiros-ja-retornaram-de-dubai-e-doha\/","url":"https:\/\/www.notibras.com\/site\/mais-de-4-mil-brasileiros-ja-retornaram-de-dubai-e-doha\/","name":"Mais de 4 mil brasileiros j\u00e1 retornaram de Dubai e Doha - Notibras","isPartOf":{"@id":"https:\/\/www.notibras.com\/site\/#website"},"primaryImageOfPage":{"@id":"https:\/\/www.notibras.com\/site\/mais-de-4-mil-brasileiros-ja-retornaram-de-dubai-e-doha\/#primaryimage"},"image":{"@id":"https:\/\/www.notibras.com\/site\/mais-de-4-mil-brasileiros-ja-retornaram-de-dubai-e-doha\/#primaryimage"},"thumbnailUrl":"https:\/\/www.notibras.com\/site\/wp-content\/uploads\/2026\/03\/crise_israel_ira_palestina1.webp","datePublished":"2026-03-13T03:00:04+00:00","dateModified":"2026-03-13T09:53:28+00:00","breadcrumb":{"@id":"https:\/\/www.notibras.com\/site\/mais-de-4-mil-brasileiros-ja-retornaram-de-dubai-e-doha\/#breadcrumb"},"inLanguage":"pt-BR","potentialAction":[{"@type":"ReadAction","target":["https:\/\/www.notibras.com\/site\/mais-de-4-mil-brasileiros-ja-retornaram-de-dubai-e-doha\/"]}]},{"@type":"ImageObject","inLanguage":"pt-BR","@id":"https:\/\/www.notibras.com\/site\/mais-de-4-mil-brasileiros-ja-retornaram-de-dubai-e-doha\/#primaryimage","url":"https:\/\/www.notibras.com\/site\/wp-content\/uploads\/2026\/03\/crise_israel_ira_palestina1.webp","contentUrl":"https:\/\/www.notibras.com\/site\/wp-content\/uploads\/2026\/03\/crise_israel_ira_palestina1.webp","width":1170,"height":700},{"@type":"BreadcrumbList","@id":"https:\/\/www.notibras.com\/site\/mais-de-4-mil-brasileiros-ja-retornaram-de-dubai-e-doha\/#breadcrumb","itemListElement":[{"@type":"ListItem","position":1,"name":"In\u00edcio","item":"https:\/\/www.notibras.com\/site\/"},{"@type":"ListItem","position":2,"name":"Mais de 4 mil brasileiros j\u00e1 retornaram de Dubai e Doha"}]},{"@type":"WebSite","@id":"https:\/\/www.notibras.com\/site\/#website","url":"https:\/\/www.notibras.com\/site\/","name":"Notibras","description":"Not\u00edcias de Bras\u00edlia, do Brasil e do Mundo","publisher":{"@id":"https:\/\/www.notibras.com\/site\/#organization"},"potentialAction":[{"@type":"SearchAction","target":{"@type":"EntryPoint","urlTemplate":"https:\/\/www.notibras.com\/site\/?s={search_term_string}"},"query-input":{"@type":"PropertyValueSpecification","valueRequired":true,"valueName":"search_term_string"}}],"inLanguage":"pt-BR"},{"@type":"Organization","@id":"https:\/\/www.notibras.com\/site\/#organization","name":"Grupo Notibras de Comunica\u00e7\u00e3o","url":"https:\/\/www.notibras.com\/site\/","logo":{"@type":"ImageObject","inLanguage":"pt-BR","@id":"https:\/\/www.notibras.com\/site\/#\/schema\/logo\/image\/","url":"https:\/\/www.notibras.com\/site\/wp-content\/uploads\/2023\/01\/notibras23.png","contentUrl":"https:\/\/www.notibras.com\/site\/wp-content\/uploads\/2023\/01\/notibras23.png","width":350,"height":87,"caption":"Grupo Notibras de Comunica\u00e7\u00e3o"},"image":{"@id":"https:\/\/www.notibras.com\/site\/#\/schema\/logo\/image\/"},"sameAs":["https:\/\/www.facebook.com\/notibras\/","https:\/\/x.com\/Notibras","https:\/\/www.instagram.com\/notibras\/"]},{"@type":"Person","@id":"https:\/\/www.notibras.com\/site\/#\/schema\/person\/36ab0979449956132d3e5b517ea76ac8","name":"Reda\u00e7\u00e3o","image":{"@type":"ImageObject","inLanguage":"pt-BR","@id":"https:\/\/secure.gravatar.com\/avatar\/e0a867bdedb85fd243eadf09663511f96fc81e0720a4a42581f334ad4303aa6b?s=96&d=mm&r=g","url":"https:\/\/secure.gravatar.com\/avatar\/e0a867bdedb85fd243eadf09663511f96fc81e0720a4a42581f334ad4303aa6b?s=96&d=mm&r=g","contentUrl":"https:\/\/secure.gravatar.com\/avatar\/e0a867bdedb85fd243eadf09663511f96fc81e0720a4a42581f334ad4303aa6b?s=96&d=mm&r=g","caption":"Reda\u00e7\u00e3o"}}]}},"amp_enabled":true,"_links":{"self":[{"href":"https:\/\/www.notibras.com\/site\/wp-json\/wp\/v2\/posts\/386766","targetHints":{"allow":["GET"]}}],"collection":[{"href":"https:\/\/www.notibras.com\/site\/wp-json\/wp\/v2\/posts"}],"about":[{"href":"https:\/\/www.notibras.com\/site\/wp-json\/wp\/v2\/types\/post"}],"author":[{"embeddable":true,"href":"https:\/\/www.notibras.com\/site\/wp-json\/wp\/v2\/users\/2"}],"replies":[{"embeddable":true,"href":"https:\/\/www.notibras.com\/site\/wp-json\/wp\/v2\/comments?post=386766"}],"version-history":[{"count":1,"href":"https:\/\/www.notibras.com\/site\/wp-json\/wp\/v2\/posts\/386766\/revisions"}],"predecessor-version":[{"id":386768,"href":"https:\/\/www.notibras.com\/site\/wp-json\/wp\/v2\/posts\/386766\/revisions\/386768"}],"wp:featuredmedia":[{"embeddable":true,"href":"https:\/\/www.notibras.com\/site\/wp-json\/wp\/v2\/media\/386767"}],"wp:attachment":[{"href":"https:\/\/www.notibras.com\/site\/wp-json\/wp\/v2\/media?parent=386766"}],"wp:term":[{"taxonomy":"category","embeddable":true,"href":"https:\/\/www.notibras.com\/site\/wp-json\/wp\/v2\/categories?post=386766"},{"taxonomy":"post_tag","embeddable":true,"href":"https:\/\/www.notibras.com\/site\/wp-json\/wp\/v2\/tags?post=386766"}],"curies":[{"name":"wp","href":"https:\/\/api.w.org\/{rel}","templated":true}]}}