{"id":386769,"date":"2026-03-13T00:00:16","date_gmt":"2026-03-13T03:00:16","guid":{"rendered":"https:\/\/www.notibras.com\/site\/?p=386769"},"modified":"2026-03-13T06:57:50","modified_gmt":"2026-03-13T09:57:50","slug":"mais-dez-policiais-sao-denunciados-por-crimes-na-operacao-contencao","status":"publish","type":"post","link":"https:\/\/www.notibras.com\/site\/mais-dez-policiais-sao-denunciados-por-crimes-na-operacao-contencao\/","title":{"rendered":"Mais dez policiais s\u00e3o denunciados por crimes na Opera\u00e7\u00e3o Conten\u00e7\u00e3o"},"content":{"rendered":"<p>O Minist\u00e9rio P\u00fablico do Rio de Janeiro (MPRJ) fez mais duas den\u00fancias contra crimes cometidos por dez policiais militares, durante a Opera\u00e7\u00e3o Conten\u00e7\u00e3o, nos complexos da Penha e do Alem\u00e3o, no dia 28 de outubro de 2025. Os PMs do Batalh\u00e3o de A\u00e7\u00f5es com C\u00e3es (BAC) s\u00e3o acusados de invas\u00e3o a domic\u00edlios e obstru\u00e7\u00e3o de c\u00e2meras corporais.<\/p>\n<p>Considerada a mais letal da hist\u00f3ria do estado, a incurs\u00e3o, realizada para conter o Comando Vermelho, deixou 122 pessoas mortas &#8212; incluindo cinco policiais. A a\u00e7\u00e3o, que contou com 2,5 mil agentes, vem sendo alvo de cr\u00edticas por desrespeitar recomenda\u00e7\u00f5es do Supremo Tribunal Federal (STF) para opera\u00e7\u00f5es em favelas e n\u00e3o enfraquecer estruturalmente o crime organizado.<\/p>\n<p>Pelo crime de invas\u00e3o de resid\u00eancias e estabelecimentos comerciais sem autoriza\u00e7\u00e3o judicial ou consentimento, o MPRJ denunciou dez policiais. No documento, a 2\u00aa Promotoria de Justi\u00e7a relata que os agentes utilizaram ferramentas como chaves mestras, fac\u00f5es e chaves de fenda para entrar nos im\u00f3veis e que, dentro das casas, chegaram a consumir produtos de dentro das geladeiras.<\/p>\n<p>&#8220;As imagens analisadas pelo MPRJ mostram, ainda, que alguns agentes circularam pelos c\u00f4modos das casas, vasculharam objetos e consumiram produtos&#8221;, revela o MPRJ.<\/p>\n<p>Segundo a den\u00fancia, os policiais tentaram entrar em outras resid\u00eancias, mas, em alguns casos, n\u00e3o conseguiram.<\/p>\n<p>Na segunda den\u00fancia, o MPRJ descreve que cinco policiais desse mesmo grupo manipularam c\u00e2meras operacionais port\u00e1teis, desrespeitando ordem superior, de uso obrigat\u00f3rio do equipamento.<\/p>\n<p>&#8220;A an\u00e1lise das grava\u00e7\u00f5es demonstrou que, em v\u00e1rios momentos, os equipamentos foram posicionados de forma inadequada e direcionados para locais que impediam a visualiza\u00e7\u00e3o&#8221;, diz a den\u00fancia.<\/p>\n<p>Ao todo, desde a opera\u00e7\u00e3o e an\u00e1lise das imagens, o MPRJ fez oito den\u00fancias de ilegalidade contra 19 policiais militares na Opera\u00e7\u00e3o Conten\u00e7\u00e3o. Nas anteriores, os PMs foram acusados de se apropriarem de um fuzil abandonado, de pe\u00e7as de um carro, de invas\u00f5es a domic\u00edlio, constrangimento de moradores e subtra\u00e7\u00e3o de outros bens. H\u00e1 outras den\u00fancias tamb\u00e9m por obstru\u00e7\u00e3o ou desligamento das c\u00e2meras corporais acopladas ao uniforme.<\/p>\n<p>Os casos ser\u00e3o julgados pela Auditoria Militar.<\/p>\n<p><strong>Letalidade <\/strong><br \/>\nA Opera\u00e7\u00e3o Conten\u00e7\u00e3o, marcada pela alta letalidade, efetuou 113 pris\u00f5es, sendo 33 de pessoas de fora do Rio. As apreens\u00f5es somaram 118 armas e 1 tonelada de drogas.<\/p>\n<p>Moradores, familiares dos mortos e organiza\u00e7\u00f5es de direitos humanos denunciaram a opera\u00e7\u00e3o como uma &#8220;chacina&#8221; e enfileiraram corpos com sinais de execu\u00e7\u00e3o em um ponto do Alem\u00e3o. Os cad\u00e1veres tinham sido recolhidos pelos pr\u00f3prios, das matas que circundam a regi\u00e3o.<\/p>\n<p>J\u00e1 o governo do estado considerou a opera\u00e7\u00e3o \u201cum sucesso\u201d. O governador, Cl\u00e1udio Castro, afirmou que as pessoas mortas reagiram e os policiais revidaram em leg\u00edtima defesa. Para as autoridades, &#8220;as \u00fanicas v\u00edtimas foram os cinco policiais mortos no confronto&#8221;.<\/p>\n","protected":false},"excerpt":{"rendered":"<p>O Minist\u00e9rio P\u00fablico do Rio de Janeiro (MPRJ) fez mais duas den\u00fancias contra crimes cometidos por dez policiais militares, durante a Opera\u00e7\u00e3o Conten\u00e7\u00e3o, nos complexos da Penha e do Alem\u00e3o, no dia 28 de outubro de 2025. Os PMs do Batalh\u00e3o de A\u00e7\u00f5es com C\u00e3es (BAC) s\u00e3o acusados de invas\u00e3o a domic\u00edlios e obstru\u00e7\u00e3o de [&hellip;]<\/p>\n","protected":false},"author":2,"featured_media":386770,"comment_status":"closed","ping_status":"closed","sticky":false,"template":"","format":"standard","meta":{"_acf_changed":false,"footnotes":""},"categories":[16],"tags":[],"class_list":["post-386769","post","type-post","status-publish","format-standard","has-post-thumbnail","hentry","category-brasil"],"acf":[],"yoast_head":"<!-- This site is optimized with the Yoast SEO plugin v27.2 - https:\/\/yoast.com\/product\/yoast-seo-wordpress\/ -->\n<title>Mais dez policiais s\u00e3o denunciados por crimes na Opera\u00e7\u00e3o Conten\u00e7\u00e3o - Notibras<\/title>\n<meta name=\"robots\" content=\"index, follow, max-snippet:-1, max-image-preview:large, max-video-preview:-1\" \/>\n<link rel=\"canonical\" href=\"https:\/\/www.notibras.com\/site\/mais-dez-policiais-sao-denunciados-por-crimes-na-operacao-contencao\/\" \/>\n<meta property=\"og:locale\" content=\"pt_BR\" \/>\n<meta property=\"og:type\" content=\"article\" \/>\n<meta property=\"og:title\" content=\"Mais dez policiais s\u00e3o denunciados por crimes na Opera\u00e7\u00e3o Conten\u00e7\u00e3o - Notibras\" \/>\n<meta property=\"og:description\" content=\"O Minist\u00e9rio P\u00fablico do Rio de Janeiro (MPRJ) fez mais duas den\u00fancias contra crimes cometidos por dez policiais militares, durante a Opera\u00e7\u00e3o Conten\u00e7\u00e3o, nos complexos da Penha e do Alem\u00e3o, no dia 28 de outubro de 2025. Os PMs do Batalh\u00e3o de A\u00e7\u00f5es com C\u00e3es (BAC) s\u00e3o acusados de invas\u00e3o a domic\u00edlios e obstru\u00e7\u00e3o de [&hellip;]\" \/>\n<meta property=\"og:url\" content=\"https:\/\/www.notibras.com\/site\/mais-dez-policiais-sao-denunciados-por-crimes-na-operacao-contencao\/\" \/>\n<meta property=\"og:site_name\" content=\"Notibras\" \/>\n<meta property=\"article:publisher\" content=\"https:\/\/www.facebook.com\/notibras\/\" \/>\n<meta property=\"article:published_time\" content=\"2026-03-13T03:00:16+00:00\" \/>\n<meta property=\"article:modified_time\" content=\"2026-03-13T09:57:50+00:00\" \/>\n<meta property=\"og:image\" content=\"https:\/\/www.notibras.com\/site\/wp-content\/uploads\/2026\/03\/2025-10-28t154639z_743868207_rc23lhasao1q_rtrmadp_3_brazil-violence-1.webp\" \/>\n\t<meta property=\"og:image:width\" content=\"1170\" \/>\n\t<meta property=\"og:image:height\" content=\"700\" \/>\n\t<meta property=\"og:image:type\" content=\"image\/webp\" \/>\n<meta name=\"author\" content=\"Reda\u00e7\u00e3o\" \/>\n<meta name=\"twitter:card\" content=\"summary_large_image\" \/>\n<meta name=\"twitter:creator\" content=\"@Notibras\" \/>\n<meta name=\"twitter:site\" content=\"@Notibras\" \/>\n<meta name=\"twitter:label1\" content=\"Escrito por\" \/>\n\t<meta name=\"twitter:data1\" content=\"Reda\u00e7\u00e3o\" \/>\n\t<meta name=\"twitter:label2\" content=\"Est. tempo de leitura\" \/>\n\t<meta name=\"twitter:data2\" content=\"3 minutos\" \/>\n<script type=\"application\/ld+json\" class=\"yoast-schema-graph\">{\"@context\":\"https:\/\/schema.org\",\"@graph\":[{\"@type\":\"Article\",\"@id\":\"https:\/\/www.notibras.com\/site\/mais-dez-policiais-sao-denunciados-por-crimes-na-operacao-contencao\/#article\",\"isPartOf\":{\"@id\":\"https:\/\/www.notibras.com\/site\/mais-dez-policiais-sao-denunciados-por-crimes-na-operacao-contencao\/\"},\"author\":{\"name\":\"Reda\u00e7\u00e3o\",\"@id\":\"https:\/\/www.notibras.com\/site\/#\/schema\/person\/36ab0979449956132d3e5b517ea76ac8\"},\"headline\":\"Mais dez policiais s\u00e3o denunciados por crimes na Opera\u00e7\u00e3o Conten\u00e7\u00e3o\",\"datePublished\":\"2026-03-13T03:00:16+00:00\",\"dateModified\":\"2026-03-13T09:57:50+00:00\",\"mainEntityOfPage\":{\"@id\":\"https:\/\/www.notibras.com\/site\/mais-dez-policiais-sao-denunciados-por-crimes-na-operacao-contencao\/\"},\"wordCount\":515,\"publisher\":{\"@id\":\"https:\/\/www.notibras.com\/site\/#organization\"},\"image\":{\"@id\":\"https:\/\/www.notibras.com\/site\/mais-dez-policiais-sao-denunciados-por-crimes-na-operacao-contencao\/#primaryimage\"},\"thumbnailUrl\":\"https:\/\/www.notibras.com\/site\/wp-content\/uploads\/2026\/03\/2025-10-28t154639z_743868207_rc23lhasao1q_rtrmadp_3_brazil-violence-1.webp\",\"articleSection\":[\"Brasil\"],\"inLanguage\":\"pt-BR\"},{\"@type\":\"WebPage\",\"@id\":\"https:\/\/www.notibras.com\/site\/mais-dez-policiais-sao-denunciados-por-crimes-na-operacao-contencao\/\",\"url\":\"https:\/\/www.notibras.com\/site\/mais-dez-policiais-sao-denunciados-por-crimes-na-operacao-contencao\/\",\"name\":\"Mais dez policiais s\u00e3o denunciados por crimes na Opera\u00e7\u00e3o Conten\u00e7\u00e3o - Notibras\",\"isPartOf\":{\"@id\":\"https:\/\/www.notibras.com\/site\/#website\"},\"primaryImageOfPage\":{\"@id\":\"https:\/\/www.notibras.com\/site\/mais-dez-policiais-sao-denunciados-por-crimes-na-operacao-contencao\/#primaryimage\"},\"image\":{\"@id\":\"https:\/\/www.notibras.com\/site\/mais-dez-policiais-sao-denunciados-por-crimes-na-operacao-contencao\/#primaryimage\"},\"thumbnailUrl\":\"https:\/\/www.notibras.com\/site\/wp-content\/uploads\/2026\/03\/2025-10-28t154639z_743868207_rc23lhasao1q_rtrmadp_3_brazil-violence-1.webp\",\"datePublished\":\"2026-03-13T03:00:16+00:00\",\"dateModified\":\"2026-03-13T09:57:50+00:00\",\"breadcrumb\":{\"@id\":\"https:\/\/www.notibras.com\/site\/mais-dez-policiais-sao-denunciados-por-crimes-na-operacao-contencao\/#breadcrumb\"},\"inLanguage\":\"pt-BR\",\"potentialAction\":[{\"@type\":\"ReadAction\",\"target\":[\"https:\/\/www.notibras.com\/site\/mais-dez-policiais-sao-denunciados-por-crimes-na-operacao-contencao\/\"]}]},{\"@type\":\"ImageObject\",\"inLanguage\":\"pt-BR\",\"@id\":\"https:\/\/www.notibras.com\/site\/mais-dez-policiais-sao-denunciados-por-crimes-na-operacao-contencao\/#primaryimage\",\"url\":\"https:\/\/www.notibras.com\/site\/wp-content\/uploads\/2026\/03\/2025-10-28t154639z_743868207_rc23lhasao1q_rtrmadp_3_brazil-violence-1.webp\",\"contentUrl\":\"https:\/\/www.notibras.com\/site\/wp-content\/uploads\/2026\/03\/2025-10-28t154639z_743868207_rc23lhasao1q_rtrmadp_3_brazil-violence-1.webp\",\"width\":1170,\"height\":700},{\"@type\":\"BreadcrumbList\",\"@id\":\"https:\/\/www.notibras.com\/site\/mais-dez-policiais-sao-denunciados-por-crimes-na-operacao-contencao\/#breadcrumb\",\"itemListElement\":[{\"@type\":\"ListItem\",\"position\":1,\"name\":\"In\u00edcio\",\"item\":\"https:\/\/www.notibras.com\/site\/\"},{\"@type\":\"ListItem\",\"position\":2,\"name\":\"Mais dez policiais s\u00e3o denunciados por crimes na Opera\u00e7\u00e3o Conten\u00e7\u00e3o\"}]},{\"@type\":\"WebSite\",\"@id\":\"https:\/\/www.notibras.com\/site\/#website\",\"url\":\"https:\/\/www.notibras.com\/site\/\",\"name\":\"Notibras\",\"description\":\"Not\u00edcias de Bras\u00edlia, do Brasil e do Mundo\",\"publisher\":{\"@id\":\"https:\/\/www.notibras.com\/site\/#organization\"},\"potentialAction\":[{\"@type\":\"SearchAction\",\"target\":{\"@type\":\"EntryPoint\",\"urlTemplate\":\"https:\/\/www.notibras.com\/site\/?s={search_term_string}\"},\"query-input\":{\"@type\":\"PropertyValueSpecification\",\"valueRequired\":true,\"valueName\":\"search_term_string\"}}],\"inLanguage\":\"pt-BR\"},{\"@type\":\"Organization\",\"@id\":\"https:\/\/www.notibras.com\/site\/#organization\",\"name\":\"Grupo Notibras de Comunica\u00e7\u00e3o\",\"url\":\"https:\/\/www.notibras.com\/site\/\",\"logo\":{\"@type\":\"ImageObject\",\"inLanguage\":\"pt-BR\",\"@id\":\"https:\/\/www.notibras.com\/site\/#\/schema\/logo\/image\/\",\"url\":\"https:\/\/www.notibras.com\/site\/wp-content\/uploads\/2023\/01\/notibras23.png\",\"contentUrl\":\"https:\/\/www.notibras.com\/site\/wp-content\/uploads\/2023\/01\/notibras23.png\",\"width\":350,\"height\":87,\"caption\":\"Grupo Notibras de Comunica\u00e7\u00e3o\"},\"image\":{\"@id\":\"https:\/\/www.notibras.com\/site\/#\/schema\/logo\/image\/\"},\"sameAs\":[\"https:\/\/www.facebook.com\/notibras\/\",\"https:\/\/x.com\/Notibras\",\"https:\/\/www.instagram.com\/notibras\/\"]},{\"@type\":\"Person\",\"@id\":\"https:\/\/www.notibras.com\/site\/#\/schema\/person\/36ab0979449956132d3e5b517ea76ac8\",\"name\":\"Reda\u00e7\u00e3o\",\"image\":{\"@type\":\"ImageObject\",\"inLanguage\":\"pt-BR\",\"@id\":\"https:\/\/secure.gravatar.com\/avatar\/e0a867bdedb85fd243eadf09663511f96fc81e0720a4a42581f334ad4303aa6b?s=96&d=mm&r=g\",\"url\":\"https:\/\/secure.gravatar.com\/avatar\/e0a867bdedb85fd243eadf09663511f96fc81e0720a4a42581f334ad4303aa6b?s=96&d=mm&r=g\",\"contentUrl\":\"https:\/\/secure.gravatar.com\/avatar\/e0a867bdedb85fd243eadf09663511f96fc81e0720a4a42581f334ad4303aa6b?s=96&d=mm&r=g\",\"caption\":\"Reda\u00e7\u00e3o\"}}]}<\/script>\n<!-- \/ Yoast SEO plugin. -->","yoast_head_json":{"title":"Mais dez policiais s\u00e3o denunciados por crimes na Opera\u00e7\u00e3o Conten\u00e7\u00e3o - Notibras","robots":{"index":"index","follow":"follow","max-snippet":"max-snippet:-1","max-image-preview":"max-image-preview:large","max-video-preview":"max-video-preview:-1"},"canonical":"https:\/\/www.notibras.com\/site\/mais-dez-policiais-sao-denunciados-por-crimes-na-operacao-contencao\/","og_locale":"pt_BR","og_type":"article","og_title":"Mais dez policiais s\u00e3o denunciados por crimes na Opera\u00e7\u00e3o Conten\u00e7\u00e3o - Notibras","og_description":"O Minist\u00e9rio P\u00fablico do Rio de Janeiro (MPRJ) fez mais duas den\u00fancias contra crimes cometidos por dez policiais militares, durante a Opera\u00e7\u00e3o Conten\u00e7\u00e3o, nos complexos da Penha e do Alem\u00e3o, no dia 28 de outubro de 2025. Os PMs do Batalh\u00e3o de A\u00e7\u00f5es com C\u00e3es (BAC) s\u00e3o acusados de invas\u00e3o a domic\u00edlios e obstru\u00e7\u00e3o de [&hellip;]","og_url":"https:\/\/www.notibras.com\/site\/mais-dez-policiais-sao-denunciados-por-crimes-na-operacao-contencao\/","og_site_name":"Notibras","article_publisher":"https:\/\/www.facebook.com\/notibras\/","article_published_time":"2026-03-13T03:00:16+00:00","article_modified_time":"2026-03-13T09:57:50+00:00","og_image":[{"width":1170,"height":700,"url":"https:\/\/www.notibras.com\/site\/wp-content\/uploads\/2026\/03\/2025-10-28t154639z_743868207_rc23lhasao1q_rtrmadp_3_brazil-violence-1.webp","type":"image\/webp"}],"author":"Reda\u00e7\u00e3o","twitter_card":"summary_large_image","twitter_creator":"@Notibras","twitter_site":"@Notibras","twitter_misc":{"Escrito por":"Reda\u00e7\u00e3o","Est. tempo de leitura":"3 minutos"},"schema":{"@context":"https:\/\/schema.org","@graph":[{"@type":"Article","@id":"https:\/\/www.notibras.com\/site\/mais-dez-policiais-sao-denunciados-por-crimes-na-operacao-contencao\/#article","isPartOf":{"@id":"https:\/\/www.notibras.com\/site\/mais-dez-policiais-sao-denunciados-por-crimes-na-operacao-contencao\/"},"author":{"name":"Reda\u00e7\u00e3o","@id":"https:\/\/www.notibras.com\/site\/#\/schema\/person\/36ab0979449956132d3e5b517ea76ac8"},"headline":"Mais dez policiais s\u00e3o denunciados por crimes na Opera\u00e7\u00e3o Conten\u00e7\u00e3o","datePublished":"2026-03-13T03:00:16+00:00","dateModified":"2026-03-13T09:57:50+00:00","mainEntityOfPage":{"@id":"https:\/\/www.notibras.com\/site\/mais-dez-policiais-sao-denunciados-por-crimes-na-operacao-contencao\/"},"wordCount":515,"publisher":{"@id":"https:\/\/www.notibras.com\/site\/#organization"},"image":{"@id":"https:\/\/www.notibras.com\/site\/mais-dez-policiais-sao-denunciados-por-crimes-na-operacao-contencao\/#primaryimage"},"thumbnailUrl":"https:\/\/www.notibras.com\/site\/wp-content\/uploads\/2026\/03\/2025-10-28t154639z_743868207_rc23lhasao1q_rtrmadp_3_brazil-violence-1.webp","articleSection":["Brasil"],"inLanguage":"pt-BR"},{"@type":"WebPage","@id":"https:\/\/www.notibras.com\/site\/mais-dez-policiais-sao-denunciados-por-crimes-na-operacao-contencao\/","url":"https:\/\/www.notibras.com\/site\/mais-dez-policiais-sao-denunciados-por-crimes-na-operacao-contencao\/","name":"Mais dez policiais s\u00e3o denunciados por crimes na Opera\u00e7\u00e3o Conten\u00e7\u00e3o - Notibras","isPartOf":{"@id":"https:\/\/www.notibras.com\/site\/#website"},"primaryImageOfPage":{"@id":"https:\/\/www.notibras.com\/site\/mais-dez-policiais-sao-denunciados-por-crimes-na-operacao-contencao\/#primaryimage"},"image":{"@id":"https:\/\/www.notibras.com\/site\/mais-dez-policiais-sao-denunciados-por-crimes-na-operacao-contencao\/#primaryimage"},"thumbnailUrl":"https:\/\/www.notibras.com\/site\/wp-content\/uploads\/2026\/03\/2025-10-28t154639z_743868207_rc23lhasao1q_rtrmadp_3_brazil-violence-1.webp","datePublished":"2026-03-13T03:00:16+00:00","dateModified":"2026-03-13T09:57:50+00:00","breadcrumb":{"@id":"https:\/\/www.notibras.com\/site\/mais-dez-policiais-sao-denunciados-por-crimes-na-operacao-contencao\/#breadcrumb"},"inLanguage":"pt-BR","potentialAction":[{"@type":"ReadAction","target":["https:\/\/www.notibras.com\/site\/mais-dez-policiais-sao-denunciados-por-crimes-na-operacao-contencao\/"]}]},{"@type":"ImageObject","inLanguage":"pt-BR","@id":"https:\/\/www.notibras.com\/site\/mais-dez-policiais-sao-denunciados-por-crimes-na-operacao-contencao\/#primaryimage","url":"https:\/\/www.notibras.com\/site\/wp-content\/uploads\/2026\/03\/2025-10-28t154639z_743868207_rc23lhasao1q_rtrmadp_3_brazil-violence-1.webp","contentUrl":"https:\/\/www.notibras.com\/site\/wp-content\/uploads\/2026\/03\/2025-10-28t154639z_743868207_rc23lhasao1q_rtrmadp_3_brazil-violence-1.webp","width":1170,"height":700},{"@type":"BreadcrumbList","@id":"https:\/\/www.notibras.com\/site\/mais-dez-policiais-sao-denunciados-por-crimes-na-operacao-contencao\/#breadcrumb","itemListElement":[{"@type":"ListItem","position":1,"name":"In\u00edcio","item":"https:\/\/www.notibras.com\/site\/"},{"@type":"ListItem","position":2,"name":"Mais dez policiais s\u00e3o denunciados por crimes na Opera\u00e7\u00e3o Conten\u00e7\u00e3o"}]},{"@type":"WebSite","@id":"https:\/\/www.notibras.com\/site\/#website","url":"https:\/\/www.notibras.com\/site\/","name":"Notibras","description":"Not\u00edcias de Bras\u00edlia, do Brasil e do Mundo","publisher":{"@id":"https:\/\/www.notibras.com\/site\/#organization"},"potentialAction":[{"@type":"SearchAction","target":{"@type":"EntryPoint","urlTemplate":"https:\/\/www.notibras.com\/site\/?s={search_term_string}"},"query-input":{"@type":"PropertyValueSpecification","valueRequired":true,"valueName":"search_term_string"}}],"inLanguage":"pt-BR"},{"@type":"Organization","@id":"https:\/\/www.notibras.com\/site\/#organization","name":"Grupo Notibras de Comunica\u00e7\u00e3o","url":"https:\/\/www.notibras.com\/site\/","logo":{"@type":"ImageObject","inLanguage":"pt-BR","@id":"https:\/\/www.notibras.com\/site\/#\/schema\/logo\/image\/","url":"https:\/\/www.notibras.com\/site\/wp-content\/uploads\/2023\/01\/notibras23.png","contentUrl":"https:\/\/www.notibras.com\/site\/wp-content\/uploads\/2023\/01\/notibras23.png","width":350,"height":87,"caption":"Grupo Notibras de Comunica\u00e7\u00e3o"},"image":{"@id":"https:\/\/www.notibras.com\/site\/#\/schema\/logo\/image\/"},"sameAs":["https:\/\/www.facebook.com\/notibras\/","https:\/\/x.com\/Notibras","https:\/\/www.instagram.com\/notibras\/"]},{"@type":"Person","@id":"https:\/\/www.notibras.com\/site\/#\/schema\/person\/36ab0979449956132d3e5b517ea76ac8","name":"Reda\u00e7\u00e3o","image":{"@type":"ImageObject","inLanguage":"pt-BR","@id":"https:\/\/secure.gravatar.com\/avatar\/e0a867bdedb85fd243eadf09663511f96fc81e0720a4a42581f334ad4303aa6b?s=96&d=mm&r=g","url":"https:\/\/secure.gravatar.com\/avatar\/e0a867bdedb85fd243eadf09663511f96fc81e0720a4a42581f334ad4303aa6b?s=96&d=mm&r=g","contentUrl":"https:\/\/secure.gravatar.com\/avatar\/e0a867bdedb85fd243eadf09663511f96fc81e0720a4a42581f334ad4303aa6b?s=96&d=mm&r=g","caption":"Reda\u00e7\u00e3o"}}]}},"amp_enabled":true,"_links":{"self":[{"href":"https:\/\/www.notibras.com\/site\/wp-json\/wp\/v2\/posts\/386769","targetHints":{"allow":["GET"]}}],"collection":[{"href":"https:\/\/www.notibras.com\/site\/wp-json\/wp\/v2\/posts"}],"about":[{"href":"https:\/\/www.notibras.com\/site\/wp-json\/wp\/v2\/types\/post"}],"author":[{"embeddable":true,"href":"https:\/\/www.notibras.com\/site\/wp-json\/wp\/v2\/users\/2"}],"replies":[{"embeddable":true,"href":"https:\/\/www.notibras.com\/site\/wp-json\/wp\/v2\/comments?post=386769"}],"version-history":[{"count":1,"href":"https:\/\/www.notibras.com\/site\/wp-json\/wp\/v2\/posts\/386769\/revisions"}],"predecessor-version":[{"id":386771,"href":"https:\/\/www.notibras.com\/site\/wp-json\/wp\/v2\/posts\/386769\/revisions\/386771"}],"wp:featuredmedia":[{"embeddable":true,"href":"https:\/\/www.notibras.com\/site\/wp-json\/wp\/v2\/media\/386770"}],"wp:attachment":[{"href":"https:\/\/www.notibras.com\/site\/wp-json\/wp\/v2\/media?parent=386769"}],"wp:term":[{"taxonomy":"category","embeddable":true,"href":"https:\/\/www.notibras.com\/site\/wp-json\/wp\/v2\/categories?post=386769"},{"taxonomy":"post_tag","embeddable":true,"href":"https:\/\/www.notibras.com\/site\/wp-json\/wp\/v2\/tags?post=386769"}],"curies":[{"name":"wp","href":"https:\/\/api.w.org\/{rel}","templated":true}]}}