{"id":386775,"date":"2026-03-13T00:01:11","date_gmt":"2026-03-13T03:01:11","guid":{"rendered":"https:\/\/www.notibras.com\/site\/?p=386775"},"modified":"2026-03-13T07:21:31","modified_gmt":"2026-03-13T10:21:31","slug":"sao-paulo-bate-chape-e-vasco-detona-o-palmeiras-de-virada","status":"publish","type":"post","link":"https:\/\/www.notibras.com\/site\/sao-paulo-bate-chape-e-vasco-detona-o-palmeiras-de-virada\/","title":{"rendered":"S\u00e3o Paulo bate Chape e Vasco detona o Palmeiras de virada"},"content":{"rendered":"<p>Na partida de estreia do t\u00e9cnico Roger Machado, o S\u00e3o Paulo derrotou a Chapecoense pelo placar de 2 a 0, na noite desta quinta-feira (12) no est\u00e1dio do Canind\u00e9, e assumiu a lideran\u00e7a da S\u00e9rie A do Campeonato Brasileiro.<\/p>\n<p>Ap\u00f3s este triunfo, a equipe do Morumbi chegou aos 13 pontos assumindo a ponta isolada da classifica\u00e7\u00e3o. J\u00e1 a Chape permaneceu com cinco pontos, caindo para a 12\u00aa coloca\u00e7\u00e3o.<\/p>\n<p>Ap\u00f3s um primeiro tempo sem gols, o triunfo do S\u00e3o Paulo come\u00e7ou a ser constru\u00eddo logo no primeiro minuto da etapa final, com Luciano de cabe\u00e7a ap\u00f3s cruzamento de Marcos Ant\u00f4nio. Aos 14 o centroavante argentino Calleri deu n\u00fameros finais ao marcador.<\/p>\n<p><strong>Vasco<\/strong><br \/>\nUm resultado que beneficiou muito o S\u00e3o Paulo foi a vit\u00f3ria de 2 a 1 do Vasco sobre o Palmeiras no est\u00e1dio de S\u00e3o Janu\u00e1rio. Este resultado deixou o Verd\u00e3o com 10 pontos na vice-lideran\u00e7a e levou o Cruzmaltino \u00e0 15\u00aa coloca\u00e7\u00e3o com quatro pontos.<\/p>\n<p>O argentino Flaco L\u00f3pez abriu o placar para o Palmeiras, enquanto Thiago Mendes e Cuiabano garantiram a virada do Vasco, que contou com a estreia do t\u00e9cnico Renato Ga\u00facho.<\/p>\n<p><strong>Outros resultados:<\/strong><br \/>\nRemo 0 x 2 Fluminense<br \/>\nGr\u00eamio 1 x 1 Bragantino<\/p>\n","protected":false},"excerpt":{"rendered":"<p>Na partida de estreia do t\u00e9cnico Roger Machado, o S\u00e3o Paulo derrotou a Chapecoense pelo placar de 2 a 0, na noite desta quinta-feira (12) no est\u00e1dio do Canind\u00e9, e assumiu a lideran\u00e7a da S\u00e9rie A do Campeonato Brasileiro. Ap\u00f3s este triunfo, a equipe do Morumbi chegou aos 13 pontos assumindo a ponta isolada da [&hellip;]<\/p>\n","protected":false},"author":2,"featured_media":386776,"comment_status":"closed","ping_status":"closed","sticky":false,"template":"","format":"standard","meta":{"_acf_changed":false,"footnotes":""},"categories":[155],"tags":[],"class_list":["post-386775","post","type-post","status-publish","format-standard","has-post-thumbnail","hentry","category-leitura-vip"],"acf":[],"yoast_head":"<!-- This site is optimized with the Yoast SEO plugin v27.2 - https:\/\/yoast.com\/product\/yoast-seo-wordpress\/ -->\n<title>S\u00e3o Paulo bate Chape e Vasco detona o Palmeiras de virada - Notibras<\/title>\n<meta name=\"robots\" content=\"index, follow, max-snippet:-1, max-image-preview:large, max-video-preview:-1\" \/>\n<link rel=\"canonical\" href=\"https:\/\/www.notibras.com\/site\/sao-paulo-bate-chape-e-vasco-detona-o-palmeiras-de-virada\/\" \/>\n<meta property=\"og:locale\" content=\"pt_BR\" \/>\n<meta property=\"og:type\" content=\"article\" \/>\n<meta property=\"og:title\" content=\"S\u00e3o Paulo bate Chape e Vasco detona o Palmeiras de virada - Notibras\" \/>\n<meta property=\"og:description\" content=\"Na partida de estreia do t\u00e9cnico Roger Machado, o S\u00e3o Paulo derrotou a Chapecoense pelo placar de 2 a 0, na noite desta quinta-feira (12) no est\u00e1dio do Canind\u00e9, e assumiu a lideran\u00e7a da S\u00e9rie A do Campeonato Brasileiro. Ap\u00f3s este triunfo, a equipe do Morumbi chegou aos 13 pontos assumindo a ponta isolada da [&hellip;]\" \/>\n<meta property=\"og:url\" content=\"https:\/\/www.notibras.com\/site\/sao-paulo-bate-chape-e-vasco-detona-o-palmeiras-de-virada\/\" \/>\n<meta property=\"og:site_name\" content=\"Notibras\" \/>\n<meta property=\"article:publisher\" content=\"https:\/\/www.facebook.com\/notibras\/\" \/>\n<meta property=\"article:published_time\" content=\"2026-03-13T03:01:11+00:00\" \/>\n<meta property=\"article:modified_time\" content=\"2026-03-13T10:21:31+00:00\" \/>\n<meta property=\"og:image\" content=\"https:\/\/www.notibras.com\/site\/wp-content\/uploads\/2026\/03\/55144904830_be84e65fce_o.webp\" \/>\n\t<meta property=\"og:image:width\" content=\"1170\" \/>\n\t<meta property=\"og:image:height\" content=\"700\" \/>\n\t<meta property=\"og:image:type\" content=\"image\/webp\" \/>\n<meta name=\"author\" content=\"Reda\u00e7\u00e3o\" \/>\n<meta name=\"twitter:card\" content=\"summary_large_image\" \/>\n<meta name=\"twitter:creator\" content=\"@Notibras\" \/>\n<meta name=\"twitter:site\" content=\"@Notibras\" \/>\n<meta name=\"twitter:label1\" content=\"Escrito por\" \/>\n\t<meta name=\"twitter:data1\" content=\"Reda\u00e7\u00e3o\" \/>\n\t<meta name=\"twitter:label2\" content=\"Est. tempo de leitura\" \/>\n\t<meta name=\"twitter:data2\" content=\"2 minutos\" \/>\n<script type=\"application\/ld+json\" class=\"yoast-schema-graph\">{\"@context\":\"https:\/\/schema.org\",\"@graph\":[{\"@type\":\"Article\",\"@id\":\"https:\/\/www.notibras.com\/site\/sao-paulo-bate-chape-e-vasco-detona-o-palmeiras-de-virada\/#article\",\"isPartOf\":{\"@id\":\"https:\/\/www.notibras.com\/site\/sao-paulo-bate-chape-e-vasco-detona-o-palmeiras-de-virada\/\"},\"author\":{\"name\":\"Reda\u00e7\u00e3o\",\"@id\":\"https:\/\/www.notibras.com\/site\/#\/schema\/person\/36ab0979449956132d3e5b517ea76ac8\"},\"headline\":\"S\u00e3o Paulo bate Chape e Vasco detona o Palmeiras de virada\",\"datePublished\":\"2026-03-13T03:01:11+00:00\",\"dateModified\":\"2026-03-13T10:21:31+00:00\",\"mainEntityOfPage\":{\"@id\":\"https:\/\/www.notibras.com\/site\/sao-paulo-bate-chape-e-vasco-detona-o-palmeiras-de-virada\/\"},\"wordCount\":222,\"publisher\":{\"@id\":\"https:\/\/www.notibras.com\/site\/#organization\"},\"image\":{\"@id\":\"https:\/\/www.notibras.com\/site\/sao-paulo-bate-chape-e-vasco-detona-o-palmeiras-de-virada\/#primaryimage\"},\"thumbnailUrl\":\"https:\/\/www.notibras.com\/site\/wp-content\/uploads\/2026\/03\/55144904830_be84e65fce_o.webp\",\"articleSection\":[\"Leitura Vip\"],\"inLanguage\":\"pt-BR\"},{\"@type\":\"WebPage\",\"@id\":\"https:\/\/www.notibras.com\/site\/sao-paulo-bate-chape-e-vasco-detona-o-palmeiras-de-virada\/\",\"url\":\"https:\/\/www.notibras.com\/site\/sao-paulo-bate-chape-e-vasco-detona-o-palmeiras-de-virada\/\",\"name\":\"S\u00e3o Paulo bate Chape e Vasco detona o Palmeiras de virada - Notibras\",\"isPartOf\":{\"@id\":\"https:\/\/www.notibras.com\/site\/#website\"},\"primaryImageOfPage\":{\"@id\":\"https:\/\/www.notibras.com\/site\/sao-paulo-bate-chape-e-vasco-detona-o-palmeiras-de-virada\/#primaryimage\"},\"image\":{\"@id\":\"https:\/\/www.notibras.com\/site\/sao-paulo-bate-chape-e-vasco-detona-o-palmeiras-de-virada\/#primaryimage\"},\"thumbnailUrl\":\"https:\/\/www.notibras.com\/site\/wp-content\/uploads\/2026\/03\/55144904830_be84e65fce_o.webp\",\"datePublished\":\"2026-03-13T03:01:11+00:00\",\"dateModified\":\"2026-03-13T10:21:31+00:00\",\"breadcrumb\":{\"@id\":\"https:\/\/www.notibras.com\/site\/sao-paulo-bate-chape-e-vasco-detona-o-palmeiras-de-virada\/#breadcrumb\"},\"inLanguage\":\"pt-BR\",\"potentialAction\":[{\"@type\":\"ReadAction\",\"target\":[\"https:\/\/www.notibras.com\/site\/sao-paulo-bate-chape-e-vasco-detona-o-palmeiras-de-virada\/\"]}]},{\"@type\":\"ImageObject\",\"inLanguage\":\"pt-BR\",\"@id\":\"https:\/\/www.notibras.com\/site\/sao-paulo-bate-chape-e-vasco-detona-o-palmeiras-de-virada\/#primaryimage\",\"url\":\"https:\/\/www.notibras.com\/site\/wp-content\/uploads\/2026\/03\/55144904830_be84e65fce_o.webp\",\"contentUrl\":\"https:\/\/www.notibras.com\/site\/wp-content\/uploads\/2026\/03\/55144904830_be84e65fce_o.webp\",\"width\":1170,\"height\":700},{\"@type\":\"BreadcrumbList\",\"@id\":\"https:\/\/www.notibras.com\/site\/sao-paulo-bate-chape-e-vasco-detona-o-palmeiras-de-virada\/#breadcrumb\",\"itemListElement\":[{\"@type\":\"ListItem\",\"position\":1,\"name\":\"In\u00edcio\",\"item\":\"https:\/\/www.notibras.com\/site\/\"},{\"@type\":\"ListItem\",\"position\":2,\"name\":\"S\u00e3o Paulo bate Chape e Vasco detona o Palmeiras de virada\"}]},{\"@type\":\"WebSite\",\"@id\":\"https:\/\/www.notibras.com\/site\/#website\",\"url\":\"https:\/\/www.notibras.com\/site\/\",\"name\":\"Notibras\",\"description\":\"Not\u00edcias de Bras\u00edlia, do Brasil e do Mundo\",\"publisher\":{\"@id\":\"https:\/\/www.notibras.com\/site\/#organization\"},\"potentialAction\":[{\"@type\":\"SearchAction\",\"target\":{\"@type\":\"EntryPoint\",\"urlTemplate\":\"https:\/\/www.notibras.com\/site\/?s={search_term_string}\"},\"query-input\":{\"@type\":\"PropertyValueSpecification\",\"valueRequired\":true,\"valueName\":\"search_term_string\"}}],\"inLanguage\":\"pt-BR\"},{\"@type\":\"Organization\",\"@id\":\"https:\/\/www.notibras.com\/site\/#organization\",\"name\":\"Grupo Notibras de Comunica\u00e7\u00e3o\",\"url\":\"https:\/\/www.notibras.com\/site\/\",\"logo\":{\"@type\":\"ImageObject\",\"inLanguage\":\"pt-BR\",\"@id\":\"https:\/\/www.notibras.com\/site\/#\/schema\/logo\/image\/\",\"url\":\"https:\/\/www.notibras.com\/site\/wp-content\/uploads\/2023\/01\/notibras23.png\",\"contentUrl\":\"https:\/\/www.notibras.com\/site\/wp-content\/uploads\/2023\/01\/notibras23.png\",\"width\":350,\"height\":87,\"caption\":\"Grupo Notibras de Comunica\u00e7\u00e3o\"},\"image\":{\"@id\":\"https:\/\/www.notibras.com\/site\/#\/schema\/logo\/image\/\"},\"sameAs\":[\"https:\/\/www.facebook.com\/notibras\/\",\"https:\/\/x.com\/Notibras\",\"https:\/\/www.instagram.com\/notibras\/\"]},{\"@type\":\"Person\",\"@id\":\"https:\/\/www.notibras.com\/site\/#\/schema\/person\/36ab0979449956132d3e5b517ea76ac8\",\"name\":\"Reda\u00e7\u00e3o\",\"image\":{\"@type\":\"ImageObject\",\"inLanguage\":\"pt-BR\",\"@id\":\"https:\/\/secure.gravatar.com\/avatar\/e0a867bdedb85fd243eadf09663511f96fc81e0720a4a42581f334ad4303aa6b?s=96&d=mm&r=g\",\"url\":\"https:\/\/secure.gravatar.com\/avatar\/e0a867bdedb85fd243eadf09663511f96fc81e0720a4a42581f334ad4303aa6b?s=96&d=mm&r=g\",\"contentUrl\":\"https:\/\/secure.gravatar.com\/avatar\/e0a867bdedb85fd243eadf09663511f96fc81e0720a4a42581f334ad4303aa6b?s=96&d=mm&r=g\",\"caption\":\"Reda\u00e7\u00e3o\"}}]}<\/script>\n<!-- \/ Yoast SEO plugin. -->","yoast_head_json":{"title":"S\u00e3o Paulo bate Chape e Vasco detona o Palmeiras de virada - Notibras","robots":{"index":"index","follow":"follow","max-snippet":"max-snippet:-1","max-image-preview":"max-image-preview:large","max-video-preview":"max-video-preview:-1"},"canonical":"https:\/\/www.notibras.com\/site\/sao-paulo-bate-chape-e-vasco-detona-o-palmeiras-de-virada\/","og_locale":"pt_BR","og_type":"article","og_title":"S\u00e3o Paulo bate Chape e Vasco detona o Palmeiras de virada - Notibras","og_description":"Na partida de estreia do t\u00e9cnico Roger Machado, o S\u00e3o Paulo derrotou a Chapecoense pelo placar de 2 a 0, na noite desta quinta-feira (12) no est\u00e1dio do Canind\u00e9, e assumiu a lideran\u00e7a da S\u00e9rie A do Campeonato Brasileiro. Ap\u00f3s este triunfo, a equipe do Morumbi chegou aos 13 pontos assumindo a ponta isolada da [&hellip;]","og_url":"https:\/\/www.notibras.com\/site\/sao-paulo-bate-chape-e-vasco-detona-o-palmeiras-de-virada\/","og_site_name":"Notibras","article_publisher":"https:\/\/www.facebook.com\/notibras\/","article_published_time":"2026-03-13T03:01:11+00:00","article_modified_time":"2026-03-13T10:21:31+00:00","og_image":[{"width":1170,"height":700,"url":"https:\/\/www.notibras.com\/site\/wp-content\/uploads\/2026\/03\/55144904830_be84e65fce_o.webp","type":"image\/webp"}],"author":"Reda\u00e7\u00e3o","twitter_card":"summary_large_image","twitter_creator":"@Notibras","twitter_site":"@Notibras","twitter_misc":{"Escrito por":"Reda\u00e7\u00e3o","Est. tempo de leitura":"2 minutos"},"schema":{"@context":"https:\/\/schema.org","@graph":[{"@type":"Article","@id":"https:\/\/www.notibras.com\/site\/sao-paulo-bate-chape-e-vasco-detona-o-palmeiras-de-virada\/#article","isPartOf":{"@id":"https:\/\/www.notibras.com\/site\/sao-paulo-bate-chape-e-vasco-detona-o-palmeiras-de-virada\/"},"author":{"name":"Reda\u00e7\u00e3o","@id":"https:\/\/www.notibras.com\/site\/#\/schema\/person\/36ab0979449956132d3e5b517ea76ac8"},"headline":"S\u00e3o Paulo bate Chape e Vasco detona o Palmeiras de virada","datePublished":"2026-03-13T03:01:11+00:00","dateModified":"2026-03-13T10:21:31+00:00","mainEntityOfPage":{"@id":"https:\/\/www.notibras.com\/site\/sao-paulo-bate-chape-e-vasco-detona-o-palmeiras-de-virada\/"},"wordCount":222,"publisher":{"@id":"https:\/\/www.notibras.com\/site\/#organization"},"image":{"@id":"https:\/\/www.notibras.com\/site\/sao-paulo-bate-chape-e-vasco-detona-o-palmeiras-de-virada\/#primaryimage"},"thumbnailUrl":"https:\/\/www.notibras.com\/site\/wp-content\/uploads\/2026\/03\/55144904830_be84e65fce_o.webp","articleSection":["Leitura Vip"],"inLanguage":"pt-BR"},{"@type":"WebPage","@id":"https:\/\/www.notibras.com\/site\/sao-paulo-bate-chape-e-vasco-detona-o-palmeiras-de-virada\/","url":"https:\/\/www.notibras.com\/site\/sao-paulo-bate-chape-e-vasco-detona-o-palmeiras-de-virada\/","name":"S\u00e3o Paulo bate Chape e Vasco detona o Palmeiras de virada - Notibras","isPartOf":{"@id":"https:\/\/www.notibras.com\/site\/#website"},"primaryImageOfPage":{"@id":"https:\/\/www.notibras.com\/site\/sao-paulo-bate-chape-e-vasco-detona-o-palmeiras-de-virada\/#primaryimage"},"image":{"@id":"https:\/\/www.notibras.com\/site\/sao-paulo-bate-chape-e-vasco-detona-o-palmeiras-de-virada\/#primaryimage"},"thumbnailUrl":"https:\/\/www.notibras.com\/site\/wp-content\/uploads\/2026\/03\/55144904830_be84e65fce_o.webp","datePublished":"2026-03-13T03:01:11+00:00","dateModified":"2026-03-13T10:21:31+00:00","breadcrumb":{"@id":"https:\/\/www.notibras.com\/site\/sao-paulo-bate-chape-e-vasco-detona-o-palmeiras-de-virada\/#breadcrumb"},"inLanguage":"pt-BR","potentialAction":[{"@type":"ReadAction","target":["https:\/\/www.notibras.com\/site\/sao-paulo-bate-chape-e-vasco-detona-o-palmeiras-de-virada\/"]}]},{"@type":"ImageObject","inLanguage":"pt-BR","@id":"https:\/\/www.notibras.com\/site\/sao-paulo-bate-chape-e-vasco-detona-o-palmeiras-de-virada\/#primaryimage","url":"https:\/\/www.notibras.com\/site\/wp-content\/uploads\/2026\/03\/55144904830_be84e65fce_o.webp","contentUrl":"https:\/\/www.notibras.com\/site\/wp-content\/uploads\/2026\/03\/55144904830_be84e65fce_o.webp","width":1170,"height":700},{"@type":"BreadcrumbList","@id":"https:\/\/www.notibras.com\/site\/sao-paulo-bate-chape-e-vasco-detona-o-palmeiras-de-virada\/#breadcrumb","itemListElement":[{"@type":"ListItem","position":1,"name":"In\u00edcio","item":"https:\/\/www.notibras.com\/site\/"},{"@type":"ListItem","position":2,"name":"S\u00e3o Paulo bate Chape e Vasco detona o Palmeiras de virada"}]},{"@type":"WebSite","@id":"https:\/\/www.notibras.com\/site\/#website","url":"https:\/\/www.notibras.com\/site\/","name":"Notibras","description":"Not\u00edcias de Bras\u00edlia, do Brasil e do Mundo","publisher":{"@id":"https:\/\/www.notibras.com\/site\/#organization"},"potentialAction":[{"@type":"SearchAction","target":{"@type":"EntryPoint","urlTemplate":"https:\/\/www.notibras.com\/site\/?s={search_term_string}"},"query-input":{"@type":"PropertyValueSpecification","valueRequired":true,"valueName":"search_term_string"}}],"inLanguage":"pt-BR"},{"@type":"Organization","@id":"https:\/\/www.notibras.com\/site\/#organization","name":"Grupo Notibras de Comunica\u00e7\u00e3o","url":"https:\/\/www.notibras.com\/site\/","logo":{"@type":"ImageObject","inLanguage":"pt-BR","@id":"https:\/\/www.notibras.com\/site\/#\/schema\/logo\/image\/","url":"https:\/\/www.notibras.com\/site\/wp-content\/uploads\/2023\/01\/notibras23.png","contentUrl":"https:\/\/www.notibras.com\/site\/wp-content\/uploads\/2023\/01\/notibras23.png","width":350,"height":87,"caption":"Grupo Notibras de Comunica\u00e7\u00e3o"},"image":{"@id":"https:\/\/www.notibras.com\/site\/#\/schema\/logo\/image\/"},"sameAs":["https:\/\/www.facebook.com\/notibras\/","https:\/\/x.com\/Notibras","https:\/\/www.instagram.com\/notibras\/"]},{"@type":"Person","@id":"https:\/\/www.notibras.com\/site\/#\/schema\/person\/36ab0979449956132d3e5b517ea76ac8","name":"Reda\u00e7\u00e3o","image":{"@type":"ImageObject","inLanguage":"pt-BR","@id":"https:\/\/secure.gravatar.com\/avatar\/e0a867bdedb85fd243eadf09663511f96fc81e0720a4a42581f334ad4303aa6b?s=96&d=mm&r=g","url":"https:\/\/secure.gravatar.com\/avatar\/e0a867bdedb85fd243eadf09663511f96fc81e0720a4a42581f334ad4303aa6b?s=96&d=mm&r=g","contentUrl":"https:\/\/secure.gravatar.com\/avatar\/e0a867bdedb85fd243eadf09663511f96fc81e0720a4a42581f334ad4303aa6b?s=96&d=mm&r=g","caption":"Reda\u00e7\u00e3o"}}]}},"amp_enabled":true,"_links":{"self":[{"href":"https:\/\/www.notibras.com\/site\/wp-json\/wp\/v2\/posts\/386775","targetHints":{"allow":["GET"]}}],"collection":[{"href":"https:\/\/www.notibras.com\/site\/wp-json\/wp\/v2\/posts"}],"about":[{"href":"https:\/\/www.notibras.com\/site\/wp-json\/wp\/v2\/types\/post"}],"author":[{"embeddable":true,"href":"https:\/\/www.notibras.com\/site\/wp-json\/wp\/v2\/users\/2"}],"replies":[{"embeddable":true,"href":"https:\/\/www.notibras.com\/site\/wp-json\/wp\/v2\/comments?post=386775"}],"version-history":[{"count":1,"href":"https:\/\/www.notibras.com\/site\/wp-json\/wp\/v2\/posts\/386775\/revisions"}],"predecessor-version":[{"id":386777,"href":"https:\/\/www.notibras.com\/site\/wp-json\/wp\/v2\/posts\/386775\/revisions\/386777"}],"wp:featuredmedia":[{"embeddable":true,"href":"https:\/\/www.notibras.com\/site\/wp-json\/wp\/v2\/media\/386776"}],"wp:attachment":[{"href":"https:\/\/www.notibras.com\/site\/wp-json\/wp\/v2\/media?parent=386775"}],"wp:term":[{"taxonomy":"category","embeddable":true,"href":"https:\/\/www.notibras.com\/site\/wp-json\/wp\/v2\/categories?post=386775"},{"taxonomy":"post_tag","embeddable":true,"href":"https:\/\/www.notibras.com\/site\/wp-json\/wp\/v2\/tags?post=386775"}],"curies":[{"name":"wp","href":"https:\/\/api.w.org\/{rel}","templated":true}]}}