{"id":386781,"date":"2026-03-13T00:41:50","date_gmt":"2026-03-13T03:41:50","guid":{"rendered":"https:\/\/www.notibras.com\/site\/?p=386781"},"modified":"2026-03-13T07:43:23","modified_gmt":"2026-03-13T10:43:23","slug":"brasil-se-prepara-para-noite-do-oscar-em-clima-de-final-de-copa","status":"publish","type":"post","link":"https:\/\/www.notibras.com\/site\/brasil-se-prepara-para-noite-do-oscar-em-clima-de-final-de-copa\/","title":{"rendered":"Brasil se prepara para noite do Oscar em clima de final de Copa"},"content":{"rendered":"<p>Faltando poucos dias para a cerim\u00f4nia do Oscar, o Brasil vive novamente um fen\u00f4meno curioso e raro no audiovisual: um clima de torcida coletiva. Como em final de Copa do Mundo, bares, cinemas e cineclubes em v\u00e1rias cidades do pa\u00eds est\u00e3o organizando transmiss\u00f5es da premia\u00e7\u00e3o, bol\u00f5es, quizzes e sess\u00f5es especiais para acompanhar a 98\u00aa edi\u00e7\u00e3o da maior noite do cinema mundial neste domingo (15).<\/p>\n<p>Se Hollywood trata o Oscar como uma sofisticada engrenagem de campanhas e estrat\u00e9gias de est\u00fadio, no Brasil ele ganhou novos contornos. H\u00e1 memes nas redes sociais, correntes de torcida e uma mobiliza\u00e7\u00e3o espont\u00e2nea de cin\u00e9filos que lembra muito o que aconteceu no ano passado com \u201cAinda Estou Aqui\u201d, que recebeu o Oscar na categoria de melhor filme internacional.<\/p>\n<p>Agora, o centro dessa expectativa \u00e9 \u201cO Agente Secreto\u201d, de Kleber Mendon\u00e7a Filho, que chega a 2026 com indica\u00e7\u00f5es de Melhor Filme, Melhor Filme Internacional e Melhor Ator para Wagner Moura.<\/p>\n<p>Os n\u00fameros ajudam a explicar o entusiasmo. Mesmo competindo com superprodu\u00e7\u00f5es de Hollywood, o filme brasileiro, segundo dados da FILME B, portal sobre o mercado de cinema no Brasil, lidera a bilheteria entre os indicados ao Oscar, com 2.464.071 ingressos vendidos e mais de R$ 50 milh\u00f5es arrecadados. Entre os dez concorrentes ao pr\u00eamio principal da Academia Academia de Artes e Ci\u00eancias Cinematogr\u00e1ficas dos Estados Unidos, organizadora da premia\u00e7\u00e3o, \u00e9 tamb\u00e9m o longa de menor or\u00e7amento, um detalhe que torna sua trajet\u00f3ria ainda mais simb\u00f3lica.<\/p>\n<p>Em v\u00e1rias cidades brasileiras, a premia\u00e7\u00e3o ser\u00e1 acompanhada coletivamente, um fen\u00f4meno que vem crescendo nos \u00faltimos anos. No Rio de Janeiro, o produtor e exibidor Cavi Borges, do Grupo Esta\u00e7\u00e3o e da Cavideo, prepara novamente uma grande festa cin\u00e9fila para a transmiss\u00e3o.<\/p>\n<p>O evento come\u00e7ou h\u00e1 mais de duas d\u00e9cadas de forma quase improvisada: \u201cEu fa\u00e7o essa transmiss\u00e3o ao vivo do Oscar h\u00e1 25 anos. Come\u00e7ou l\u00e1 na Cobal do Mytown, quando a Cavideo estava nascendo. Era uma reuni\u00e3o pequena, cin\u00e9fila mesmo.\u201d<\/p>\n<p>Nos \u00faltimos anos, por\u00e9m, o evento ganhou propor\u00e7\u00f5es inesperadas. \u201cNo ano passado, foi o \u00e1pice: quase duas mil pessoas. Cinco salas lotadas e um tel\u00e3o no sagu\u00e3o. Quando o Brasil ganhou o Oscar, o cinema tremeu. Foi hist\u00f3rico.\u201d<\/p>\n<p>Para 2026, a expectativa \u00e9 ainda maior. O evento ter\u00e1 bol\u00e3o de apostas, quiz cin\u00e9filo, concurso de s\u00f3sias de Wagner Moura e transmiss\u00e3o simult\u00e2nea em salas do Esta\u00e7\u00e3o Net Rio e do Esta\u00e7\u00e3o Net Botafogo.<\/p>\n<p>Mais do que festa, Borges v\u00ea nisso um efeito direto do momento que o cinema brasileiro atravessa.<\/p>\n<p>\u201cMuita gente que n\u00e3o frequentava cinema de arte come\u00e7ou a aparecer. Pessoas que iam ao shopping ver blockbuster foram \u00e0 Esta\u00e7\u00e3o para ver Ainda Estou Aqui ou O Agente Secreto. E quando chegam l\u00e1 descobrem um monte de outros filmes.\u201d<\/p>\n<p>Segundo ele, esse movimento ajuda a revelar algo curioso: \u201cO Brasil produz cerca de 300 filmes por ano, mas o grande p\u00fablico conhece quatro ou cinco. Quando as pessoas entram na sala de cinema por causa de um filme brasileiro que virou fen\u00f4meno, elas descobrem que existe muito mais.\u201d<\/p>\n<p>Dirigido por Kleber Mendon\u00e7a Filho e estrelado por Wagner Moura, O Agente Secreto tornou-se um caso raro: um filme autoral que conseguiu dialogar com o p\u00fablico sem abrir m\u00e3o de sua identidade est\u00e9tica.<\/p>\n<p>O longa j\u00e1 ultrapassou 2,4 milh\u00f5es de espectadores, tornando-se o filme mais visto no Brasil entre todos os indicados ao Oscar deste ano.<\/p>\n<p>Nas redes sociais, Kleber tem demonstrado uma mistura de celebra\u00e7\u00e3o e responsabilidade diante da mobiliza\u00e7\u00e3o nacional.<\/p>\n<p>O diretor agradeceu recentemente a \u201cenergia incr\u00edvel\u201d do p\u00fablico brasileiro e destacou algo que considera essencial para o sucesso do filme: as pol\u00edticas p\u00fablicas de incentivo ao audiovisual. Para ele, o reconhecimento internacional tamb\u00e9m tem um significado cultural mais amplo.<\/p>\n<p>O cineasta afirma que a presen\u00e7a do filme no Oscar representa uma forma de \u201csoft power brasileiro\u201d \u2014 a capacidade de o pa\u00eds projetar sua cultura e sua identidade no palco global. Ao mesmo tempo, Kleber reconhece a press\u00e3o e j\u00e1 comentou sentir \u201cmedo de decepcionar\u201d diante da enorme expectativa criada no Brasil.<\/p>\n<p>Entre todas as categorias, especialistas apontam uma em que o Brasil aparece particularmente forte. A nova categoria de Melhor Dire\u00e7\u00e3o de Elenco, criada pela Academia em 2024 e inaugurada nesta edi\u00e7\u00e3o do Oscar, pode marcar um momento hist\u00f3rico para o pa\u00eds.<\/p>\n<p>O brasileiro Gabriel Domingues foi indicado pelo trabalho em O Agente Secreto, respons\u00e1vel pela sele\u00e7\u00e3o de mais de 60 atores, combinando nomes consagrados e novos<\/p>\n<p>Mesmo com o entusiasmo brasileiro, a disputa continua aberta. Ve\u00edculos especializados americanos apontam \u201cPecadores\u201d, de Ryan Coogler, como poss\u00edvel grande vencedor da noite.<\/p>\n<p>Publica\u00e7\u00f5es ligadas ao cinema independente foram mais generosas com o longa brasileiro. O site IndieWire, por exemplo, colocou O Agente Secreto no topo do ranking entre os indicados a Melhor Filme.<\/p>\n<p>Entre os favoritos est\u00e3o Timoth\u00e9e Chalamet, vencedor do Globo de Ouro, e Michael B. Jordan. Mas h\u00e1 tamb\u00e9m hist\u00f3rias que Hollywood adora: trajet\u00f3rias longas esperando reconhecimento.<\/p>\n<p>\u00c9 imposs\u00edvel n\u00e3o lembrar, por exemplo, de Ethan Hawke \u2014 um dos atores mais respeitados de sua gera\u00e7\u00e3o que, surpreendentemente, nunca levou uma estatueta.<\/p>\n<p>Enquanto isso, o Brasil torce por Wagner Moura, que chega \u00e0 corrida com enorme capital simb\u00f3lico ap\u00f3s sua vit\u00f3ria no Globo de Ouro.<\/p>\n<p>Se os progn\u00f3sticos internacionais s\u00e3o cautelosos, no Brasil o sentimento \u00e9 outro. H\u00e1 algo que n\u00fameros e estat\u00edsticas n\u00e3o capturam: a mobiliza\u00e7\u00e3o afetiva em torno de um filme. Nunca tantos portais, canais de cinema, podcasts e perfis nas redes sociais acompanharam t\u00e3o intensamente a temporada de premia\u00e7\u00f5es.<\/p>\n<p>Talvez porque o cinema brasileiro esteja vivendo um momento raro: o de voltar a se ver no centro da conversa mundial.<\/p>\n","protected":false},"excerpt":{"rendered":"<p>Faltando poucos dias para a cerim\u00f4nia do Oscar, o Brasil vive novamente um fen\u00f4meno curioso e raro no audiovisual: um clima de torcida coletiva. Como em final de Copa do Mundo, bares, cinemas e cineclubes em v\u00e1rias cidades do pa\u00eds est\u00e3o organizando transmiss\u00f5es da premia\u00e7\u00e3o, bol\u00f5es, quizzes e sess\u00f5es especiais para acompanhar a 98\u00aa edi\u00e7\u00e3o [&hellip;]<\/p>\n","protected":false},"author":2,"featured_media":386782,"comment_status":"closed","ping_status":"closed","sticky":false,"template":"","format":"standard","meta":{"_acf_changed":false,"footnotes":""},"categories":[155],"tags":[],"class_list":["post-386781","post","type-post","status-publish","format-standard","has-post-thumbnail","hentry","category-leitura-vip"],"acf":[],"yoast_head":"<!-- This site is optimized with the Yoast SEO plugin v27.2 - https:\/\/yoast.com\/product\/yoast-seo-wordpress\/ -->\n<title>Brasil se prepara para noite do Oscar em clima de final de Copa - Notibras<\/title>\n<meta name=\"robots\" content=\"index, follow, max-snippet:-1, max-image-preview:large, max-video-preview:-1\" \/>\n<link rel=\"canonical\" href=\"https:\/\/www.notibras.com\/site\/brasil-se-prepara-para-noite-do-oscar-em-clima-de-final-de-copa\/\" \/>\n<meta property=\"og:locale\" content=\"pt_BR\" \/>\n<meta property=\"og:type\" content=\"article\" \/>\n<meta property=\"og:title\" content=\"Brasil se prepara para noite do Oscar em clima de final de Copa - Notibras\" \/>\n<meta property=\"og:description\" content=\"Faltando poucos dias para a cerim\u00f4nia do Oscar, o Brasil vive novamente um fen\u00f4meno curioso e raro no audiovisual: um clima de torcida coletiva. Como em final de Copa do Mundo, bares, cinemas e cineclubes em v\u00e1rias cidades do pa\u00eds est\u00e3o organizando transmiss\u00f5es da premia\u00e7\u00e3o, bol\u00f5es, quizzes e sess\u00f5es especiais para acompanhar a 98\u00aa edi\u00e7\u00e3o [&hellip;]\" \/>\n<meta property=\"og:url\" content=\"https:\/\/www.notibras.com\/site\/brasil-se-prepara-para-noite-do-oscar-em-clima-de-final-de-copa\/\" \/>\n<meta property=\"og:site_name\" content=\"Notibras\" \/>\n<meta property=\"article:publisher\" content=\"https:\/\/www.facebook.com\/notibras\/\" \/>\n<meta property=\"article:published_time\" content=\"2026-03-13T03:41:50+00:00\" \/>\n<meta property=\"article:modified_time\" content=\"2026-03-13T10:43:23+00:00\" \/>\n<meta property=\"og:image\" content=\"https:\/\/www.notibras.com\/site\/wp-content\/uploads\/2026\/03\/kmf-wmclaura-castor-scaled-e1736941204489-1.webp\" \/>\n\t<meta property=\"og:image:width\" content=\"1170\" \/>\n\t<meta property=\"og:image:height\" content=\"700\" \/>\n\t<meta property=\"og:image:type\" content=\"image\/webp\" \/>\n<meta name=\"author\" content=\"Reda\u00e7\u00e3o\" \/>\n<meta name=\"twitter:card\" content=\"summary_large_image\" \/>\n<meta name=\"twitter:creator\" content=\"@Notibras\" \/>\n<meta name=\"twitter:site\" content=\"@Notibras\" \/>\n<meta name=\"twitter:label1\" content=\"Escrito por\" \/>\n\t<meta name=\"twitter:data1\" content=\"Reda\u00e7\u00e3o\" \/>\n\t<meta name=\"twitter:label2\" content=\"Est. tempo de leitura\" \/>\n\t<meta name=\"twitter:data2\" content=\"6 minutos\" \/>\n<script type=\"application\/ld+json\" class=\"yoast-schema-graph\">{\"@context\":\"https:\/\/schema.org\",\"@graph\":[{\"@type\":\"Article\",\"@id\":\"https:\/\/www.notibras.com\/site\/brasil-se-prepara-para-noite-do-oscar-em-clima-de-final-de-copa\/#article\",\"isPartOf\":{\"@id\":\"https:\/\/www.notibras.com\/site\/brasil-se-prepara-para-noite-do-oscar-em-clima-de-final-de-copa\/\"},\"author\":{\"name\":\"Reda\u00e7\u00e3o\",\"@id\":\"https:\/\/www.notibras.com\/site\/#\/schema\/person\/36ab0979449956132d3e5b517ea76ac8\"},\"headline\":\"Brasil se prepara para noite do Oscar em clima de final de Copa\",\"datePublished\":\"2026-03-13T03:41:50+00:00\",\"dateModified\":\"2026-03-13T10:43:23+00:00\",\"mainEntityOfPage\":{\"@id\":\"https:\/\/www.notibras.com\/site\/brasil-se-prepara-para-noite-do-oscar-em-clima-de-final-de-copa\/\"},\"wordCount\":1019,\"publisher\":{\"@id\":\"https:\/\/www.notibras.com\/site\/#organization\"},\"image\":{\"@id\":\"https:\/\/www.notibras.com\/site\/brasil-se-prepara-para-noite-do-oscar-em-clima-de-final-de-copa\/#primaryimage\"},\"thumbnailUrl\":\"https:\/\/www.notibras.com\/site\/wp-content\/uploads\/2026\/03\/kmf-wmclaura-castor-scaled-e1736941204489-1.webp\",\"articleSection\":[\"Leitura Vip\"],\"inLanguage\":\"pt-BR\"},{\"@type\":\"WebPage\",\"@id\":\"https:\/\/www.notibras.com\/site\/brasil-se-prepara-para-noite-do-oscar-em-clima-de-final-de-copa\/\",\"url\":\"https:\/\/www.notibras.com\/site\/brasil-se-prepara-para-noite-do-oscar-em-clima-de-final-de-copa\/\",\"name\":\"Brasil se prepara para noite do Oscar em clima de final de Copa - Notibras\",\"isPartOf\":{\"@id\":\"https:\/\/www.notibras.com\/site\/#website\"},\"primaryImageOfPage\":{\"@id\":\"https:\/\/www.notibras.com\/site\/brasil-se-prepara-para-noite-do-oscar-em-clima-de-final-de-copa\/#primaryimage\"},\"image\":{\"@id\":\"https:\/\/www.notibras.com\/site\/brasil-se-prepara-para-noite-do-oscar-em-clima-de-final-de-copa\/#primaryimage\"},\"thumbnailUrl\":\"https:\/\/www.notibras.com\/site\/wp-content\/uploads\/2026\/03\/kmf-wmclaura-castor-scaled-e1736941204489-1.webp\",\"datePublished\":\"2026-03-13T03:41:50+00:00\",\"dateModified\":\"2026-03-13T10:43:23+00:00\",\"breadcrumb\":{\"@id\":\"https:\/\/www.notibras.com\/site\/brasil-se-prepara-para-noite-do-oscar-em-clima-de-final-de-copa\/#breadcrumb\"},\"inLanguage\":\"pt-BR\",\"potentialAction\":[{\"@type\":\"ReadAction\",\"target\":[\"https:\/\/www.notibras.com\/site\/brasil-se-prepara-para-noite-do-oscar-em-clima-de-final-de-copa\/\"]}]},{\"@type\":\"ImageObject\",\"inLanguage\":\"pt-BR\",\"@id\":\"https:\/\/www.notibras.com\/site\/brasil-se-prepara-para-noite-do-oscar-em-clima-de-final-de-copa\/#primaryimage\",\"url\":\"https:\/\/www.notibras.com\/site\/wp-content\/uploads\/2026\/03\/kmf-wmclaura-castor-scaled-e1736941204489-1.webp\",\"contentUrl\":\"https:\/\/www.notibras.com\/site\/wp-content\/uploads\/2026\/03\/kmf-wmclaura-castor-scaled-e1736941204489-1.webp\",\"width\":1170,\"height\":700},{\"@type\":\"BreadcrumbList\",\"@id\":\"https:\/\/www.notibras.com\/site\/brasil-se-prepara-para-noite-do-oscar-em-clima-de-final-de-copa\/#breadcrumb\",\"itemListElement\":[{\"@type\":\"ListItem\",\"position\":1,\"name\":\"In\u00edcio\",\"item\":\"https:\/\/www.notibras.com\/site\/\"},{\"@type\":\"ListItem\",\"position\":2,\"name\":\"Brasil se prepara para noite do Oscar em clima de final de Copa\"}]},{\"@type\":\"WebSite\",\"@id\":\"https:\/\/www.notibras.com\/site\/#website\",\"url\":\"https:\/\/www.notibras.com\/site\/\",\"name\":\"Notibras\",\"description\":\"Not\u00edcias de Bras\u00edlia, do Brasil e do Mundo\",\"publisher\":{\"@id\":\"https:\/\/www.notibras.com\/site\/#organization\"},\"potentialAction\":[{\"@type\":\"SearchAction\",\"target\":{\"@type\":\"EntryPoint\",\"urlTemplate\":\"https:\/\/www.notibras.com\/site\/?s={search_term_string}\"},\"query-input\":{\"@type\":\"PropertyValueSpecification\",\"valueRequired\":true,\"valueName\":\"search_term_string\"}}],\"inLanguage\":\"pt-BR\"},{\"@type\":\"Organization\",\"@id\":\"https:\/\/www.notibras.com\/site\/#organization\",\"name\":\"Grupo Notibras de Comunica\u00e7\u00e3o\",\"url\":\"https:\/\/www.notibras.com\/site\/\",\"logo\":{\"@type\":\"ImageObject\",\"inLanguage\":\"pt-BR\",\"@id\":\"https:\/\/www.notibras.com\/site\/#\/schema\/logo\/image\/\",\"url\":\"https:\/\/www.notibras.com\/site\/wp-content\/uploads\/2023\/01\/notibras23.png\",\"contentUrl\":\"https:\/\/www.notibras.com\/site\/wp-content\/uploads\/2023\/01\/notibras23.png\",\"width\":350,\"height\":87,\"caption\":\"Grupo Notibras de Comunica\u00e7\u00e3o\"},\"image\":{\"@id\":\"https:\/\/www.notibras.com\/site\/#\/schema\/logo\/image\/\"},\"sameAs\":[\"https:\/\/www.facebook.com\/notibras\/\",\"https:\/\/x.com\/Notibras\",\"https:\/\/www.instagram.com\/notibras\/\"]},{\"@type\":\"Person\",\"@id\":\"https:\/\/www.notibras.com\/site\/#\/schema\/person\/36ab0979449956132d3e5b517ea76ac8\",\"name\":\"Reda\u00e7\u00e3o\",\"image\":{\"@type\":\"ImageObject\",\"inLanguage\":\"pt-BR\",\"@id\":\"https:\/\/secure.gravatar.com\/avatar\/e0a867bdedb85fd243eadf09663511f96fc81e0720a4a42581f334ad4303aa6b?s=96&d=mm&r=g\",\"url\":\"https:\/\/secure.gravatar.com\/avatar\/e0a867bdedb85fd243eadf09663511f96fc81e0720a4a42581f334ad4303aa6b?s=96&d=mm&r=g\",\"contentUrl\":\"https:\/\/secure.gravatar.com\/avatar\/e0a867bdedb85fd243eadf09663511f96fc81e0720a4a42581f334ad4303aa6b?s=96&d=mm&r=g\",\"caption\":\"Reda\u00e7\u00e3o\"}}]}<\/script>\n<!-- \/ Yoast SEO plugin. -->","yoast_head_json":{"title":"Brasil se prepara para noite do Oscar em clima de final de Copa - Notibras","robots":{"index":"index","follow":"follow","max-snippet":"max-snippet:-1","max-image-preview":"max-image-preview:large","max-video-preview":"max-video-preview:-1"},"canonical":"https:\/\/www.notibras.com\/site\/brasil-se-prepara-para-noite-do-oscar-em-clima-de-final-de-copa\/","og_locale":"pt_BR","og_type":"article","og_title":"Brasil se prepara para noite do Oscar em clima de final de Copa - Notibras","og_description":"Faltando poucos dias para a cerim\u00f4nia do Oscar, o Brasil vive novamente um fen\u00f4meno curioso e raro no audiovisual: um clima de torcida coletiva. Como em final de Copa do Mundo, bares, cinemas e cineclubes em v\u00e1rias cidades do pa\u00eds est\u00e3o organizando transmiss\u00f5es da premia\u00e7\u00e3o, bol\u00f5es, quizzes e sess\u00f5es especiais para acompanhar a 98\u00aa edi\u00e7\u00e3o [&hellip;]","og_url":"https:\/\/www.notibras.com\/site\/brasil-se-prepara-para-noite-do-oscar-em-clima-de-final-de-copa\/","og_site_name":"Notibras","article_publisher":"https:\/\/www.facebook.com\/notibras\/","article_published_time":"2026-03-13T03:41:50+00:00","article_modified_time":"2026-03-13T10:43:23+00:00","og_image":[{"width":1170,"height":700,"url":"https:\/\/www.notibras.com\/site\/wp-content\/uploads\/2026\/03\/kmf-wmclaura-castor-scaled-e1736941204489-1.webp","type":"image\/webp"}],"author":"Reda\u00e7\u00e3o","twitter_card":"summary_large_image","twitter_creator":"@Notibras","twitter_site":"@Notibras","twitter_misc":{"Escrito por":"Reda\u00e7\u00e3o","Est. tempo de leitura":"6 minutos"},"schema":{"@context":"https:\/\/schema.org","@graph":[{"@type":"Article","@id":"https:\/\/www.notibras.com\/site\/brasil-se-prepara-para-noite-do-oscar-em-clima-de-final-de-copa\/#article","isPartOf":{"@id":"https:\/\/www.notibras.com\/site\/brasil-se-prepara-para-noite-do-oscar-em-clima-de-final-de-copa\/"},"author":{"name":"Reda\u00e7\u00e3o","@id":"https:\/\/www.notibras.com\/site\/#\/schema\/person\/36ab0979449956132d3e5b517ea76ac8"},"headline":"Brasil se prepara para noite do Oscar em clima de final de Copa","datePublished":"2026-03-13T03:41:50+00:00","dateModified":"2026-03-13T10:43:23+00:00","mainEntityOfPage":{"@id":"https:\/\/www.notibras.com\/site\/brasil-se-prepara-para-noite-do-oscar-em-clima-de-final-de-copa\/"},"wordCount":1019,"publisher":{"@id":"https:\/\/www.notibras.com\/site\/#organization"},"image":{"@id":"https:\/\/www.notibras.com\/site\/brasil-se-prepara-para-noite-do-oscar-em-clima-de-final-de-copa\/#primaryimage"},"thumbnailUrl":"https:\/\/www.notibras.com\/site\/wp-content\/uploads\/2026\/03\/kmf-wmclaura-castor-scaled-e1736941204489-1.webp","articleSection":["Leitura Vip"],"inLanguage":"pt-BR"},{"@type":"WebPage","@id":"https:\/\/www.notibras.com\/site\/brasil-se-prepara-para-noite-do-oscar-em-clima-de-final-de-copa\/","url":"https:\/\/www.notibras.com\/site\/brasil-se-prepara-para-noite-do-oscar-em-clima-de-final-de-copa\/","name":"Brasil se prepara para noite do Oscar em clima de final de Copa - Notibras","isPartOf":{"@id":"https:\/\/www.notibras.com\/site\/#website"},"primaryImageOfPage":{"@id":"https:\/\/www.notibras.com\/site\/brasil-se-prepara-para-noite-do-oscar-em-clima-de-final-de-copa\/#primaryimage"},"image":{"@id":"https:\/\/www.notibras.com\/site\/brasil-se-prepara-para-noite-do-oscar-em-clima-de-final-de-copa\/#primaryimage"},"thumbnailUrl":"https:\/\/www.notibras.com\/site\/wp-content\/uploads\/2026\/03\/kmf-wmclaura-castor-scaled-e1736941204489-1.webp","datePublished":"2026-03-13T03:41:50+00:00","dateModified":"2026-03-13T10:43:23+00:00","breadcrumb":{"@id":"https:\/\/www.notibras.com\/site\/brasil-se-prepara-para-noite-do-oscar-em-clima-de-final-de-copa\/#breadcrumb"},"inLanguage":"pt-BR","potentialAction":[{"@type":"ReadAction","target":["https:\/\/www.notibras.com\/site\/brasil-se-prepara-para-noite-do-oscar-em-clima-de-final-de-copa\/"]}]},{"@type":"ImageObject","inLanguage":"pt-BR","@id":"https:\/\/www.notibras.com\/site\/brasil-se-prepara-para-noite-do-oscar-em-clima-de-final-de-copa\/#primaryimage","url":"https:\/\/www.notibras.com\/site\/wp-content\/uploads\/2026\/03\/kmf-wmclaura-castor-scaled-e1736941204489-1.webp","contentUrl":"https:\/\/www.notibras.com\/site\/wp-content\/uploads\/2026\/03\/kmf-wmclaura-castor-scaled-e1736941204489-1.webp","width":1170,"height":700},{"@type":"BreadcrumbList","@id":"https:\/\/www.notibras.com\/site\/brasil-se-prepara-para-noite-do-oscar-em-clima-de-final-de-copa\/#breadcrumb","itemListElement":[{"@type":"ListItem","position":1,"name":"In\u00edcio","item":"https:\/\/www.notibras.com\/site\/"},{"@type":"ListItem","position":2,"name":"Brasil se prepara para noite do Oscar em clima de final de Copa"}]},{"@type":"WebSite","@id":"https:\/\/www.notibras.com\/site\/#website","url":"https:\/\/www.notibras.com\/site\/","name":"Notibras","description":"Not\u00edcias de Bras\u00edlia, do Brasil e do Mundo","publisher":{"@id":"https:\/\/www.notibras.com\/site\/#organization"},"potentialAction":[{"@type":"SearchAction","target":{"@type":"EntryPoint","urlTemplate":"https:\/\/www.notibras.com\/site\/?s={search_term_string}"},"query-input":{"@type":"PropertyValueSpecification","valueRequired":true,"valueName":"search_term_string"}}],"inLanguage":"pt-BR"},{"@type":"Organization","@id":"https:\/\/www.notibras.com\/site\/#organization","name":"Grupo Notibras de Comunica\u00e7\u00e3o","url":"https:\/\/www.notibras.com\/site\/","logo":{"@type":"ImageObject","inLanguage":"pt-BR","@id":"https:\/\/www.notibras.com\/site\/#\/schema\/logo\/image\/","url":"https:\/\/www.notibras.com\/site\/wp-content\/uploads\/2023\/01\/notibras23.png","contentUrl":"https:\/\/www.notibras.com\/site\/wp-content\/uploads\/2023\/01\/notibras23.png","width":350,"height":87,"caption":"Grupo Notibras de Comunica\u00e7\u00e3o"},"image":{"@id":"https:\/\/www.notibras.com\/site\/#\/schema\/logo\/image\/"},"sameAs":["https:\/\/www.facebook.com\/notibras\/","https:\/\/x.com\/Notibras","https:\/\/www.instagram.com\/notibras\/"]},{"@type":"Person","@id":"https:\/\/www.notibras.com\/site\/#\/schema\/person\/36ab0979449956132d3e5b517ea76ac8","name":"Reda\u00e7\u00e3o","image":{"@type":"ImageObject","inLanguage":"pt-BR","@id":"https:\/\/secure.gravatar.com\/avatar\/e0a867bdedb85fd243eadf09663511f96fc81e0720a4a42581f334ad4303aa6b?s=96&d=mm&r=g","url":"https:\/\/secure.gravatar.com\/avatar\/e0a867bdedb85fd243eadf09663511f96fc81e0720a4a42581f334ad4303aa6b?s=96&d=mm&r=g","contentUrl":"https:\/\/secure.gravatar.com\/avatar\/e0a867bdedb85fd243eadf09663511f96fc81e0720a4a42581f334ad4303aa6b?s=96&d=mm&r=g","caption":"Reda\u00e7\u00e3o"}}]}},"amp_enabled":true,"_links":{"self":[{"href":"https:\/\/www.notibras.com\/site\/wp-json\/wp\/v2\/posts\/386781","targetHints":{"allow":["GET"]}}],"collection":[{"href":"https:\/\/www.notibras.com\/site\/wp-json\/wp\/v2\/posts"}],"about":[{"href":"https:\/\/www.notibras.com\/site\/wp-json\/wp\/v2\/types\/post"}],"author":[{"embeddable":true,"href":"https:\/\/www.notibras.com\/site\/wp-json\/wp\/v2\/users\/2"}],"replies":[{"embeddable":true,"href":"https:\/\/www.notibras.com\/site\/wp-json\/wp\/v2\/comments?post=386781"}],"version-history":[{"count":1,"href":"https:\/\/www.notibras.com\/site\/wp-json\/wp\/v2\/posts\/386781\/revisions"}],"predecessor-version":[{"id":386783,"href":"https:\/\/www.notibras.com\/site\/wp-json\/wp\/v2\/posts\/386781\/revisions\/386783"}],"wp:featuredmedia":[{"embeddable":true,"href":"https:\/\/www.notibras.com\/site\/wp-json\/wp\/v2\/media\/386782"}],"wp:attachment":[{"href":"https:\/\/www.notibras.com\/site\/wp-json\/wp\/v2\/media?parent=386781"}],"wp:term":[{"taxonomy":"category","embeddable":true,"href":"https:\/\/www.notibras.com\/site\/wp-json\/wp\/v2\/categories?post=386781"},{"taxonomy":"post_tag","embeddable":true,"href":"https:\/\/www.notibras.com\/site\/wp-json\/wp\/v2\/tags?post=386781"}],"curies":[{"name":"wp","href":"https:\/\/api.w.org\/{rel}","templated":true}]}}