{"id":386787,"date":"2026-03-13T07:55:57","date_gmt":"2026-03-13T10:55:57","guid":{"rendered":"https:\/\/www.notibras.com\/site\/?p=386787"},"modified":"2026-03-13T07:55:57","modified_gmt":"2026-03-13T10:55:57","slug":"mito-memoria-ancestral-ou-civilizacao-perdida","status":"publish","type":"post","link":"https:\/\/www.notibras.com\/site\/mito-memoria-ancestral-ou-civilizacao-perdida\/","title":{"rendered":"Mito, mem\u00f3ria ancestral ou civiliza\u00e7\u00e3o perdida?"},"content":{"rendered":"<p>Poucos relatos atravessaram os s\u00e9culos com tanta for\u00e7a quanto o da lend\u00e1ria Atl\u00e2ntida, a cidade descrita h\u00e1 mais de dois mil anos por Plat\u00e3o como uma pot\u00eancia mar\u00edtima extraordin\u00e1ria, rica, organizada e tecnologicamente avan\u00e7ada para seu tempo, que teria desaparecido de forma abrupta sob as \u00e1guas ap\u00f3s um grande cataclismo.<\/p>\n<p>O fil\u00f3sofo grego menciona Atl\u00e2ntida nos di\u00e1logos Timeu e Cr\u00edtias, escritos por volta de 360 a.C. Segundo ele, tratava-se de uma grande ilha situada al\u00e9m das Colunas de H\u00e9rcules \u2014 hoje associadas ao Estreito de Gibraltar \u2014 que teria sido destru\u00edda em um \u00fanico dia e uma \u00fanica noite por terremotos e inunda\u00e7\u00f5es.<\/p>\n<p>Desde ent\u00e3o, Atl\u00e2ntida tornou-se um dos maiores enigmas da civiliza\u00e7\u00e3o ocidental: teria sido apenas uma met\u00e1fora filos\u00f3fica criada por Plat\u00e3o para advertir sobre a decad\u00eancia moral dos povos poderosos, ou existiu de fato uma civiliza\u00e7\u00e3o cuja mem\u00f3ria sobreviveu deformada pelo tempo?<\/p>\n<p>Para muitos historiadores, Plat\u00e3o usou Atl\u00e2ntida como alegoria pol\u00edtica. A cidade seria o contraponto moral de Atenas: poderosa, rica, mas corrompida pelo orgulho, pela ambi\u00e7\u00e3o e pelo afastamento das virtudes. Nesse entendimento, Atl\u00e2ntida nunca teria existido fisicamente; seria uma narrativa constru\u00edda para ensinar que nenhuma pot\u00eancia resiste quando perde o equil\u00edbrio entre poder e \u00e9tica.<\/p>\n<p>A for\u00e7a simb\u00f3lica dessa leitura \u00e9 t\u00e3o grande que, ainda hoje, Atl\u00e2ntida \u00e9 citada sempre que civiliza\u00e7\u00f5es modernas enfrentam crises profundas, guerras ou colapsos ambientais.<\/p>\n<p>Outros pesquisadores sustentam que o relato pode ter sido inspirado em eventos reais. Um dos paralelos mais citados \u00e9 a destrui\u00e7\u00e3o da civiliza\u00e7\u00e3o minoica, na ilha de Santorini, ap\u00f3s uma gigantesca erup\u00e7\u00e3o vulc\u00e2nica ocorrida por volta de 1600 a.C.<\/p>\n<p>A explos\u00e3o devastou cidades, gerou tsunamis no Mediterr\u00e2neo e atingiu fortemente a civiliza\u00e7\u00e3o de Creta, ent\u00e3o uma das mais avan\u00e7adas do mundo antigo. Para alguns arque\u00f3logos, ecos desse desastre podem ter chegado oralmente at\u00e9 Plat\u00e3o s\u00e9culos depois.<\/p>\n<p>Tamb\u00e9m h\u00e1 teorias que associam Atl\u00e2ntida ao sul da Espanha, pr\u00f3ximo \u00e0 antiga regi\u00e3o de Do\u00f1ana, onde imagens de sat\u00e9lite e estudos geol\u00f3gicos revelaram estruturas circulares submersas e vest\u00edgios antigos ainda debatidos pela ci\u00eancia.<\/p>\n<p>Nos s\u00e9culos XIX e XX, Atl\u00e2ntida ganhou novo impulso com expedi\u00e7\u00f5es, hip\u00f3teses esot\u00e9ricas e teorias ligadas a civiliza\u00e7\u00f5es perdidas. Alguns chegaram a situ\u00e1-la no Oceano Atl\u00e2ntico, outros no Caribe ou at\u00e9 sob o gelo da Ant\u00e1rtida.<\/p>\n<p>A ci\u00eancia moderna, por\u00e9m, nunca encontrou prova conclusiva de uma metr\u00f3pole atlante como descrita por Plat\u00e3o.<\/p>\n<p>Talvez Atl\u00e2ntida sobreviva justamente porque ocupa um territ\u00f3rio raro: o espa\u00e7o onde a arqueologia encontra a imagina\u00e7\u00e3o humana. Mais do que procurar ru\u00ednas, a humanidade parece buscar ali uma pergunta antiga: quantas civiliza\u00e7\u00f5es brilhantes j\u00e1 desapareceram sem deixar mais do que fragmentos, lendas e sil\u00eancio?<\/p>\n<p>No fundo, Atl\u00e2ntida permanece viva porque simboliza algo profundamente humano: a consci\u00eancia de que at\u00e9 as maiores grandezas podem afundar.<\/p>\n<p>Talvez por isso, a cidade perdida continue emergindo em cada gera\u00e7\u00e3o \u2014 n\u00e3o das \u00e1guas, mas da necessidade humana de explicar mist\u00e9rios que o tempo ainda n\u00e3o dissolveu.<\/p>\n<p>&#8230;&#8230;&#8230;..<\/p>\n<p><strong>Anabelle Santa&#8217;cruz \u00e9 Editora de Or\u00e1culos<\/strong><\/p>\n<p>&nbsp;<\/p>\n","protected":false},"excerpt":{"rendered":"<p>Poucos relatos atravessaram os s\u00e9culos com tanta for\u00e7a quanto o da lend\u00e1ria Atl\u00e2ntida, a cidade descrita h\u00e1 mais de dois mil anos por Plat\u00e3o como uma pot\u00eancia mar\u00edtima extraordin\u00e1ria, rica, organizada e tecnologicamente avan\u00e7ada para seu tempo, que teria desaparecido de forma abrupta sob as \u00e1guas ap\u00f3s um grande cataclismo. O fil\u00f3sofo grego menciona Atl\u00e2ntida [&hellip;]<\/p>\n","protected":false},"author":2,"featured_media":386788,"comment_status":"closed","ping_status":"closed","sticky":false,"template":"","format":"standard","meta":{"_acf_changed":false,"footnotes":""},"categories":[237],"tags":[],"class_list":["post-386787","post","type-post","status-publish","format-standard","has-post-thumbnail","hentry","category-oraculos"],"acf":[],"yoast_head":"<!-- This site is optimized with the Yoast SEO plugin v27.2 - https:\/\/yoast.com\/product\/yoast-seo-wordpress\/ -->\n<title>Mito, mem\u00f3ria ancestral ou civiliza\u00e7\u00e3o perdida? - Notibras<\/title>\n<meta name=\"robots\" content=\"index, follow, max-snippet:-1, max-image-preview:large, max-video-preview:-1\" \/>\n<link rel=\"canonical\" href=\"https:\/\/www.notibras.com\/site\/mito-memoria-ancestral-ou-civilizacao-perdida\/\" \/>\n<meta property=\"og:locale\" content=\"pt_BR\" \/>\n<meta property=\"og:type\" content=\"article\" \/>\n<meta property=\"og:title\" content=\"Mito, mem\u00f3ria ancestral ou civiliza\u00e7\u00e3o perdida? - Notibras\" \/>\n<meta property=\"og:description\" content=\"Poucos relatos atravessaram os s\u00e9culos com tanta for\u00e7a quanto o da lend\u00e1ria Atl\u00e2ntida, a cidade descrita h\u00e1 mais de dois mil anos por Plat\u00e3o como uma pot\u00eancia mar\u00edtima extraordin\u00e1ria, rica, organizada e tecnologicamente avan\u00e7ada para seu tempo, que teria desaparecido de forma abrupta sob as \u00e1guas ap\u00f3s um grande cataclismo. O fil\u00f3sofo grego menciona Atl\u00e2ntida [&hellip;]\" \/>\n<meta property=\"og:url\" content=\"https:\/\/www.notibras.com\/site\/mito-memoria-ancestral-ou-civilizacao-perdida\/\" \/>\n<meta property=\"og:site_name\" content=\"Notibras\" \/>\n<meta property=\"article:publisher\" content=\"https:\/\/www.facebook.com\/notibras\/\" \/>\n<meta property=\"article:published_time\" content=\"2026-03-13T10:55:57+00:00\" \/>\n<meta property=\"og:image\" content=\"https:\/\/www.notibras.com\/site\/wp-content\/uploads\/2026\/03\/536dc5db-afcf-4ea1-a0f0-59dcef9c2c75-1024x683.png\" \/>\n\t<meta property=\"og:image:width\" content=\"1024\" \/>\n\t<meta property=\"og:image:height\" content=\"683\" \/>\n\t<meta property=\"og:image:type\" content=\"image\/png\" \/>\n<meta name=\"author\" content=\"Reda\u00e7\u00e3o\" \/>\n<meta name=\"twitter:card\" content=\"summary_large_image\" \/>\n<meta name=\"twitter:creator\" content=\"@Notibras\" \/>\n<meta name=\"twitter:site\" content=\"@Notibras\" \/>\n<meta name=\"twitter:label1\" content=\"Escrito por\" \/>\n\t<meta name=\"twitter:data1\" content=\"Reda\u00e7\u00e3o\" \/>\n\t<meta name=\"twitter:label2\" content=\"Est. tempo de leitura\" \/>\n\t<meta name=\"twitter:data2\" content=\"3 minutos\" \/>\n<script type=\"application\/ld+json\" class=\"yoast-schema-graph\">{\"@context\":\"https:\/\/schema.org\",\"@graph\":[{\"@type\":\"Article\",\"@id\":\"https:\/\/www.notibras.com\/site\/mito-memoria-ancestral-ou-civilizacao-perdida\/#article\",\"isPartOf\":{\"@id\":\"https:\/\/www.notibras.com\/site\/mito-memoria-ancestral-ou-civilizacao-perdida\/\"},\"author\":{\"name\":\"Reda\u00e7\u00e3o\",\"@id\":\"https:\/\/www.notibras.com\/site\/#\/schema\/person\/36ab0979449956132d3e5b517ea76ac8\"},\"headline\":\"Mito, mem\u00f3ria ancestral ou civiliza\u00e7\u00e3o perdida?\",\"datePublished\":\"2026-03-13T10:55:57+00:00\",\"mainEntityOfPage\":{\"@id\":\"https:\/\/www.notibras.com\/site\/mito-memoria-ancestral-ou-civilizacao-perdida\/\"},\"wordCount\":575,\"publisher\":{\"@id\":\"https:\/\/www.notibras.com\/site\/#organization\"},\"image\":{\"@id\":\"https:\/\/www.notibras.com\/site\/mito-memoria-ancestral-ou-civilizacao-perdida\/#primaryimage\"},\"thumbnailUrl\":\"https:\/\/www.notibras.com\/site\/wp-content\/uploads\/2026\/03\/536dc5db-afcf-4ea1-a0f0-59dcef9c2c75.png\",\"articleSection\":[\"Or\u00e1culos\"],\"inLanguage\":\"pt-BR\"},{\"@type\":\"WebPage\",\"@id\":\"https:\/\/www.notibras.com\/site\/mito-memoria-ancestral-ou-civilizacao-perdida\/\",\"url\":\"https:\/\/www.notibras.com\/site\/mito-memoria-ancestral-ou-civilizacao-perdida\/\",\"name\":\"Mito, mem\u00f3ria ancestral ou civiliza\u00e7\u00e3o perdida? - Notibras\",\"isPartOf\":{\"@id\":\"https:\/\/www.notibras.com\/site\/#website\"},\"primaryImageOfPage\":{\"@id\":\"https:\/\/www.notibras.com\/site\/mito-memoria-ancestral-ou-civilizacao-perdida\/#primaryimage\"},\"image\":{\"@id\":\"https:\/\/www.notibras.com\/site\/mito-memoria-ancestral-ou-civilizacao-perdida\/#primaryimage\"},\"thumbnailUrl\":\"https:\/\/www.notibras.com\/site\/wp-content\/uploads\/2026\/03\/536dc5db-afcf-4ea1-a0f0-59dcef9c2c75.png\",\"datePublished\":\"2026-03-13T10:55:57+00:00\",\"breadcrumb\":{\"@id\":\"https:\/\/www.notibras.com\/site\/mito-memoria-ancestral-ou-civilizacao-perdida\/#breadcrumb\"},\"inLanguage\":\"pt-BR\",\"potentialAction\":[{\"@type\":\"ReadAction\",\"target\":[\"https:\/\/www.notibras.com\/site\/mito-memoria-ancestral-ou-civilizacao-perdida\/\"]}]},{\"@type\":\"ImageObject\",\"inLanguage\":\"pt-BR\",\"@id\":\"https:\/\/www.notibras.com\/site\/mito-memoria-ancestral-ou-civilizacao-perdida\/#primaryimage\",\"url\":\"https:\/\/www.notibras.com\/site\/wp-content\/uploads\/2026\/03\/536dc5db-afcf-4ea1-a0f0-59dcef9c2c75.png\",\"contentUrl\":\"https:\/\/www.notibras.com\/site\/wp-content\/uploads\/2026\/03\/536dc5db-afcf-4ea1-a0f0-59dcef9c2c75.png\",\"width\":1536,\"height\":1024},{\"@type\":\"BreadcrumbList\",\"@id\":\"https:\/\/www.notibras.com\/site\/mito-memoria-ancestral-ou-civilizacao-perdida\/#breadcrumb\",\"itemListElement\":[{\"@type\":\"ListItem\",\"position\":1,\"name\":\"In\u00edcio\",\"item\":\"https:\/\/www.notibras.com\/site\/\"},{\"@type\":\"ListItem\",\"position\":2,\"name\":\"Mito, mem\u00f3ria ancestral ou civiliza\u00e7\u00e3o perdida?\"}]},{\"@type\":\"WebSite\",\"@id\":\"https:\/\/www.notibras.com\/site\/#website\",\"url\":\"https:\/\/www.notibras.com\/site\/\",\"name\":\"Notibras\",\"description\":\"Not\u00edcias de Bras\u00edlia, do Brasil e do Mundo\",\"publisher\":{\"@id\":\"https:\/\/www.notibras.com\/site\/#organization\"},\"potentialAction\":[{\"@type\":\"SearchAction\",\"target\":{\"@type\":\"EntryPoint\",\"urlTemplate\":\"https:\/\/www.notibras.com\/site\/?s={search_term_string}\"},\"query-input\":{\"@type\":\"PropertyValueSpecification\",\"valueRequired\":true,\"valueName\":\"search_term_string\"}}],\"inLanguage\":\"pt-BR\"},{\"@type\":\"Organization\",\"@id\":\"https:\/\/www.notibras.com\/site\/#organization\",\"name\":\"Grupo Notibras de Comunica\u00e7\u00e3o\",\"url\":\"https:\/\/www.notibras.com\/site\/\",\"logo\":{\"@type\":\"ImageObject\",\"inLanguage\":\"pt-BR\",\"@id\":\"https:\/\/www.notibras.com\/site\/#\/schema\/logo\/image\/\",\"url\":\"https:\/\/www.notibras.com\/site\/wp-content\/uploads\/2023\/01\/notibras23.png\",\"contentUrl\":\"https:\/\/www.notibras.com\/site\/wp-content\/uploads\/2023\/01\/notibras23.png\",\"width\":350,\"height\":87,\"caption\":\"Grupo Notibras de Comunica\u00e7\u00e3o\"},\"image\":{\"@id\":\"https:\/\/www.notibras.com\/site\/#\/schema\/logo\/image\/\"},\"sameAs\":[\"https:\/\/www.facebook.com\/notibras\/\",\"https:\/\/x.com\/Notibras\",\"https:\/\/www.instagram.com\/notibras\/\"]},{\"@type\":\"Person\",\"@id\":\"https:\/\/www.notibras.com\/site\/#\/schema\/person\/36ab0979449956132d3e5b517ea76ac8\",\"name\":\"Reda\u00e7\u00e3o\",\"image\":{\"@type\":\"ImageObject\",\"inLanguage\":\"pt-BR\",\"@id\":\"https:\/\/secure.gravatar.com\/avatar\/e0a867bdedb85fd243eadf09663511f96fc81e0720a4a42581f334ad4303aa6b?s=96&d=mm&r=g\",\"url\":\"https:\/\/secure.gravatar.com\/avatar\/e0a867bdedb85fd243eadf09663511f96fc81e0720a4a42581f334ad4303aa6b?s=96&d=mm&r=g\",\"contentUrl\":\"https:\/\/secure.gravatar.com\/avatar\/e0a867bdedb85fd243eadf09663511f96fc81e0720a4a42581f334ad4303aa6b?s=96&d=mm&r=g\",\"caption\":\"Reda\u00e7\u00e3o\"}}]}<\/script>\n<!-- \/ Yoast SEO plugin. -->","yoast_head_json":{"title":"Mito, mem\u00f3ria ancestral ou civiliza\u00e7\u00e3o perdida? - Notibras","robots":{"index":"index","follow":"follow","max-snippet":"max-snippet:-1","max-image-preview":"max-image-preview:large","max-video-preview":"max-video-preview:-1"},"canonical":"https:\/\/www.notibras.com\/site\/mito-memoria-ancestral-ou-civilizacao-perdida\/","og_locale":"pt_BR","og_type":"article","og_title":"Mito, mem\u00f3ria ancestral ou civiliza\u00e7\u00e3o perdida? - Notibras","og_description":"Poucos relatos atravessaram os s\u00e9culos com tanta for\u00e7a quanto o da lend\u00e1ria Atl\u00e2ntida, a cidade descrita h\u00e1 mais de dois mil anos por Plat\u00e3o como uma pot\u00eancia mar\u00edtima extraordin\u00e1ria, rica, organizada e tecnologicamente avan\u00e7ada para seu tempo, que teria desaparecido de forma abrupta sob as \u00e1guas ap\u00f3s um grande cataclismo. O fil\u00f3sofo grego menciona Atl\u00e2ntida [&hellip;]","og_url":"https:\/\/www.notibras.com\/site\/mito-memoria-ancestral-ou-civilizacao-perdida\/","og_site_name":"Notibras","article_publisher":"https:\/\/www.facebook.com\/notibras\/","article_published_time":"2026-03-13T10:55:57+00:00","og_image":[{"width":1024,"height":683,"url":"https:\/\/www.notibras.com\/site\/wp-content\/uploads\/2026\/03\/536dc5db-afcf-4ea1-a0f0-59dcef9c2c75-1024x683.png","type":"image\/png"}],"author":"Reda\u00e7\u00e3o","twitter_card":"summary_large_image","twitter_creator":"@Notibras","twitter_site":"@Notibras","twitter_misc":{"Escrito por":"Reda\u00e7\u00e3o","Est. tempo de leitura":"3 minutos"},"schema":{"@context":"https:\/\/schema.org","@graph":[{"@type":"Article","@id":"https:\/\/www.notibras.com\/site\/mito-memoria-ancestral-ou-civilizacao-perdida\/#article","isPartOf":{"@id":"https:\/\/www.notibras.com\/site\/mito-memoria-ancestral-ou-civilizacao-perdida\/"},"author":{"name":"Reda\u00e7\u00e3o","@id":"https:\/\/www.notibras.com\/site\/#\/schema\/person\/36ab0979449956132d3e5b517ea76ac8"},"headline":"Mito, mem\u00f3ria ancestral ou civiliza\u00e7\u00e3o perdida?","datePublished":"2026-03-13T10:55:57+00:00","mainEntityOfPage":{"@id":"https:\/\/www.notibras.com\/site\/mito-memoria-ancestral-ou-civilizacao-perdida\/"},"wordCount":575,"publisher":{"@id":"https:\/\/www.notibras.com\/site\/#organization"},"image":{"@id":"https:\/\/www.notibras.com\/site\/mito-memoria-ancestral-ou-civilizacao-perdida\/#primaryimage"},"thumbnailUrl":"https:\/\/www.notibras.com\/site\/wp-content\/uploads\/2026\/03\/536dc5db-afcf-4ea1-a0f0-59dcef9c2c75.png","articleSection":["Or\u00e1culos"],"inLanguage":"pt-BR"},{"@type":"WebPage","@id":"https:\/\/www.notibras.com\/site\/mito-memoria-ancestral-ou-civilizacao-perdida\/","url":"https:\/\/www.notibras.com\/site\/mito-memoria-ancestral-ou-civilizacao-perdida\/","name":"Mito, mem\u00f3ria ancestral ou civiliza\u00e7\u00e3o perdida? - Notibras","isPartOf":{"@id":"https:\/\/www.notibras.com\/site\/#website"},"primaryImageOfPage":{"@id":"https:\/\/www.notibras.com\/site\/mito-memoria-ancestral-ou-civilizacao-perdida\/#primaryimage"},"image":{"@id":"https:\/\/www.notibras.com\/site\/mito-memoria-ancestral-ou-civilizacao-perdida\/#primaryimage"},"thumbnailUrl":"https:\/\/www.notibras.com\/site\/wp-content\/uploads\/2026\/03\/536dc5db-afcf-4ea1-a0f0-59dcef9c2c75.png","datePublished":"2026-03-13T10:55:57+00:00","breadcrumb":{"@id":"https:\/\/www.notibras.com\/site\/mito-memoria-ancestral-ou-civilizacao-perdida\/#breadcrumb"},"inLanguage":"pt-BR","potentialAction":[{"@type":"ReadAction","target":["https:\/\/www.notibras.com\/site\/mito-memoria-ancestral-ou-civilizacao-perdida\/"]}]},{"@type":"ImageObject","inLanguage":"pt-BR","@id":"https:\/\/www.notibras.com\/site\/mito-memoria-ancestral-ou-civilizacao-perdida\/#primaryimage","url":"https:\/\/www.notibras.com\/site\/wp-content\/uploads\/2026\/03\/536dc5db-afcf-4ea1-a0f0-59dcef9c2c75.png","contentUrl":"https:\/\/www.notibras.com\/site\/wp-content\/uploads\/2026\/03\/536dc5db-afcf-4ea1-a0f0-59dcef9c2c75.png","width":1536,"height":1024},{"@type":"BreadcrumbList","@id":"https:\/\/www.notibras.com\/site\/mito-memoria-ancestral-ou-civilizacao-perdida\/#breadcrumb","itemListElement":[{"@type":"ListItem","position":1,"name":"In\u00edcio","item":"https:\/\/www.notibras.com\/site\/"},{"@type":"ListItem","position":2,"name":"Mito, mem\u00f3ria ancestral ou civiliza\u00e7\u00e3o perdida?"}]},{"@type":"WebSite","@id":"https:\/\/www.notibras.com\/site\/#website","url":"https:\/\/www.notibras.com\/site\/","name":"Notibras","description":"Not\u00edcias de Bras\u00edlia, do Brasil e do Mundo","publisher":{"@id":"https:\/\/www.notibras.com\/site\/#organization"},"potentialAction":[{"@type":"SearchAction","target":{"@type":"EntryPoint","urlTemplate":"https:\/\/www.notibras.com\/site\/?s={search_term_string}"},"query-input":{"@type":"PropertyValueSpecification","valueRequired":true,"valueName":"search_term_string"}}],"inLanguage":"pt-BR"},{"@type":"Organization","@id":"https:\/\/www.notibras.com\/site\/#organization","name":"Grupo Notibras de Comunica\u00e7\u00e3o","url":"https:\/\/www.notibras.com\/site\/","logo":{"@type":"ImageObject","inLanguage":"pt-BR","@id":"https:\/\/www.notibras.com\/site\/#\/schema\/logo\/image\/","url":"https:\/\/www.notibras.com\/site\/wp-content\/uploads\/2023\/01\/notibras23.png","contentUrl":"https:\/\/www.notibras.com\/site\/wp-content\/uploads\/2023\/01\/notibras23.png","width":350,"height":87,"caption":"Grupo Notibras de Comunica\u00e7\u00e3o"},"image":{"@id":"https:\/\/www.notibras.com\/site\/#\/schema\/logo\/image\/"},"sameAs":["https:\/\/www.facebook.com\/notibras\/","https:\/\/x.com\/Notibras","https:\/\/www.instagram.com\/notibras\/"]},{"@type":"Person","@id":"https:\/\/www.notibras.com\/site\/#\/schema\/person\/36ab0979449956132d3e5b517ea76ac8","name":"Reda\u00e7\u00e3o","image":{"@type":"ImageObject","inLanguage":"pt-BR","@id":"https:\/\/secure.gravatar.com\/avatar\/e0a867bdedb85fd243eadf09663511f96fc81e0720a4a42581f334ad4303aa6b?s=96&d=mm&r=g","url":"https:\/\/secure.gravatar.com\/avatar\/e0a867bdedb85fd243eadf09663511f96fc81e0720a4a42581f334ad4303aa6b?s=96&d=mm&r=g","contentUrl":"https:\/\/secure.gravatar.com\/avatar\/e0a867bdedb85fd243eadf09663511f96fc81e0720a4a42581f334ad4303aa6b?s=96&d=mm&r=g","caption":"Reda\u00e7\u00e3o"}}]}},"amp_enabled":true,"_links":{"self":[{"href":"https:\/\/www.notibras.com\/site\/wp-json\/wp\/v2\/posts\/386787","targetHints":{"allow":["GET"]}}],"collection":[{"href":"https:\/\/www.notibras.com\/site\/wp-json\/wp\/v2\/posts"}],"about":[{"href":"https:\/\/www.notibras.com\/site\/wp-json\/wp\/v2\/types\/post"}],"author":[{"embeddable":true,"href":"https:\/\/www.notibras.com\/site\/wp-json\/wp\/v2\/users\/2"}],"replies":[{"embeddable":true,"href":"https:\/\/www.notibras.com\/site\/wp-json\/wp\/v2\/comments?post=386787"}],"version-history":[{"count":1,"href":"https:\/\/www.notibras.com\/site\/wp-json\/wp\/v2\/posts\/386787\/revisions"}],"predecessor-version":[{"id":386789,"href":"https:\/\/www.notibras.com\/site\/wp-json\/wp\/v2\/posts\/386787\/revisions\/386789"}],"wp:featuredmedia":[{"embeddable":true,"href":"https:\/\/www.notibras.com\/site\/wp-json\/wp\/v2\/media\/386788"}],"wp:attachment":[{"href":"https:\/\/www.notibras.com\/site\/wp-json\/wp\/v2\/media?parent=386787"}],"wp:term":[{"taxonomy":"category","embeddable":true,"href":"https:\/\/www.notibras.com\/site\/wp-json\/wp\/v2\/categories?post=386787"},{"taxonomy":"post_tag","embeddable":true,"href":"https:\/\/www.notibras.com\/site\/wp-json\/wp\/v2\/tags?post=386787"}],"curies":[{"name":"wp","href":"https:\/\/api.w.org\/{rel}","templated":true}]}}