{"id":386790,"date":"2026-03-13T08:08:47","date_gmt":"2026-03-13T11:08:47","guid":{"rendered":"https:\/\/www.notibras.com\/site\/?p=386790"},"modified":"2026-03-13T08:08:47","modified_gmt":"2026-03-13T11:08:47","slug":"quando-o-capibaribe-encontra-o-beberibe-e-os-dois-inventam-o-oceano","status":"publish","type":"post","link":"https:\/\/www.notibras.com\/site\/quando-o-capibaribe-encontra-o-beberibe-e-os-dois-inventam-o-oceano\/","title":{"rendered":"Quando o Capibaribe encontra o Beberibe e os dois inventam o oceano"},"content":{"rendered":"<p>Em Pernambuco, h\u00e1 verdades que dispensam cart\u00f3rio, selo, assinatura ou chancela cient\u00edfica. S\u00e3o aceitas como se fossem leis naturais inscritas no pr\u00f3prio vento que sopra do litoral para dentro do sert\u00e3o. Uma delas, repetida com o orgulho de quem n\u00e3o pede licen\u00e7a \u00e0 geografia, afirma que o Capibaribe e o Beberibe n\u00e3o des\u00e1guam no Atl\u00e2ntico: eles se unem, soberanos, para formar o oceano.<\/p>\n<p>E quem ousaria contrariar um pernambucano quando ele fala de sua terra com o peito inflado de hist\u00f3ria? Ali, onde cada rua parece guardar uma revolu\u00e7\u00e3o e cada esquina conserva um verso, dizer que \u201cPernambuco \u00e9 meu pa\u00eds\u201d n\u00e3o soa exagero; soa certid\u00e3o de pertencimento. Como se o estado, de t\u00e3o inteiro em si mesmo, bastasse ao mapa e \u00e0 mem\u00f3ria.<\/p>\n<p>No cora\u00e7\u00e3o do Recife, o Capibaribe chega serpenteando pontes, refletindo sobrados, recolhendo sil\u00eancios antigos e passos apressados. O Beberibe vem com sua hist\u00f3ria de margens urbanas, trazendo consigo a lembran\u00e7a de um tempo em que a cidade ainda aprendia a crescer sem perder o sotaque. Encontram-se como velhos parentes que n\u00e3o precisam de cerim\u00f4nia: um abra\u00e7o de \u00e1guas que carrega s\u00e9culos.<\/p>\n<p>E \u00e9 justamente nesse encontro que nasce o exagero mais bonito do orgulho pernambucano: se dali em diante existe mar, ent\u00e3o o mar s\u00f3 pode ter come\u00e7ado ali, por obra e decis\u00e3o de Pernambuco. O Atl\u00e2ntico, nesse racioc\u00ednio afetivo, seria apenas consequ\u00eancia.<\/p>\n<p>H\u00e1 nisso uma ironia elegante: enquanto outros lugares aceitam o mundo como ele \u00e9, Pernambuco gosta de reinterpret\u00e1-lo. Talvez porque tenha aprendido cedo que a hist\u00f3ria tamb\u00e9m pode ser escrita por quem resiste, por quem canta, por quem dan\u00e7a frevo mesmo quando o ch\u00e3o parece estreito.<\/p>\n<p>No fundo, o ditado n\u00e3o quer corrigir a geografia. Quer apenas lembrar que existem terras onde a identidade \u00e9 t\u00e3o forte que at\u00e9 os rios parecem ter opini\u00e3o. E onde dois cursos d\u2019\u00e1gua, antes de chegar ao oceano, fazem quest\u00e3o de anunciar: daqui em diante, o mundo \u00e9 mar \u2014 porque Pernambuco deixou.<\/p>\n<p>E talvez seja por isso que, ao cair da tarde, olhando as \u00e1guas correndo sob as pontes do Recife, muita gente ainda sorria em sil\u00eancio, como quem sabe que certos exageros s\u00e3o apenas outra forma de dizer amor.<\/p>\n","protected":false},"excerpt":{"rendered":"<p>Em Pernambuco, h\u00e1 verdades que dispensam cart\u00f3rio, selo, assinatura ou chancela cient\u00edfica. S\u00e3o aceitas como se fossem leis naturais inscritas no pr\u00f3prio vento que sopra do litoral para dentro do sert\u00e3o. Uma delas, repetida com o orgulho de quem n\u00e3o pede licen\u00e7a \u00e0 geografia, afirma que o Capibaribe e o Beberibe n\u00e3o des\u00e1guam no Atl\u00e2ntico: [&hellip;]<\/p>\n","protected":false},"author":2,"featured_media":246991,"comment_status":"closed","ping_status":"closed","sticky":false,"template":"","format":"standard","meta":{"_acf_changed":false,"footnotes":""},"categories":[165],"tags":[],"class_list":["post-386790","post","type-post","status-publish","format-standard","has-post-thumbnail","hentry","category-nordeste"],"acf":[],"yoast_head":"<!-- This site is optimized with the Yoast SEO plugin v27.2 - https:\/\/yoast.com\/product\/yoast-seo-wordpress\/ -->\n<title>Quando o Capibaribe encontra o Beberibe e os dois inventam o oceano - Notibras<\/title>\n<meta name=\"robots\" content=\"index, follow, max-snippet:-1, max-image-preview:large, max-video-preview:-1\" \/>\n<link rel=\"canonical\" href=\"https:\/\/www.notibras.com\/site\/quando-o-capibaribe-encontra-o-beberibe-e-os-dois-inventam-o-oceano\/\" \/>\n<meta property=\"og:locale\" content=\"pt_BR\" \/>\n<meta property=\"og:type\" content=\"article\" \/>\n<meta property=\"og:title\" content=\"Quando o Capibaribe encontra o Beberibe e os dois inventam o oceano - Notibras\" \/>\n<meta property=\"og:description\" content=\"Em Pernambuco, h\u00e1 verdades que dispensam cart\u00f3rio, selo, assinatura ou chancela cient\u00edfica. S\u00e3o aceitas como se fossem leis naturais inscritas no pr\u00f3prio vento que sopra do litoral para dentro do sert\u00e3o. Uma delas, repetida com o orgulho de quem n\u00e3o pede licen\u00e7a \u00e0 geografia, afirma que o Capibaribe e o Beberibe n\u00e3o des\u00e1guam no Atl\u00e2ntico: [&hellip;]\" \/>\n<meta property=\"og:url\" content=\"https:\/\/www.notibras.com\/site\/quando-o-capibaribe-encontra-o-beberibe-e-os-dois-inventam-o-oceano\/\" \/>\n<meta property=\"og:site_name\" content=\"Notibras\" \/>\n<meta property=\"article:publisher\" content=\"https:\/\/www.facebook.com\/notibras\/\" \/>\n<meta property=\"article:published_time\" content=\"2026-03-13T11:08:47+00:00\" \/>\n<meta property=\"og:image\" content=\"https:\/\/www.notibras.com\/site\/wp-content\/uploads\/2020\/12\/veja-o-que-fazer-em-recife-a-veneza-brasileira.jpeg\" \/>\n\t<meta property=\"og:image:width\" content=\"1199\" \/>\n\t<meta property=\"og:image:height\" content=\"673\" \/>\n\t<meta property=\"og:image:type\" content=\"image\/jpeg\" \/>\n<meta name=\"author\" content=\"Reda\u00e7\u00e3o\" \/>\n<meta name=\"twitter:card\" content=\"summary_large_image\" \/>\n<meta name=\"twitter:creator\" content=\"@Notibras\" \/>\n<meta name=\"twitter:site\" content=\"@Notibras\" \/>\n<meta name=\"twitter:label1\" content=\"Escrito por\" \/>\n\t<meta name=\"twitter:data1\" content=\"Reda\u00e7\u00e3o\" \/>\n\t<meta name=\"twitter:label2\" content=\"Est. tempo de leitura\" \/>\n\t<meta name=\"twitter:data2\" content=\"3 minutos\" \/>\n<script type=\"application\/ld+json\" class=\"yoast-schema-graph\">{\"@context\":\"https:\/\/schema.org\",\"@graph\":[{\"@type\":\"Article\",\"@id\":\"https:\/\/www.notibras.com\/site\/quando-o-capibaribe-encontra-o-beberibe-e-os-dois-inventam-o-oceano\/#article\",\"isPartOf\":{\"@id\":\"https:\/\/www.notibras.com\/site\/quando-o-capibaribe-encontra-o-beberibe-e-os-dois-inventam-o-oceano\/\"},\"author\":{\"name\":\"Reda\u00e7\u00e3o\",\"@id\":\"https:\/\/www.notibras.com\/site\/#\/schema\/person\/36ab0979449956132d3e5b517ea76ac8\"},\"headline\":\"Quando o Capibaribe encontra o Beberibe e os dois inventam o oceano\",\"datePublished\":\"2026-03-13T11:08:47+00:00\",\"mainEntityOfPage\":{\"@id\":\"https:\/\/www.notibras.com\/site\/quando-o-capibaribe-encontra-o-beberibe-e-os-dois-inventam-o-oceano\/\"},\"wordCount\":411,\"publisher\":{\"@id\":\"https:\/\/www.notibras.com\/site\/#organization\"},\"image\":{\"@id\":\"https:\/\/www.notibras.com\/site\/quando-o-capibaribe-encontra-o-beberibe-e-os-dois-inventam-o-oceano\/#primaryimage\"},\"thumbnailUrl\":\"https:\/\/www.notibras.com\/site\/wp-content\/uploads\/2020\/12\/veja-o-que-fazer-em-recife-a-veneza-brasileira.jpeg\",\"articleSection\":[\"Nordeste\"],\"inLanguage\":\"pt-BR\"},{\"@type\":\"WebPage\",\"@id\":\"https:\/\/www.notibras.com\/site\/quando-o-capibaribe-encontra-o-beberibe-e-os-dois-inventam-o-oceano\/\",\"url\":\"https:\/\/www.notibras.com\/site\/quando-o-capibaribe-encontra-o-beberibe-e-os-dois-inventam-o-oceano\/\",\"name\":\"Quando o Capibaribe encontra o Beberibe e os dois inventam o oceano - Notibras\",\"isPartOf\":{\"@id\":\"https:\/\/www.notibras.com\/site\/#website\"},\"primaryImageOfPage\":{\"@id\":\"https:\/\/www.notibras.com\/site\/quando-o-capibaribe-encontra-o-beberibe-e-os-dois-inventam-o-oceano\/#primaryimage\"},\"image\":{\"@id\":\"https:\/\/www.notibras.com\/site\/quando-o-capibaribe-encontra-o-beberibe-e-os-dois-inventam-o-oceano\/#primaryimage\"},\"thumbnailUrl\":\"https:\/\/www.notibras.com\/site\/wp-content\/uploads\/2020\/12\/veja-o-que-fazer-em-recife-a-veneza-brasileira.jpeg\",\"datePublished\":\"2026-03-13T11:08:47+00:00\",\"breadcrumb\":{\"@id\":\"https:\/\/www.notibras.com\/site\/quando-o-capibaribe-encontra-o-beberibe-e-os-dois-inventam-o-oceano\/#breadcrumb\"},\"inLanguage\":\"pt-BR\",\"potentialAction\":[{\"@type\":\"ReadAction\",\"target\":[\"https:\/\/www.notibras.com\/site\/quando-o-capibaribe-encontra-o-beberibe-e-os-dois-inventam-o-oceano\/\"]}]},{\"@type\":\"ImageObject\",\"inLanguage\":\"pt-BR\",\"@id\":\"https:\/\/www.notibras.com\/site\/quando-o-capibaribe-encontra-o-beberibe-e-os-dois-inventam-o-oceano\/#primaryimage\",\"url\":\"https:\/\/www.notibras.com\/site\/wp-content\/uploads\/2020\/12\/veja-o-que-fazer-em-recife-a-veneza-brasileira.jpeg\",\"contentUrl\":\"https:\/\/www.notibras.com\/site\/wp-content\/uploads\/2020\/12\/veja-o-que-fazer-em-recife-a-veneza-brasileira.jpeg\",\"width\":1199,\"height\":673},{\"@type\":\"BreadcrumbList\",\"@id\":\"https:\/\/www.notibras.com\/site\/quando-o-capibaribe-encontra-o-beberibe-e-os-dois-inventam-o-oceano\/#breadcrumb\",\"itemListElement\":[{\"@type\":\"ListItem\",\"position\":1,\"name\":\"In\u00edcio\",\"item\":\"https:\/\/www.notibras.com\/site\/\"},{\"@type\":\"ListItem\",\"position\":2,\"name\":\"Quando o Capibaribe encontra o Beberibe e os dois inventam o oceano\"}]},{\"@type\":\"WebSite\",\"@id\":\"https:\/\/www.notibras.com\/site\/#website\",\"url\":\"https:\/\/www.notibras.com\/site\/\",\"name\":\"Notibras\",\"description\":\"Not\u00edcias de Bras\u00edlia, do Brasil e do Mundo\",\"publisher\":{\"@id\":\"https:\/\/www.notibras.com\/site\/#organization\"},\"potentialAction\":[{\"@type\":\"SearchAction\",\"target\":{\"@type\":\"EntryPoint\",\"urlTemplate\":\"https:\/\/www.notibras.com\/site\/?s={search_term_string}\"},\"query-input\":{\"@type\":\"PropertyValueSpecification\",\"valueRequired\":true,\"valueName\":\"search_term_string\"}}],\"inLanguage\":\"pt-BR\"},{\"@type\":\"Organization\",\"@id\":\"https:\/\/www.notibras.com\/site\/#organization\",\"name\":\"Grupo Notibras de Comunica\u00e7\u00e3o\",\"url\":\"https:\/\/www.notibras.com\/site\/\",\"logo\":{\"@type\":\"ImageObject\",\"inLanguage\":\"pt-BR\",\"@id\":\"https:\/\/www.notibras.com\/site\/#\/schema\/logo\/image\/\",\"url\":\"https:\/\/www.notibras.com\/site\/wp-content\/uploads\/2023\/01\/notibras23.png\",\"contentUrl\":\"https:\/\/www.notibras.com\/site\/wp-content\/uploads\/2023\/01\/notibras23.png\",\"width\":350,\"height\":87,\"caption\":\"Grupo Notibras de Comunica\u00e7\u00e3o\"},\"image\":{\"@id\":\"https:\/\/www.notibras.com\/site\/#\/schema\/logo\/image\/\"},\"sameAs\":[\"https:\/\/www.facebook.com\/notibras\/\",\"https:\/\/x.com\/Notibras\",\"https:\/\/www.instagram.com\/notibras\/\"]},{\"@type\":\"Person\",\"@id\":\"https:\/\/www.notibras.com\/site\/#\/schema\/person\/36ab0979449956132d3e5b517ea76ac8\",\"name\":\"Reda\u00e7\u00e3o\",\"image\":{\"@type\":\"ImageObject\",\"inLanguage\":\"pt-BR\",\"@id\":\"https:\/\/secure.gravatar.com\/avatar\/e0a867bdedb85fd243eadf09663511f96fc81e0720a4a42581f334ad4303aa6b?s=96&d=mm&r=g\",\"url\":\"https:\/\/secure.gravatar.com\/avatar\/e0a867bdedb85fd243eadf09663511f96fc81e0720a4a42581f334ad4303aa6b?s=96&d=mm&r=g\",\"contentUrl\":\"https:\/\/secure.gravatar.com\/avatar\/e0a867bdedb85fd243eadf09663511f96fc81e0720a4a42581f334ad4303aa6b?s=96&d=mm&r=g\",\"caption\":\"Reda\u00e7\u00e3o\"}}]}<\/script>\n<!-- \/ Yoast SEO plugin. -->","yoast_head_json":{"title":"Quando o Capibaribe encontra o Beberibe e os dois inventam o oceano - Notibras","robots":{"index":"index","follow":"follow","max-snippet":"max-snippet:-1","max-image-preview":"max-image-preview:large","max-video-preview":"max-video-preview:-1"},"canonical":"https:\/\/www.notibras.com\/site\/quando-o-capibaribe-encontra-o-beberibe-e-os-dois-inventam-o-oceano\/","og_locale":"pt_BR","og_type":"article","og_title":"Quando o Capibaribe encontra o Beberibe e os dois inventam o oceano - Notibras","og_description":"Em Pernambuco, h\u00e1 verdades que dispensam cart\u00f3rio, selo, assinatura ou chancela cient\u00edfica. S\u00e3o aceitas como se fossem leis naturais inscritas no pr\u00f3prio vento que sopra do litoral para dentro do sert\u00e3o. Uma delas, repetida com o orgulho de quem n\u00e3o pede licen\u00e7a \u00e0 geografia, afirma que o Capibaribe e o Beberibe n\u00e3o des\u00e1guam no Atl\u00e2ntico: [&hellip;]","og_url":"https:\/\/www.notibras.com\/site\/quando-o-capibaribe-encontra-o-beberibe-e-os-dois-inventam-o-oceano\/","og_site_name":"Notibras","article_publisher":"https:\/\/www.facebook.com\/notibras\/","article_published_time":"2026-03-13T11:08:47+00:00","og_image":[{"width":1199,"height":673,"url":"https:\/\/www.notibras.com\/site\/wp-content\/uploads\/2020\/12\/veja-o-que-fazer-em-recife-a-veneza-brasileira.jpeg","type":"image\/jpeg"}],"author":"Reda\u00e7\u00e3o","twitter_card":"summary_large_image","twitter_creator":"@Notibras","twitter_site":"@Notibras","twitter_misc":{"Escrito por":"Reda\u00e7\u00e3o","Est. tempo de leitura":"3 minutos"},"schema":{"@context":"https:\/\/schema.org","@graph":[{"@type":"Article","@id":"https:\/\/www.notibras.com\/site\/quando-o-capibaribe-encontra-o-beberibe-e-os-dois-inventam-o-oceano\/#article","isPartOf":{"@id":"https:\/\/www.notibras.com\/site\/quando-o-capibaribe-encontra-o-beberibe-e-os-dois-inventam-o-oceano\/"},"author":{"name":"Reda\u00e7\u00e3o","@id":"https:\/\/www.notibras.com\/site\/#\/schema\/person\/36ab0979449956132d3e5b517ea76ac8"},"headline":"Quando o Capibaribe encontra o Beberibe e os dois inventam o oceano","datePublished":"2026-03-13T11:08:47+00:00","mainEntityOfPage":{"@id":"https:\/\/www.notibras.com\/site\/quando-o-capibaribe-encontra-o-beberibe-e-os-dois-inventam-o-oceano\/"},"wordCount":411,"publisher":{"@id":"https:\/\/www.notibras.com\/site\/#organization"},"image":{"@id":"https:\/\/www.notibras.com\/site\/quando-o-capibaribe-encontra-o-beberibe-e-os-dois-inventam-o-oceano\/#primaryimage"},"thumbnailUrl":"https:\/\/www.notibras.com\/site\/wp-content\/uploads\/2020\/12\/veja-o-que-fazer-em-recife-a-veneza-brasileira.jpeg","articleSection":["Nordeste"],"inLanguage":"pt-BR"},{"@type":"WebPage","@id":"https:\/\/www.notibras.com\/site\/quando-o-capibaribe-encontra-o-beberibe-e-os-dois-inventam-o-oceano\/","url":"https:\/\/www.notibras.com\/site\/quando-o-capibaribe-encontra-o-beberibe-e-os-dois-inventam-o-oceano\/","name":"Quando o Capibaribe encontra o Beberibe e os dois inventam o oceano - Notibras","isPartOf":{"@id":"https:\/\/www.notibras.com\/site\/#website"},"primaryImageOfPage":{"@id":"https:\/\/www.notibras.com\/site\/quando-o-capibaribe-encontra-o-beberibe-e-os-dois-inventam-o-oceano\/#primaryimage"},"image":{"@id":"https:\/\/www.notibras.com\/site\/quando-o-capibaribe-encontra-o-beberibe-e-os-dois-inventam-o-oceano\/#primaryimage"},"thumbnailUrl":"https:\/\/www.notibras.com\/site\/wp-content\/uploads\/2020\/12\/veja-o-que-fazer-em-recife-a-veneza-brasileira.jpeg","datePublished":"2026-03-13T11:08:47+00:00","breadcrumb":{"@id":"https:\/\/www.notibras.com\/site\/quando-o-capibaribe-encontra-o-beberibe-e-os-dois-inventam-o-oceano\/#breadcrumb"},"inLanguage":"pt-BR","potentialAction":[{"@type":"ReadAction","target":["https:\/\/www.notibras.com\/site\/quando-o-capibaribe-encontra-o-beberibe-e-os-dois-inventam-o-oceano\/"]}]},{"@type":"ImageObject","inLanguage":"pt-BR","@id":"https:\/\/www.notibras.com\/site\/quando-o-capibaribe-encontra-o-beberibe-e-os-dois-inventam-o-oceano\/#primaryimage","url":"https:\/\/www.notibras.com\/site\/wp-content\/uploads\/2020\/12\/veja-o-que-fazer-em-recife-a-veneza-brasileira.jpeg","contentUrl":"https:\/\/www.notibras.com\/site\/wp-content\/uploads\/2020\/12\/veja-o-que-fazer-em-recife-a-veneza-brasileira.jpeg","width":1199,"height":673},{"@type":"BreadcrumbList","@id":"https:\/\/www.notibras.com\/site\/quando-o-capibaribe-encontra-o-beberibe-e-os-dois-inventam-o-oceano\/#breadcrumb","itemListElement":[{"@type":"ListItem","position":1,"name":"In\u00edcio","item":"https:\/\/www.notibras.com\/site\/"},{"@type":"ListItem","position":2,"name":"Quando o Capibaribe encontra o Beberibe e os dois inventam o oceano"}]},{"@type":"WebSite","@id":"https:\/\/www.notibras.com\/site\/#website","url":"https:\/\/www.notibras.com\/site\/","name":"Notibras","description":"Not\u00edcias de Bras\u00edlia, do Brasil e do Mundo","publisher":{"@id":"https:\/\/www.notibras.com\/site\/#organization"},"potentialAction":[{"@type":"SearchAction","target":{"@type":"EntryPoint","urlTemplate":"https:\/\/www.notibras.com\/site\/?s={search_term_string}"},"query-input":{"@type":"PropertyValueSpecification","valueRequired":true,"valueName":"search_term_string"}}],"inLanguage":"pt-BR"},{"@type":"Organization","@id":"https:\/\/www.notibras.com\/site\/#organization","name":"Grupo Notibras de Comunica\u00e7\u00e3o","url":"https:\/\/www.notibras.com\/site\/","logo":{"@type":"ImageObject","inLanguage":"pt-BR","@id":"https:\/\/www.notibras.com\/site\/#\/schema\/logo\/image\/","url":"https:\/\/www.notibras.com\/site\/wp-content\/uploads\/2023\/01\/notibras23.png","contentUrl":"https:\/\/www.notibras.com\/site\/wp-content\/uploads\/2023\/01\/notibras23.png","width":350,"height":87,"caption":"Grupo Notibras de Comunica\u00e7\u00e3o"},"image":{"@id":"https:\/\/www.notibras.com\/site\/#\/schema\/logo\/image\/"},"sameAs":["https:\/\/www.facebook.com\/notibras\/","https:\/\/x.com\/Notibras","https:\/\/www.instagram.com\/notibras\/"]},{"@type":"Person","@id":"https:\/\/www.notibras.com\/site\/#\/schema\/person\/36ab0979449956132d3e5b517ea76ac8","name":"Reda\u00e7\u00e3o","image":{"@type":"ImageObject","inLanguage":"pt-BR","@id":"https:\/\/secure.gravatar.com\/avatar\/e0a867bdedb85fd243eadf09663511f96fc81e0720a4a42581f334ad4303aa6b?s=96&d=mm&r=g","url":"https:\/\/secure.gravatar.com\/avatar\/e0a867bdedb85fd243eadf09663511f96fc81e0720a4a42581f334ad4303aa6b?s=96&d=mm&r=g","contentUrl":"https:\/\/secure.gravatar.com\/avatar\/e0a867bdedb85fd243eadf09663511f96fc81e0720a4a42581f334ad4303aa6b?s=96&d=mm&r=g","caption":"Reda\u00e7\u00e3o"}}]}},"amp_enabled":true,"_links":{"self":[{"href":"https:\/\/www.notibras.com\/site\/wp-json\/wp\/v2\/posts\/386790","targetHints":{"allow":["GET"]}}],"collection":[{"href":"https:\/\/www.notibras.com\/site\/wp-json\/wp\/v2\/posts"}],"about":[{"href":"https:\/\/www.notibras.com\/site\/wp-json\/wp\/v2\/types\/post"}],"author":[{"embeddable":true,"href":"https:\/\/www.notibras.com\/site\/wp-json\/wp\/v2\/users\/2"}],"replies":[{"embeddable":true,"href":"https:\/\/www.notibras.com\/site\/wp-json\/wp\/v2\/comments?post=386790"}],"version-history":[{"count":1,"href":"https:\/\/www.notibras.com\/site\/wp-json\/wp\/v2\/posts\/386790\/revisions"}],"predecessor-version":[{"id":386791,"href":"https:\/\/www.notibras.com\/site\/wp-json\/wp\/v2\/posts\/386790\/revisions\/386791"}],"wp:featuredmedia":[{"embeddable":true,"href":"https:\/\/www.notibras.com\/site\/wp-json\/wp\/v2\/media\/246991"}],"wp:attachment":[{"href":"https:\/\/www.notibras.com\/site\/wp-json\/wp\/v2\/media?parent=386790"}],"wp:term":[{"taxonomy":"category","embeddable":true,"href":"https:\/\/www.notibras.com\/site\/wp-json\/wp\/v2\/categories?post=386790"},{"taxonomy":"post_tag","embeddable":true,"href":"https:\/\/www.notibras.com\/site\/wp-json\/wp\/v2\/tags?post=386790"}],"curies":[{"name":"wp","href":"https:\/\/api.w.org\/{rel}","templated":true}]}}