{"id":386794,"date":"2026-03-15T02:00:30","date_gmt":"2026-03-15T05:00:30","guid":{"rendered":"https:\/\/www.notibras.com\/site\/?p=386794"},"modified":"2026-03-15T15:38:50","modified_gmt":"2026-03-15T18:38:50","slug":"julio-dona-lourdes-e-tutuca","status":"publish","type":"post","link":"https:\/\/www.notibras.com\/site\/julio-dona-lourdes-e-tutuca\/","title":{"rendered":"J\u00falio, dona Lourdes e Tutuca"},"content":{"rendered":"<p>J\u00falio, mal pisou na cal\u00e7ada, foi atingido por uma saraivada de improp\u00e9rios, como se tivesse entrado no inferno. No come\u00e7o, n\u00e3o entendeu nada. No entanto, assim que dona Lourdes se aproximou e contou o que havia acontecido, era como se J\u00falio estivesse no come\u00e7o.<\/p>\n<p>\u2014 Dona Lourdes, e da\u00ed que o Tutuca morreu?<\/p>\n<p>\u2014 Mas, J\u00falio, como voc\u00ea pode ser t\u00e3o insens\u00edvel?<\/p>\n<p>\u2014 Desculpe, dona Lourdes, mas \u00e9 que esse cachorro vivia latindo pra mim.<\/p>\n<p>\u2014 E por isso voc\u00ea o matou?<\/p>\n<p>\u2014 Eu o qu\u00ea?<\/p>\n<p>\u2014 Sim! Por que voc\u00ea fez isso?<\/p>\n<p>\u2014 Eu?<\/p>\n<p>\u2014 E quem mais poderia ser?<\/p>\n<p>\u2014 Sei l\u00e1!<\/p>\n<p>Tutuca, o velho vira-lata da rua, havia aparecido morto. A l\u00edngua para fora, os olhos arregalados, um v\u00f4mito sanguinolento ao lado.<\/p>\n<p>\u2014 Voc\u00ea jura que n\u00e3o foi voc\u00ea, J\u00falio C\u00e9sar de Almeida Silva?<\/p>\n<p>\u2014 Juro, dona Lourdes! N\u00e3o mato nem barata, vou l\u00e1 matar o Tutuca?<\/p>\n<p>\u2014 Hum!<\/p>\n<p>\u2014 Dona Lourdes, mas o Tutuca morreu de qu\u00ea?<\/p>\n<p>\u2014 Ainda estamos avaliando. A M\u00e1rcia, que j\u00e1 trabalhou numa veterin\u00e1ria, disse que parece veneno, mas n\u00e3o descartou velhice e piripaque.<\/p>\n<p>\u2014 Piripaque? E cachorro tem isso?<\/p>\n<p>\u2014 E se tem! Cachorro \u00e9 que nem gente, s\u00f3 que sem maldades. N\u00e3o fofoca, n\u00e3o fala da vida alheia, n\u00e3o vive tomando conta da vida dos outros e tamb\u00e9m n\u00e3o \u00e9 trai\u00e7oeiro que nem aquele coisa ruim do Paulo l\u00e1 da esquina. Nunca vi uma criatura t\u00e3o boa.<\/p>\n<p>\u2014 O Paulo?<\/p>\n<p>\u2014 N\u00e3o, J\u00falio! O Tutuca! Aquele Paulo \u00e9 um desalmado. Acredita que nunca foi \u00e0 igreja?<\/p>\n<p>\u2014 Vai ver tem outra religi\u00e3o.<\/p>\n<p>\u2014 Que nada, J\u00falio! Aquele ali n\u00e3o tem Deus no cora\u00e7\u00e3o.<\/p>\n<p>\u2014 Hum&#8230;<\/p>\n<p>\u2014 Por falar nisso, n\u00e3o tenho te visto mais na igreja.<\/p>\n<p>\u2014 Vida corrida, dona Lourdes. Trabalhando demais.<\/p>\n<p>\u2014 Hum! E desde quando algu\u00e9m n\u00e3o tem tempo pra Deus? Pois trate de arrumar um momento pra Ele, viu, seu J\u00falio C\u00e9sar de Almeida Silva?!<\/p>\n<p>\u2014 Hum&#8230; E o Tutuca?<\/p>\n<p>\u2014 O que tem ele?<\/p>\n<p>\u2014 O que v\u00e3o fazer com o corpo?<\/p>\n<p>\u2014 Ah, J\u00falio, a gente vai jogar na ca\u00e7amba de lixo. Mais tarde o caminh\u00e3o passa e leva.<\/p>\n<p><strong>\u2026\u2026\u2026\u2026\u2026\u2026\u2026\u2026<\/strong><\/p>\n<p><strong>Eduardo Mart\u00ednez \u00e9 autor do livro \u201957 Contos e Cr\u00f4nicas por um Autor Muito Velho\u2019 (Vencedor do Pr\u00eamio Liter\u00e1rio Clarice Lispector \u2013 2025 na categoria livro de contos).<\/strong><\/p>\n<p><strong>Compre aqui<\/strong><\/p>\n<p><a href=\"https:\/\/www.joanineditora.com.br\/57-contos-e-cronicas-por-um-autor-muito-velho\"><strong>https:\/\/www.joanineditora.com.br\/57-contos-e-cronicas-por-um-autor-muito-velho<\/strong><\/a><\/p>\n","protected":false},"excerpt":{"rendered":"<p>J\u00falio, mal pisou na cal\u00e7ada, foi atingido por uma saraivada de improp\u00e9rios, como se tivesse entrado no inferno. No come\u00e7o, n\u00e3o entendeu nada. No entanto, assim que dona Lourdes se aproximou e contou o que havia acontecido, era como se J\u00falio estivesse no come\u00e7o. \u2014 Dona Lourdes, e da\u00ed que o Tutuca morreu? \u2014 Mas, [&hellip;]<\/p>\n","protected":false},"author":21,"featured_media":386795,"comment_status":"closed","ping_status":"closed","sticky":false,"template":"","format":"standard","meta":{"_acf_changed":false,"footnotes":""},"categories":[161],"tags":[],"class_list":["post-386794","post","type-post","status-publish","format-standard","has-post-thumbnail","hentry","category-quadradinho-em-foco"],"acf":[],"yoast_head":"<!-- This site is optimized with the Yoast SEO plugin v27.2 - https:\/\/yoast.com\/product\/yoast-seo-wordpress\/ -->\n<title>J\u00falio, dona Lourdes e Tutuca - Notibras<\/title>\n<meta name=\"robots\" content=\"index, follow, max-snippet:-1, max-image-preview:large, max-video-preview:-1\" \/>\n<link rel=\"canonical\" href=\"https:\/\/www.notibras.com\/site\/julio-dona-lourdes-e-tutuca\/\" \/>\n<meta property=\"og:locale\" content=\"pt_BR\" \/>\n<meta property=\"og:type\" content=\"article\" \/>\n<meta property=\"og:title\" content=\"J\u00falio, dona Lourdes e Tutuca - Notibras\" \/>\n<meta property=\"og:description\" content=\"J\u00falio, mal pisou na cal\u00e7ada, foi atingido por uma saraivada de improp\u00e9rios, como se tivesse entrado no inferno. No come\u00e7o, n\u00e3o entendeu nada. No entanto, assim que dona Lourdes se aproximou e contou o que havia acontecido, era como se J\u00falio estivesse no come\u00e7o. \u2014 Dona Lourdes, e da\u00ed que o Tutuca morreu? \u2014 Mas, [&hellip;]\" \/>\n<meta property=\"og:url\" content=\"https:\/\/www.notibras.com\/site\/julio-dona-lourdes-e-tutuca\/\" \/>\n<meta property=\"og:site_name\" content=\"Notibras\" \/>\n<meta property=\"article:publisher\" content=\"https:\/\/www.facebook.com\/notibras\/\" \/>\n<meta property=\"article:published_time\" content=\"2026-03-15T05:00:30+00:00\" \/>\n<meta property=\"article:modified_time\" content=\"2026-03-15T18:38:50+00:00\" \/>\n<meta property=\"og:image\" content=\"https:\/\/www.notibras.com\/site\/wp-content\/uploads\/2026\/03\/WhatsApp-Image-2026-03-13-at-11.08.53.jpeg\" \/>\n\t<meta property=\"og:image:width\" content=\"1310\" \/>\n\t<meta property=\"og:image:height\" content=\"768\" \/>\n\t<meta property=\"og:image:type\" content=\"image\/jpeg\" \/>\n<meta name=\"author\" content=\"Eduardo Mart\u00ednez\" \/>\n<meta name=\"twitter:card\" content=\"summary_large_image\" \/>\n<meta name=\"twitter:creator\" content=\"@Notibras\" \/>\n<meta name=\"twitter:site\" content=\"@Notibras\" \/>\n<meta name=\"twitter:label1\" content=\"Escrito por\" \/>\n\t<meta name=\"twitter:data1\" content=\"Eduardo Mart\u00ednez\" \/>\n\t<meta name=\"twitter:label2\" content=\"Est. tempo de leitura\" \/>\n\t<meta name=\"twitter:data2\" content=\"3 minutos\" \/>\n<script type=\"application\/ld+json\" class=\"yoast-schema-graph\">{\"@context\":\"https:\/\/schema.org\",\"@graph\":[{\"@type\":\"Article\",\"@id\":\"https:\/\/www.notibras.com\/site\/julio-dona-lourdes-e-tutuca\/#article\",\"isPartOf\":{\"@id\":\"https:\/\/www.notibras.com\/site\/julio-dona-lourdes-e-tutuca\/\"},\"author\":{\"name\":\"Eduardo Mart\u00ednez\",\"@id\":\"https:\/\/www.notibras.com\/site\/#\/schema\/person\/5b7fabf2aedc3ada2105f03b22b4d3dd\"},\"headline\":\"J\u00falio, dona Lourdes e Tutuca\",\"datePublished\":\"2026-03-15T05:00:30+00:00\",\"dateModified\":\"2026-03-15T18:38:50+00:00\",\"mainEntityOfPage\":{\"@id\":\"https:\/\/www.notibras.com\/site\/julio-dona-lourdes-e-tutuca\/\"},\"wordCount\":405,\"publisher\":{\"@id\":\"https:\/\/www.notibras.com\/site\/#organization\"},\"image\":{\"@id\":\"https:\/\/www.notibras.com\/site\/julio-dona-lourdes-e-tutuca\/#primaryimage\"},\"thumbnailUrl\":\"https:\/\/www.notibras.com\/site\/wp-content\/uploads\/2026\/03\/WhatsApp-Image-2026-03-13-at-11.08.53.jpeg\",\"articleSection\":[\"Quadradinho em Foco\"],\"inLanguage\":\"pt-BR\"},{\"@type\":\"WebPage\",\"@id\":\"https:\/\/www.notibras.com\/site\/julio-dona-lourdes-e-tutuca\/\",\"url\":\"https:\/\/www.notibras.com\/site\/julio-dona-lourdes-e-tutuca\/\",\"name\":\"J\u00falio, dona Lourdes e Tutuca - Notibras\",\"isPartOf\":{\"@id\":\"https:\/\/www.notibras.com\/site\/#website\"},\"primaryImageOfPage\":{\"@id\":\"https:\/\/www.notibras.com\/site\/julio-dona-lourdes-e-tutuca\/#primaryimage\"},\"image\":{\"@id\":\"https:\/\/www.notibras.com\/site\/julio-dona-lourdes-e-tutuca\/#primaryimage\"},\"thumbnailUrl\":\"https:\/\/www.notibras.com\/site\/wp-content\/uploads\/2026\/03\/WhatsApp-Image-2026-03-13-at-11.08.53.jpeg\",\"datePublished\":\"2026-03-15T05:00:30+00:00\",\"dateModified\":\"2026-03-15T18:38:50+00:00\",\"breadcrumb\":{\"@id\":\"https:\/\/www.notibras.com\/site\/julio-dona-lourdes-e-tutuca\/#breadcrumb\"},\"inLanguage\":\"pt-BR\",\"potentialAction\":[{\"@type\":\"ReadAction\",\"target\":[\"https:\/\/www.notibras.com\/site\/julio-dona-lourdes-e-tutuca\/\"]}]},{\"@type\":\"ImageObject\",\"inLanguage\":\"pt-BR\",\"@id\":\"https:\/\/www.notibras.com\/site\/julio-dona-lourdes-e-tutuca\/#primaryimage\",\"url\":\"https:\/\/www.notibras.com\/site\/wp-content\/uploads\/2026\/03\/WhatsApp-Image-2026-03-13-at-11.08.53.jpeg\",\"contentUrl\":\"https:\/\/www.notibras.com\/site\/wp-content\/uploads\/2026\/03\/WhatsApp-Image-2026-03-13-at-11.08.53.jpeg\",\"width\":1310,\"height\":768},{\"@type\":\"BreadcrumbList\",\"@id\":\"https:\/\/www.notibras.com\/site\/julio-dona-lourdes-e-tutuca\/#breadcrumb\",\"itemListElement\":[{\"@type\":\"ListItem\",\"position\":1,\"name\":\"In\u00edcio\",\"item\":\"https:\/\/www.notibras.com\/site\/\"},{\"@type\":\"ListItem\",\"position\":2,\"name\":\"J\u00falio, dona Lourdes e Tutuca\"}]},{\"@type\":\"WebSite\",\"@id\":\"https:\/\/www.notibras.com\/site\/#website\",\"url\":\"https:\/\/www.notibras.com\/site\/\",\"name\":\"Notibras\",\"description\":\"Not\u00edcias de Bras\u00edlia, do Brasil e do Mundo\",\"publisher\":{\"@id\":\"https:\/\/www.notibras.com\/site\/#organization\"},\"potentialAction\":[{\"@type\":\"SearchAction\",\"target\":{\"@type\":\"EntryPoint\",\"urlTemplate\":\"https:\/\/www.notibras.com\/site\/?s={search_term_string}\"},\"query-input\":{\"@type\":\"PropertyValueSpecification\",\"valueRequired\":true,\"valueName\":\"search_term_string\"}}],\"inLanguage\":\"pt-BR\"},{\"@type\":\"Organization\",\"@id\":\"https:\/\/www.notibras.com\/site\/#organization\",\"name\":\"Grupo Notibras de Comunica\u00e7\u00e3o\",\"url\":\"https:\/\/www.notibras.com\/site\/\",\"logo\":{\"@type\":\"ImageObject\",\"inLanguage\":\"pt-BR\",\"@id\":\"https:\/\/www.notibras.com\/site\/#\/schema\/logo\/image\/\",\"url\":\"https:\/\/www.notibras.com\/site\/wp-content\/uploads\/2023\/01\/notibras23.png\",\"contentUrl\":\"https:\/\/www.notibras.com\/site\/wp-content\/uploads\/2023\/01\/notibras23.png\",\"width\":350,\"height\":87,\"caption\":\"Grupo Notibras de Comunica\u00e7\u00e3o\"},\"image\":{\"@id\":\"https:\/\/www.notibras.com\/site\/#\/schema\/logo\/image\/\"},\"sameAs\":[\"https:\/\/www.facebook.com\/notibras\/\",\"https:\/\/x.com\/Notibras\",\"https:\/\/www.instagram.com\/notibras\/\"]},{\"@type\":\"Person\",\"@id\":\"https:\/\/www.notibras.com\/site\/#\/schema\/person\/5b7fabf2aedc3ada2105f03b22b4d3dd\",\"name\":\"Eduardo Mart\u00ednez\",\"image\":{\"@type\":\"ImageObject\",\"inLanguage\":\"pt-BR\",\"@id\":\"https:\/\/secure.gravatar.com\/avatar\/7902f906289926289cbcda644b5197c796b893c6ffd7b9a536a42d290f7704a0?s=96&d=mm&r=g\",\"url\":\"https:\/\/secure.gravatar.com\/avatar\/7902f906289926289cbcda644b5197c796b893c6ffd7b9a536a42d290f7704a0?s=96&d=mm&r=g\",\"contentUrl\":\"https:\/\/secure.gravatar.com\/avatar\/7902f906289926289cbcda644b5197c796b893c6ffd7b9a536a42d290f7704a0?s=96&d=mm&r=g\",\"caption\":\"Eduardo Mart\u00ednez\"}}]}<\/script>\n<!-- \/ Yoast SEO plugin. -->","yoast_head_json":{"title":"J\u00falio, dona Lourdes e Tutuca - Notibras","robots":{"index":"index","follow":"follow","max-snippet":"max-snippet:-1","max-image-preview":"max-image-preview:large","max-video-preview":"max-video-preview:-1"},"canonical":"https:\/\/www.notibras.com\/site\/julio-dona-lourdes-e-tutuca\/","og_locale":"pt_BR","og_type":"article","og_title":"J\u00falio, dona Lourdes e Tutuca - Notibras","og_description":"J\u00falio, mal pisou na cal\u00e7ada, foi atingido por uma saraivada de improp\u00e9rios, como se tivesse entrado no inferno. No come\u00e7o, n\u00e3o entendeu nada. No entanto, assim que dona Lourdes se aproximou e contou o que havia acontecido, era como se J\u00falio estivesse no come\u00e7o. \u2014 Dona Lourdes, e da\u00ed que o Tutuca morreu? \u2014 Mas, [&hellip;]","og_url":"https:\/\/www.notibras.com\/site\/julio-dona-lourdes-e-tutuca\/","og_site_name":"Notibras","article_publisher":"https:\/\/www.facebook.com\/notibras\/","article_published_time":"2026-03-15T05:00:30+00:00","article_modified_time":"2026-03-15T18:38:50+00:00","og_image":[{"width":1310,"height":768,"url":"https:\/\/www.notibras.com\/site\/wp-content\/uploads\/2026\/03\/WhatsApp-Image-2026-03-13-at-11.08.53.jpeg","type":"image\/jpeg"}],"author":"Eduardo Mart\u00ednez","twitter_card":"summary_large_image","twitter_creator":"@Notibras","twitter_site":"@Notibras","twitter_misc":{"Escrito por":"Eduardo Mart\u00ednez","Est. tempo de leitura":"3 minutos"},"schema":{"@context":"https:\/\/schema.org","@graph":[{"@type":"Article","@id":"https:\/\/www.notibras.com\/site\/julio-dona-lourdes-e-tutuca\/#article","isPartOf":{"@id":"https:\/\/www.notibras.com\/site\/julio-dona-lourdes-e-tutuca\/"},"author":{"name":"Eduardo Mart\u00ednez","@id":"https:\/\/www.notibras.com\/site\/#\/schema\/person\/5b7fabf2aedc3ada2105f03b22b4d3dd"},"headline":"J\u00falio, dona Lourdes e Tutuca","datePublished":"2026-03-15T05:00:30+00:00","dateModified":"2026-03-15T18:38:50+00:00","mainEntityOfPage":{"@id":"https:\/\/www.notibras.com\/site\/julio-dona-lourdes-e-tutuca\/"},"wordCount":405,"publisher":{"@id":"https:\/\/www.notibras.com\/site\/#organization"},"image":{"@id":"https:\/\/www.notibras.com\/site\/julio-dona-lourdes-e-tutuca\/#primaryimage"},"thumbnailUrl":"https:\/\/www.notibras.com\/site\/wp-content\/uploads\/2026\/03\/WhatsApp-Image-2026-03-13-at-11.08.53.jpeg","articleSection":["Quadradinho em Foco"],"inLanguage":"pt-BR"},{"@type":"WebPage","@id":"https:\/\/www.notibras.com\/site\/julio-dona-lourdes-e-tutuca\/","url":"https:\/\/www.notibras.com\/site\/julio-dona-lourdes-e-tutuca\/","name":"J\u00falio, dona Lourdes e Tutuca - Notibras","isPartOf":{"@id":"https:\/\/www.notibras.com\/site\/#website"},"primaryImageOfPage":{"@id":"https:\/\/www.notibras.com\/site\/julio-dona-lourdes-e-tutuca\/#primaryimage"},"image":{"@id":"https:\/\/www.notibras.com\/site\/julio-dona-lourdes-e-tutuca\/#primaryimage"},"thumbnailUrl":"https:\/\/www.notibras.com\/site\/wp-content\/uploads\/2026\/03\/WhatsApp-Image-2026-03-13-at-11.08.53.jpeg","datePublished":"2026-03-15T05:00:30+00:00","dateModified":"2026-03-15T18:38:50+00:00","breadcrumb":{"@id":"https:\/\/www.notibras.com\/site\/julio-dona-lourdes-e-tutuca\/#breadcrumb"},"inLanguage":"pt-BR","potentialAction":[{"@type":"ReadAction","target":["https:\/\/www.notibras.com\/site\/julio-dona-lourdes-e-tutuca\/"]}]},{"@type":"ImageObject","inLanguage":"pt-BR","@id":"https:\/\/www.notibras.com\/site\/julio-dona-lourdes-e-tutuca\/#primaryimage","url":"https:\/\/www.notibras.com\/site\/wp-content\/uploads\/2026\/03\/WhatsApp-Image-2026-03-13-at-11.08.53.jpeg","contentUrl":"https:\/\/www.notibras.com\/site\/wp-content\/uploads\/2026\/03\/WhatsApp-Image-2026-03-13-at-11.08.53.jpeg","width":1310,"height":768},{"@type":"BreadcrumbList","@id":"https:\/\/www.notibras.com\/site\/julio-dona-lourdes-e-tutuca\/#breadcrumb","itemListElement":[{"@type":"ListItem","position":1,"name":"In\u00edcio","item":"https:\/\/www.notibras.com\/site\/"},{"@type":"ListItem","position":2,"name":"J\u00falio, dona Lourdes e Tutuca"}]},{"@type":"WebSite","@id":"https:\/\/www.notibras.com\/site\/#website","url":"https:\/\/www.notibras.com\/site\/","name":"Notibras","description":"Not\u00edcias de Bras\u00edlia, do Brasil e do Mundo","publisher":{"@id":"https:\/\/www.notibras.com\/site\/#organization"},"potentialAction":[{"@type":"SearchAction","target":{"@type":"EntryPoint","urlTemplate":"https:\/\/www.notibras.com\/site\/?s={search_term_string}"},"query-input":{"@type":"PropertyValueSpecification","valueRequired":true,"valueName":"search_term_string"}}],"inLanguage":"pt-BR"},{"@type":"Organization","@id":"https:\/\/www.notibras.com\/site\/#organization","name":"Grupo Notibras de Comunica\u00e7\u00e3o","url":"https:\/\/www.notibras.com\/site\/","logo":{"@type":"ImageObject","inLanguage":"pt-BR","@id":"https:\/\/www.notibras.com\/site\/#\/schema\/logo\/image\/","url":"https:\/\/www.notibras.com\/site\/wp-content\/uploads\/2023\/01\/notibras23.png","contentUrl":"https:\/\/www.notibras.com\/site\/wp-content\/uploads\/2023\/01\/notibras23.png","width":350,"height":87,"caption":"Grupo Notibras de Comunica\u00e7\u00e3o"},"image":{"@id":"https:\/\/www.notibras.com\/site\/#\/schema\/logo\/image\/"},"sameAs":["https:\/\/www.facebook.com\/notibras\/","https:\/\/x.com\/Notibras","https:\/\/www.instagram.com\/notibras\/"]},{"@type":"Person","@id":"https:\/\/www.notibras.com\/site\/#\/schema\/person\/5b7fabf2aedc3ada2105f03b22b4d3dd","name":"Eduardo Mart\u00ednez","image":{"@type":"ImageObject","inLanguage":"pt-BR","@id":"https:\/\/secure.gravatar.com\/avatar\/7902f906289926289cbcda644b5197c796b893c6ffd7b9a536a42d290f7704a0?s=96&d=mm&r=g","url":"https:\/\/secure.gravatar.com\/avatar\/7902f906289926289cbcda644b5197c796b893c6ffd7b9a536a42d290f7704a0?s=96&d=mm&r=g","contentUrl":"https:\/\/secure.gravatar.com\/avatar\/7902f906289926289cbcda644b5197c796b893c6ffd7b9a536a42d290f7704a0?s=96&d=mm&r=g","caption":"Eduardo Mart\u00ednez"}}]}},"amp_enabled":true,"_links":{"self":[{"href":"https:\/\/www.notibras.com\/site\/wp-json\/wp\/v2\/posts\/386794","targetHints":{"allow":["GET"]}}],"collection":[{"href":"https:\/\/www.notibras.com\/site\/wp-json\/wp\/v2\/posts"}],"about":[{"href":"https:\/\/www.notibras.com\/site\/wp-json\/wp\/v2\/types\/post"}],"author":[{"embeddable":true,"href":"https:\/\/www.notibras.com\/site\/wp-json\/wp\/v2\/users\/21"}],"replies":[{"embeddable":true,"href":"https:\/\/www.notibras.com\/site\/wp-json\/wp\/v2\/comments?post=386794"}],"version-history":[{"count":3,"href":"https:\/\/www.notibras.com\/site\/wp-json\/wp\/v2\/posts\/386794\/revisions"}],"predecessor-version":[{"id":387122,"href":"https:\/\/www.notibras.com\/site\/wp-json\/wp\/v2\/posts\/386794\/revisions\/387122"}],"wp:featuredmedia":[{"embeddable":true,"href":"https:\/\/www.notibras.com\/site\/wp-json\/wp\/v2\/media\/386795"}],"wp:attachment":[{"href":"https:\/\/www.notibras.com\/site\/wp-json\/wp\/v2\/media?parent=386794"}],"wp:term":[{"taxonomy":"category","embeddable":true,"href":"https:\/\/www.notibras.com\/site\/wp-json\/wp\/v2\/categories?post=386794"},{"taxonomy":"post_tag","embeddable":true,"href":"https:\/\/www.notibras.com\/site\/wp-json\/wp\/v2\/tags?post=386794"}],"curies":[{"name":"wp","href":"https:\/\/api.w.org\/{rel}","templated":true}]}}