{"id":386798,"date":"2026-03-13T11:38:03","date_gmt":"2026-03-13T14:38:03","guid":{"rendered":"https:\/\/www.notibras.com\/site\/?p=386798"},"modified":"2026-03-13T12:59:13","modified_gmt":"2026-03-13T15:59:13","slug":"cocaina-avaliada-em-r-200-mil-e-retirada-de-circulacao-pela-policia-civil","status":"publish","type":"post","link":"https:\/\/www.notibras.com\/site\/cocaina-avaliada-em-r-200-mil-e-retirada-de-circulacao-pela-policia-civil\/","title":{"rendered":"Coca\u00edna avaliada em 200 mil \u00e9 retirada de circula\u00e7\u00e3o pela Pol\u00edcia Civil"},"content":{"rendered":"<p>A Pol\u00edcia Civil do Distrito Federal, por meio da 15\u00aa Delegacia de Pol\u00edcia, deflagrou na manh\u00e3 desta sexta (13) a opera\u00e7\u00e3o policial \u201cNeg\u00f3cio de Fam\u00edlia\u201d, destinada ao cumprimento de tr\u00eas mandados de busca e apreens\u00e3o na regi\u00e3o da QNN 05, em Ceil\u00e2ndia\/DF, no \u00e2mbito de investiga\u00e7\u00e3o que apura a pr\u00e1tica de disparo de arma de fogo em via p\u00fablica e tr\u00e1fico de drogas.<\/p>\n<p>Durante o cumprimento das ordens judiciais, a a\u00e7\u00e3o policial resultou na pris\u00e3o em flagrante de dois homens, de 20 e 23 anos de idade, que foram surpreendidos armazenando aproximadamente 2 quilogramas de coca\u00edna em um dos endere\u00e7os investigados.<\/p>\n<p>A investiga\u00e7\u00e3o teve in\u00edcio ap\u00f3s den\u00fancia encaminhada \u00e0 Pol\u00edcia Civil relatando a ocorr\u00eancia de disparos de arma de fogo em via p\u00fablica durante as comemora\u00e7\u00f5es da virada do ano, na regi\u00e3o da QNN 05. A comunica\u00e7\u00e3o tamb\u00e9m indicava que indiv\u00edduos residentes na mesma quadra estariam envolvidos com a comercializa\u00e7\u00e3o de subst\u00e2ncias entorpecentes, bem como possivelmente armazenando drogas e armas em im\u00f3veis da regi\u00e3o.<\/p>\n<p>Diante das informa\u00e7\u00f5es recebidas, a Pol\u00edcia Civil do Distrito Federal, por meio da 15\u00aa Delegacia de Pol\u00edcia, passou a realizar dilig\u00eancias investigativas, an\u00e1lise das imagens relacionadas ao fato e levantamentos de campo, os quais permitiram identificar os endere\u00e7os possivelmente utilizados pelos investigados e confirmar a vincula\u00e7\u00e3o destes aos im\u00f3veis situados na mesma quadra.<\/p>\n<p>Com base nos elementos reunidos durante a investiga\u00e7\u00e3o, a Autoridade Policial representou ao Poder Judici\u00e1rio pela expedi\u00e7\u00e3o de mandados de busca e apreens\u00e3o, com o objetivo de localizar armas de fogo, drogas e outros elementos relacionados \u00e0s infra\u00e7\u00f5es investigadas.<\/p>\n<p>Durante o cumprimento das medidas judiciais, os policiais localizaram os quatro tabletes de coca\u00edna, totalizando aproximadamente dois quilos da subst\u00e2ncia, circunst\u00e2ncia que motivou a pris\u00e3o em flagrante dos dois indiv\u00edduos que guardavam o entorpecente no local. A depender da forma de fracionamento e da revenda a droga apreendida pode alcan\u00e7ar o valor estimado de R$ 200 mil no com\u00e9rcio il\u00edcito.<\/p>\n<p>Os autores foram autuados em flagrante pelos crimes de tr\u00e1fico de drogas (art. 33 da Lei n\u00ba 11.343\/2006) e associa\u00e7\u00e3o para o tr\u00e1fico (art. 35 da mesma lei), cujas penas somadas podem alcan\u00e7ar at\u00e9 25 anos de reclus\u00e3o, al\u00e9m de multa.<\/p>\n<p>Ap\u00f3s a lavratura do auto de pris\u00e3o em flagrante, os presos foram encaminhados \u00e0 carceragem da DCCP.<\/p>\n<p>O nome \u201cOpera\u00e7\u00e3o Neg\u00f3cio de Fam\u00edlia\u201d faz refer\u00eancia aos elementos apurados durante a investiga\u00e7\u00e3o, que indicaram a atua\u00e7\u00e3o de integrantes de um mesmo n\u00facleo familiar na guarda de entorpecentes e na din\u00e2mica do tr\u00e1fico de drogas na regi\u00e3o investigada.<\/p>\n<p><strong>Assista aos v\u00eddeos:<\/strong><\/p>\n<div style=\"width: 740px;\" class=\"wp-video\"><video class=\"wp-video-shortcode\" id=\"video-386798-1\" width=\"740\" height=\"417\" preload=\"metadata\" controls=\"controls\"><source type=\"video\/mp4\" src=\"https:\/\/www.notibras.com\/site\/wp-content\/uploads\/2026\/03\/WhatsApp-Video-2026-03-13-at-11.09.25-1-1.mp4?_=1\" \/><a href=\"https:\/\/www.notibras.com\/site\/wp-content\/uploads\/2026\/03\/WhatsApp-Video-2026-03-13-at-11.09.25-1-1.mp4\">https:\/\/www.notibras.com\/site\/wp-content\/uploads\/2026\/03\/WhatsApp-Video-2026-03-13-at-11.09.25-1-1.mp4<\/a><\/video><\/div>\n<div style=\"width: 740px;\" class=\"wp-video\"><video class=\"wp-video-shortcode\" id=\"video-386798-2\" width=\"740\" height=\"417\" preload=\"metadata\" controls=\"controls\"><source type=\"video\/mp4\" src=\"https:\/\/www.notibras.com\/site\/wp-content\/uploads\/2026\/03\/WhatsApp-Video-2026-03-13-at-11.09.25-2.mp4?_=2\" \/><a href=\"https:\/\/www.notibras.com\/site\/wp-content\/uploads\/2026\/03\/WhatsApp-Video-2026-03-13-at-11.09.25-2.mp4\">https:\/\/www.notibras.com\/site\/wp-content\/uploads\/2026\/03\/WhatsApp-Video-2026-03-13-at-11.09.25-2.mp4<\/a><\/video><\/div>\n","protected":false},"excerpt":{"rendered":"<p>A Pol\u00edcia Civil do Distrito Federal, por meio da 15\u00aa Delegacia de Pol\u00edcia, deflagrou na manh\u00e3 desta sexta (13) a opera\u00e7\u00e3o policial \u201cNeg\u00f3cio de Fam\u00edlia\u201d, destinada ao cumprimento de tr\u00eas mandados de busca e apreens\u00e3o na regi\u00e3o da QNN 05, em Ceil\u00e2ndia\/DF, no \u00e2mbito de investiga\u00e7\u00e3o que apura a pr\u00e1tica de disparo de arma de [&hellip;]<\/p>\n","protected":false},"author":21,"featured_media":386799,"comment_status":"closed","ping_status":"closed","sticky":false,"template":"","format":"standard","meta":{"_acf_changed":false,"footnotes":""},"categories":[161],"tags":[],"class_list":["post-386798","post","type-post","status-publish","format-standard","has-post-thumbnail","hentry","category-quadradinho-em-foco"],"acf":[],"yoast_head":"<!-- This site is optimized with the Yoast SEO plugin v27.2 - https:\/\/yoast.com\/product\/yoast-seo-wordpress\/ -->\n<title>Coca\u00edna avaliada em 200 mil \u00e9 retirada de circula\u00e7\u00e3o pela Pol\u00edcia Civil - Notibras<\/title>\n<meta name=\"robots\" content=\"index, follow, max-snippet:-1, max-image-preview:large, max-video-preview:-1\" \/>\n<link rel=\"canonical\" href=\"https:\/\/www.notibras.com\/site\/cocaina-avaliada-em-r-200-mil-e-retirada-de-circulacao-pela-policia-civil\/\" \/>\n<meta property=\"og:locale\" content=\"pt_BR\" \/>\n<meta property=\"og:type\" content=\"article\" \/>\n<meta property=\"og:title\" content=\"Coca\u00edna avaliada em 200 mil \u00e9 retirada de circula\u00e7\u00e3o pela Pol\u00edcia Civil - Notibras\" \/>\n<meta property=\"og:description\" content=\"A Pol\u00edcia Civil do Distrito Federal, por meio da 15\u00aa Delegacia de Pol\u00edcia, deflagrou na manh\u00e3 desta sexta (13) a opera\u00e7\u00e3o policial \u201cNeg\u00f3cio de Fam\u00edlia\u201d, destinada ao cumprimento de tr\u00eas mandados de busca e apreens\u00e3o na regi\u00e3o da QNN 05, em Ceil\u00e2ndia\/DF, no \u00e2mbito de investiga\u00e7\u00e3o que apura a pr\u00e1tica de disparo de arma de [&hellip;]\" \/>\n<meta property=\"og:url\" content=\"https:\/\/www.notibras.com\/site\/cocaina-avaliada-em-r-200-mil-e-retirada-de-circulacao-pela-policia-civil\/\" \/>\n<meta property=\"og:site_name\" content=\"Notibras\" \/>\n<meta property=\"article:publisher\" content=\"https:\/\/www.facebook.com\/notibras\/\" \/>\n<meta property=\"article:published_time\" content=\"2026-03-13T14:38:03+00:00\" \/>\n<meta property=\"article:modified_time\" content=\"2026-03-13T15:59:13+00:00\" \/>\n<meta property=\"og:image\" content=\"https:\/\/www.notibras.com\/site\/wp-content\/uploads\/2026\/03\/WhatsApp-Image-2026-03-13-at-11.09.27.jpeg\" \/>\n\t<meta property=\"og:image:width\" content=\"1280\" \/>\n\t<meta property=\"og:image:height\" content=\"720\" \/>\n\t<meta property=\"og:image:type\" content=\"image\/jpeg\" \/>\n<meta name=\"author\" content=\"Eduardo Mart\u00ednez\" \/>\n<meta name=\"twitter:card\" content=\"summary_large_image\" \/>\n<meta name=\"twitter:creator\" content=\"@Notibras\" \/>\n<meta name=\"twitter:site\" content=\"@Notibras\" \/>\n<meta name=\"twitter:label1\" content=\"Escrito por\" \/>\n\t<meta name=\"twitter:data1\" content=\"Eduardo Mart\u00ednez\" \/>\n\t<meta name=\"twitter:label2\" content=\"Est. tempo de leitura\" \/>\n\t<meta name=\"twitter:data2\" content=\"3 minutos\" \/>\n<script type=\"application\/ld+json\" class=\"yoast-schema-graph\">{\"@context\":\"https:\/\/schema.org\",\"@graph\":[{\"@type\":\"Article\",\"@id\":\"https:\/\/www.notibras.com\/site\/cocaina-avaliada-em-r-200-mil-e-retirada-de-circulacao-pela-policia-civil\/#article\",\"isPartOf\":{\"@id\":\"https:\/\/www.notibras.com\/site\/cocaina-avaliada-em-r-200-mil-e-retirada-de-circulacao-pela-policia-civil\/\"},\"author\":{\"name\":\"Eduardo Mart\u00ednez\",\"@id\":\"https:\/\/www.notibras.com\/site\/#\/schema\/person\/5b7fabf2aedc3ada2105f03b22b4d3dd\"},\"headline\":\"Coca\u00edna avaliada em 200 mil \u00e9 retirada de circula\u00e7\u00e3o pela Pol\u00edcia Civil\",\"datePublished\":\"2026-03-13T14:38:03+00:00\",\"dateModified\":\"2026-03-13T15:59:13+00:00\",\"mainEntityOfPage\":{\"@id\":\"https:\/\/www.notibras.com\/site\/cocaina-avaliada-em-r-200-mil-e-retirada-de-circulacao-pela-policia-civil\/\"},\"wordCount\":525,\"publisher\":{\"@id\":\"https:\/\/www.notibras.com\/site\/#organization\"},\"image\":{\"@id\":\"https:\/\/www.notibras.com\/site\/cocaina-avaliada-em-r-200-mil-e-retirada-de-circulacao-pela-policia-civil\/#primaryimage\"},\"thumbnailUrl\":\"https:\/\/www.notibras.com\/site\/wp-content\/uploads\/2026\/03\/WhatsApp-Image-2026-03-13-at-11.09.27.jpeg\",\"articleSection\":[\"Quadradinho em Foco\"],\"inLanguage\":\"pt-BR\"},{\"@type\":\"WebPage\",\"@id\":\"https:\/\/www.notibras.com\/site\/cocaina-avaliada-em-r-200-mil-e-retirada-de-circulacao-pela-policia-civil\/\",\"url\":\"https:\/\/www.notibras.com\/site\/cocaina-avaliada-em-r-200-mil-e-retirada-de-circulacao-pela-policia-civil\/\",\"name\":\"Coca\u00edna avaliada em 200 mil \u00e9 retirada de circula\u00e7\u00e3o pela Pol\u00edcia Civil - Notibras\",\"isPartOf\":{\"@id\":\"https:\/\/www.notibras.com\/site\/#website\"},\"primaryImageOfPage\":{\"@id\":\"https:\/\/www.notibras.com\/site\/cocaina-avaliada-em-r-200-mil-e-retirada-de-circulacao-pela-policia-civil\/#primaryimage\"},\"image\":{\"@id\":\"https:\/\/www.notibras.com\/site\/cocaina-avaliada-em-r-200-mil-e-retirada-de-circulacao-pela-policia-civil\/#primaryimage\"},\"thumbnailUrl\":\"https:\/\/www.notibras.com\/site\/wp-content\/uploads\/2026\/03\/WhatsApp-Image-2026-03-13-at-11.09.27.jpeg\",\"datePublished\":\"2026-03-13T14:38:03+00:00\",\"dateModified\":\"2026-03-13T15:59:13+00:00\",\"breadcrumb\":{\"@id\":\"https:\/\/www.notibras.com\/site\/cocaina-avaliada-em-r-200-mil-e-retirada-de-circulacao-pela-policia-civil\/#breadcrumb\"},\"inLanguage\":\"pt-BR\",\"potentialAction\":[{\"@type\":\"ReadAction\",\"target\":[\"https:\/\/www.notibras.com\/site\/cocaina-avaliada-em-r-200-mil-e-retirada-de-circulacao-pela-policia-civil\/\"]}]},{\"@type\":\"ImageObject\",\"inLanguage\":\"pt-BR\",\"@id\":\"https:\/\/www.notibras.com\/site\/cocaina-avaliada-em-r-200-mil-e-retirada-de-circulacao-pela-policia-civil\/#primaryimage\",\"url\":\"https:\/\/www.notibras.com\/site\/wp-content\/uploads\/2026\/03\/WhatsApp-Image-2026-03-13-at-11.09.27.jpeg\",\"contentUrl\":\"https:\/\/www.notibras.com\/site\/wp-content\/uploads\/2026\/03\/WhatsApp-Image-2026-03-13-at-11.09.27.jpeg\",\"width\":1280,\"height\":720},{\"@type\":\"BreadcrumbList\",\"@id\":\"https:\/\/www.notibras.com\/site\/cocaina-avaliada-em-r-200-mil-e-retirada-de-circulacao-pela-policia-civil\/#breadcrumb\",\"itemListElement\":[{\"@type\":\"ListItem\",\"position\":1,\"name\":\"In\u00edcio\",\"item\":\"https:\/\/www.notibras.com\/site\/\"},{\"@type\":\"ListItem\",\"position\":2,\"name\":\"Coca\u00edna avaliada em 200 mil \u00e9 retirada de circula\u00e7\u00e3o pela Pol\u00edcia Civil\"}]},{\"@type\":\"WebSite\",\"@id\":\"https:\/\/www.notibras.com\/site\/#website\",\"url\":\"https:\/\/www.notibras.com\/site\/\",\"name\":\"Notibras\",\"description\":\"Not\u00edcias de Bras\u00edlia, do Brasil e do Mundo\",\"publisher\":{\"@id\":\"https:\/\/www.notibras.com\/site\/#organization\"},\"potentialAction\":[{\"@type\":\"SearchAction\",\"target\":{\"@type\":\"EntryPoint\",\"urlTemplate\":\"https:\/\/www.notibras.com\/site\/?s={search_term_string}\"},\"query-input\":{\"@type\":\"PropertyValueSpecification\",\"valueRequired\":true,\"valueName\":\"search_term_string\"}}],\"inLanguage\":\"pt-BR\"},{\"@type\":\"Organization\",\"@id\":\"https:\/\/www.notibras.com\/site\/#organization\",\"name\":\"Grupo Notibras de Comunica\u00e7\u00e3o\",\"url\":\"https:\/\/www.notibras.com\/site\/\",\"logo\":{\"@type\":\"ImageObject\",\"inLanguage\":\"pt-BR\",\"@id\":\"https:\/\/www.notibras.com\/site\/#\/schema\/logo\/image\/\",\"url\":\"https:\/\/www.notibras.com\/site\/wp-content\/uploads\/2023\/01\/notibras23.png\",\"contentUrl\":\"https:\/\/www.notibras.com\/site\/wp-content\/uploads\/2023\/01\/notibras23.png\",\"width\":350,\"height\":87,\"caption\":\"Grupo Notibras de Comunica\u00e7\u00e3o\"},\"image\":{\"@id\":\"https:\/\/www.notibras.com\/site\/#\/schema\/logo\/image\/\"},\"sameAs\":[\"https:\/\/www.facebook.com\/notibras\/\",\"https:\/\/x.com\/Notibras\",\"https:\/\/www.instagram.com\/notibras\/\"]},{\"@type\":\"Person\",\"@id\":\"https:\/\/www.notibras.com\/site\/#\/schema\/person\/5b7fabf2aedc3ada2105f03b22b4d3dd\",\"name\":\"Eduardo Mart\u00ednez\",\"image\":{\"@type\":\"ImageObject\",\"inLanguage\":\"pt-BR\",\"@id\":\"https:\/\/secure.gravatar.com\/avatar\/7902f906289926289cbcda644b5197c796b893c6ffd7b9a536a42d290f7704a0?s=96&d=mm&r=g\",\"url\":\"https:\/\/secure.gravatar.com\/avatar\/7902f906289926289cbcda644b5197c796b893c6ffd7b9a536a42d290f7704a0?s=96&d=mm&r=g\",\"contentUrl\":\"https:\/\/secure.gravatar.com\/avatar\/7902f906289926289cbcda644b5197c796b893c6ffd7b9a536a42d290f7704a0?s=96&d=mm&r=g\",\"caption\":\"Eduardo Mart\u00ednez\"}}]}<\/script>\n<!-- \/ Yoast SEO plugin. -->","yoast_head_json":{"title":"Coca\u00edna avaliada em 200 mil \u00e9 retirada de circula\u00e7\u00e3o pela Pol\u00edcia Civil - Notibras","robots":{"index":"index","follow":"follow","max-snippet":"max-snippet:-1","max-image-preview":"max-image-preview:large","max-video-preview":"max-video-preview:-1"},"canonical":"https:\/\/www.notibras.com\/site\/cocaina-avaliada-em-r-200-mil-e-retirada-de-circulacao-pela-policia-civil\/","og_locale":"pt_BR","og_type":"article","og_title":"Coca\u00edna avaliada em 200 mil \u00e9 retirada de circula\u00e7\u00e3o pela Pol\u00edcia Civil - Notibras","og_description":"A Pol\u00edcia Civil do Distrito Federal, por meio da 15\u00aa Delegacia de Pol\u00edcia, deflagrou na manh\u00e3 desta sexta (13) a opera\u00e7\u00e3o policial \u201cNeg\u00f3cio de Fam\u00edlia\u201d, destinada ao cumprimento de tr\u00eas mandados de busca e apreens\u00e3o na regi\u00e3o da QNN 05, em Ceil\u00e2ndia\/DF, no \u00e2mbito de investiga\u00e7\u00e3o que apura a pr\u00e1tica de disparo de arma de [&hellip;]","og_url":"https:\/\/www.notibras.com\/site\/cocaina-avaliada-em-r-200-mil-e-retirada-de-circulacao-pela-policia-civil\/","og_site_name":"Notibras","article_publisher":"https:\/\/www.facebook.com\/notibras\/","article_published_time":"2026-03-13T14:38:03+00:00","article_modified_time":"2026-03-13T15:59:13+00:00","og_image":[{"width":1280,"height":720,"url":"https:\/\/www.notibras.com\/site\/wp-content\/uploads\/2026\/03\/WhatsApp-Image-2026-03-13-at-11.09.27.jpeg","type":"image\/jpeg"}],"author":"Eduardo Mart\u00ednez","twitter_card":"summary_large_image","twitter_creator":"@Notibras","twitter_site":"@Notibras","twitter_misc":{"Escrito por":"Eduardo Mart\u00ednez","Est. tempo de leitura":"3 minutos"},"schema":{"@context":"https:\/\/schema.org","@graph":[{"@type":"Article","@id":"https:\/\/www.notibras.com\/site\/cocaina-avaliada-em-r-200-mil-e-retirada-de-circulacao-pela-policia-civil\/#article","isPartOf":{"@id":"https:\/\/www.notibras.com\/site\/cocaina-avaliada-em-r-200-mil-e-retirada-de-circulacao-pela-policia-civil\/"},"author":{"name":"Eduardo Mart\u00ednez","@id":"https:\/\/www.notibras.com\/site\/#\/schema\/person\/5b7fabf2aedc3ada2105f03b22b4d3dd"},"headline":"Coca\u00edna avaliada em 200 mil \u00e9 retirada de circula\u00e7\u00e3o pela Pol\u00edcia Civil","datePublished":"2026-03-13T14:38:03+00:00","dateModified":"2026-03-13T15:59:13+00:00","mainEntityOfPage":{"@id":"https:\/\/www.notibras.com\/site\/cocaina-avaliada-em-r-200-mil-e-retirada-de-circulacao-pela-policia-civil\/"},"wordCount":525,"publisher":{"@id":"https:\/\/www.notibras.com\/site\/#organization"},"image":{"@id":"https:\/\/www.notibras.com\/site\/cocaina-avaliada-em-r-200-mil-e-retirada-de-circulacao-pela-policia-civil\/#primaryimage"},"thumbnailUrl":"https:\/\/www.notibras.com\/site\/wp-content\/uploads\/2026\/03\/WhatsApp-Image-2026-03-13-at-11.09.27.jpeg","articleSection":["Quadradinho em Foco"],"inLanguage":"pt-BR"},{"@type":"WebPage","@id":"https:\/\/www.notibras.com\/site\/cocaina-avaliada-em-r-200-mil-e-retirada-de-circulacao-pela-policia-civil\/","url":"https:\/\/www.notibras.com\/site\/cocaina-avaliada-em-r-200-mil-e-retirada-de-circulacao-pela-policia-civil\/","name":"Coca\u00edna avaliada em 200 mil \u00e9 retirada de circula\u00e7\u00e3o pela Pol\u00edcia Civil - Notibras","isPartOf":{"@id":"https:\/\/www.notibras.com\/site\/#website"},"primaryImageOfPage":{"@id":"https:\/\/www.notibras.com\/site\/cocaina-avaliada-em-r-200-mil-e-retirada-de-circulacao-pela-policia-civil\/#primaryimage"},"image":{"@id":"https:\/\/www.notibras.com\/site\/cocaina-avaliada-em-r-200-mil-e-retirada-de-circulacao-pela-policia-civil\/#primaryimage"},"thumbnailUrl":"https:\/\/www.notibras.com\/site\/wp-content\/uploads\/2026\/03\/WhatsApp-Image-2026-03-13-at-11.09.27.jpeg","datePublished":"2026-03-13T14:38:03+00:00","dateModified":"2026-03-13T15:59:13+00:00","breadcrumb":{"@id":"https:\/\/www.notibras.com\/site\/cocaina-avaliada-em-r-200-mil-e-retirada-de-circulacao-pela-policia-civil\/#breadcrumb"},"inLanguage":"pt-BR","potentialAction":[{"@type":"ReadAction","target":["https:\/\/www.notibras.com\/site\/cocaina-avaliada-em-r-200-mil-e-retirada-de-circulacao-pela-policia-civil\/"]}]},{"@type":"ImageObject","inLanguage":"pt-BR","@id":"https:\/\/www.notibras.com\/site\/cocaina-avaliada-em-r-200-mil-e-retirada-de-circulacao-pela-policia-civil\/#primaryimage","url":"https:\/\/www.notibras.com\/site\/wp-content\/uploads\/2026\/03\/WhatsApp-Image-2026-03-13-at-11.09.27.jpeg","contentUrl":"https:\/\/www.notibras.com\/site\/wp-content\/uploads\/2026\/03\/WhatsApp-Image-2026-03-13-at-11.09.27.jpeg","width":1280,"height":720},{"@type":"BreadcrumbList","@id":"https:\/\/www.notibras.com\/site\/cocaina-avaliada-em-r-200-mil-e-retirada-de-circulacao-pela-policia-civil\/#breadcrumb","itemListElement":[{"@type":"ListItem","position":1,"name":"In\u00edcio","item":"https:\/\/www.notibras.com\/site\/"},{"@type":"ListItem","position":2,"name":"Coca\u00edna avaliada em 200 mil \u00e9 retirada de circula\u00e7\u00e3o pela Pol\u00edcia Civil"}]},{"@type":"WebSite","@id":"https:\/\/www.notibras.com\/site\/#website","url":"https:\/\/www.notibras.com\/site\/","name":"Notibras","description":"Not\u00edcias de Bras\u00edlia, do Brasil e do Mundo","publisher":{"@id":"https:\/\/www.notibras.com\/site\/#organization"},"potentialAction":[{"@type":"SearchAction","target":{"@type":"EntryPoint","urlTemplate":"https:\/\/www.notibras.com\/site\/?s={search_term_string}"},"query-input":{"@type":"PropertyValueSpecification","valueRequired":true,"valueName":"search_term_string"}}],"inLanguage":"pt-BR"},{"@type":"Organization","@id":"https:\/\/www.notibras.com\/site\/#organization","name":"Grupo Notibras de Comunica\u00e7\u00e3o","url":"https:\/\/www.notibras.com\/site\/","logo":{"@type":"ImageObject","inLanguage":"pt-BR","@id":"https:\/\/www.notibras.com\/site\/#\/schema\/logo\/image\/","url":"https:\/\/www.notibras.com\/site\/wp-content\/uploads\/2023\/01\/notibras23.png","contentUrl":"https:\/\/www.notibras.com\/site\/wp-content\/uploads\/2023\/01\/notibras23.png","width":350,"height":87,"caption":"Grupo Notibras de Comunica\u00e7\u00e3o"},"image":{"@id":"https:\/\/www.notibras.com\/site\/#\/schema\/logo\/image\/"},"sameAs":["https:\/\/www.facebook.com\/notibras\/","https:\/\/x.com\/Notibras","https:\/\/www.instagram.com\/notibras\/"]},{"@type":"Person","@id":"https:\/\/www.notibras.com\/site\/#\/schema\/person\/5b7fabf2aedc3ada2105f03b22b4d3dd","name":"Eduardo Mart\u00ednez","image":{"@type":"ImageObject","inLanguage":"pt-BR","@id":"https:\/\/secure.gravatar.com\/avatar\/7902f906289926289cbcda644b5197c796b893c6ffd7b9a536a42d290f7704a0?s=96&d=mm&r=g","url":"https:\/\/secure.gravatar.com\/avatar\/7902f906289926289cbcda644b5197c796b893c6ffd7b9a536a42d290f7704a0?s=96&d=mm&r=g","contentUrl":"https:\/\/secure.gravatar.com\/avatar\/7902f906289926289cbcda644b5197c796b893c6ffd7b9a536a42d290f7704a0?s=96&d=mm&r=g","caption":"Eduardo Mart\u00ednez"}}]}},"amp_enabled":true,"_links":{"self":[{"href":"https:\/\/www.notibras.com\/site\/wp-json\/wp\/v2\/posts\/386798","targetHints":{"allow":["GET"]}}],"collection":[{"href":"https:\/\/www.notibras.com\/site\/wp-json\/wp\/v2\/posts"}],"about":[{"href":"https:\/\/www.notibras.com\/site\/wp-json\/wp\/v2\/types\/post"}],"author":[{"embeddable":true,"href":"https:\/\/www.notibras.com\/site\/wp-json\/wp\/v2\/users\/21"}],"replies":[{"embeddable":true,"href":"https:\/\/www.notibras.com\/site\/wp-json\/wp\/v2\/comments?post=386798"}],"version-history":[{"count":3,"href":"https:\/\/www.notibras.com\/site\/wp-json\/wp\/v2\/posts\/386798\/revisions"}],"predecessor-version":[{"id":386817,"href":"https:\/\/www.notibras.com\/site\/wp-json\/wp\/v2\/posts\/386798\/revisions\/386817"}],"wp:featuredmedia":[{"embeddable":true,"href":"https:\/\/www.notibras.com\/site\/wp-json\/wp\/v2\/media\/386799"}],"wp:attachment":[{"href":"https:\/\/www.notibras.com\/site\/wp-json\/wp\/v2\/media?parent=386798"}],"wp:term":[{"taxonomy":"category","embeddable":true,"href":"https:\/\/www.notibras.com\/site\/wp-json\/wp\/v2\/categories?post=386798"},{"taxonomy":"post_tag","embeddable":true,"href":"https:\/\/www.notibras.com\/site\/wp-json\/wp\/v2\/tags?post=386798"}],"curies":[{"name":"wp","href":"https:\/\/api.w.org\/{rel}","templated":true}]}}