{"id":386813,"date":"2026-03-14T01:00:40","date_gmt":"2026-03-14T04:00:40","guid":{"rendered":"https:\/\/www.notibras.com\/site\/?p=386813"},"modified":"2026-03-13T12:52:00","modified_gmt":"2026-03-13T15:52:00","slug":"sua-historia-e-voce","status":"publish","type":"post","link":"https:\/\/www.notibras.com\/site\/sua-historia-e-voce\/","title":{"rendered":"Sua hist\u00f3ria \u00e9 voc\u00ea"},"content":{"rendered":"<p>Durante um certo per\u00edodo da minha vida, todos diziam:<\/p>\n<p>\u2014 Ah, mas o primeiro a gente nunca esquece.<\/p>\n<p>Acho que isso aconteceu no final do meu casamento; faziam refer\u00eancia ao primeiro beijo, ao primeiro amor e a outras coisas que, hoje imagino, estavam todas ligadas a um homem. Por muito tempo, achei essa ideia idiota. Sei que algumas coisas marcam, mas n\u00e3o essas \u2014 a menos que tenham tido real import\u00e2ncia, e sabemos que, na maioria das vezes, n\u00e3o t\u00eam.<\/p>\n<p>Mas hoje, por alguma raz\u00e3o desconhecida, minha caixinha de lembran\u00e7as se abriu e me recordei de duas coisas que, sim, foram as primeiras e permanecem inesquec\u00edveis. N\u00e3o pela pe\u00e7a em si, mas pela hist\u00f3ria por tr\u00e1s dela.<\/p>\n<p>A primeira recorda\u00e7\u00e3o foi o meu primeiro suti\u00e3&#8230; ou melhor dizendo, os meus primeiros. Minha av\u00f3 materna era muito atenta \u00e0s mulheres da fam\u00edlia. Como uma verdadeira matriarca, cuidava de todos e, percebendo as mudan\u00e7as no meu corpo, chamou-me ao seu quarto. Faltava um m\u00eas para eu completar doze anos. Com seu jeitinho carinhoso, ela abriu uma sacola comum de uma loja simples e de l\u00e1 retirou tr\u00eas conjuntos de calcinha e suti\u00e3 \u201cmenina-mo\u00e7a\u201d: dois amarelos e um rosa. Guardei na mem\u00f3ria o carinho e o cuidado; n\u00e3o a pe\u00e7a, mas o amor que ela representava.<\/p>\n<p>No final do ano seguinte, j\u00e1 morando em outra cidade, a escola marcou um passeio: uma ida \u00e0 praia de Pi\u00fama. Para meus colegas, era algo normal; cresceram a apenas 40 quil\u00f4metros do mar e iam sempre que podiam. Para mim, era uma novidade absoluta. Algumas vezes, minha av\u00f3 paterna havia me confidenciado o desejo imenso de conhecer o oceano.<\/p>\n<p>Sem dinheiro, pedi um biqu\u00edni emprestado. Lembro-me de me vestir sentindo vergonha de tirar a roupa diante de toda a turma, mas, ao parar diante do mar, o encanto levou de mim qualquer receio. Por algum tempo, esqueci at\u00e9 mesmo das conversas com minha av\u00f3. Anos depois, minha mem\u00f3ria ainda guarda aquele biqu\u00edni branco de bolinhas vermelhas emprestado e a conversa que tive com ela no meu retorno.<\/p>\n<p>Quando me pergunto o que quero e quem sou, sempre penso no que \u00e9 importante de verdade: o material ou o sentimental. N\u00e3o sou uma pessoa materialista e hoje observo, com tristeza, as pessoas perdendo a humanidade. J\u00e1 n\u00e3o sabemos mais elogiar, cuidar ou dizer que amamos. Enquanto isso, valorizamos excessivamente o que \u00e9 tang\u00edvel e nos sentimos impotentes diante de uma realidade que nos exige, cada vez mais, dureza, poder e excesso.<\/p>\n<p><strong>&#8230;&#8230;&#8230;&#8230;&#8230;&#8230;&#8230;&#8230;&#8230;&#8230;..<\/strong><\/p>\n<p><strong>M\u00e9rcia Souza \u00e9 escritora, cronista e colunista de jornais e revistas. Com tr\u00eas livros publicados e participa\u00e7\u00e3o em diversas antologias, encontra na escrita o f\u00f4lego para registrar o cotidiano. M\u00e3e e av\u00f3 dedicada, \u00e9 apaixonada pela natureza e divide seu tempo entre a contempla\u00e7\u00e3o do mar e o desafio das montanhas. Atualmente, reside em Cachoeiro de Itapemirim (ES), de onde extrai inspira\u00e7\u00e3o para suas pr\u00f3ximas narrativas.<\/strong><\/p>\n","protected":false},"excerpt":{"rendered":"<p>Durante um certo per\u00edodo da minha vida, todos diziam: \u2014 Ah, mas o primeiro a gente nunca esquece. Acho que isso aconteceu no final do meu casamento; faziam refer\u00eancia ao primeiro beijo, ao primeiro amor e a outras coisas que, hoje imagino, estavam todas ligadas a um homem. Por muito tempo, achei essa ideia idiota. [&hellip;]<\/p>\n","protected":false},"author":21,"featured_media":386815,"comment_status":"closed","ping_status":"closed","sticky":false,"template":"","format":"standard","meta":{"_acf_changed":false,"footnotes":""},"categories":[234],"tags":[],"class_list":["post-386813","post","type-post","status-publish","format-standard","has-post-thumbnail","hentry","category-cafe-literario"],"acf":[],"yoast_head":"<!-- This site is optimized with the Yoast SEO plugin v27.2 - https:\/\/yoast.com\/product\/yoast-seo-wordpress\/ -->\n<title>Sua hist\u00f3ria \u00e9 voc\u00ea - Notibras<\/title>\n<meta name=\"robots\" content=\"index, follow, max-snippet:-1, max-image-preview:large, max-video-preview:-1\" \/>\n<link rel=\"canonical\" href=\"https:\/\/www.notibras.com\/site\/sua-historia-e-voce\/\" \/>\n<meta property=\"og:locale\" content=\"pt_BR\" \/>\n<meta property=\"og:type\" content=\"article\" \/>\n<meta property=\"og:title\" content=\"Sua hist\u00f3ria \u00e9 voc\u00ea - Notibras\" \/>\n<meta property=\"og:description\" content=\"Durante um certo per\u00edodo da minha vida, todos diziam: \u2014 Ah, mas o primeiro a gente nunca esquece. Acho que isso aconteceu no final do meu casamento; faziam refer\u00eancia ao primeiro beijo, ao primeiro amor e a outras coisas que, hoje imagino, estavam todas ligadas a um homem. Por muito tempo, achei essa ideia idiota. [&hellip;]\" \/>\n<meta property=\"og:url\" content=\"https:\/\/www.notibras.com\/site\/sua-historia-e-voce\/\" \/>\n<meta property=\"og:site_name\" content=\"Notibras\" \/>\n<meta property=\"article:publisher\" content=\"https:\/\/www.facebook.com\/notibras\/\" \/>\n<meta property=\"article:published_time\" content=\"2026-03-14T04:00:40+00:00\" \/>\n<meta property=\"og:image\" content=\"https:\/\/www.notibras.com\/site\/wp-content\/uploads\/2026\/03\/WhatsApp-Image-2026-03-13-at-12.50.58.jpeg\" \/>\n\t<meta property=\"og:image:width\" content=\"810\" \/>\n\t<meta property=\"og:image:height\" content=\"1440\" \/>\n\t<meta property=\"og:image:type\" content=\"image\/jpeg\" \/>\n<meta name=\"author\" content=\"Eduardo Mart\u00ednez\" \/>\n<meta name=\"twitter:card\" content=\"summary_large_image\" \/>\n<meta name=\"twitter:creator\" content=\"@Notibras\" \/>\n<meta name=\"twitter:site\" content=\"@Notibras\" \/>\n<meta name=\"twitter:label1\" content=\"Escrito por\" \/>\n\t<meta name=\"twitter:data1\" content=\"Eduardo Mart\u00ednez\" \/>\n\t<meta name=\"twitter:label2\" content=\"Est. tempo de leitura\" \/>\n\t<meta name=\"twitter:data2\" content=\"3 minutos\" \/>\n<script type=\"application\/ld+json\" class=\"yoast-schema-graph\">{\"@context\":\"https:\/\/schema.org\",\"@graph\":[{\"@type\":\"Article\",\"@id\":\"https:\/\/www.notibras.com\/site\/sua-historia-e-voce\/#article\",\"isPartOf\":{\"@id\":\"https:\/\/www.notibras.com\/site\/sua-historia-e-voce\/\"},\"author\":{\"name\":\"Eduardo Mart\u00ednez\",\"@id\":\"https:\/\/www.notibras.com\/site\/#\/schema\/person\/5b7fabf2aedc3ada2105f03b22b4d3dd\"},\"headline\":\"Sua hist\u00f3ria \u00e9 voc\u00ea\",\"datePublished\":\"2026-03-14T04:00:40+00:00\",\"mainEntityOfPage\":{\"@id\":\"https:\/\/www.notibras.com\/site\/sua-historia-e-voce\/\"},\"wordCount\":514,\"publisher\":{\"@id\":\"https:\/\/www.notibras.com\/site\/#organization\"},\"image\":{\"@id\":\"https:\/\/www.notibras.com\/site\/sua-historia-e-voce\/#primaryimage\"},\"thumbnailUrl\":\"https:\/\/www.notibras.com\/site\/wp-content\/uploads\/2026\/03\/WhatsApp-Image-2026-03-13-at-12.50.58.jpeg\",\"articleSection\":[\"Caf\u00e9 Liter\u00e1rio\"],\"inLanguage\":\"pt-BR\"},{\"@type\":\"WebPage\",\"@id\":\"https:\/\/www.notibras.com\/site\/sua-historia-e-voce\/\",\"url\":\"https:\/\/www.notibras.com\/site\/sua-historia-e-voce\/\",\"name\":\"Sua hist\u00f3ria \u00e9 voc\u00ea - Notibras\",\"isPartOf\":{\"@id\":\"https:\/\/www.notibras.com\/site\/#website\"},\"primaryImageOfPage\":{\"@id\":\"https:\/\/www.notibras.com\/site\/sua-historia-e-voce\/#primaryimage\"},\"image\":{\"@id\":\"https:\/\/www.notibras.com\/site\/sua-historia-e-voce\/#primaryimage\"},\"thumbnailUrl\":\"https:\/\/www.notibras.com\/site\/wp-content\/uploads\/2026\/03\/WhatsApp-Image-2026-03-13-at-12.50.58.jpeg\",\"datePublished\":\"2026-03-14T04:00:40+00:00\",\"breadcrumb\":{\"@id\":\"https:\/\/www.notibras.com\/site\/sua-historia-e-voce\/#breadcrumb\"},\"inLanguage\":\"pt-BR\",\"potentialAction\":[{\"@type\":\"ReadAction\",\"target\":[\"https:\/\/www.notibras.com\/site\/sua-historia-e-voce\/\"]}]},{\"@type\":\"ImageObject\",\"inLanguage\":\"pt-BR\",\"@id\":\"https:\/\/www.notibras.com\/site\/sua-historia-e-voce\/#primaryimage\",\"url\":\"https:\/\/www.notibras.com\/site\/wp-content\/uploads\/2026\/03\/WhatsApp-Image-2026-03-13-at-12.50.58.jpeg\",\"contentUrl\":\"https:\/\/www.notibras.com\/site\/wp-content\/uploads\/2026\/03\/WhatsApp-Image-2026-03-13-at-12.50.58.jpeg\",\"width\":810,\"height\":1440},{\"@type\":\"BreadcrumbList\",\"@id\":\"https:\/\/www.notibras.com\/site\/sua-historia-e-voce\/#breadcrumb\",\"itemListElement\":[{\"@type\":\"ListItem\",\"position\":1,\"name\":\"In\u00edcio\",\"item\":\"https:\/\/www.notibras.com\/site\/\"},{\"@type\":\"ListItem\",\"position\":2,\"name\":\"Sua hist\u00f3ria \u00e9 voc\u00ea\"}]},{\"@type\":\"WebSite\",\"@id\":\"https:\/\/www.notibras.com\/site\/#website\",\"url\":\"https:\/\/www.notibras.com\/site\/\",\"name\":\"Notibras\",\"description\":\"Not\u00edcias de Bras\u00edlia, do Brasil e do Mundo\",\"publisher\":{\"@id\":\"https:\/\/www.notibras.com\/site\/#organization\"},\"potentialAction\":[{\"@type\":\"SearchAction\",\"target\":{\"@type\":\"EntryPoint\",\"urlTemplate\":\"https:\/\/www.notibras.com\/site\/?s={search_term_string}\"},\"query-input\":{\"@type\":\"PropertyValueSpecification\",\"valueRequired\":true,\"valueName\":\"search_term_string\"}}],\"inLanguage\":\"pt-BR\"},{\"@type\":\"Organization\",\"@id\":\"https:\/\/www.notibras.com\/site\/#organization\",\"name\":\"Grupo Notibras de Comunica\u00e7\u00e3o\",\"url\":\"https:\/\/www.notibras.com\/site\/\",\"logo\":{\"@type\":\"ImageObject\",\"inLanguage\":\"pt-BR\",\"@id\":\"https:\/\/www.notibras.com\/site\/#\/schema\/logo\/image\/\",\"url\":\"https:\/\/www.notibras.com\/site\/wp-content\/uploads\/2023\/01\/notibras23.png\",\"contentUrl\":\"https:\/\/www.notibras.com\/site\/wp-content\/uploads\/2023\/01\/notibras23.png\",\"width\":350,\"height\":87,\"caption\":\"Grupo Notibras de Comunica\u00e7\u00e3o\"},\"image\":{\"@id\":\"https:\/\/www.notibras.com\/site\/#\/schema\/logo\/image\/\"},\"sameAs\":[\"https:\/\/www.facebook.com\/notibras\/\",\"https:\/\/x.com\/Notibras\",\"https:\/\/www.instagram.com\/notibras\/\"]},{\"@type\":\"Person\",\"@id\":\"https:\/\/www.notibras.com\/site\/#\/schema\/person\/5b7fabf2aedc3ada2105f03b22b4d3dd\",\"name\":\"Eduardo Mart\u00ednez\",\"image\":{\"@type\":\"ImageObject\",\"inLanguage\":\"pt-BR\",\"@id\":\"https:\/\/secure.gravatar.com\/avatar\/7902f906289926289cbcda644b5197c796b893c6ffd7b9a536a42d290f7704a0?s=96&d=mm&r=g\",\"url\":\"https:\/\/secure.gravatar.com\/avatar\/7902f906289926289cbcda644b5197c796b893c6ffd7b9a536a42d290f7704a0?s=96&d=mm&r=g\",\"contentUrl\":\"https:\/\/secure.gravatar.com\/avatar\/7902f906289926289cbcda644b5197c796b893c6ffd7b9a536a42d290f7704a0?s=96&d=mm&r=g\",\"caption\":\"Eduardo Mart\u00ednez\"}}]}<\/script>\n<!-- \/ Yoast SEO plugin. -->","yoast_head_json":{"title":"Sua hist\u00f3ria \u00e9 voc\u00ea - Notibras","robots":{"index":"index","follow":"follow","max-snippet":"max-snippet:-1","max-image-preview":"max-image-preview:large","max-video-preview":"max-video-preview:-1"},"canonical":"https:\/\/www.notibras.com\/site\/sua-historia-e-voce\/","og_locale":"pt_BR","og_type":"article","og_title":"Sua hist\u00f3ria \u00e9 voc\u00ea - Notibras","og_description":"Durante um certo per\u00edodo da minha vida, todos diziam: \u2014 Ah, mas o primeiro a gente nunca esquece. Acho que isso aconteceu no final do meu casamento; faziam refer\u00eancia ao primeiro beijo, ao primeiro amor e a outras coisas que, hoje imagino, estavam todas ligadas a um homem. Por muito tempo, achei essa ideia idiota. [&hellip;]","og_url":"https:\/\/www.notibras.com\/site\/sua-historia-e-voce\/","og_site_name":"Notibras","article_publisher":"https:\/\/www.facebook.com\/notibras\/","article_published_time":"2026-03-14T04:00:40+00:00","og_image":[{"width":810,"height":1440,"url":"https:\/\/www.notibras.com\/site\/wp-content\/uploads\/2026\/03\/WhatsApp-Image-2026-03-13-at-12.50.58.jpeg","type":"image\/jpeg"}],"author":"Eduardo Mart\u00ednez","twitter_card":"summary_large_image","twitter_creator":"@Notibras","twitter_site":"@Notibras","twitter_misc":{"Escrito por":"Eduardo Mart\u00ednez","Est. tempo de leitura":"3 minutos"},"schema":{"@context":"https:\/\/schema.org","@graph":[{"@type":"Article","@id":"https:\/\/www.notibras.com\/site\/sua-historia-e-voce\/#article","isPartOf":{"@id":"https:\/\/www.notibras.com\/site\/sua-historia-e-voce\/"},"author":{"name":"Eduardo Mart\u00ednez","@id":"https:\/\/www.notibras.com\/site\/#\/schema\/person\/5b7fabf2aedc3ada2105f03b22b4d3dd"},"headline":"Sua hist\u00f3ria \u00e9 voc\u00ea","datePublished":"2026-03-14T04:00:40+00:00","mainEntityOfPage":{"@id":"https:\/\/www.notibras.com\/site\/sua-historia-e-voce\/"},"wordCount":514,"publisher":{"@id":"https:\/\/www.notibras.com\/site\/#organization"},"image":{"@id":"https:\/\/www.notibras.com\/site\/sua-historia-e-voce\/#primaryimage"},"thumbnailUrl":"https:\/\/www.notibras.com\/site\/wp-content\/uploads\/2026\/03\/WhatsApp-Image-2026-03-13-at-12.50.58.jpeg","articleSection":["Caf\u00e9 Liter\u00e1rio"],"inLanguage":"pt-BR"},{"@type":"WebPage","@id":"https:\/\/www.notibras.com\/site\/sua-historia-e-voce\/","url":"https:\/\/www.notibras.com\/site\/sua-historia-e-voce\/","name":"Sua hist\u00f3ria \u00e9 voc\u00ea - Notibras","isPartOf":{"@id":"https:\/\/www.notibras.com\/site\/#website"},"primaryImageOfPage":{"@id":"https:\/\/www.notibras.com\/site\/sua-historia-e-voce\/#primaryimage"},"image":{"@id":"https:\/\/www.notibras.com\/site\/sua-historia-e-voce\/#primaryimage"},"thumbnailUrl":"https:\/\/www.notibras.com\/site\/wp-content\/uploads\/2026\/03\/WhatsApp-Image-2026-03-13-at-12.50.58.jpeg","datePublished":"2026-03-14T04:00:40+00:00","breadcrumb":{"@id":"https:\/\/www.notibras.com\/site\/sua-historia-e-voce\/#breadcrumb"},"inLanguage":"pt-BR","potentialAction":[{"@type":"ReadAction","target":["https:\/\/www.notibras.com\/site\/sua-historia-e-voce\/"]}]},{"@type":"ImageObject","inLanguage":"pt-BR","@id":"https:\/\/www.notibras.com\/site\/sua-historia-e-voce\/#primaryimage","url":"https:\/\/www.notibras.com\/site\/wp-content\/uploads\/2026\/03\/WhatsApp-Image-2026-03-13-at-12.50.58.jpeg","contentUrl":"https:\/\/www.notibras.com\/site\/wp-content\/uploads\/2026\/03\/WhatsApp-Image-2026-03-13-at-12.50.58.jpeg","width":810,"height":1440},{"@type":"BreadcrumbList","@id":"https:\/\/www.notibras.com\/site\/sua-historia-e-voce\/#breadcrumb","itemListElement":[{"@type":"ListItem","position":1,"name":"In\u00edcio","item":"https:\/\/www.notibras.com\/site\/"},{"@type":"ListItem","position":2,"name":"Sua hist\u00f3ria \u00e9 voc\u00ea"}]},{"@type":"WebSite","@id":"https:\/\/www.notibras.com\/site\/#website","url":"https:\/\/www.notibras.com\/site\/","name":"Notibras","description":"Not\u00edcias de Bras\u00edlia, do Brasil e do Mundo","publisher":{"@id":"https:\/\/www.notibras.com\/site\/#organization"},"potentialAction":[{"@type":"SearchAction","target":{"@type":"EntryPoint","urlTemplate":"https:\/\/www.notibras.com\/site\/?s={search_term_string}"},"query-input":{"@type":"PropertyValueSpecification","valueRequired":true,"valueName":"search_term_string"}}],"inLanguage":"pt-BR"},{"@type":"Organization","@id":"https:\/\/www.notibras.com\/site\/#organization","name":"Grupo Notibras de Comunica\u00e7\u00e3o","url":"https:\/\/www.notibras.com\/site\/","logo":{"@type":"ImageObject","inLanguage":"pt-BR","@id":"https:\/\/www.notibras.com\/site\/#\/schema\/logo\/image\/","url":"https:\/\/www.notibras.com\/site\/wp-content\/uploads\/2023\/01\/notibras23.png","contentUrl":"https:\/\/www.notibras.com\/site\/wp-content\/uploads\/2023\/01\/notibras23.png","width":350,"height":87,"caption":"Grupo Notibras de Comunica\u00e7\u00e3o"},"image":{"@id":"https:\/\/www.notibras.com\/site\/#\/schema\/logo\/image\/"},"sameAs":["https:\/\/www.facebook.com\/notibras\/","https:\/\/x.com\/Notibras","https:\/\/www.instagram.com\/notibras\/"]},{"@type":"Person","@id":"https:\/\/www.notibras.com\/site\/#\/schema\/person\/5b7fabf2aedc3ada2105f03b22b4d3dd","name":"Eduardo Mart\u00ednez","image":{"@type":"ImageObject","inLanguage":"pt-BR","@id":"https:\/\/secure.gravatar.com\/avatar\/7902f906289926289cbcda644b5197c796b893c6ffd7b9a536a42d290f7704a0?s=96&d=mm&r=g","url":"https:\/\/secure.gravatar.com\/avatar\/7902f906289926289cbcda644b5197c796b893c6ffd7b9a536a42d290f7704a0?s=96&d=mm&r=g","contentUrl":"https:\/\/secure.gravatar.com\/avatar\/7902f906289926289cbcda644b5197c796b893c6ffd7b9a536a42d290f7704a0?s=96&d=mm&r=g","caption":"Eduardo Mart\u00ednez"}}]}},"amp_enabled":true,"_links":{"self":[{"href":"https:\/\/www.notibras.com\/site\/wp-json\/wp\/v2\/posts\/386813","targetHints":{"allow":["GET"]}}],"collection":[{"href":"https:\/\/www.notibras.com\/site\/wp-json\/wp\/v2\/posts"}],"about":[{"href":"https:\/\/www.notibras.com\/site\/wp-json\/wp\/v2\/types\/post"}],"author":[{"embeddable":true,"href":"https:\/\/www.notibras.com\/site\/wp-json\/wp\/v2\/users\/21"}],"replies":[{"embeddable":true,"href":"https:\/\/www.notibras.com\/site\/wp-json\/wp\/v2\/comments?post=386813"}],"version-history":[{"count":2,"href":"https:\/\/www.notibras.com\/site\/wp-json\/wp\/v2\/posts\/386813\/revisions"}],"predecessor-version":[{"id":386816,"href":"https:\/\/www.notibras.com\/site\/wp-json\/wp\/v2\/posts\/386813\/revisions\/386816"}],"wp:featuredmedia":[{"embeddable":true,"href":"https:\/\/www.notibras.com\/site\/wp-json\/wp\/v2\/media\/386815"}],"wp:attachment":[{"href":"https:\/\/www.notibras.com\/site\/wp-json\/wp\/v2\/media?parent=386813"}],"wp:term":[{"taxonomy":"category","embeddable":true,"href":"https:\/\/www.notibras.com\/site\/wp-json\/wp\/v2\/categories?post=386813"},{"taxonomy":"post_tag","embeddable":true,"href":"https:\/\/www.notibras.com\/site\/wp-json\/wp\/v2\/tags?post=386813"}],"curies":[{"name":"wp","href":"https:\/\/api.w.org\/{rel}","templated":true}]}}