{"id":386822,"date":"2026-03-13T13:00:19","date_gmt":"2026-03-13T16:00:19","guid":{"rendered":"https:\/\/www.notibras.com\/site\/?p=386822"},"modified":"2026-03-13T13:22:38","modified_gmt":"2026-03-13T16:22:38","slug":"petrobras-aumenta-preco-do-diesel-em-038-por-litro","status":"publish","type":"post","link":"https:\/\/www.notibras.com\/site\/petrobras-aumenta-preco-do-diesel-em-038-por-litro\/","title":{"rendered":"Petrobras aumenta pre\u00e7o do diesel em 0,38 por litro"},"content":{"rendered":"<p>A Petrobras anunciou no fim da manh\u00e3 desta sexta-feira (13) que vai reajustar o valor do \u00f3leo diesel vendido \u00e0s distribuidoras em R$ 0,38 por litro. O novo pre\u00e7o passa a valer a partir de s\u00e1bado (14).<\/p>\n<p>Em comunicado, a estatal explica que o pre\u00e7o m\u00e9dio do diesel A praticado pela companhia para as distribuidoras aumentar\u00e1 para R$ 3,65 por litro, e a participa\u00e7\u00e3o da Petrobras no pre\u00e7o do diesel B ser\u00e1, em m\u00e9dia, de R$ 3,10.<\/p>\n<p>O diesel A \u00e9 o vendido nas refinarias, antes de ser misturado a biocombust\u00edveis. J\u00e1 o diesel B \u00e9 o comercializado nos postos ao consumidor final, depois de as distribuidoras efetuarem a mistura obrigat\u00f3ria.<\/p>\n<p><strong>Impacto mitigado<\/strong><br \/>\nA companhia explicou que o reajuste do diesel foi mitigado pelas medidas para conter a escalada do pre\u00e7o do combust\u00edvel, anunciadas na quinta-feira (12) pelo governo federal. Mesmo assim, o aumento do petr\u00f3leo no mercado internacional em meio \u00e0 guerra no Oriente M\u00e9dio exerce press\u00e3o sobre o pre\u00e7o.<\/p>\n<p>O governo zerou as al\u00edquotas dos dois tributos federais sobre a importa\u00e7\u00e3o e comercializa\u00e7\u00e3o do diesel, o PIS e a Cofins, o que representa corte de R$ 0,32 no pre\u00e7o do litro do \u00f3leo diesel, segundo c\u00e1lculos do Minist\u00e9rio da Fazenda.<\/p>\n<p>Al\u00e9m disso, uma Medida Provis\u00f3ria publicada autoriza a subven\u00e7\u00e3o econ\u00f4mica para importadores e produtores de diesel. Com isso, o governo pode pagar R$ 0,32 por litro, desde que esse desconto seja repassado \u00e0 cadeia de pre\u00e7os, baixando o custo ao consumidor final.<\/p>\n<p>Juntas, as duas medidas representam al\u00edvio de R$ 0,64 por litro. As iniciativas s\u00e3o um enfrentamento \u00e0 alta do pre\u00e7o do petr\u00f3leo no mercado internacional, causada pela guerra iniciada por Estados Unidos e Israel contra o Ir\u00e3.<\/p>\n<p><strong>Hist\u00f3rico de pre\u00e7os <\/strong><br \/>\nA Petrobras lembra que o pre\u00e7o do diesel foi alterado pela \u00faltima vez em maio de 2025, quando houve uma redu\u00e7\u00e3o. J\u00e1 o \u00faltimo aumento foi em fevereiro de 2025.<\/p>\n<p>Nas contas da Petrobras, desde dezembro de 2022, os pre\u00e7os de diesel vendidos \u00e0s distribuidoras registram redu\u00e7\u00e3o acumulada de R$ 0,84 por litro, o equivalente a uma queda de 29,6%, considerada a infla\u00e7\u00e3o do per\u00edodo.<\/p>\n<p><strong>Petr\u00f3leo mais caro<\/strong><br \/>\nA ofensiva dos Estados Unidos e de Israel contra o Ir\u00e3 completa duas semanas nesta sexta-feira. Uma das formas de retalia\u00e7\u00e3o do Ir\u00e3 \u00e9 o bloqueio do Estreito de Ormuz, liga\u00e7\u00e3o mar\u00edtima entre os golfos P\u00e9rsico e de Om\u00e3, ao sul do Ir\u00e3. Por l\u00e1, passam 20% da produ\u00e7\u00e3o mundial de petr\u00f3leo e g\u00e1s.<\/p>\n<p>O gargalo na regi\u00e3o pressiona a oferta de petr\u00f3leo no mercado internacional, o que eleva a cota\u00e7\u00e3o dos pre\u00e7os. Nesta sexta-feira, o contrato futuro do barril de petr\u00f3leo Brent, pre\u00e7o de refer\u00eancia, est\u00e1 negociado perto de US$ 100 (equivalente a cerca de R$ 520).<\/p>\n<p>H\u00e1 duas semanas, a cota\u00e7\u00e3o beirava US$ 70, ou seja, em 15 dias subiu cerca de 40%. O Ir\u00e3 chegou a alertar o mundo para se preparar para o petr\u00f3leo a US$ 200.<\/p>\n","protected":false},"excerpt":{"rendered":"<p>A Petrobras anunciou no fim da manh\u00e3 desta sexta-feira (13) que vai reajustar o valor do \u00f3leo diesel vendido \u00e0s distribuidoras em R$ 0,38 por litro. O novo pre\u00e7o passa a valer a partir de s\u00e1bado (14). Em comunicado, a estatal explica que o pre\u00e7o m\u00e9dio do diesel A praticado pela companhia para as distribuidoras [&hellip;]<\/p>\n","protected":false},"author":2,"featured_media":386823,"comment_status":"closed","ping_status":"closed","sticky":false,"template":"","format":"standard","meta":{"_acf_changed":false,"footnotes":""},"categories":[16],"tags":[],"class_list":["post-386822","post","type-post","status-publish","format-standard","has-post-thumbnail","hentry","category-brasil"],"acf":[],"yoast_head":"<!-- This site is optimized with the Yoast SEO plugin v27.2 - https:\/\/yoast.com\/product\/yoast-seo-wordpress\/ -->\n<title>Petrobras aumenta pre\u00e7o do diesel em 0,38 por litro - Notibras<\/title>\n<meta name=\"robots\" content=\"index, follow, max-snippet:-1, max-image-preview:large, max-video-preview:-1\" \/>\n<link rel=\"canonical\" href=\"https:\/\/www.notibras.com\/site\/petrobras-aumenta-preco-do-diesel-em-038-por-litro\/\" \/>\n<meta property=\"og:locale\" content=\"pt_BR\" \/>\n<meta property=\"og:type\" content=\"article\" \/>\n<meta property=\"og:title\" content=\"Petrobras aumenta pre\u00e7o do diesel em 0,38 por litro - Notibras\" \/>\n<meta property=\"og:description\" content=\"A Petrobras anunciou no fim da manh\u00e3 desta sexta-feira (13) que vai reajustar o valor do \u00f3leo diesel vendido \u00e0s distribuidoras em R$ 0,38 por litro. O novo pre\u00e7o passa a valer a partir de s\u00e1bado (14). Em comunicado, a estatal explica que o pre\u00e7o m\u00e9dio do diesel A praticado pela companhia para as distribuidoras [&hellip;]\" \/>\n<meta property=\"og:url\" content=\"https:\/\/www.notibras.com\/site\/petrobras-aumenta-preco-do-diesel-em-038-por-litro\/\" \/>\n<meta property=\"og:site_name\" content=\"Notibras\" \/>\n<meta property=\"article:publisher\" content=\"https:\/\/www.facebook.com\/notibras\/\" \/>\n<meta property=\"article:published_time\" content=\"2026-03-13T16:00:19+00:00\" \/>\n<meta property=\"article:modified_time\" content=\"2026-03-13T16:22:38+00:00\" \/>\n<meta property=\"og:image\" content=\"https:\/\/www.notibras.com\/site\/wp-content\/uploads\/2026\/03\/dji_0374-2.webp\" \/>\n\t<meta property=\"og:image:width\" content=\"1170\" \/>\n\t<meta property=\"og:image:height\" content=\"700\" \/>\n\t<meta property=\"og:image:type\" content=\"image\/webp\" \/>\n<meta name=\"author\" content=\"Reda\u00e7\u00e3o\" \/>\n<meta name=\"twitter:card\" content=\"summary_large_image\" \/>\n<meta name=\"twitter:creator\" content=\"@Notibras\" \/>\n<meta name=\"twitter:site\" content=\"@Notibras\" \/>\n<meta name=\"twitter:label1\" content=\"Escrito por\" \/>\n\t<meta name=\"twitter:data1\" content=\"Reda\u00e7\u00e3o\" \/>\n\t<meta name=\"twitter:label2\" content=\"Est. tempo de leitura\" \/>\n\t<meta name=\"twitter:data2\" content=\"3 minutos\" \/>\n<script type=\"application\/ld+json\" class=\"yoast-schema-graph\">{\"@context\":\"https:\/\/schema.org\",\"@graph\":[{\"@type\":\"Article\",\"@id\":\"https:\/\/www.notibras.com\/site\/petrobras-aumenta-preco-do-diesel-em-038-por-litro\/#article\",\"isPartOf\":{\"@id\":\"https:\/\/www.notibras.com\/site\/petrobras-aumenta-preco-do-diesel-em-038-por-litro\/\"},\"author\":{\"name\":\"Reda\u00e7\u00e3o\",\"@id\":\"https:\/\/www.notibras.com\/site\/#\/schema\/person\/36ab0979449956132d3e5b517ea76ac8\"},\"headline\":\"Petrobras aumenta pre\u00e7o do diesel em 0,38 por litro\",\"datePublished\":\"2026-03-13T16:00:19+00:00\",\"dateModified\":\"2026-03-13T16:22:38+00:00\",\"mainEntityOfPage\":{\"@id\":\"https:\/\/www.notibras.com\/site\/petrobras-aumenta-preco-do-diesel-em-038-por-litro\/\"},\"wordCount\":520,\"publisher\":{\"@id\":\"https:\/\/www.notibras.com\/site\/#organization\"},\"image\":{\"@id\":\"https:\/\/www.notibras.com\/site\/petrobras-aumenta-preco-do-diesel-em-038-por-litro\/#primaryimage\"},\"thumbnailUrl\":\"https:\/\/www.notibras.com\/site\/wp-content\/uploads\/2026\/03\/dji_0374-2.webp\",\"articleSection\":[\"Brasil\"],\"inLanguage\":\"pt-BR\"},{\"@type\":\"WebPage\",\"@id\":\"https:\/\/www.notibras.com\/site\/petrobras-aumenta-preco-do-diesel-em-038-por-litro\/\",\"url\":\"https:\/\/www.notibras.com\/site\/petrobras-aumenta-preco-do-diesel-em-038-por-litro\/\",\"name\":\"Petrobras aumenta pre\u00e7o do diesel em 0,38 por litro - Notibras\",\"isPartOf\":{\"@id\":\"https:\/\/www.notibras.com\/site\/#website\"},\"primaryImageOfPage\":{\"@id\":\"https:\/\/www.notibras.com\/site\/petrobras-aumenta-preco-do-diesel-em-038-por-litro\/#primaryimage\"},\"image\":{\"@id\":\"https:\/\/www.notibras.com\/site\/petrobras-aumenta-preco-do-diesel-em-038-por-litro\/#primaryimage\"},\"thumbnailUrl\":\"https:\/\/www.notibras.com\/site\/wp-content\/uploads\/2026\/03\/dji_0374-2.webp\",\"datePublished\":\"2026-03-13T16:00:19+00:00\",\"dateModified\":\"2026-03-13T16:22:38+00:00\",\"breadcrumb\":{\"@id\":\"https:\/\/www.notibras.com\/site\/petrobras-aumenta-preco-do-diesel-em-038-por-litro\/#breadcrumb\"},\"inLanguage\":\"pt-BR\",\"potentialAction\":[{\"@type\":\"ReadAction\",\"target\":[\"https:\/\/www.notibras.com\/site\/petrobras-aumenta-preco-do-diesel-em-038-por-litro\/\"]}]},{\"@type\":\"ImageObject\",\"inLanguage\":\"pt-BR\",\"@id\":\"https:\/\/www.notibras.com\/site\/petrobras-aumenta-preco-do-diesel-em-038-por-litro\/#primaryimage\",\"url\":\"https:\/\/www.notibras.com\/site\/wp-content\/uploads\/2026\/03\/dji_0374-2.webp\",\"contentUrl\":\"https:\/\/www.notibras.com\/site\/wp-content\/uploads\/2026\/03\/dji_0374-2.webp\",\"width\":1170,\"height\":700},{\"@type\":\"BreadcrumbList\",\"@id\":\"https:\/\/www.notibras.com\/site\/petrobras-aumenta-preco-do-diesel-em-038-por-litro\/#breadcrumb\",\"itemListElement\":[{\"@type\":\"ListItem\",\"position\":1,\"name\":\"In\u00edcio\",\"item\":\"https:\/\/www.notibras.com\/site\/\"},{\"@type\":\"ListItem\",\"position\":2,\"name\":\"Petrobras aumenta pre\u00e7o do diesel em 0,38 por litro\"}]},{\"@type\":\"WebSite\",\"@id\":\"https:\/\/www.notibras.com\/site\/#website\",\"url\":\"https:\/\/www.notibras.com\/site\/\",\"name\":\"Notibras\",\"description\":\"Not\u00edcias de Bras\u00edlia, do Brasil e do Mundo\",\"publisher\":{\"@id\":\"https:\/\/www.notibras.com\/site\/#organization\"},\"potentialAction\":[{\"@type\":\"SearchAction\",\"target\":{\"@type\":\"EntryPoint\",\"urlTemplate\":\"https:\/\/www.notibras.com\/site\/?s={search_term_string}\"},\"query-input\":{\"@type\":\"PropertyValueSpecification\",\"valueRequired\":true,\"valueName\":\"search_term_string\"}}],\"inLanguage\":\"pt-BR\"},{\"@type\":\"Organization\",\"@id\":\"https:\/\/www.notibras.com\/site\/#organization\",\"name\":\"Grupo Notibras de Comunica\u00e7\u00e3o\",\"url\":\"https:\/\/www.notibras.com\/site\/\",\"logo\":{\"@type\":\"ImageObject\",\"inLanguage\":\"pt-BR\",\"@id\":\"https:\/\/www.notibras.com\/site\/#\/schema\/logo\/image\/\",\"url\":\"https:\/\/www.notibras.com\/site\/wp-content\/uploads\/2023\/01\/notibras23.png\",\"contentUrl\":\"https:\/\/www.notibras.com\/site\/wp-content\/uploads\/2023\/01\/notibras23.png\",\"width\":350,\"height\":87,\"caption\":\"Grupo Notibras de Comunica\u00e7\u00e3o\"},\"image\":{\"@id\":\"https:\/\/www.notibras.com\/site\/#\/schema\/logo\/image\/\"},\"sameAs\":[\"https:\/\/www.facebook.com\/notibras\/\",\"https:\/\/x.com\/Notibras\",\"https:\/\/www.instagram.com\/notibras\/\"]},{\"@type\":\"Person\",\"@id\":\"https:\/\/www.notibras.com\/site\/#\/schema\/person\/36ab0979449956132d3e5b517ea76ac8\",\"name\":\"Reda\u00e7\u00e3o\",\"image\":{\"@type\":\"ImageObject\",\"inLanguage\":\"pt-BR\",\"@id\":\"https:\/\/secure.gravatar.com\/avatar\/e0a867bdedb85fd243eadf09663511f96fc81e0720a4a42581f334ad4303aa6b?s=96&d=mm&r=g\",\"url\":\"https:\/\/secure.gravatar.com\/avatar\/e0a867bdedb85fd243eadf09663511f96fc81e0720a4a42581f334ad4303aa6b?s=96&d=mm&r=g\",\"contentUrl\":\"https:\/\/secure.gravatar.com\/avatar\/e0a867bdedb85fd243eadf09663511f96fc81e0720a4a42581f334ad4303aa6b?s=96&d=mm&r=g\",\"caption\":\"Reda\u00e7\u00e3o\"}}]}<\/script>\n<!-- \/ Yoast SEO plugin. -->","yoast_head_json":{"title":"Petrobras aumenta pre\u00e7o do diesel em 0,38 por litro - Notibras","robots":{"index":"index","follow":"follow","max-snippet":"max-snippet:-1","max-image-preview":"max-image-preview:large","max-video-preview":"max-video-preview:-1"},"canonical":"https:\/\/www.notibras.com\/site\/petrobras-aumenta-preco-do-diesel-em-038-por-litro\/","og_locale":"pt_BR","og_type":"article","og_title":"Petrobras aumenta pre\u00e7o do diesel em 0,38 por litro - Notibras","og_description":"A Petrobras anunciou no fim da manh\u00e3 desta sexta-feira (13) que vai reajustar o valor do \u00f3leo diesel vendido \u00e0s distribuidoras em R$ 0,38 por litro. O novo pre\u00e7o passa a valer a partir de s\u00e1bado (14). Em comunicado, a estatal explica que o pre\u00e7o m\u00e9dio do diesel A praticado pela companhia para as distribuidoras [&hellip;]","og_url":"https:\/\/www.notibras.com\/site\/petrobras-aumenta-preco-do-diesel-em-038-por-litro\/","og_site_name":"Notibras","article_publisher":"https:\/\/www.facebook.com\/notibras\/","article_published_time":"2026-03-13T16:00:19+00:00","article_modified_time":"2026-03-13T16:22:38+00:00","og_image":[{"width":1170,"height":700,"url":"https:\/\/www.notibras.com\/site\/wp-content\/uploads\/2026\/03\/dji_0374-2.webp","type":"image\/webp"}],"author":"Reda\u00e7\u00e3o","twitter_card":"summary_large_image","twitter_creator":"@Notibras","twitter_site":"@Notibras","twitter_misc":{"Escrito por":"Reda\u00e7\u00e3o","Est. tempo de leitura":"3 minutos"},"schema":{"@context":"https:\/\/schema.org","@graph":[{"@type":"Article","@id":"https:\/\/www.notibras.com\/site\/petrobras-aumenta-preco-do-diesel-em-038-por-litro\/#article","isPartOf":{"@id":"https:\/\/www.notibras.com\/site\/petrobras-aumenta-preco-do-diesel-em-038-por-litro\/"},"author":{"name":"Reda\u00e7\u00e3o","@id":"https:\/\/www.notibras.com\/site\/#\/schema\/person\/36ab0979449956132d3e5b517ea76ac8"},"headline":"Petrobras aumenta pre\u00e7o do diesel em 0,38 por litro","datePublished":"2026-03-13T16:00:19+00:00","dateModified":"2026-03-13T16:22:38+00:00","mainEntityOfPage":{"@id":"https:\/\/www.notibras.com\/site\/petrobras-aumenta-preco-do-diesel-em-038-por-litro\/"},"wordCount":520,"publisher":{"@id":"https:\/\/www.notibras.com\/site\/#organization"},"image":{"@id":"https:\/\/www.notibras.com\/site\/petrobras-aumenta-preco-do-diesel-em-038-por-litro\/#primaryimage"},"thumbnailUrl":"https:\/\/www.notibras.com\/site\/wp-content\/uploads\/2026\/03\/dji_0374-2.webp","articleSection":["Brasil"],"inLanguage":"pt-BR"},{"@type":"WebPage","@id":"https:\/\/www.notibras.com\/site\/petrobras-aumenta-preco-do-diesel-em-038-por-litro\/","url":"https:\/\/www.notibras.com\/site\/petrobras-aumenta-preco-do-diesel-em-038-por-litro\/","name":"Petrobras aumenta pre\u00e7o do diesel em 0,38 por litro - Notibras","isPartOf":{"@id":"https:\/\/www.notibras.com\/site\/#website"},"primaryImageOfPage":{"@id":"https:\/\/www.notibras.com\/site\/petrobras-aumenta-preco-do-diesel-em-038-por-litro\/#primaryimage"},"image":{"@id":"https:\/\/www.notibras.com\/site\/petrobras-aumenta-preco-do-diesel-em-038-por-litro\/#primaryimage"},"thumbnailUrl":"https:\/\/www.notibras.com\/site\/wp-content\/uploads\/2026\/03\/dji_0374-2.webp","datePublished":"2026-03-13T16:00:19+00:00","dateModified":"2026-03-13T16:22:38+00:00","breadcrumb":{"@id":"https:\/\/www.notibras.com\/site\/petrobras-aumenta-preco-do-diesel-em-038-por-litro\/#breadcrumb"},"inLanguage":"pt-BR","potentialAction":[{"@type":"ReadAction","target":["https:\/\/www.notibras.com\/site\/petrobras-aumenta-preco-do-diesel-em-038-por-litro\/"]}]},{"@type":"ImageObject","inLanguage":"pt-BR","@id":"https:\/\/www.notibras.com\/site\/petrobras-aumenta-preco-do-diesel-em-038-por-litro\/#primaryimage","url":"https:\/\/www.notibras.com\/site\/wp-content\/uploads\/2026\/03\/dji_0374-2.webp","contentUrl":"https:\/\/www.notibras.com\/site\/wp-content\/uploads\/2026\/03\/dji_0374-2.webp","width":1170,"height":700},{"@type":"BreadcrumbList","@id":"https:\/\/www.notibras.com\/site\/petrobras-aumenta-preco-do-diesel-em-038-por-litro\/#breadcrumb","itemListElement":[{"@type":"ListItem","position":1,"name":"In\u00edcio","item":"https:\/\/www.notibras.com\/site\/"},{"@type":"ListItem","position":2,"name":"Petrobras aumenta pre\u00e7o do diesel em 0,38 por litro"}]},{"@type":"WebSite","@id":"https:\/\/www.notibras.com\/site\/#website","url":"https:\/\/www.notibras.com\/site\/","name":"Notibras","description":"Not\u00edcias de Bras\u00edlia, do Brasil e do Mundo","publisher":{"@id":"https:\/\/www.notibras.com\/site\/#organization"},"potentialAction":[{"@type":"SearchAction","target":{"@type":"EntryPoint","urlTemplate":"https:\/\/www.notibras.com\/site\/?s={search_term_string}"},"query-input":{"@type":"PropertyValueSpecification","valueRequired":true,"valueName":"search_term_string"}}],"inLanguage":"pt-BR"},{"@type":"Organization","@id":"https:\/\/www.notibras.com\/site\/#organization","name":"Grupo Notibras de Comunica\u00e7\u00e3o","url":"https:\/\/www.notibras.com\/site\/","logo":{"@type":"ImageObject","inLanguage":"pt-BR","@id":"https:\/\/www.notibras.com\/site\/#\/schema\/logo\/image\/","url":"https:\/\/www.notibras.com\/site\/wp-content\/uploads\/2023\/01\/notibras23.png","contentUrl":"https:\/\/www.notibras.com\/site\/wp-content\/uploads\/2023\/01\/notibras23.png","width":350,"height":87,"caption":"Grupo Notibras de Comunica\u00e7\u00e3o"},"image":{"@id":"https:\/\/www.notibras.com\/site\/#\/schema\/logo\/image\/"},"sameAs":["https:\/\/www.facebook.com\/notibras\/","https:\/\/x.com\/Notibras","https:\/\/www.instagram.com\/notibras\/"]},{"@type":"Person","@id":"https:\/\/www.notibras.com\/site\/#\/schema\/person\/36ab0979449956132d3e5b517ea76ac8","name":"Reda\u00e7\u00e3o","image":{"@type":"ImageObject","inLanguage":"pt-BR","@id":"https:\/\/secure.gravatar.com\/avatar\/e0a867bdedb85fd243eadf09663511f96fc81e0720a4a42581f334ad4303aa6b?s=96&d=mm&r=g","url":"https:\/\/secure.gravatar.com\/avatar\/e0a867bdedb85fd243eadf09663511f96fc81e0720a4a42581f334ad4303aa6b?s=96&d=mm&r=g","contentUrl":"https:\/\/secure.gravatar.com\/avatar\/e0a867bdedb85fd243eadf09663511f96fc81e0720a4a42581f334ad4303aa6b?s=96&d=mm&r=g","caption":"Reda\u00e7\u00e3o"}}]}},"amp_enabled":true,"_links":{"self":[{"href":"https:\/\/www.notibras.com\/site\/wp-json\/wp\/v2\/posts\/386822","targetHints":{"allow":["GET"]}}],"collection":[{"href":"https:\/\/www.notibras.com\/site\/wp-json\/wp\/v2\/posts"}],"about":[{"href":"https:\/\/www.notibras.com\/site\/wp-json\/wp\/v2\/types\/post"}],"author":[{"embeddable":true,"href":"https:\/\/www.notibras.com\/site\/wp-json\/wp\/v2\/users\/2"}],"replies":[{"embeddable":true,"href":"https:\/\/www.notibras.com\/site\/wp-json\/wp\/v2\/comments?post=386822"}],"version-history":[{"count":1,"href":"https:\/\/www.notibras.com\/site\/wp-json\/wp\/v2\/posts\/386822\/revisions"}],"predecessor-version":[{"id":386824,"href":"https:\/\/www.notibras.com\/site\/wp-json\/wp\/v2\/posts\/386822\/revisions\/386824"}],"wp:featuredmedia":[{"embeddable":true,"href":"https:\/\/www.notibras.com\/site\/wp-json\/wp\/v2\/media\/386823"}],"wp:attachment":[{"href":"https:\/\/www.notibras.com\/site\/wp-json\/wp\/v2\/media?parent=386822"}],"wp:term":[{"taxonomy":"category","embeddable":true,"href":"https:\/\/www.notibras.com\/site\/wp-json\/wp\/v2\/categories?post=386822"},{"taxonomy":"post_tag","embeddable":true,"href":"https:\/\/www.notibras.com\/site\/wp-json\/wp\/v2\/tags?post=386822"}],"curies":[{"name":"wp","href":"https:\/\/api.w.org\/{rel}","templated":true}]}}