{"id":386825,"date":"2026-03-13T13:26:51","date_gmt":"2026-03-13T16:26:51","guid":{"rendered":"https:\/\/www.notibras.com\/site\/?p=386825"},"modified":"2026-03-13T13:26:51","modified_gmt":"2026-03-13T16:26:51","slug":"supremo-decide-manter-daniel-vorcaro-na-prisao","status":"publish","type":"post","link":"https:\/\/www.notibras.com\/site\/supremo-decide-manter-daniel-vorcaro-na-prisao\/","title":{"rendered":"Supremo decide manter Daniel Vorcaro na pris\u00e3o"},"content":{"rendered":"<p>Os ministros do Supremo Tribunal Federal Andr\u00e9 Mendon\u00e7a, Luiz Fux e Nunes Marques formaram maioria nesta sexta-feira (13) para manter a pris\u00e3o preventiva do banqueiro Daniel Vorcaro, dono do Banco Master, institui\u00e7\u00e3o que foi liquidada pelo Banco Central por falta de dinheiro em caixa para honrar seus compromissos.<\/p>\n<p>Preso na terceira fase da Opera\u00e7\u00e3o Compliance Zero em 4 de mar\u00e7o, Vorcaro foi transferido para a Penitenci\u00e1ria Federal de Bras\u00edlia.<\/p>\n<p>Mendon\u00e7a, atual relator do caso no Supremo, autorizou a medida ap\u00f3s receber da Pol\u00edcia Federal ind\u00edcios de que Vorcaro mantinha uma estrutura particular para monitoramento e intimida\u00e7\u00e3o de pessoas que via como inimigas de seus interesses.<\/p>\n<p>O ministro Dias Toffoli, que tamb\u00e9m integra a Segunda Turma e foi o primeiro relator do caso no Supremo, declarou-se suspeito para julgar os processos relativos ao banco, por motivo de foro \u00edntimo.<\/p>\n<p>O movimento de Toffoli se deu em raz\u00e3o de pol\u00eamicas oriundas de neg\u00f3cios passados de uma empresa de sua fam\u00edlia e um fundo ligado ao Master. Decis\u00f5es controversas no caso tamb\u00e9m desgastaram o ministro na condu\u00e7\u00e3o do processo.<\/p>\n<p>A PF chegou a produzir um relat\u00f3rio sobre os pontos de contato entre Toffoli e Vorcaro, mas o documento acabou sendo descartado pelo Supremo, que viu nele um movimento ilegal de investiga\u00e7\u00e3o de um ministro do Supremo sem autoriza\u00e7\u00e3o judicial.<\/p>\n<p><strong>Voto<\/strong><br \/>\nEm seu voto, Mendon\u00e7a n\u00e3o se ateve apenas a reproduzir a liminar em que autorizou a pris\u00e3o de Vorcaro, mas tamb\u00e9m buscou rebater argumento apresentados pela defesa do banqueiro ap\u00f3s a medida.<\/p>\n<p>O relator afastou, por exemplo, o argumento de que um grupo no aplicativo de mensagens WhatsApp de Vorcaro, chamado A Turma, fosse apenas um \u201cmero grupo\u201d do qual o banqueiro fazia parte.<\/p>\n<p>\u201cTrata-se, sim, de organiza\u00e7\u00e3o composta por conjunto de indiv\u00edduos coordenados pelos investigados Phillipe Mour\u00e3o (agora falecido) e Marilson Roseno, sob a lideran\u00e7a e comando inequ\u00edvoco de Daniel Bueno Vorcaro, respons\u00e1vel por dar ordens diretas ao grupo\u201d, escreveu o ministro.<\/p>\n<p>Mendon\u00e7a destacou ainda a \u201cnatureza violenta\u201d dos integrantes do grupo, apontando para ind\u00edcios colhidos pela PF de amea\u00e7as concretas a indiv\u00edduos.<\/p>\n<p>O ministro classificou os integrantes de A Turma como \u201cmilicianos\u201d e deu como exemplo uma amea\u00e7a de morte feita a um ex-funcion\u00e1rio de Vorcaro.<\/p>\n<p>Na mesma decis\u00e3o em que mandou prender Vorcaro, Mendon\u00e7a tamb\u00e9m determinou a pris\u00e3o de Phillipe Mour\u00e3o, conhecido como Sic\u00e1rio, e Marilson Roseno, apontados como coordenadores da mil\u00edcia pessoal do banqueiro.<\/p>\n<p>Mour\u00e3o atentou contra a pr\u00f3pria vida pouco ap\u00f3s ser preso. Ele foi atendido e levado para um hospital, mas n\u00e3o resistiu.<\/p>\n","protected":false},"excerpt":{"rendered":"<p>Os ministros do Supremo Tribunal Federal Andr\u00e9 Mendon\u00e7a, Luiz Fux e Nunes Marques formaram maioria nesta sexta-feira (13) para manter a pris\u00e3o preventiva do banqueiro Daniel Vorcaro, dono do Banco Master, institui\u00e7\u00e3o que foi liquidada pelo Banco Central por falta de dinheiro em caixa para honrar seus compromissos. Preso na terceira fase da Opera\u00e7\u00e3o Compliance [&hellip;]<\/p>\n","protected":false},"author":2,"featured_media":378367,"comment_status":"closed","ping_status":"closed","sticky":false,"template":"","format":"standard","meta":{"_acf_changed":false,"footnotes":""},"categories":[16],"tags":[],"class_list":["post-386825","post","type-post","status-publish","format-standard","has-post-thumbnail","hentry","category-brasil"],"acf":[],"yoast_head":"<!-- This site is optimized with the Yoast SEO plugin v27.2 - https:\/\/yoast.com\/product\/yoast-seo-wordpress\/ -->\n<title>Supremo decide manter Daniel Vorcaro na pris\u00e3o - Notibras<\/title>\n<meta name=\"robots\" content=\"index, follow, max-snippet:-1, max-image-preview:large, max-video-preview:-1\" \/>\n<link rel=\"canonical\" href=\"https:\/\/www.notibras.com\/site\/supremo-decide-manter-daniel-vorcaro-na-prisao\/\" \/>\n<meta property=\"og:locale\" content=\"pt_BR\" \/>\n<meta property=\"og:type\" content=\"article\" \/>\n<meta property=\"og:title\" content=\"Supremo decide manter Daniel Vorcaro na pris\u00e3o - Notibras\" \/>\n<meta property=\"og:description\" content=\"Os ministros do Supremo Tribunal Federal Andr\u00e9 Mendon\u00e7a, Luiz Fux e Nunes Marques formaram maioria nesta sexta-feira (13) para manter a pris\u00e3o preventiva do banqueiro Daniel Vorcaro, dono do Banco Master, institui\u00e7\u00e3o que foi liquidada pelo Banco Central por falta de dinheiro em caixa para honrar seus compromissos. Preso na terceira fase da Opera\u00e7\u00e3o Compliance [&hellip;]\" \/>\n<meta property=\"og:url\" content=\"https:\/\/www.notibras.com\/site\/supremo-decide-manter-daniel-vorcaro-na-prisao\/\" \/>\n<meta property=\"og:site_name\" content=\"Notibras\" \/>\n<meta property=\"article:publisher\" content=\"https:\/\/www.facebook.com\/notibras\/\" \/>\n<meta property=\"article:published_time\" content=\"2026-03-13T16:26:51+00:00\" \/>\n<meta property=\"og:image\" content=\"https:\/\/www.notibras.com\/site\/wp-content\/uploads\/2026\/01\/vorcaro-master-750x440-1.jpg\" \/>\n\t<meta property=\"og:image:width\" content=\"750\" \/>\n\t<meta property=\"og:image:height\" content=\"440\" \/>\n\t<meta property=\"og:image:type\" content=\"image\/jpeg\" \/>\n<meta name=\"author\" content=\"Reda\u00e7\u00e3o\" \/>\n<meta name=\"twitter:card\" content=\"summary_large_image\" \/>\n<meta name=\"twitter:creator\" content=\"@Notibras\" \/>\n<meta name=\"twitter:site\" content=\"@Notibras\" \/>\n<meta name=\"twitter:label1\" content=\"Escrito por\" \/>\n\t<meta name=\"twitter:data1\" content=\"Reda\u00e7\u00e3o\" \/>\n\t<meta name=\"twitter:label2\" content=\"Est. tempo de leitura\" \/>\n\t<meta name=\"twitter:data2\" content=\"3 minutos\" \/>\n<script type=\"application\/ld+json\" class=\"yoast-schema-graph\">{\"@context\":\"https:\/\/schema.org\",\"@graph\":[{\"@type\":\"Article\",\"@id\":\"https:\/\/www.notibras.com\/site\/supremo-decide-manter-daniel-vorcaro-na-prisao\/#article\",\"isPartOf\":{\"@id\":\"https:\/\/www.notibras.com\/site\/supremo-decide-manter-daniel-vorcaro-na-prisao\/\"},\"author\":{\"name\":\"Reda\u00e7\u00e3o\",\"@id\":\"https:\/\/www.notibras.com\/site\/#\/schema\/person\/36ab0979449956132d3e5b517ea76ac8\"},\"headline\":\"Supremo decide manter Daniel Vorcaro na pris\u00e3o\",\"datePublished\":\"2026-03-13T16:26:51+00:00\",\"mainEntityOfPage\":{\"@id\":\"https:\/\/www.notibras.com\/site\/supremo-decide-manter-daniel-vorcaro-na-prisao\/\"},\"wordCount\":473,\"publisher\":{\"@id\":\"https:\/\/www.notibras.com\/site\/#organization\"},\"image\":{\"@id\":\"https:\/\/www.notibras.com\/site\/supremo-decide-manter-daniel-vorcaro-na-prisao\/#primaryimage\"},\"thumbnailUrl\":\"https:\/\/www.notibras.com\/site\/wp-content\/uploads\/2026\/01\/vorcaro-master-750x440-1.jpg\",\"articleSection\":[\"Brasil\"],\"inLanguage\":\"pt-BR\"},{\"@type\":\"WebPage\",\"@id\":\"https:\/\/www.notibras.com\/site\/supremo-decide-manter-daniel-vorcaro-na-prisao\/\",\"url\":\"https:\/\/www.notibras.com\/site\/supremo-decide-manter-daniel-vorcaro-na-prisao\/\",\"name\":\"Supremo decide manter Daniel Vorcaro na pris\u00e3o - Notibras\",\"isPartOf\":{\"@id\":\"https:\/\/www.notibras.com\/site\/#website\"},\"primaryImageOfPage\":{\"@id\":\"https:\/\/www.notibras.com\/site\/supremo-decide-manter-daniel-vorcaro-na-prisao\/#primaryimage\"},\"image\":{\"@id\":\"https:\/\/www.notibras.com\/site\/supremo-decide-manter-daniel-vorcaro-na-prisao\/#primaryimage\"},\"thumbnailUrl\":\"https:\/\/www.notibras.com\/site\/wp-content\/uploads\/2026\/01\/vorcaro-master-750x440-1.jpg\",\"datePublished\":\"2026-03-13T16:26:51+00:00\",\"breadcrumb\":{\"@id\":\"https:\/\/www.notibras.com\/site\/supremo-decide-manter-daniel-vorcaro-na-prisao\/#breadcrumb\"},\"inLanguage\":\"pt-BR\",\"potentialAction\":[{\"@type\":\"ReadAction\",\"target\":[\"https:\/\/www.notibras.com\/site\/supremo-decide-manter-daniel-vorcaro-na-prisao\/\"]}]},{\"@type\":\"ImageObject\",\"inLanguage\":\"pt-BR\",\"@id\":\"https:\/\/www.notibras.com\/site\/supremo-decide-manter-daniel-vorcaro-na-prisao\/#primaryimage\",\"url\":\"https:\/\/www.notibras.com\/site\/wp-content\/uploads\/2026\/01\/vorcaro-master-750x440-1.jpg\",\"contentUrl\":\"https:\/\/www.notibras.com\/site\/wp-content\/uploads\/2026\/01\/vorcaro-master-750x440-1.jpg\",\"width\":750,\"height\":440},{\"@type\":\"BreadcrumbList\",\"@id\":\"https:\/\/www.notibras.com\/site\/supremo-decide-manter-daniel-vorcaro-na-prisao\/#breadcrumb\",\"itemListElement\":[{\"@type\":\"ListItem\",\"position\":1,\"name\":\"In\u00edcio\",\"item\":\"https:\/\/www.notibras.com\/site\/\"},{\"@type\":\"ListItem\",\"position\":2,\"name\":\"Supremo decide manter Daniel Vorcaro na pris\u00e3o\"}]},{\"@type\":\"WebSite\",\"@id\":\"https:\/\/www.notibras.com\/site\/#website\",\"url\":\"https:\/\/www.notibras.com\/site\/\",\"name\":\"Notibras\",\"description\":\"Not\u00edcias de Bras\u00edlia, do Brasil e do Mundo\",\"publisher\":{\"@id\":\"https:\/\/www.notibras.com\/site\/#organization\"},\"potentialAction\":[{\"@type\":\"SearchAction\",\"target\":{\"@type\":\"EntryPoint\",\"urlTemplate\":\"https:\/\/www.notibras.com\/site\/?s={search_term_string}\"},\"query-input\":{\"@type\":\"PropertyValueSpecification\",\"valueRequired\":true,\"valueName\":\"search_term_string\"}}],\"inLanguage\":\"pt-BR\"},{\"@type\":\"Organization\",\"@id\":\"https:\/\/www.notibras.com\/site\/#organization\",\"name\":\"Grupo Notibras de Comunica\u00e7\u00e3o\",\"url\":\"https:\/\/www.notibras.com\/site\/\",\"logo\":{\"@type\":\"ImageObject\",\"inLanguage\":\"pt-BR\",\"@id\":\"https:\/\/www.notibras.com\/site\/#\/schema\/logo\/image\/\",\"url\":\"https:\/\/www.notibras.com\/site\/wp-content\/uploads\/2023\/01\/notibras23.png\",\"contentUrl\":\"https:\/\/www.notibras.com\/site\/wp-content\/uploads\/2023\/01\/notibras23.png\",\"width\":350,\"height\":87,\"caption\":\"Grupo Notibras de Comunica\u00e7\u00e3o\"},\"image\":{\"@id\":\"https:\/\/www.notibras.com\/site\/#\/schema\/logo\/image\/\"},\"sameAs\":[\"https:\/\/www.facebook.com\/notibras\/\",\"https:\/\/x.com\/Notibras\",\"https:\/\/www.instagram.com\/notibras\/\"]},{\"@type\":\"Person\",\"@id\":\"https:\/\/www.notibras.com\/site\/#\/schema\/person\/36ab0979449956132d3e5b517ea76ac8\",\"name\":\"Reda\u00e7\u00e3o\",\"image\":{\"@type\":\"ImageObject\",\"inLanguage\":\"pt-BR\",\"@id\":\"https:\/\/secure.gravatar.com\/avatar\/e0a867bdedb85fd243eadf09663511f96fc81e0720a4a42581f334ad4303aa6b?s=96&d=mm&r=g\",\"url\":\"https:\/\/secure.gravatar.com\/avatar\/e0a867bdedb85fd243eadf09663511f96fc81e0720a4a42581f334ad4303aa6b?s=96&d=mm&r=g\",\"contentUrl\":\"https:\/\/secure.gravatar.com\/avatar\/e0a867bdedb85fd243eadf09663511f96fc81e0720a4a42581f334ad4303aa6b?s=96&d=mm&r=g\",\"caption\":\"Reda\u00e7\u00e3o\"}}]}<\/script>\n<!-- \/ Yoast SEO plugin. -->","yoast_head_json":{"title":"Supremo decide manter Daniel Vorcaro na pris\u00e3o - Notibras","robots":{"index":"index","follow":"follow","max-snippet":"max-snippet:-1","max-image-preview":"max-image-preview:large","max-video-preview":"max-video-preview:-1"},"canonical":"https:\/\/www.notibras.com\/site\/supremo-decide-manter-daniel-vorcaro-na-prisao\/","og_locale":"pt_BR","og_type":"article","og_title":"Supremo decide manter Daniel Vorcaro na pris\u00e3o - Notibras","og_description":"Os ministros do Supremo Tribunal Federal Andr\u00e9 Mendon\u00e7a, Luiz Fux e Nunes Marques formaram maioria nesta sexta-feira (13) para manter a pris\u00e3o preventiva do banqueiro Daniel Vorcaro, dono do Banco Master, institui\u00e7\u00e3o que foi liquidada pelo Banco Central por falta de dinheiro em caixa para honrar seus compromissos. Preso na terceira fase da Opera\u00e7\u00e3o Compliance [&hellip;]","og_url":"https:\/\/www.notibras.com\/site\/supremo-decide-manter-daniel-vorcaro-na-prisao\/","og_site_name":"Notibras","article_publisher":"https:\/\/www.facebook.com\/notibras\/","article_published_time":"2026-03-13T16:26:51+00:00","og_image":[{"width":750,"height":440,"url":"https:\/\/www.notibras.com\/site\/wp-content\/uploads\/2026\/01\/vorcaro-master-750x440-1.jpg","type":"image\/jpeg"}],"author":"Reda\u00e7\u00e3o","twitter_card":"summary_large_image","twitter_creator":"@Notibras","twitter_site":"@Notibras","twitter_misc":{"Escrito por":"Reda\u00e7\u00e3o","Est. tempo de leitura":"3 minutos"},"schema":{"@context":"https:\/\/schema.org","@graph":[{"@type":"Article","@id":"https:\/\/www.notibras.com\/site\/supremo-decide-manter-daniel-vorcaro-na-prisao\/#article","isPartOf":{"@id":"https:\/\/www.notibras.com\/site\/supremo-decide-manter-daniel-vorcaro-na-prisao\/"},"author":{"name":"Reda\u00e7\u00e3o","@id":"https:\/\/www.notibras.com\/site\/#\/schema\/person\/36ab0979449956132d3e5b517ea76ac8"},"headline":"Supremo decide manter Daniel Vorcaro na pris\u00e3o","datePublished":"2026-03-13T16:26:51+00:00","mainEntityOfPage":{"@id":"https:\/\/www.notibras.com\/site\/supremo-decide-manter-daniel-vorcaro-na-prisao\/"},"wordCount":473,"publisher":{"@id":"https:\/\/www.notibras.com\/site\/#organization"},"image":{"@id":"https:\/\/www.notibras.com\/site\/supremo-decide-manter-daniel-vorcaro-na-prisao\/#primaryimage"},"thumbnailUrl":"https:\/\/www.notibras.com\/site\/wp-content\/uploads\/2026\/01\/vorcaro-master-750x440-1.jpg","articleSection":["Brasil"],"inLanguage":"pt-BR"},{"@type":"WebPage","@id":"https:\/\/www.notibras.com\/site\/supremo-decide-manter-daniel-vorcaro-na-prisao\/","url":"https:\/\/www.notibras.com\/site\/supremo-decide-manter-daniel-vorcaro-na-prisao\/","name":"Supremo decide manter Daniel Vorcaro na pris\u00e3o - Notibras","isPartOf":{"@id":"https:\/\/www.notibras.com\/site\/#website"},"primaryImageOfPage":{"@id":"https:\/\/www.notibras.com\/site\/supremo-decide-manter-daniel-vorcaro-na-prisao\/#primaryimage"},"image":{"@id":"https:\/\/www.notibras.com\/site\/supremo-decide-manter-daniel-vorcaro-na-prisao\/#primaryimage"},"thumbnailUrl":"https:\/\/www.notibras.com\/site\/wp-content\/uploads\/2026\/01\/vorcaro-master-750x440-1.jpg","datePublished":"2026-03-13T16:26:51+00:00","breadcrumb":{"@id":"https:\/\/www.notibras.com\/site\/supremo-decide-manter-daniel-vorcaro-na-prisao\/#breadcrumb"},"inLanguage":"pt-BR","potentialAction":[{"@type":"ReadAction","target":["https:\/\/www.notibras.com\/site\/supremo-decide-manter-daniel-vorcaro-na-prisao\/"]}]},{"@type":"ImageObject","inLanguage":"pt-BR","@id":"https:\/\/www.notibras.com\/site\/supremo-decide-manter-daniel-vorcaro-na-prisao\/#primaryimage","url":"https:\/\/www.notibras.com\/site\/wp-content\/uploads\/2026\/01\/vorcaro-master-750x440-1.jpg","contentUrl":"https:\/\/www.notibras.com\/site\/wp-content\/uploads\/2026\/01\/vorcaro-master-750x440-1.jpg","width":750,"height":440},{"@type":"BreadcrumbList","@id":"https:\/\/www.notibras.com\/site\/supremo-decide-manter-daniel-vorcaro-na-prisao\/#breadcrumb","itemListElement":[{"@type":"ListItem","position":1,"name":"In\u00edcio","item":"https:\/\/www.notibras.com\/site\/"},{"@type":"ListItem","position":2,"name":"Supremo decide manter Daniel Vorcaro na pris\u00e3o"}]},{"@type":"WebSite","@id":"https:\/\/www.notibras.com\/site\/#website","url":"https:\/\/www.notibras.com\/site\/","name":"Notibras","description":"Not\u00edcias de Bras\u00edlia, do Brasil e do Mundo","publisher":{"@id":"https:\/\/www.notibras.com\/site\/#organization"},"potentialAction":[{"@type":"SearchAction","target":{"@type":"EntryPoint","urlTemplate":"https:\/\/www.notibras.com\/site\/?s={search_term_string}"},"query-input":{"@type":"PropertyValueSpecification","valueRequired":true,"valueName":"search_term_string"}}],"inLanguage":"pt-BR"},{"@type":"Organization","@id":"https:\/\/www.notibras.com\/site\/#organization","name":"Grupo Notibras de Comunica\u00e7\u00e3o","url":"https:\/\/www.notibras.com\/site\/","logo":{"@type":"ImageObject","inLanguage":"pt-BR","@id":"https:\/\/www.notibras.com\/site\/#\/schema\/logo\/image\/","url":"https:\/\/www.notibras.com\/site\/wp-content\/uploads\/2023\/01\/notibras23.png","contentUrl":"https:\/\/www.notibras.com\/site\/wp-content\/uploads\/2023\/01\/notibras23.png","width":350,"height":87,"caption":"Grupo Notibras de Comunica\u00e7\u00e3o"},"image":{"@id":"https:\/\/www.notibras.com\/site\/#\/schema\/logo\/image\/"},"sameAs":["https:\/\/www.facebook.com\/notibras\/","https:\/\/x.com\/Notibras","https:\/\/www.instagram.com\/notibras\/"]},{"@type":"Person","@id":"https:\/\/www.notibras.com\/site\/#\/schema\/person\/36ab0979449956132d3e5b517ea76ac8","name":"Reda\u00e7\u00e3o","image":{"@type":"ImageObject","inLanguage":"pt-BR","@id":"https:\/\/secure.gravatar.com\/avatar\/e0a867bdedb85fd243eadf09663511f96fc81e0720a4a42581f334ad4303aa6b?s=96&d=mm&r=g","url":"https:\/\/secure.gravatar.com\/avatar\/e0a867bdedb85fd243eadf09663511f96fc81e0720a4a42581f334ad4303aa6b?s=96&d=mm&r=g","contentUrl":"https:\/\/secure.gravatar.com\/avatar\/e0a867bdedb85fd243eadf09663511f96fc81e0720a4a42581f334ad4303aa6b?s=96&d=mm&r=g","caption":"Reda\u00e7\u00e3o"}}]}},"amp_enabled":true,"_links":{"self":[{"href":"https:\/\/www.notibras.com\/site\/wp-json\/wp\/v2\/posts\/386825","targetHints":{"allow":["GET"]}}],"collection":[{"href":"https:\/\/www.notibras.com\/site\/wp-json\/wp\/v2\/posts"}],"about":[{"href":"https:\/\/www.notibras.com\/site\/wp-json\/wp\/v2\/types\/post"}],"author":[{"embeddable":true,"href":"https:\/\/www.notibras.com\/site\/wp-json\/wp\/v2\/users\/2"}],"replies":[{"embeddable":true,"href":"https:\/\/www.notibras.com\/site\/wp-json\/wp\/v2\/comments?post=386825"}],"version-history":[{"count":1,"href":"https:\/\/www.notibras.com\/site\/wp-json\/wp\/v2\/posts\/386825\/revisions"}],"predecessor-version":[{"id":386826,"href":"https:\/\/www.notibras.com\/site\/wp-json\/wp\/v2\/posts\/386825\/revisions\/386826"}],"wp:featuredmedia":[{"embeddable":true,"href":"https:\/\/www.notibras.com\/site\/wp-json\/wp\/v2\/media\/378367"}],"wp:attachment":[{"href":"https:\/\/www.notibras.com\/site\/wp-json\/wp\/v2\/media?parent=386825"}],"wp:term":[{"taxonomy":"category","embeddable":true,"href":"https:\/\/www.notibras.com\/site\/wp-json\/wp\/v2\/categories?post=386825"},{"taxonomy":"post_tag","embeddable":true,"href":"https:\/\/www.notibras.com\/site\/wp-json\/wp\/v2\/tags?post=386825"}],"curies":[{"name":"wp","href":"https:\/\/api.w.org\/{rel}","templated":true}]}}