{"id":386836,"date":"2026-03-14T01:15:54","date_gmt":"2026-03-14T04:15:54","guid":{"rendered":"https:\/\/www.notibras.com\/site\/?p=386836"},"modified":"2026-03-13T15:45:18","modified_gmt":"2026-03-13T18:45:18","slug":"laudo-indica-que-socos-e-possivel-uso-de-soco-ingles-causaram-morte-de-jovem","status":"publish","type":"post","link":"https:\/\/www.notibras.com\/site\/laudo-indica-que-socos-e-possivel-uso-de-soco-ingles-causaram-morte-de-jovem\/","title":{"rendered":"Laudo indica que socos e poss\u00edvel uso de soco ingl\u00eas causaram morte de jovem"},"content":{"rendered":"<p>Um novo laudo m\u00e9dico, encomendado pela fam\u00edlia de Rodrigo Castanheira, de 16 anos, aponta que a causa da morte do adolescente foram os golpes diretos desferidos por Pedro Arthur Turra Basso, de 19 anos. O documento contesta a hip\u00f3tese inicial de que o \u00f3bito teria sido provocado pelo impacto da cabe\u00e7a da v\u00edtima contra um ve\u00edculo durante a briga, ocorrida em janeiro de 2026.<\/p>\n<p>Assinado pelo neurocirurgi\u00e3o F\u00e1bio Teixeira Giovanetti Pontes, o parecer t\u00e9cnico foi juntado ao processo nesta semana. A an\u00e1lise detalha que as fraturas cranianas identificadas no jovem s\u00e3o incompat\u00edveis com uma queda ou batida acidental, apresentando caracter\u00edsticas de &#8220;trauma de golpe direto&#8221; por agress\u00f5es repetidas e de alta intensidade.<\/p>\n<p>De acordo com o especialista, todas as les\u00f5es fatais concentram-se no lado esquerdo da cabe\u00e7a de Rodrigo. As imagens do confronto mostram que Pedro Turra desferiu m\u00faltiplos socos justamente nessa regi\u00e3o, enquanto o impacto do adolescente contra a porta do carro teria ocorrido no lado direito, refor\u00e7ando a tese de que o ve\u00edculo n\u00e3o foi o agente causador do \u00f3bito.<\/p>\n<p>O laudo tamb\u00e9m traz uma revela\u00e7\u00e3o t\u00e9cnica sobre a for\u00e7a necess\u00e1ria para romper o cr\u00e2nio humano. Segundo o m\u00e9dico, estudos indicam a necessidade de uma press\u00e3o de at\u00e9 53 kgf\/cm\u00b2 para gerar uma fratura linear, for\u00e7a que \u00e9 compat\u00edvel com socos humanos potentes, mas que geralmente deixaria sequelas nas m\u00e3os do pr\u00f3prio agressor.<\/p>\n<p>Este ponto levanta a principal suspeita da acusa\u00e7\u00e3o: o uso de um soco ingl\u00eas. O exame de corpo de delito realizado em Pedro Turra logo ap\u00f3s o crime n\u00e3o identificou les\u00f5es, cortes ou incha\u00e7os em suas m\u00e3os ou punhos, o que o neurocirurgi\u00e3o classifica como &#8220;at\u00edpico&#8221; diante da gravidade das fraturas causadas na v\u00edtima.<\/p>\n<p>Para o m\u00e9dico e para a fam\u00edlia, a integridade f\u00edsica das m\u00e3os de Turra sugere a presen\u00e7a de um &#8220;elemento protetor e amplificador de for\u00e7a&#8221;. O pai da v\u00edtima, Ricardo Almeida Castanheira, refor\u00e7ou o questionamento, afirmando ser improv\u00e1vel que algu\u00e9m quebre o cr\u00e2nio de outra pessoa sem sofrer ao menos um ferimento leve nos dedos.<\/p>\n<p>Diante das novas evid\u00eancias, o assistente de acusa\u00e7\u00e3o, Albert Halex, protocolou um pedido \u00e0 Justi\u00e7a do Distrito Federal para a amplia\u00e7\u00e3o da den\u00fancia. A fam\u00edlia solicita uma per\u00edcia biomec\u00e2nica e uma an\u00e1lise especializada nas imagens de v\u00eddeo para confirmar se o ex-piloto portava algum instrumento contundente no momento do ataque.<\/p>\n<p>Al\u00e9m da investiga\u00e7\u00e3o sobre o soco ingl\u00eas, a defesa da v\u00edtima pede a reabertura das investiga\u00e7\u00f5es sobre as outras pessoas que ocupavam o ve\u00edculo com o r\u00e9u. O objetivo \u00e9 apurar se houve omiss\u00e3o ou coniv\u00eancia dos acompanhantes de Turra durante o epis\u00f3dio que levou \u00e0 morte do adolescente de 16 anos.<\/p>\n<p>O caso, que inicialmente era tratado como les\u00e3o corporal grav\u00edssima, foi reclassificado pelo Minist\u00e9rio P\u00fablico para homic\u00eddio doloso qualificado por motivo f\u00fatil ap\u00f3s a confirma\u00e7\u00e3o da morte encef\u00e1lica de Rodrigo, em 7 de fevereiro. O \u00f3rg\u00e3o tamb\u00e9m pleiteia uma indeniza\u00e7\u00e3o de R$ 400 mil por danos morais \u00e0 fam\u00edlia.<\/p>\n<p>Pedro Arthur Turra Basso permanece detido preventivamente no Complexo Penitenci\u00e1rio da Papuda desde o in\u00edcio de fevereiro. Enquanto a Justi\u00e7a analisa a inclus\u00e3o dos novos laudos ao processo, a reportagem segue buscando contato com a defesa do r\u00e9u para que se manifeste sobre as recentes acusa\u00e7\u00f5es.<\/p>\n","protected":false},"excerpt":{"rendered":"<p>Um novo laudo m\u00e9dico, encomendado pela fam\u00edlia de Rodrigo Castanheira, de 16 anos, aponta que a causa da morte do adolescente foram os golpes diretos desferidos por Pedro Arthur Turra Basso, de 19 anos. O documento contesta a hip\u00f3tese inicial de que o \u00f3bito teria sido provocado pelo impacto da cabe\u00e7a da v\u00edtima contra um [&hellip;]<\/p>\n","protected":false},"author":21,"featured_media":386837,"comment_status":"closed","ping_status":"closed","sticky":false,"template":"","format":"standard","meta":{"_acf_changed":false,"footnotes":""},"categories":[161],"tags":[],"class_list":["post-386836","post","type-post","status-publish","format-standard","has-post-thumbnail","hentry","category-quadradinho-em-foco"],"acf":[],"yoast_head":"<!-- This site is optimized with the Yoast SEO plugin v27.2 - https:\/\/yoast.com\/product\/yoast-seo-wordpress\/ -->\n<title>Laudo indica que socos e poss\u00edvel uso de soco ingl\u00eas causaram morte de jovem - Notibras<\/title>\n<meta name=\"robots\" content=\"index, follow, max-snippet:-1, max-image-preview:large, max-video-preview:-1\" \/>\n<link rel=\"canonical\" href=\"https:\/\/www.notibras.com\/site\/laudo-indica-que-socos-e-possivel-uso-de-soco-ingles-causaram-morte-de-jovem\/\" \/>\n<meta property=\"og:locale\" content=\"pt_BR\" \/>\n<meta property=\"og:type\" content=\"article\" \/>\n<meta property=\"og:title\" content=\"Laudo indica que socos e poss\u00edvel uso de soco ingl\u00eas causaram morte de jovem - Notibras\" \/>\n<meta property=\"og:description\" content=\"Um novo laudo m\u00e9dico, encomendado pela fam\u00edlia de Rodrigo Castanheira, de 16 anos, aponta que a causa da morte do adolescente foram os golpes diretos desferidos por Pedro Arthur Turra Basso, de 19 anos. O documento contesta a hip\u00f3tese inicial de que o \u00f3bito teria sido provocado pelo impacto da cabe\u00e7a da v\u00edtima contra um [&hellip;]\" \/>\n<meta property=\"og:url\" content=\"https:\/\/www.notibras.com\/site\/laudo-indica-que-socos-e-possivel-uso-de-soco-ingles-causaram-morte-de-jovem\/\" \/>\n<meta property=\"og:site_name\" content=\"Notibras\" \/>\n<meta property=\"article:publisher\" content=\"https:\/\/www.facebook.com\/notibras\/\" \/>\n<meta property=\"article:published_time\" content=\"2026-03-14T04:15:54+00:00\" \/>\n<meta property=\"og:image\" content=\"https:\/\/www.notibras.com\/site\/wp-content\/uploads\/2026\/03\/WhatsApp-Image-2026-03-13-at-15.42.59.jpeg\" \/>\n\t<meta property=\"og:image:width\" content=\"1000\" \/>\n\t<meta property=\"og:image:height\" content=\"562\" \/>\n\t<meta property=\"og:image:type\" content=\"image\/jpeg\" \/>\n<meta name=\"author\" content=\"Eduardo Mart\u00ednez\" \/>\n<meta name=\"twitter:card\" content=\"summary_large_image\" \/>\n<meta name=\"twitter:creator\" content=\"@Notibras\" \/>\n<meta name=\"twitter:site\" content=\"@Notibras\" \/>\n<meta name=\"twitter:label1\" content=\"Escrito por\" \/>\n\t<meta name=\"twitter:data1\" content=\"Eduardo Mart\u00ednez\" \/>\n\t<meta name=\"twitter:label2\" content=\"Est. tempo de leitura\" \/>\n\t<meta name=\"twitter:data2\" content=\"4 minutos\" \/>\n<script type=\"application\/ld+json\" class=\"yoast-schema-graph\">{\"@context\":\"https:\/\/schema.org\",\"@graph\":[{\"@type\":\"Article\",\"@id\":\"https:\/\/www.notibras.com\/site\/laudo-indica-que-socos-e-possivel-uso-de-soco-ingles-causaram-morte-de-jovem\/#article\",\"isPartOf\":{\"@id\":\"https:\/\/www.notibras.com\/site\/laudo-indica-que-socos-e-possivel-uso-de-soco-ingles-causaram-morte-de-jovem\/\"},\"author\":{\"name\":\"Eduardo Mart\u00ednez\",\"@id\":\"https:\/\/www.notibras.com\/site\/#\/schema\/person\/5b7fabf2aedc3ada2105f03b22b4d3dd\"},\"headline\":\"Laudo indica que socos e poss\u00edvel uso de soco ingl\u00eas causaram morte de jovem\",\"datePublished\":\"2026-03-14T04:15:54+00:00\",\"mainEntityOfPage\":{\"@id\":\"https:\/\/www.notibras.com\/site\/laudo-indica-que-socos-e-possivel-uso-de-soco-ingles-causaram-morte-de-jovem\/\"},\"wordCount\":629,\"publisher\":{\"@id\":\"https:\/\/www.notibras.com\/site\/#organization\"},\"image\":{\"@id\":\"https:\/\/www.notibras.com\/site\/laudo-indica-que-socos-e-possivel-uso-de-soco-ingles-causaram-morte-de-jovem\/#primaryimage\"},\"thumbnailUrl\":\"https:\/\/www.notibras.com\/site\/wp-content\/uploads\/2026\/03\/WhatsApp-Image-2026-03-13-at-15.42.59.jpeg\",\"articleSection\":[\"Quadradinho em Foco\"],\"inLanguage\":\"pt-BR\"},{\"@type\":\"WebPage\",\"@id\":\"https:\/\/www.notibras.com\/site\/laudo-indica-que-socos-e-possivel-uso-de-soco-ingles-causaram-morte-de-jovem\/\",\"url\":\"https:\/\/www.notibras.com\/site\/laudo-indica-que-socos-e-possivel-uso-de-soco-ingles-causaram-morte-de-jovem\/\",\"name\":\"Laudo indica que socos e poss\u00edvel uso de soco ingl\u00eas causaram morte de jovem - Notibras\",\"isPartOf\":{\"@id\":\"https:\/\/www.notibras.com\/site\/#website\"},\"primaryImageOfPage\":{\"@id\":\"https:\/\/www.notibras.com\/site\/laudo-indica-que-socos-e-possivel-uso-de-soco-ingles-causaram-morte-de-jovem\/#primaryimage\"},\"image\":{\"@id\":\"https:\/\/www.notibras.com\/site\/laudo-indica-que-socos-e-possivel-uso-de-soco-ingles-causaram-morte-de-jovem\/#primaryimage\"},\"thumbnailUrl\":\"https:\/\/www.notibras.com\/site\/wp-content\/uploads\/2026\/03\/WhatsApp-Image-2026-03-13-at-15.42.59.jpeg\",\"datePublished\":\"2026-03-14T04:15:54+00:00\",\"breadcrumb\":{\"@id\":\"https:\/\/www.notibras.com\/site\/laudo-indica-que-socos-e-possivel-uso-de-soco-ingles-causaram-morte-de-jovem\/#breadcrumb\"},\"inLanguage\":\"pt-BR\",\"potentialAction\":[{\"@type\":\"ReadAction\",\"target\":[\"https:\/\/www.notibras.com\/site\/laudo-indica-que-socos-e-possivel-uso-de-soco-ingles-causaram-morte-de-jovem\/\"]}]},{\"@type\":\"ImageObject\",\"inLanguage\":\"pt-BR\",\"@id\":\"https:\/\/www.notibras.com\/site\/laudo-indica-que-socos-e-possivel-uso-de-soco-ingles-causaram-morte-de-jovem\/#primaryimage\",\"url\":\"https:\/\/www.notibras.com\/site\/wp-content\/uploads\/2026\/03\/WhatsApp-Image-2026-03-13-at-15.42.59.jpeg\",\"contentUrl\":\"https:\/\/www.notibras.com\/site\/wp-content\/uploads\/2026\/03\/WhatsApp-Image-2026-03-13-at-15.42.59.jpeg\",\"width\":1000,\"height\":562},{\"@type\":\"BreadcrumbList\",\"@id\":\"https:\/\/www.notibras.com\/site\/laudo-indica-que-socos-e-possivel-uso-de-soco-ingles-causaram-morte-de-jovem\/#breadcrumb\",\"itemListElement\":[{\"@type\":\"ListItem\",\"position\":1,\"name\":\"In\u00edcio\",\"item\":\"https:\/\/www.notibras.com\/site\/\"},{\"@type\":\"ListItem\",\"position\":2,\"name\":\"Laudo indica que socos e poss\u00edvel uso de soco ingl\u00eas causaram morte de jovem\"}]},{\"@type\":\"WebSite\",\"@id\":\"https:\/\/www.notibras.com\/site\/#website\",\"url\":\"https:\/\/www.notibras.com\/site\/\",\"name\":\"Notibras\",\"description\":\"Not\u00edcias de Bras\u00edlia, do Brasil e do Mundo\",\"publisher\":{\"@id\":\"https:\/\/www.notibras.com\/site\/#organization\"},\"potentialAction\":[{\"@type\":\"SearchAction\",\"target\":{\"@type\":\"EntryPoint\",\"urlTemplate\":\"https:\/\/www.notibras.com\/site\/?s={search_term_string}\"},\"query-input\":{\"@type\":\"PropertyValueSpecification\",\"valueRequired\":true,\"valueName\":\"search_term_string\"}}],\"inLanguage\":\"pt-BR\"},{\"@type\":\"Organization\",\"@id\":\"https:\/\/www.notibras.com\/site\/#organization\",\"name\":\"Grupo Notibras de Comunica\u00e7\u00e3o\",\"url\":\"https:\/\/www.notibras.com\/site\/\",\"logo\":{\"@type\":\"ImageObject\",\"inLanguage\":\"pt-BR\",\"@id\":\"https:\/\/www.notibras.com\/site\/#\/schema\/logo\/image\/\",\"url\":\"https:\/\/www.notibras.com\/site\/wp-content\/uploads\/2023\/01\/notibras23.png\",\"contentUrl\":\"https:\/\/www.notibras.com\/site\/wp-content\/uploads\/2023\/01\/notibras23.png\",\"width\":350,\"height\":87,\"caption\":\"Grupo Notibras de Comunica\u00e7\u00e3o\"},\"image\":{\"@id\":\"https:\/\/www.notibras.com\/site\/#\/schema\/logo\/image\/\"},\"sameAs\":[\"https:\/\/www.facebook.com\/notibras\/\",\"https:\/\/x.com\/Notibras\",\"https:\/\/www.instagram.com\/notibras\/\"]},{\"@type\":\"Person\",\"@id\":\"https:\/\/www.notibras.com\/site\/#\/schema\/person\/5b7fabf2aedc3ada2105f03b22b4d3dd\",\"name\":\"Eduardo Mart\u00ednez\",\"image\":{\"@type\":\"ImageObject\",\"inLanguage\":\"pt-BR\",\"@id\":\"https:\/\/secure.gravatar.com\/avatar\/7902f906289926289cbcda644b5197c796b893c6ffd7b9a536a42d290f7704a0?s=96&d=mm&r=g\",\"url\":\"https:\/\/secure.gravatar.com\/avatar\/7902f906289926289cbcda644b5197c796b893c6ffd7b9a536a42d290f7704a0?s=96&d=mm&r=g\",\"contentUrl\":\"https:\/\/secure.gravatar.com\/avatar\/7902f906289926289cbcda644b5197c796b893c6ffd7b9a536a42d290f7704a0?s=96&d=mm&r=g\",\"caption\":\"Eduardo Mart\u00ednez\"}}]}<\/script>\n<!-- \/ Yoast SEO plugin. -->","yoast_head_json":{"title":"Laudo indica que socos e poss\u00edvel uso de soco ingl\u00eas causaram morte de jovem - Notibras","robots":{"index":"index","follow":"follow","max-snippet":"max-snippet:-1","max-image-preview":"max-image-preview:large","max-video-preview":"max-video-preview:-1"},"canonical":"https:\/\/www.notibras.com\/site\/laudo-indica-que-socos-e-possivel-uso-de-soco-ingles-causaram-morte-de-jovem\/","og_locale":"pt_BR","og_type":"article","og_title":"Laudo indica que socos e poss\u00edvel uso de soco ingl\u00eas causaram morte de jovem - Notibras","og_description":"Um novo laudo m\u00e9dico, encomendado pela fam\u00edlia de Rodrigo Castanheira, de 16 anos, aponta que a causa da morte do adolescente foram os golpes diretos desferidos por Pedro Arthur Turra Basso, de 19 anos. O documento contesta a hip\u00f3tese inicial de que o \u00f3bito teria sido provocado pelo impacto da cabe\u00e7a da v\u00edtima contra um [&hellip;]","og_url":"https:\/\/www.notibras.com\/site\/laudo-indica-que-socos-e-possivel-uso-de-soco-ingles-causaram-morte-de-jovem\/","og_site_name":"Notibras","article_publisher":"https:\/\/www.facebook.com\/notibras\/","article_published_time":"2026-03-14T04:15:54+00:00","og_image":[{"width":1000,"height":562,"url":"https:\/\/www.notibras.com\/site\/wp-content\/uploads\/2026\/03\/WhatsApp-Image-2026-03-13-at-15.42.59.jpeg","type":"image\/jpeg"}],"author":"Eduardo Mart\u00ednez","twitter_card":"summary_large_image","twitter_creator":"@Notibras","twitter_site":"@Notibras","twitter_misc":{"Escrito por":"Eduardo Mart\u00ednez","Est. tempo de leitura":"4 minutos"},"schema":{"@context":"https:\/\/schema.org","@graph":[{"@type":"Article","@id":"https:\/\/www.notibras.com\/site\/laudo-indica-que-socos-e-possivel-uso-de-soco-ingles-causaram-morte-de-jovem\/#article","isPartOf":{"@id":"https:\/\/www.notibras.com\/site\/laudo-indica-que-socos-e-possivel-uso-de-soco-ingles-causaram-morte-de-jovem\/"},"author":{"name":"Eduardo Mart\u00ednez","@id":"https:\/\/www.notibras.com\/site\/#\/schema\/person\/5b7fabf2aedc3ada2105f03b22b4d3dd"},"headline":"Laudo indica que socos e poss\u00edvel uso de soco ingl\u00eas causaram morte de jovem","datePublished":"2026-03-14T04:15:54+00:00","mainEntityOfPage":{"@id":"https:\/\/www.notibras.com\/site\/laudo-indica-que-socos-e-possivel-uso-de-soco-ingles-causaram-morte-de-jovem\/"},"wordCount":629,"publisher":{"@id":"https:\/\/www.notibras.com\/site\/#organization"},"image":{"@id":"https:\/\/www.notibras.com\/site\/laudo-indica-que-socos-e-possivel-uso-de-soco-ingles-causaram-morte-de-jovem\/#primaryimage"},"thumbnailUrl":"https:\/\/www.notibras.com\/site\/wp-content\/uploads\/2026\/03\/WhatsApp-Image-2026-03-13-at-15.42.59.jpeg","articleSection":["Quadradinho em Foco"],"inLanguage":"pt-BR"},{"@type":"WebPage","@id":"https:\/\/www.notibras.com\/site\/laudo-indica-que-socos-e-possivel-uso-de-soco-ingles-causaram-morte-de-jovem\/","url":"https:\/\/www.notibras.com\/site\/laudo-indica-que-socos-e-possivel-uso-de-soco-ingles-causaram-morte-de-jovem\/","name":"Laudo indica que socos e poss\u00edvel uso de soco ingl\u00eas causaram morte de jovem - Notibras","isPartOf":{"@id":"https:\/\/www.notibras.com\/site\/#website"},"primaryImageOfPage":{"@id":"https:\/\/www.notibras.com\/site\/laudo-indica-que-socos-e-possivel-uso-de-soco-ingles-causaram-morte-de-jovem\/#primaryimage"},"image":{"@id":"https:\/\/www.notibras.com\/site\/laudo-indica-que-socos-e-possivel-uso-de-soco-ingles-causaram-morte-de-jovem\/#primaryimage"},"thumbnailUrl":"https:\/\/www.notibras.com\/site\/wp-content\/uploads\/2026\/03\/WhatsApp-Image-2026-03-13-at-15.42.59.jpeg","datePublished":"2026-03-14T04:15:54+00:00","breadcrumb":{"@id":"https:\/\/www.notibras.com\/site\/laudo-indica-que-socos-e-possivel-uso-de-soco-ingles-causaram-morte-de-jovem\/#breadcrumb"},"inLanguage":"pt-BR","potentialAction":[{"@type":"ReadAction","target":["https:\/\/www.notibras.com\/site\/laudo-indica-que-socos-e-possivel-uso-de-soco-ingles-causaram-morte-de-jovem\/"]}]},{"@type":"ImageObject","inLanguage":"pt-BR","@id":"https:\/\/www.notibras.com\/site\/laudo-indica-que-socos-e-possivel-uso-de-soco-ingles-causaram-morte-de-jovem\/#primaryimage","url":"https:\/\/www.notibras.com\/site\/wp-content\/uploads\/2026\/03\/WhatsApp-Image-2026-03-13-at-15.42.59.jpeg","contentUrl":"https:\/\/www.notibras.com\/site\/wp-content\/uploads\/2026\/03\/WhatsApp-Image-2026-03-13-at-15.42.59.jpeg","width":1000,"height":562},{"@type":"BreadcrumbList","@id":"https:\/\/www.notibras.com\/site\/laudo-indica-que-socos-e-possivel-uso-de-soco-ingles-causaram-morte-de-jovem\/#breadcrumb","itemListElement":[{"@type":"ListItem","position":1,"name":"In\u00edcio","item":"https:\/\/www.notibras.com\/site\/"},{"@type":"ListItem","position":2,"name":"Laudo indica que socos e poss\u00edvel uso de soco ingl\u00eas causaram morte de jovem"}]},{"@type":"WebSite","@id":"https:\/\/www.notibras.com\/site\/#website","url":"https:\/\/www.notibras.com\/site\/","name":"Notibras","description":"Not\u00edcias de Bras\u00edlia, do Brasil e do Mundo","publisher":{"@id":"https:\/\/www.notibras.com\/site\/#organization"},"potentialAction":[{"@type":"SearchAction","target":{"@type":"EntryPoint","urlTemplate":"https:\/\/www.notibras.com\/site\/?s={search_term_string}"},"query-input":{"@type":"PropertyValueSpecification","valueRequired":true,"valueName":"search_term_string"}}],"inLanguage":"pt-BR"},{"@type":"Organization","@id":"https:\/\/www.notibras.com\/site\/#organization","name":"Grupo Notibras de Comunica\u00e7\u00e3o","url":"https:\/\/www.notibras.com\/site\/","logo":{"@type":"ImageObject","inLanguage":"pt-BR","@id":"https:\/\/www.notibras.com\/site\/#\/schema\/logo\/image\/","url":"https:\/\/www.notibras.com\/site\/wp-content\/uploads\/2023\/01\/notibras23.png","contentUrl":"https:\/\/www.notibras.com\/site\/wp-content\/uploads\/2023\/01\/notibras23.png","width":350,"height":87,"caption":"Grupo Notibras de Comunica\u00e7\u00e3o"},"image":{"@id":"https:\/\/www.notibras.com\/site\/#\/schema\/logo\/image\/"},"sameAs":["https:\/\/www.facebook.com\/notibras\/","https:\/\/x.com\/Notibras","https:\/\/www.instagram.com\/notibras\/"]},{"@type":"Person","@id":"https:\/\/www.notibras.com\/site\/#\/schema\/person\/5b7fabf2aedc3ada2105f03b22b4d3dd","name":"Eduardo Mart\u00ednez","image":{"@type":"ImageObject","inLanguage":"pt-BR","@id":"https:\/\/secure.gravatar.com\/avatar\/7902f906289926289cbcda644b5197c796b893c6ffd7b9a536a42d290f7704a0?s=96&d=mm&r=g","url":"https:\/\/secure.gravatar.com\/avatar\/7902f906289926289cbcda644b5197c796b893c6ffd7b9a536a42d290f7704a0?s=96&d=mm&r=g","contentUrl":"https:\/\/secure.gravatar.com\/avatar\/7902f906289926289cbcda644b5197c796b893c6ffd7b9a536a42d290f7704a0?s=96&d=mm&r=g","caption":"Eduardo Mart\u00ednez"}}]}},"amp_enabled":true,"_links":{"self":[{"href":"https:\/\/www.notibras.com\/site\/wp-json\/wp\/v2\/posts\/386836","targetHints":{"allow":["GET"]}}],"collection":[{"href":"https:\/\/www.notibras.com\/site\/wp-json\/wp\/v2\/posts"}],"about":[{"href":"https:\/\/www.notibras.com\/site\/wp-json\/wp\/v2\/types\/post"}],"author":[{"embeddable":true,"href":"https:\/\/www.notibras.com\/site\/wp-json\/wp\/v2\/users\/21"}],"replies":[{"embeddable":true,"href":"https:\/\/www.notibras.com\/site\/wp-json\/wp\/v2\/comments?post=386836"}],"version-history":[{"count":2,"href":"https:\/\/www.notibras.com\/site\/wp-json\/wp\/v2\/posts\/386836\/revisions"}],"predecessor-version":[{"id":386839,"href":"https:\/\/www.notibras.com\/site\/wp-json\/wp\/v2\/posts\/386836\/revisions\/386839"}],"wp:featuredmedia":[{"embeddable":true,"href":"https:\/\/www.notibras.com\/site\/wp-json\/wp\/v2\/media\/386837"}],"wp:attachment":[{"href":"https:\/\/www.notibras.com\/site\/wp-json\/wp\/v2\/media?parent=386836"}],"wp:term":[{"taxonomy":"category","embeddable":true,"href":"https:\/\/www.notibras.com\/site\/wp-json\/wp\/v2\/categories?post=386836"},{"taxonomy":"post_tag","embeddable":true,"href":"https:\/\/www.notibras.com\/site\/wp-json\/wp\/v2\/tags?post=386836"}],"curies":[{"name":"wp","href":"https:\/\/api.w.org\/{rel}","templated":true}]}}