{"id":386841,"date":"2026-03-13T12:48:49","date_gmt":"2026-03-13T15:48:49","guid":{"rendered":"https:\/\/www.notibras.com\/site\/?p=386841"},"modified":"2026-03-13T15:50:15","modified_gmt":"2026-03-13T18:50:15","slug":"bolsonaro-internado-em-uti-com-broncopneumonia","status":"publish","type":"post","link":"https:\/\/www.notibras.com\/site\/bolsonaro-internado-em-uti-com-broncopneumonia\/","title":{"rendered":"Bolsonaro internado em UTI com broncopneumonia"},"content":{"rendered":"<p>O ex-presidente Jair Bolsonaro est\u00e1 internado na unidade de terapia intensiva (UTI) do Hospital DF Star, em Bras\u00edlia, com broncopneumonia bacteriana bilateral de prov\u00e1vel origem aspirativa.<\/p>\n<p>O ex-presidente Bolsonaro chegou \u00e0 unidade hospitalar privada socorrido por uma equipe do Servi\u00e7o de Atendimento M\u00f3vel de Urg\u00eancia (Samu), na manh\u00e3 desta sexta-feira (13) ap\u00f3s apresentar quadro de febre alta, queda da satura\u00e7\u00e3o de oxig\u00eanio, sudorese e calafrios.<\/p>\n<p>Ele est\u00e1 detido na Papudinha (pr\u00e9dio no Complexo Penitenci\u00e1rio da Papuda), onde cumpre pena de 27 anos e 3 meses, por tentativa de golpe de Estado e outros crimes relacionados.<\/p>\n<p>O boletim m\u00e9dico divulgado no in\u00edcio da tarde informa que o ex-presidente foi submetido a exames de imagens e laboratoriais que confirmaram o diagn\u00f3stico de broncopneumonia bilateral.<\/p>\n<p>No momento, o ex-presidente Bolsonaro est\u00e1 em tratamento com antibioticoterapia venosa e suporte cl\u00ednico n\u00e3o invasivo.<\/p>\n<p>A nota \u00e9 assinada pela equipe m\u00e9dica composta pelo cardiologista Brasil Caiado; o Coordenador da UTI Geral, Ant\u00f4nio Aur\u00e9lio de Paiva Fagundes J\u00fanior; e pelo diretor-geral do hospital, Allisson B. Barcelos Borges.<\/p>\n<p><strong>Decis\u00e3o<\/strong><br \/>\nEm decis\u00e3o divulgada pelo Supremo Tribunal Federal (STF) no in\u00edcio da tarde de hoje, o ministro Alexandre de Moraes autorizou a presen\u00e7a da esposa do ex-presidente, Michelle Bolsonaro, no hospital, como acompanhante.<\/p>\n<p>Moraes tamb\u00e9m autorizou os filhos Jair Renan, Fl\u00e1vio, Carlos, Laura, bem como a enteada, Let\u00edcia, a visitarem Jair Bolsonaro durante a interna\u00e7\u00e3o.<\/p>\n<p>O ministro ainda determinou que a vigil\u00e2ncia do ex-presidente seja providenciada pelo N\u00facleo do Cust\u00f3dia do 19\u00ba Batalh\u00e3o da Pol\u00edcia Militar do Distrito Federal. Policiais dever\u00e3o ficar de prontid\u00e3o 24 horas, sendo dois na porta do quarto, al\u00e9m de equipes dentro e fora do hospital.<\/p>\n<p>O ministro tamb\u00e9m proibiu a entrada de computadores, telefones celulares ou quaisquer dispositivos eletr\u00f4nicos, salvo equipamentos m\u00e9dicos, na unidade onde Bolsonaro est\u00e1 internado.<\/p>\n<p><strong>Not\u00edcia<\/strong><br \/>\nInicialmente, a informa\u00e7\u00e3o sobre a interna\u00e7\u00e3o de Jair Bolsonaro foi divulgada pelo senador Fl\u00e1vio Bolsonaro (PL-RJ), filho do ex-presidente, em uma rede social, e confirmada pela Pol\u00edcia Militar do Distrito Federal.<\/p>\n<p>Ao deixar o hospital ap\u00f3s visitar o pai na unidade de terapia, o senador comentou com jornalistas o estado de sa\u00fade do ex-presidente.<\/p>\n<p>&#8220;Conversei rapidamente com os m\u00e9dicos, disseram que dessa vez foi a pior vez que ele se internou aqui com rela\u00e7\u00e3o \u00e0 quantidade de l\u00edquido que tinha no pulm\u00e3o&#8221;, declarou.<\/p>\n<p>Fl\u00e1vio Bolsonaro ainda criticou as condi\u00e7\u00f5es de encarceramento na Papudinha que, segundo ele, poderiam piorar o quadro de sa\u00fade do ex-presidente.<\/p>\n<p>Ele apelou para que a Justi\u00e7a conceda a pris\u00e3o domiciliar humanit\u00e1ria, alegando que o ambiente prisional impede os cuidados necess\u00e1rios para as patologias do pai e que este poderia ser acompanhado permanentemente pela fam\u00edlia e por profissionais de enfermagem.<\/p>\n","protected":false},"excerpt":{"rendered":"<p>O ex-presidente Jair Bolsonaro est\u00e1 internado na unidade de terapia intensiva (UTI) do Hospital DF Star, em Bras\u00edlia, com broncopneumonia bacteriana bilateral de prov\u00e1vel origem aspirativa. O ex-presidente Bolsonaro chegou \u00e0 unidade hospitalar privada socorrido por uma equipe do Servi\u00e7o de Atendimento M\u00f3vel de Urg\u00eancia (Samu), na manh\u00e3 desta sexta-feira (13) ap\u00f3s apresentar quadro de [&hellip;]<\/p>\n","protected":false},"author":2,"featured_media":386842,"comment_status":"closed","ping_status":"closed","sticky":false,"template":"","format":"standard","meta":{"_acf_changed":false,"footnotes":""},"categories":[16],"tags":[],"class_list":["post-386841","post","type-post","status-publish","format-standard","has-post-thumbnail","hentry","category-brasil"],"acf":[],"yoast_head":"<!-- This site is optimized with the Yoast SEO plugin v27.2 - https:\/\/yoast.com\/product\/yoast-seo-wordpress\/ -->\n<title>Bolsonaro internado em UTI com broncopneumonia - Notibras<\/title>\n<meta name=\"robots\" content=\"index, follow, max-snippet:-1, max-image-preview:large, max-video-preview:-1\" \/>\n<link rel=\"canonical\" href=\"https:\/\/www.notibras.com\/site\/bolsonaro-internado-em-uti-com-broncopneumonia\/\" \/>\n<meta property=\"og:locale\" content=\"pt_BR\" \/>\n<meta property=\"og:type\" content=\"article\" \/>\n<meta property=\"og:title\" content=\"Bolsonaro internado em UTI com broncopneumonia - Notibras\" \/>\n<meta property=\"og:description\" content=\"O ex-presidente Jair Bolsonaro est\u00e1 internado na unidade de terapia intensiva (UTI) do Hospital DF Star, em Bras\u00edlia, com broncopneumonia bacteriana bilateral de prov\u00e1vel origem aspirativa. O ex-presidente Bolsonaro chegou \u00e0 unidade hospitalar privada socorrido por uma equipe do Servi\u00e7o de Atendimento M\u00f3vel de Urg\u00eancia (Samu), na manh\u00e3 desta sexta-feira (13) ap\u00f3s apresentar quadro de [&hellip;]\" \/>\n<meta property=\"og:url\" content=\"https:\/\/www.notibras.com\/site\/bolsonaro-internado-em-uti-com-broncopneumonia\/\" \/>\n<meta property=\"og:site_name\" content=\"Notibras\" \/>\n<meta property=\"article:publisher\" content=\"https:\/\/www.facebook.com\/notibras\/\" \/>\n<meta property=\"article:published_time\" content=\"2026-03-13T15:48:49+00:00\" \/>\n<meta property=\"article:modified_time\" content=\"2026-03-13T18:50:15+00:00\" \/>\n<meta property=\"og:image\" content=\"https:\/\/www.notibras.com\/site\/wp-content\/uploads\/2026\/03\/hospital-df-star-mc_abr_17092025-1-2.webp\" \/>\n\t<meta property=\"og:image:width\" content=\"1170\" \/>\n\t<meta property=\"og:image:height\" content=\"700\" \/>\n\t<meta property=\"og:image:type\" content=\"image\/webp\" \/>\n<meta name=\"author\" content=\"Reda\u00e7\u00e3o\" \/>\n<meta name=\"twitter:card\" content=\"summary_large_image\" \/>\n<meta name=\"twitter:creator\" content=\"@Notibras\" \/>\n<meta name=\"twitter:site\" content=\"@Notibras\" \/>\n<meta name=\"twitter:label1\" content=\"Escrito por\" \/>\n\t<meta name=\"twitter:data1\" content=\"Reda\u00e7\u00e3o\" \/>\n\t<meta name=\"twitter:label2\" content=\"Est. tempo de leitura\" \/>\n\t<meta name=\"twitter:data2\" content=\"3 minutos\" \/>\n<script type=\"application\/ld+json\" class=\"yoast-schema-graph\">{\"@context\":\"https:\/\/schema.org\",\"@graph\":[{\"@type\":\"Article\",\"@id\":\"https:\/\/www.notibras.com\/site\/bolsonaro-internado-em-uti-com-broncopneumonia\/#article\",\"isPartOf\":{\"@id\":\"https:\/\/www.notibras.com\/site\/bolsonaro-internado-em-uti-com-broncopneumonia\/\"},\"author\":{\"name\":\"Reda\u00e7\u00e3o\",\"@id\":\"https:\/\/www.notibras.com\/site\/#\/schema\/person\/36ab0979449956132d3e5b517ea76ac8\"},\"headline\":\"Bolsonaro internado em UTI com broncopneumonia\",\"datePublished\":\"2026-03-13T15:48:49+00:00\",\"dateModified\":\"2026-03-13T18:50:15+00:00\",\"mainEntityOfPage\":{\"@id\":\"https:\/\/www.notibras.com\/site\/bolsonaro-internado-em-uti-com-broncopneumonia\/\"},\"wordCount\":492,\"publisher\":{\"@id\":\"https:\/\/www.notibras.com\/site\/#organization\"},\"image\":{\"@id\":\"https:\/\/www.notibras.com\/site\/bolsonaro-internado-em-uti-com-broncopneumonia\/#primaryimage\"},\"thumbnailUrl\":\"https:\/\/www.notibras.com\/site\/wp-content\/uploads\/2026\/03\/hospital-df-star-mc_abr_17092025-1-2.webp\",\"articleSection\":[\"Brasil\"],\"inLanguage\":\"pt-BR\"},{\"@type\":\"WebPage\",\"@id\":\"https:\/\/www.notibras.com\/site\/bolsonaro-internado-em-uti-com-broncopneumonia\/\",\"url\":\"https:\/\/www.notibras.com\/site\/bolsonaro-internado-em-uti-com-broncopneumonia\/\",\"name\":\"Bolsonaro internado em UTI com broncopneumonia - Notibras\",\"isPartOf\":{\"@id\":\"https:\/\/www.notibras.com\/site\/#website\"},\"primaryImageOfPage\":{\"@id\":\"https:\/\/www.notibras.com\/site\/bolsonaro-internado-em-uti-com-broncopneumonia\/#primaryimage\"},\"image\":{\"@id\":\"https:\/\/www.notibras.com\/site\/bolsonaro-internado-em-uti-com-broncopneumonia\/#primaryimage\"},\"thumbnailUrl\":\"https:\/\/www.notibras.com\/site\/wp-content\/uploads\/2026\/03\/hospital-df-star-mc_abr_17092025-1-2.webp\",\"datePublished\":\"2026-03-13T15:48:49+00:00\",\"dateModified\":\"2026-03-13T18:50:15+00:00\",\"breadcrumb\":{\"@id\":\"https:\/\/www.notibras.com\/site\/bolsonaro-internado-em-uti-com-broncopneumonia\/#breadcrumb\"},\"inLanguage\":\"pt-BR\",\"potentialAction\":[{\"@type\":\"ReadAction\",\"target\":[\"https:\/\/www.notibras.com\/site\/bolsonaro-internado-em-uti-com-broncopneumonia\/\"]}]},{\"@type\":\"ImageObject\",\"inLanguage\":\"pt-BR\",\"@id\":\"https:\/\/www.notibras.com\/site\/bolsonaro-internado-em-uti-com-broncopneumonia\/#primaryimage\",\"url\":\"https:\/\/www.notibras.com\/site\/wp-content\/uploads\/2026\/03\/hospital-df-star-mc_abr_17092025-1-2.webp\",\"contentUrl\":\"https:\/\/www.notibras.com\/site\/wp-content\/uploads\/2026\/03\/hospital-df-star-mc_abr_17092025-1-2.webp\",\"width\":1170,\"height\":700},{\"@type\":\"BreadcrumbList\",\"@id\":\"https:\/\/www.notibras.com\/site\/bolsonaro-internado-em-uti-com-broncopneumonia\/#breadcrumb\",\"itemListElement\":[{\"@type\":\"ListItem\",\"position\":1,\"name\":\"In\u00edcio\",\"item\":\"https:\/\/www.notibras.com\/site\/\"},{\"@type\":\"ListItem\",\"position\":2,\"name\":\"Bolsonaro internado em UTI com broncopneumonia\"}]},{\"@type\":\"WebSite\",\"@id\":\"https:\/\/www.notibras.com\/site\/#website\",\"url\":\"https:\/\/www.notibras.com\/site\/\",\"name\":\"Notibras\",\"description\":\"Not\u00edcias de Bras\u00edlia, do Brasil e do Mundo\",\"publisher\":{\"@id\":\"https:\/\/www.notibras.com\/site\/#organization\"},\"potentialAction\":[{\"@type\":\"SearchAction\",\"target\":{\"@type\":\"EntryPoint\",\"urlTemplate\":\"https:\/\/www.notibras.com\/site\/?s={search_term_string}\"},\"query-input\":{\"@type\":\"PropertyValueSpecification\",\"valueRequired\":true,\"valueName\":\"search_term_string\"}}],\"inLanguage\":\"pt-BR\"},{\"@type\":\"Organization\",\"@id\":\"https:\/\/www.notibras.com\/site\/#organization\",\"name\":\"Grupo Notibras de Comunica\u00e7\u00e3o\",\"url\":\"https:\/\/www.notibras.com\/site\/\",\"logo\":{\"@type\":\"ImageObject\",\"inLanguage\":\"pt-BR\",\"@id\":\"https:\/\/www.notibras.com\/site\/#\/schema\/logo\/image\/\",\"url\":\"https:\/\/www.notibras.com\/site\/wp-content\/uploads\/2023\/01\/notibras23.png\",\"contentUrl\":\"https:\/\/www.notibras.com\/site\/wp-content\/uploads\/2023\/01\/notibras23.png\",\"width\":350,\"height\":87,\"caption\":\"Grupo Notibras de Comunica\u00e7\u00e3o\"},\"image\":{\"@id\":\"https:\/\/www.notibras.com\/site\/#\/schema\/logo\/image\/\"},\"sameAs\":[\"https:\/\/www.facebook.com\/notibras\/\",\"https:\/\/x.com\/Notibras\",\"https:\/\/www.instagram.com\/notibras\/\"]},{\"@type\":\"Person\",\"@id\":\"https:\/\/www.notibras.com\/site\/#\/schema\/person\/36ab0979449956132d3e5b517ea76ac8\",\"name\":\"Reda\u00e7\u00e3o\",\"image\":{\"@type\":\"ImageObject\",\"inLanguage\":\"pt-BR\",\"@id\":\"https:\/\/secure.gravatar.com\/avatar\/e0a867bdedb85fd243eadf09663511f96fc81e0720a4a42581f334ad4303aa6b?s=96&d=mm&r=g\",\"url\":\"https:\/\/secure.gravatar.com\/avatar\/e0a867bdedb85fd243eadf09663511f96fc81e0720a4a42581f334ad4303aa6b?s=96&d=mm&r=g\",\"contentUrl\":\"https:\/\/secure.gravatar.com\/avatar\/e0a867bdedb85fd243eadf09663511f96fc81e0720a4a42581f334ad4303aa6b?s=96&d=mm&r=g\",\"caption\":\"Reda\u00e7\u00e3o\"}}]}<\/script>\n<!-- \/ Yoast SEO plugin. -->","yoast_head_json":{"title":"Bolsonaro internado em UTI com broncopneumonia - Notibras","robots":{"index":"index","follow":"follow","max-snippet":"max-snippet:-1","max-image-preview":"max-image-preview:large","max-video-preview":"max-video-preview:-1"},"canonical":"https:\/\/www.notibras.com\/site\/bolsonaro-internado-em-uti-com-broncopneumonia\/","og_locale":"pt_BR","og_type":"article","og_title":"Bolsonaro internado em UTI com broncopneumonia - Notibras","og_description":"O ex-presidente Jair Bolsonaro est\u00e1 internado na unidade de terapia intensiva (UTI) do Hospital DF Star, em Bras\u00edlia, com broncopneumonia bacteriana bilateral de prov\u00e1vel origem aspirativa. O ex-presidente Bolsonaro chegou \u00e0 unidade hospitalar privada socorrido por uma equipe do Servi\u00e7o de Atendimento M\u00f3vel de Urg\u00eancia (Samu), na manh\u00e3 desta sexta-feira (13) ap\u00f3s apresentar quadro de [&hellip;]","og_url":"https:\/\/www.notibras.com\/site\/bolsonaro-internado-em-uti-com-broncopneumonia\/","og_site_name":"Notibras","article_publisher":"https:\/\/www.facebook.com\/notibras\/","article_published_time":"2026-03-13T15:48:49+00:00","article_modified_time":"2026-03-13T18:50:15+00:00","og_image":[{"width":1170,"height":700,"url":"https:\/\/www.notibras.com\/site\/wp-content\/uploads\/2026\/03\/hospital-df-star-mc_abr_17092025-1-2.webp","type":"image\/webp"}],"author":"Reda\u00e7\u00e3o","twitter_card":"summary_large_image","twitter_creator":"@Notibras","twitter_site":"@Notibras","twitter_misc":{"Escrito por":"Reda\u00e7\u00e3o","Est. tempo de leitura":"3 minutos"},"schema":{"@context":"https:\/\/schema.org","@graph":[{"@type":"Article","@id":"https:\/\/www.notibras.com\/site\/bolsonaro-internado-em-uti-com-broncopneumonia\/#article","isPartOf":{"@id":"https:\/\/www.notibras.com\/site\/bolsonaro-internado-em-uti-com-broncopneumonia\/"},"author":{"name":"Reda\u00e7\u00e3o","@id":"https:\/\/www.notibras.com\/site\/#\/schema\/person\/36ab0979449956132d3e5b517ea76ac8"},"headline":"Bolsonaro internado em UTI com broncopneumonia","datePublished":"2026-03-13T15:48:49+00:00","dateModified":"2026-03-13T18:50:15+00:00","mainEntityOfPage":{"@id":"https:\/\/www.notibras.com\/site\/bolsonaro-internado-em-uti-com-broncopneumonia\/"},"wordCount":492,"publisher":{"@id":"https:\/\/www.notibras.com\/site\/#organization"},"image":{"@id":"https:\/\/www.notibras.com\/site\/bolsonaro-internado-em-uti-com-broncopneumonia\/#primaryimage"},"thumbnailUrl":"https:\/\/www.notibras.com\/site\/wp-content\/uploads\/2026\/03\/hospital-df-star-mc_abr_17092025-1-2.webp","articleSection":["Brasil"],"inLanguage":"pt-BR"},{"@type":"WebPage","@id":"https:\/\/www.notibras.com\/site\/bolsonaro-internado-em-uti-com-broncopneumonia\/","url":"https:\/\/www.notibras.com\/site\/bolsonaro-internado-em-uti-com-broncopneumonia\/","name":"Bolsonaro internado em UTI com broncopneumonia - Notibras","isPartOf":{"@id":"https:\/\/www.notibras.com\/site\/#website"},"primaryImageOfPage":{"@id":"https:\/\/www.notibras.com\/site\/bolsonaro-internado-em-uti-com-broncopneumonia\/#primaryimage"},"image":{"@id":"https:\/\/www.notibras.com\/site\/bolsonaro-internado-em-uti-com-broncopneumonia\/#primaryimage"},"thumbnailUrl":"https:\/\/www.notibras.com\/site\/wp-content\/uploads\/2026\/03\/hospital-df-star-mc_abr_17092025-1-2.webp","datePublished":"2026-03-13T15:48:49+00:00","dateModified":"2026-03-13T18:50:15+00:00","breadcrumb":{"@id":"https:\/\/www.notibras.com\/site\/bolsonaro-internado-em-uti-com-broncopneumonia\/#breadcrumb"},"inLanguage":"pt-BR","potentialAction":[{"@type":"ReadAction","target":["https:\/\/www.notibras.com\/site\/bolsonaro-internado-em-uti-com-broncopneumonia\/"]}]},{"@type":"ImageObject","inLanguage":"pt-BR","@id":"https:\/\/www.notibras.com\/site\/bolsonaro-internado-em-uti-com-broncopneumonia\/#primaryimage","url":"https:\/\/www.notibras.com\/site\/wp-content\/uploads\/2026\/03\/hospital-df-star-mc_abr_17092025-1-2.webp","contentUrl":"https:\/\/www.notibras.com\/site\/wp-content\/uploads\/2026\/03\/hospital-df-star-mc_abr_17092025-1-2.webp","width":1170,"height":700},{"@type":"BreadcrumbList","@id":"https:\/\/www.notibras.com\/site\/bolsonaro-internado-em-uti-com-broncopneumonia\/#breadcrumb","itemListElement":[{"@type":"ListItem","position":1,"name":"In\u00edcio","item":"https:\/\/www.notibras.com\/site\/"},{"@type":"ListItem","position":2,"name":"Bolsonaro internado em UTI com broncopneumonia"}]},{"@type":"WebSite","@id":"https:\/\/www.notibras.com\/site\/#website","url":"https:\/\/www.notibras.com\/site\/","name":"Notibras","description":"Not\u00edcias de Bras\u00edlia, do Brasil e do Mundo","publisher":{"@id":"https:\/\/www.notibras.com\/site\/#organization"},"potentialAction":[{"@type":"SearchAction","target":{"@type":"EntryPoint","urlTemplate":"https:\/\/www.notibras.com\/site\/?s={search_term_string}"},"query-input":{"@type":"PropertyValueSpecification","valueRequired":true,"valueName":"search_term_string"}}],"inLanguage":"pt-BR"},{"@type":"Organization","@id":"https:\/\/www.notibras.com\/site\/#organization","name":"Grupo Notibras de Comunica\u00e7\u00e3o","url":"https:\/\/www.notibras.com\/site\/","logo":{"@type":"ImageObject","inLanguage":"pt-BR","@id":"https:\/\/www.notibras.com\/site\/#\/schema\/logo\/image\/","url":"https:\/\/www.notibras.com\/site\/wp-content\/uploads\/2023\/01\/notibras23.png","contentUrl":"https:\/\/www.notibras.com\/site\/wp-content\/uploads\/2023\/01\/notibras23.png","width":350,"height":87,"caption":"Grupo Notibras de Comunica\u00e7\u00e3o"},"image":{"@id":"https:\/\/www.notibras.com\/site\/#\/schema\/logo\/image\/"},"sameAs":["https:\/\/www.facebook.com\/notibras\/","https:\/\/x.com\/Notibras","https:\/\/www.instagram.com\/notibras\/"]},{"@type":"Person","@id":"https:\/\/www.notibras.com\/site\/#\/schema\/person\/36ab0979449956132d3e5b517ea76ac8","name":"Reda\u00e7\u00e3o","image":{"@type":"ImageObject","inLanguage":"pt-BR","@id":"https:\/\/secure.gravatar.com\/avatar\/e0a867bdedb85fd243eadf09663511f96fc81e0720a4a42581f334ad4303aa6b?s=96&d=mm&r=g","url":"https:\/\/secure.gravatar.com\/avatar\/e0a867bdedb85fd243eadf09663511f96fc81e0720a4a42581f334ad4303aa6b?s=96&d=mm&r=g","contentUrl":"https:\/\/secure.gravatar.com\/avatar\/e0a867bdedb85fd243eadf09663511f96fc81e0720a4a42581f334ad4303aa6b?s=96&d=mm&r=g","caption":"Reda\u00e7\u00e3o"}}]}},"amp_enabled":true,"_links":{"self":[{"href":"https:\/\/www.notibras.com\/site\/wp-json\/wp\/v2\/posts\/386841","targetHints":{"allow":["GET"]}}],"collection":[{"href":"https:\/\/www.notibras.com\/site\/wp-json\/wp\/v2\/posts"}],"about":[{"href":"https:\/\/www.notibras.com\/site\/wp-json\/wp\/v2\/types\/post"}],"author":[{"embeddable":true,"href":"https:\/\/www.notibras.com\/site\/wp-json\/wp\/v2\/users\/2"}],"replies":[{"embeddable":true,"href":"https:\/\/www.notibras.com\/site\/wp-json\/wp\/v2\/comments?post=386841"}],"version-history":[{"count":1,"href":"https:\/\/www.notibras.com\/site\/wp-json\/wp\/v2\/posts\/386841\/revisions"}],"predecessor-version":[{"id":386843,"href":"https:\/\/www.notibras.com\/site\/wp-json\/wp\/v2\/posts\/386841\/revisions\/386843"}],"wp:featuredmedia":[{"embeddable":true,"href":"https:\/\/www.notibras.com\/site\/wp-json\/wp\/v2\/media\/386842"}],"wp:attachment":[{"href":"https:\/\/www.notibras.com\/site\/wp-json\/wp\/v2\/media?parent=386841"}],"wp:term":[{"taxonomy":"category","embeddable":true,"href":"https:\/\/www.notibras.com\/site\/wp-json\/wp\/v2\/categories?post=386841"},{"taxonomy":"post_tag","embeddable":true,"href":"https:\/\/www.notibras.com\/site\/wp-json\/wp\/v2\/tags?post=386841"}],"curies":[{"name":"wp","href":"https:\/\/api.w.org\/{rel}","templated":true}]}}