{"id":386844,"date":"2026-03-14T04:04:09","date_gmt":"2026-03-14T07:04:09","guid":{"rendered":"https:\/\/www.notibras.com\/site\/?p=386844"},"modified":"2026-03-13T18:13:33","modified_gmt":"2026-03-13T21:13:33","slug":"lula-pode-ate-ser-ruim-mas-mito-no-brasil-e-mero-sinonimo-de-bla-bla-bla","status":"publish","type":"post","link":"https:\/\/www.notibras.com\/site\/lula-pode-ate-ser-ruim-mas-mito-no-brasil-e-mero-sinonimo-de-bla-bla-bla\/","title":{"rendered":"Lula pode at\u00e9 ser ruim, mas mito no Brasil \u00e9 mero sin\u00f4nimo de bl\u00e1 bl\u00e1 bl\u00e1"},"content":{"rendered":"<p>Frequentemente atribu\u00edda ao escritor e cronista Lu\u00eds Fernando Ver\u00edssimo, a frase \u201cResignemo-nos \u00e0 ignor\u00e2ncia, que \u00e9 a forma mais c\u00f4moda de sabedoria\u201d \u00e9 usada para refletir, muitas vezes com ironia, sobre como evitar que o conhecimento profundo seja mais confort\u00e1vel ou s\u00e1bio do ponto de vista da tranquilidade social. Ser\u00e1 que o fato de saber me coloca em vantagem em rela\u00e7\u00e3o \u00e0queles que acham que sabem alguma coisa? Como s\u00f3 sei que nada sei, tenho certeza de que n\u00e3o. O que sei \u00e9 que, onde a ignor\u00e2ncia grita arrogantemente, o sil\u00eancio, com eleg\u00e2ncia, ensina.<\/p>\n<p>Aprendi com os velhos de minha adolesc\u00eancia que, na pol\u00edtica brasileira, a ignor\u00e2ncia tem certeza de tudo. Segundo meus mestres informais, o que duvida \u00e9 a sabedoria. Por isso, n\u00e3o perco mais meu tempo discutindo com algu\u00e9m realmente afeito \u00e0 estultice. O sil\u00eancio tem sido minha principal resposta a quase tudo que faz bem ao ego dos que acreditam ser mais inteligentes do que todos que os rodeiam. Embora sempre me aborre\u00e7a, por meio de minha quietude fico em paz com minha consci\u00eancia e n\u00e3o aborre\u00e7o ningu\u00e9m. \u00c0s vezes, a mudez traz respostas que nem todas as palavras conseguem explicar. \u00c9 o meu exerc\u00edcio di\u00e1rio de paci\u00eancia.<\/p>\n<p>O modismo de nossos dias \u00e9 a confortabilidade da ignor\u00e2ncia pol\u00edtica. Ela n\u00e3o exige leitura, cultura, cr\u00edtica, tampouco coragem. A \u00fanica exig\u00eancia \u00e9 a f\u00e9 cega. Para os que t\u00eam um m\u00ednimo de consci\u00eancia, o que sobra \u00e9 a vergonha futura. Considerando que, mais do que os velhos, os novos homens p\u00fablicos precisam da ignor\u00e2ncia do povo que representa para o que status se mantenha, n\u00e3o h\u00e1 d\u00favida de que a idolatria por determinados pol\u00edticos \u00e9 proporcional \u00e0 ignor\u00e2ncia sobre a pol\u00edtica. Sejamos de direita, de esquerda, de centro ou de coisa alguma, a informa\u00e7\u00e3o correta \u00e9 a \u00fanica arma eficaz contra a ignor\u00e2ncia.<\/p>\n<p>N\u00e3o sou vinculada a partidos pol\u00edticos, muito menos a seitas ideol\u00f3gicas. No entanto, defendo e apoio naturalmente a democracia e todos aqueles que lutam pela manuten\u00e7\u00e3o do sistema como a forma capaz de impedir que cheguemos no inferno. Portanto, prefiro o que \u201crouba, mas faz\u201d \u00e0quele que prega honestidade, jura probidade, promete honradez, sustenta corre\u00e7\u00e3o e blasfema retid\u00e3o, mas se apodera do dinheiro alheio para se sustentar fora do poder. Pior s\u00e3o os que acreditam neles. S\u00e3o os fan\u00e1ticos. Seja qual for o fanatismo, ele leva o cidad\u00e3o e a cidad\u00e3 \u00e0 cegueira, \u00e0 falta de bom senso, \u00e0 insensatez e, principalmente, \u00e0 irracionalidade.<\/p>\n<p>N\u00e3o tenho voca\u00e7\u00e3o partid\u00e1ria, mas tenho lado. Hoje, aposto minhas fichas em qualquer um que mostre contrariedade \u00e0s propostas da extrema-direita. N\u00e3o sou Lula, mas estou Lula porque n\u00e3o h\u00e1 hip\u00f3tese de imaginar o regresso daquele bolsonarismo tacanho ao comando administrativo, econ\u00f4mico e pol\u00edtico do Brasil. O retumbante fracasso da gest\u00e3o \u00e9 a garantia de que estou do lado certo. Respeito os contr\u00e1rios e normalmente me silencio diante das provoca\u00e7\u00f5es. S\u00f3 n\u00e3o me calo quando me indagam a respeito das ressalvas di\u00e1rias a Jair Bolsonaro. Como elogiar algu\u00e9m que, como pol\u00edtico, sempre foi no sentido oposto \u00e0 democracia.<\/p>\n<p>N\u00e3o me escondo, mas raramente obtenho resposta quando pe\u00e7o uma (somente uma) raz\u00e3o para que parte dos brasileiros considere Bolsonaro mito. Dizer que Lula \u00e9 ladr\u00e3o est\u00e1 fora de moda. Enfim, para que um seja perfeito, lindo, salvador da p\u00e1tria e acima de qualquer suspeita, o outro deve ser imperfeito, feio, enterrador da p\u00e1tria e suspeito acima de tudo. O que vemos \u00e9 exatamente o contr\u00e1rio. Lula \u00e9 ruim, mas est\u00e1 na terceira encarna\u00e7\u00e3o como presidente e bem pr\u00f3ximo da quarta. Bolsonaro mal conseguiu concluir uma. Que algu\u00e9m me d\u00ea um (apenas um) indicativo de que Bolsonaro \u00e9 melhor do Lula. Perd\u00e3o pela insist\u00eancia, mas desnecess\u00e1rio, pois at\u00e9 o professor de tirania Donald Trump j\u00e1 percebeu quem verdadeiramente entende o mapa do riscado pol\u00edtico e quem definitivamente j\u00e1 foi riscado do mapa pol\u00edtico.<\/p>\n<p>&#8230;.<\/p>\n<p><strong>Sonja Tavares \u00e9 Editora Pol\u00edtica de Notibras<\/strong><\/p>\n","protected":false},"excerpt":{"rendered":"<p>Frequentemente atribu\u00edda ao escritor e cronista Lu\u00eds Fernando Ver\u00edssimo, a frase \u201cResignemo-nos \u00e0 ignor\u00e2ncia, que \u00e9 a forma mais c\u00f4moda de sabedoria\u201d \u00e9 usada para refletir, muitas vezes com ironia, sobre como evitar que o conhecimento profundo seja mais confort\u00e1vel ou s\u00e1bio do ponto de vista da tranquilidade social. Ser\u00e1 que o fato de saber [&hellip;]<\/p>\n","protected":false},"author":2,"featured_media":346611,"comment_status":"closed","ping_status":"closed","sticky":false,"template":"","format":"standard","meta":{"_acf_changed":false,"footnotes":""},"categories":[236],"tags":[],"class_list":["post-386844","post","type-post","status-publish","format-standard","has-post-thumbnail","hentry","category-ponto-de-vista"],"acf":[],"yoast_head":"<!-- This site is optimized with the Yoast SEO plugin v27.2 - https:\/\/yoast.com\/product\/yoast-seo-wordpress\/ -->\n<title>Lula pode at\u00e9 ser ruim, mas mito no Brasil \u00e9 mero sin\u00f4nimo de bl\u00e1 bl\u00e1 bl\u00e1 - Notibras<\/title>\n<meta name=\"robots\" content=\"index, follow, max-snippet:-1, max-image-preview:large, max-video-preview:-1\" \/>\n<link rel=\"canonical\" href=\"https:\/\/www.notibras.com\/site\/lula-pode-ate-ser-ruim-mas-mito-no-brasil-e-mero-sinonimo-de-bla-bla-bla\/\" \/>\n<meta property=\"og:locale\" content=\"pt_BR\" \/>\n<meta property=\"og:type\" content=\"article\" \/>\n<meta property=\"og:title\" content=\"Lula pode at\u00e9 ser ruim, mas mito no Brasil \u00e9 mero sin\u00f4nimo de bl\u00e1 bl\u00e1 bl\u00e1 - Notibras\" \/>\n<meta property=\"og:description\" content=\"Frequentemente atribu\u00edda ao escritor e cronista Lu\u00eds Fernando Ver\u00edssimo, a frase \u201cResignemo-nos \u00e0 ignor\u00e2ncia, que \u00e9 a forma mais c\u00f4moda de sabedoria\u201d \u00e9 usada para refletir, muitas vezes com ironia, sobre como evitar que o conhecimento profundo seja mais confort\u00e1vel ou s\u00e1bio do ponto de vista da tranquilidade social. Ser\u00e1 que o fato de saber [&hellip;]\" \/>\n<meta property=\"og:url\" content=\"https:\/\/www.notibras.com\/site\/lula-pode-ate-ser-ruim-mas-mito-no-brasil-e-mero-sinonimo-de-bla-bla-bla\/\" \/>\n<meta property=\"og:site_name\" content=\"Notibras\" \/>\n<meta property=\"article:publisher\" content=\"https:\/\/www.facebook.com\/notibras\/\" \/>\n<meta property=\"article:published_time\" content=\"2026-03-14T07:04:09+00:00\" \/>\n<meta name=\"author\" content=\"Reda\u00e7\u00e3o\" \/>\n<meta name=\"twitter:card\" content=\"summary_large_image\" \/>\n<meta name=\"twitter:creator\" content=\"@Notibras\" \/>\n<meta name=\"twitter:site\" content=\"@Notibras\" \/>\n<meta name=\"twitter:label1\" content=\"Escrito por\" \/>\n\t<meta name=\"twitter:data1\" content=\"Reda\u00e7\u00e3o\" \/>\n\t<meta name=\"twitter:label2\" content=\"Est. tempo de leitura\" \/>\n\t<meta name=\"twitter:data2\" content=\"4 minutos\" \/>\n<script type=\"application\/ld+json\" class=\"yoast-schema-graph\">{\"@context\":\"https:\/\/schema.org\",\"@graph\":[{\"@type\":\"Article\",\"@id\":\"https:\/\/www.notibras.com\/site\/lula-pode-ate-ser-ruim-mas-mito-no-brasil-e-mero-sinonimo-de-bla-bla-bla\/#article\",\"isPartOf\":{\"@id\":\"https:\/\/www.notibras.com\/site\/lula-pode-ate-ser-ruim-mas-mito-no-brasil-e-mero-sinonimo-de-bla-bla-bla\/\"},\"author\":{\"name\":\"Reda\u00e7\u00e3o\",\"@id\":\"https:\/\/www.notibras.com\/site\/#\/schema\/person\/36ab0979449956132d3e5b517ea76ac8\"},\"headline\":\"Lula pode at\u00e9 ser ruim, mas mito no Brasil \u00e9 mero sin\u00f4nimo de bl\u00e1 bl\u00e1 bl\u00e1\",\"datePublished\":\"2026-03-14T07:04:09+00:00\",\"mainEntityOfPage\":{\"@id\":\"https:\/\/www.notibras.com\/site\/lula-pode-ate-ser-ruim-mas-mito-no-brasil-e-mero-sinonimo-de-bla-bla-bla\/\"},\"wordCount\":723,\"publisher\":{\"@id\":\"https:\/\/www.notibras.com\/site\/#organization\"},\"image\":{\"@id\":\"https:\/\/www.notibras.com\/site\/lula-pode-ate-ser-ruim-mas-mito-no-brasil-e-mero-sinonimo-de-bla-bla-bla\/#primaryimage\"},\"thumbnailUrl\":\"https:\/\/www.notibras.com\/site\/wp-content\/uploads\/2025\/01\/lula.fe_.arquyivo.avif\",\"articleSection\":[\"Ponto de Vista\"],\"inLanguage\":\"pt-BR\"},{\"@type\":\"WebPage\",\"@id\":\"https:\/\/www.notibras.com\/site\/lula-pode-ate-ser-ruim-mas-mito-no-brasil-e-mero-sinonimo-de-bla-bla-bla\/\",\"url\":\"https:\/\/www.notibras.com\/site\/lula-pode-ate-ser-ruim-mas-mito-no-brasil-e-mero-sinonimo-de-bla-bla-bla\/\",\"name\":\"Lula pode at\u00e9 ser ruim, mas mito no Brasil \u00e9 mero sin\u00f4nimo de bl\u00e1 bl\u00e1 bl\u00e1 - Notibras\",\"isPartOf\":{\"@id\":\"https:\/\/www.notibras.com\/site\/#website\"},\"primaryImageOfPage\":{\"@id\":\"https:\/\/www.notibras.com\/site\/lula-pode-ate-ser-ruim-mas-mito-no-brasil-e-mero-sinonimo-de-bla-bla-bla\/#primaryimage\"},\"image\":{\"@id\":\"https:\/\/www.notibras.com\/site\/lula-pode-ate-ser-ruim-mas-mito-no-brasil-e-mero-sinonimo-de-bla-bla-bla\/#primaryimage\"},\"thumbnailUrl\":\"https:\/\/www.notibras.com\/site\/wp-content\/uploads\/2025\/01\/lula.fe_.arquyivo.avif\",\"datePublished\":\"2026-03-14T07:04:09+00:00\",\"breadcrumb\":{\"@id\":\"https:\/\/www.notibras.com\/site\/lula-pode-ate-ser-ruim-mas-mito-no-brasil-e-mero-sinonimo-de-bla-bla-bla\/#breadcrumb\"},\"inLanguage\":\"pt-BR\",\"potentialAction\":[{\"@type\":\"ReadAction\",\"target\":[\"https:\/\/www.notibras.com\/site\/lula-pode-ate-ser-ruim-mas-mito-no-brasil-e-mero-sinonimo-de-bla-bla-bla\/\"]}]},{\"@type\":\"ImageObject\",\"inLanguage\":\"pt-BR\",\"@id\":\"https:\/\/www.notibras.com\/site\/lula-pode-ate-ser-ruim-mas-mito-no-brasil-e-mero-sinonimo-de-bla-bla-bla\/#primaryimage\",\"url\":\"https:\/\/www.notibras.com\/site\/wp-content\/uploads\/2025\/01\/lula.fe_.arquyivo.avif\",\"contentUrl\":\"https:\/\/www.notibras.com\/site\/wp-content\/uploads\/2025\/01\/lula.fe_.arquyivo.avif\",\"width\":888,\"height\":579},{\"@type\":\"BreadcrumbList\",\"@id\":\"https:\/\/www.notibras.com\/site\/lula-pode-ate-ser-ruim-mas-mito-no-brasil-e-mero-sinonimo-de-bla-bla-bla\/#breadcrumb\",\"itemListElement\":[{\"@type\":\"ListItem\",\"position\":1,\"name\":\"In\u00edcio\",\"item\":\"https:\/\/www.notibras.com\/site\/\"},{\"@type\":\"ListItem\",\"position\":2,\"name\":\"Lula pode at\u00e9 ser ruim, mas mito no Brasil \u00e9 mero sin\u00f4nimo de bl\u00e1 bl\u00e1 bl\u00e1\"}]},{\"@type\":\"WebSite\",\"@id\":\"https:\/\/www.notibras.com\/site\/#website\",\"url\":\"https:\/\/www.notibras.com\/site\/\",\"name\":\"Notibras\",\"description\":\"Not\u00edcias de Bras\u00edlia, do Brasil e do Mundo\",\"publisher\":{\"@id\":\"https:\/\/www.notibras.com\/site\/#organization\"},\"potentialAction\":[{\"@type\":\"SearchAction\",\"target\":{\"@type\":\"EntryPoint\",\"urlTemplate\":\"https:\/\/www.notibras.com\/site\/?s={search_term_string}\"},\"query-input\":{\"@type\":\"PropertyValueSpecification\",\"valueRequired\":true,\"valueName\":\"search_term_string\"}}],\"inLanguage\":\"pt-BR\"},{\"@type\":\"Organization\",\"@id\":\"https:\/\/www.notibras.com\/site\/#organization\",\"name\":\"Grupo Notibras de Comunica\u00e7\u00e3o\",\"url\":\"https:\/\/www.notibras.com\/site\/\",\"logo\":{\"@type\":\"ImageObject\",\"inLanguage\":\"pt-BR\",\"@id\":\"https:\/\/www.notibras.com\/site\/#\/schema\/logo\/image\/\",\"url\":\"https:\/\/www.notibras.com\/site\/wp-content\/uploads\/2023\/01\/notibras23.png\",\"contentUrl\":\"https:\/\/www.notibras.com\/site\/wp-content\/uploads\/2023\/01\/notibras23.png\",\"width\":350,\"height\":87,\"caption\":\"Grupo Notibras de Comunica\u00e7\u00e3o\"},\"image\":{\"@id\":\"https:\/\/www.notibras.com\/site\/#\/schema\/logo\/image\/\"},\"sameAs\":[\"https:\/\/www.facebook.com\/notibras\/\",\"https:\/\/x.com\/Notibras\",\"https:\/\/www.instagram.com\/notibras\/\"]},{\"@type\":\"Person\",\"@id\":\"https:\/\/www.notibras.com\/site\/#\/schema\/person\/36ab0979449956132d3e5b517ea76ac8\",\"name\":\"Reda\u00e7\u00e3o\",\"image\":{\"@type\":\"ImageObject\",\"inLanguage\":\"pt-BR\",\"@id\":\"https:\/\/secure.gravatar.com\/avatar\/e0a867bdedb85fd243eadf09663511f96fc81e0720a4a42581f334ad4303aa6b?s=96&d=mm&r=g\",\"url\":\"https:\/\/secure.gravatar.com\/avatar\/e0a867bdedb85fd243eadf09663511f96fc81e0720a4a42581f334ad4303aa6b?s=96&d=mm&r=g\",\"contentUrl\":\"https:\/\/secure.gravatar.com\/avatar\/e0a867bdedb85fd243eadf09663511f96fc81e0720a4a42581f334ad4303aa6b?s=96&d=mm&r=g\",\"caption\":\"Reda\u00e7\u00e3o\"}}]}<\/script>\n<!-- \/ Yoast SEO plugin. -->","yoast_head_json":{"title":"Lula pode at\u00e9 ser ruim, mas mito no Brasil \u00e9 mero sin\u00f4nimo de bl\u00e1 bl\u00e1 bl\u00e1 - Notibras","robots":{"index":"index","follow":"follow","max-snippet":"max-snippet:-1","max-image-preview":"max-image-preview:large","max-video-preview":"max-video-preview:-1"},"canonical":"https:\/\/www.notibras.com\/site\/lula-pode-ate-ser-ruim-mas-mito-no-brasil-e-mero-sinonimo-de-bla-bla-bla\/","og_locale":"pt_BR","og_type":"article","og_title":"Lula pode at\u00e9 ser ruim, mas mito no Brasil \u00e9 mero sin\u00f4nimo de bl\u00e1 bl\u00e1 bl\u00e1 - Notibras","og_description":"Frequentemente atribu\u00edda ao escritor e cronista Lu\u00eds Fernando Ver\u00edssimo, a frase \u201cResignemo-nos \u00e0 ignor\u00e2ncia, que \u00e9 a forma mais c\u00f4moda de sabedoria\u201d \u00e9 usada para refletir, muitas vezes com ironia, sobre como evitar que o conhecimento profundo seja mais confort\u00e1vel ou s\u00e1bio do ponto de vista da tranquilidade social. Ser\u00e1 que o fato de saber [&hellip;]","og_url":"https:\/\/www.notibras.com\/site\/lula-pode-ate-ser-ruim-mas-mito-no-brasil-e-mero-sinonimo-de-bla-bla-bla\/","og_site_name":"Notibras","article_publisher":"https:\/\/www.facebook.com\/notibras\/","article_published_time":"2026-03-14T07:04:09+00:00","author":"Reda\u00e7\u00e3o","twitter_card":"summary_large_image","twitter_creator":"@Notibras","twitter_site":"@Notibras","twitter_misc":{"Escrito por":"Reda\u00e7\u00e3o","Est. tempo de leitura":"4 minutos"},"schema":{"@context":"https:\/\/schema.org","@graph":[{"@type":"Article","@id":"https:\/\/www.notibras.com\/site\/lula-pode-ate-ser-ruim-mas-mito-no-brasil-e-mero-sinonimo-de-bla-bla-bla\/#article","isPartOf":{"@id":"https:\/\/www.notibras.com\/site\/lula-pode-ate-ser-ruim-mas-mito-no-brasil-e-mero-sinonimo-de-bla-bla-bla\/"},"author":{"name":"Reda\u00e7\u00e3o","@id":"https:\/\/www.notibras.com\/site\/#\/schema\/person\/36ab0979449956132d3e5b517ea76ac8"},"headline":"Lula pode at\u00e9 ser ruim, mas mito no Brasil \u00e9 mero sin\u00f4nimo de bl\u00e1 bl\u00e1 bl\u00e1","datePublished":"2026-03-14T07:04:09+00:00","mainEntityOfPage":{"@id":"https:\/\/www.notibras.com\/site\/lula-pode-ate-ser-ruim-mas-mito-no-brasil-e-mero-sinonimo-de-bla-bla-bla\/"},"wordCount":723,"publisher":{"@id":"https:\/\/www.notibras.com\/site\/#organization"},"image":{"@id":"https:\/\/www.notibras.com\/site\/lula-pode-ate-ser-ruim-mas-mito-no-brasil-e-mero-sinonimo-de-bla-bla-bla\/#primaryimage"},"thumbnailUrl":"https:\/\/www.notibras.com\/site\/wp-content\/uploads\/2025\/01\/lula.fe_.arquyivo.avif","articleSection":["Ponto de Vista"],"inLanguage":"pt-BR"},{"@type":"WebPage","@id":"https:\/\/www.notibras.com\/site\/lula-pode-ate-ser-ruim-mas-mito-no-brasil-e-mero-sinonimo-de-bla-bla-bla\/","url":"https:\/\/www.notibras.com\/site\/lula-pode-ate-ser-ruim-mas-mito-no-brasil-e-mero-sinonimo-de-bla-bla-bla\/","name":"Lula pode at\u00e9 ser ruim, mas mito no Brasil \u00e9 mero sin\u00f4nimo de bl\u00e1 bl\u00e1 bl\u00e1 - Notibras","isPartOf":{"@id":"https:\/\/www.notibras.com\/site\/#website"},"primaryImageOfPage":{"@id":"https:\/\/www.notibras.com\/site\/lula-pode-ate-ser-ruim-mas-mito-no-brasil-e-mero-sinonimo-de-bla-bla-bla\/#primaryimage"},"image":{"@id":"https:\/\/www.notibras.com\/site\/lula-pode-ate-ser-ruim-mas-mito-no-brasil-e-mero-sinonimo-de-bla-bla-bla\/#primaryimage"},"thumbnailUrl":"https:\/\/www.notibras.com\/site\/wp-content\/uploads\/2025\/01\/lula.fe_.arquyivo.avif","datePublished":"2026-03-14T07:04:09+00:00","breadcrumb":{"@id":"https:\/\/www.notibras.com\/site\/lula-pode-ate-ser-ruim-mas-mito-no-brasil-e-mero-sinonimo-de-bla-bla-bla\/#breadcrumb"},"inLanguage":"pt-BR","potentialAction":[{"@type":"ReadAction","target":["https:\/\/www.notibras.com\/site\/lula-pode-ate-ser-ruim-mas-mito-no-brasil-e-mero-sinonimo-de-bla-bla-bla\/"]}]},{"@type":"ImageObject","inLanguage":"pt-BR","@id":"https:\/\/www.notibras.com\/site\/lula-pode-ate-ser-ruim-mas-mito-no-brasil-e-mero-sinonimo-de-bla-bla-bla\/#primaryimage","url":"https:\/\/www.notibras.com\/site\/wp-content\/uploads\/2025\/01\/lula.fe_.arquyivo.avif","contentUrl":"https:\/\/www.notibras.com\/site\/wp-content\/uploads\/2025\/01\/lula.fe_.arquyivo.avif","width":888,"height":579},{"@type":"BreadcrumbList","@id":"https:\/\/www.notibras.com\/site\/lula-pode-ate-ser-ruim-mas-mito-no-brasil-e-mero-sinonimo-de-bla-bla-bla\/#breadcrumb","itemListElement":[{"@type":"ListItem","position":1,"name":"In\u00edcio","item":"https:\/\/www.notibras.com\/site\/"},{"@type":"ListItem","position":2,"name":"Lula pode at\u00e9 ser ruim, mas mito no Brasil \u00e9 mero sin\u00f4nimo de bl\u00e1 bl\u00e1 bl\u00e1"}]},{"@type":"WebSite","@id":"https:\/\/www.notibras.com\/site\/#website","url":"https:\/\/www.notibras.com\/site\/","name":"Notibras","description":"Not\u00edcias de Bras\u00edlia, do Brasil e do Mundo","publisher":{"@id":"https:\/\/www.notibras.com\/site\/#organization"},"potentialAction":[{"@type":"SearchAction","target":{"@type":"EntryPoint","urlTemplate":"https:\/\/www.notibras.com\/site\/?s={search_term_string}"},"query-input":{"@type":"PropertyValueSpecification","valueRequired":true,"valueName":"search_term_string"}}],"inLanguage":"pt-BR"},{"@type":"Organization","@id":"https:\/\/www.notibras.com\/site\/#organization","name":"Grupo Notibras de Comunica\u00e7\u00e3o","url":"https:\/\/www.notibras.com\/site\/","logo":{"@type":"ImageObject","inLanguage":"pt-BR","@id":"https:\/\/www.notibras.com\/site\/#\/schema\/logo\/image\/","url":"https:\/\/www.notibras.com\/site\/wp-content\/uploads\/2023\/01\/notibras23.png","contentUrl":"https:\/\/www.notibras.com\/site\/wp-content\/uploads\/2023\/01\/notibras23.png","width":350,"height":87,"caption":"Grupo Notibras de Comunica\u00e7\u00e3o"},"image":{"@id":"https:\/\/www.notibras.com\/site\/#\/schema\/logo\/image\/"},"sameAs":["https:\/\/www.facebook.com\/notibras\/","https:\/\/x.com\/Notibras","https:\/\/www.instagram.com\/notibras\/"]},{"@type":"Person","@id":"https:\/\/www.notibras.com\/site\/#\/schema\/person\/36ab0979449956132d3e5b517ea76ac8","name":"Reda\u00e7\u00e3o","image":{"@type":"ImageObject","inLanguage":"pt-BR","@id":"https:\/\/secure.gravatar.com\/avatar\/e0a867bdedb85fd243eadf09663511f96fc81e0720a4a42581f334ad4303aa6b?s=96&d=mm&r=g","url":"https:\/\/secure.gravatar.com\/avatar\/e0a867bdedb85fd243eadf09663511f96fc81e0720a4a42581f334ad4303aa6b?s=96&d=mm&r=g","contentUrl":"https:\/\/secure.gravatar.com\/avatar\/e0a867bdedb85fd243eadf09663511f96fc81e0720a4a42581f334ad4303aa6b?s=96&d=mm&r=g","caption":"Reda\u00e7\u00e3o"}}]}},"amp_enabled":true,"_links":{"self":[{"href":"https:\/\/www.notibras.com\/site\/wp-json\/wp\/v2\/posts\/386844","targetHints":{"allow":["GET"]}}],"collection":[{"href":"https:\/\/www.notibras.com\/site\/wp-json\/wp\/v2\/posts"}],"about":[{"href":"https:\/\/www.notibras.com\/site\/wp-json\/wp\/v2\/types\/post"}],"author":[{"embeddable":true,"href":"https:\/\/www.notibras.com\/site\/wp-json\/wp\/v2\/users\/2"}],"replies":[{"embeddable":true,"href":"https:\/\/www.notibras.com\/site\/wp-json\/wp\/v2\/comments?post=386844"}],"version-history":[{"count":3,"href":"https:\/\/www.notibras.com\/site\/wp-json\/wp\/v2\/posts\/386844\/revisions"}],"predecessor-version":[{"id":386847,"href":"https:\/\/www.notibras.com\/site\/wp-json\/wp\/v2\/posts\/386844\/revisions\/386847"}],"wp:featuredmedia":[{"embeddable":true,"href":"https:\/\/www.notibras.com\/site\/wp-json\/wp\/v2\/media\/346611"}],"wp:attachment":[{"href":"https:\/\/www.notibras.com\/site\/wp-json\/wp\/v2\/media?parent=386844"}],"wp:term":[{"taxonomy":"category","embeddable":true,"href":"https:\/\/www.notibras.com\/site\/wp-json\/wp\/v2\/categories?post=386844"},{"taxonomy":"post_tag","embeddable":true,"href":"https:\/\/www.notibras.com\/site\/wp-json\/wp\/v2\/tags?post=386844"}],"curies":[{"name":"wp","href":"https:\/\/api.w.org\/{rel}","templated":true}]}}