{"id":386848,"date":"2026-03-14T01:00:31","date_gmt":"2026-03-14T04:00:31","guid":{"rendered":"https:\/\/www.notibras.com\/site\/?p=386848"},"modified":"2026-03-13T19:12:44","modified_gmt":"2026-03-13T22:12:44","slug":"justica-determina-prazo-de-15-dias-para-analise-de-gps-e-telefonia-de-suspeitos","status":"publish","type":"post","link":"https:\/\/www.notibras.com\/site\/justica-determina-prazo-de-15-dias-para-analise-de-gps-e-telefonia-de-suspeitos\/","title":{"rendered":"Justi\u00e7a determina prazo de 15 dias para an\u00e1lise de GPS e telefonia de suspeitos"},"content":{"rendered":"<p>O Tribunal do J\u00fari de Bras\u00edlia estabeleceu, nesta sexta-feira (13), um prazo de 15 dias para que a pol\u00edcia apresente a an\u00e1lise dos dados de telefonia e localiza\u00e7\u00e3o de oito pessoas ligadas ao &#8220;Crime da 113 Sul&#8221;. A decis\u00e3o foca nas Esta\u00e7\u00f5es R\u00e1dio-Base (ERBs), as antenas de celular, para rastrear o deslocamento de envolvidos e v\u00edtimas na \u00e9poca do triplo homic\u00eddio, ocorrido em 2009.<\/p>\n<p>A medida atende a um pedido da defesa de Adriana Villela, apontada como mandante do crime. Ap\u00f3s ter sua condena\u00e7\u00e3o anulada pelo Superior Tribunal de Justi\u00e7a (STJ) em setembro de 2025, o processo retornou \u00e0 primeira inst\u00e2ncia. A defesa busca, com esses dados, verificar a movimenta\u00e7\u00e3o de pessoas citadas no inqu\u00e9rito em datas pr\u00f3ximas ao crime, tanto em deslocamentos dentro da capital quanto em viagens para o Distrito Federal.<\/p>\n<p>O relat\u00f3rio dever\u00e1 detalhar os registros dos terminais telef\u00f4nicos de Leonardo Campos Alves e Paulo Cardoso Santana, j\u00e1 condenados pela execu\u00e7\u00e3o das mortes, al\u00e9m de Neilor Teixeira da Mota, tio de Paulo. A an\u00e1lise tamb\u00e9m abrange os aparelhos dos porteiros do pr\u00e9dio \u00e0 \u00e9poca, Marcos Santana e Gerson Belarmino de Sousa, buscando inconsist\u00eancias ou confirma\u00e7\u00f5es de presen\u00e7a no local.<\/p>\n<p>As v\u00edtimas \u2014 o ex-ministro do TSE Jos\u00e9 Guilherme Villela, sua esposa Maria Villela e a funcion\u00e1ria Francisca da Silva \u2014 tamb\u00e9m ter\u00e3o seus dados monitorados retroativamente. O objetivo t\u00e9cnico \u00e9 precisar o hor\u00e1rio exato em que cada um chegou ao apartamento no dia da trag\u00e9dia. Essa reconstru\u00e7\u00e3o cronol\u00f3gica \u00e9 considerada fundamental para a nova fase de instru\u00e7\u00e3o do processo.<\/p>\n<p>O &#8220;Crime da 113 Sul&#8221; chocou Bras\u00edlia em agosto de 2009 pela viol\u00eancia e pelo perfil das v\u00edtimas. O casal Villela era composto por advogados renomados que atendiam o alto escal\u00e3o da Rep\u00fablica. No sexto andar do bloco C, eles foram assassinados a facadas: Jos\u00e9 Guilherme recebeu 38 golpes, Maria 12, e a empregada dom\u00e9stica Francisca, 23.<\/p>\n<p>A investiga\u00e7\u00e3o original levou \u00e0 pris\u00e3o e condena\u00e7\u00e3o dos executores em 2013 e 2016. Leonardo Campos Alves, ex-porteiro do edif\u00edcio, e seu sobrinho Paulo Cardoso Santana cumprem penas que somam mais de 60 anos cada. Em seus depoimentos, os executores afirmaram que o crime foi encomendado por Adriana Villela pelo valor de 27 mil d\u00f3lares e joias.<\/p>\n<p>Adriana, arquiteta e urbanista formada pela UnB, sempre negou a participa\u00e7\u00e3o no assassinato dos pais. Condenada em 2019, ela obteve a anula\u00e7\u00e3o da senten\u00e7a ap\u00f3s o STJ entender que houve cerceamento de defesa durante o julgamento. Atualmente, Adriana reside no interior da Bahia, mantendo-se afastada de Bras\u00edlia devido \u00e0 repercuss\u00e3o do caso.<\/p>\n<p>A nova decis\u00e3o judicial tamb\u00e9m estipula o mesmo prazo de 15 dias para que a defesa de Adriana realize c\u00f3pias de m\u00eddias que j\u00e1 est\u00e3o dispon\u00edveis no processo desde dezembro. A estrat\u00e9gia dos advogados \u00e9 utilizar a tecnologia de geolocaliza\u00e7\u00e3o da \u00e9poca para confrontar os depoimentos que sustentaram a acusa\u00e7\u00e3o de mandante contra a arquiteta.<\/p>\n<p>O uso das ERBs funciona como um &#8220;GPS retroativo&#8221;, identificando a qual torre um celular se conectou em determinado hor\u00e1rio. Para a defesa, esses registros s\u00e3o provas t\u00e9cnicas incontest\u00e1veis que podem mudar o rumo das interpreta\u00e7\u00f5es sobre quem estava presente ou em contato no momento em que o triplo homic\u00eddio era planejado e executado.<\/p>\n<p>Com a reabertura da fase de provas, o Crime da 113 Sul entra em um cap\u00edtulo decisivo ap\u00f3s 17 anos de idas e vindas no Judici\u00e1rio. A expectativa \u00e9 que o cruzamento dos dados telef\u00f4nicos traga a clareza necess\u00e1ria para o novo julgamento, enquanto a capital federal aguarda o desfecho de um dos epis\u00f3dios mais emblem\u00e1ticos de sua hist\u00f3ria policial.<\/p>\n","protected":false},"excerpt":{"rendered":"<p>O Tribunal do J\u00fari de Bras\u00edlia estabeleceu, nesta sexta-feira (13), um prazo de 15 dias para que a pol\u00edcia apresente a an\u00e1lise dos dados de telefonia e localiza\u00e7\u00e3o de oito pessoas ligadas ao &#8220;Crime da 113 Sul&#8221;. A decis\u00e3o foca nas Esta\u00e7\u00f5es R\u00e1dio-Base (ERBs), as antenas de celular, para rastrear o deslocamento de envolvidos e [&hellip;]<\/p>\n","protected":false},"author":21,"featured_media":386849,"comment_status":"closed","ping_status":"closed","sticky":false,"template":"","format":"standard","meta":{"_acf_changed":false,"footnotes":""},"categories":[161],"tags":[],"class_list":["post-386848","post","type-post","status-publish","format-standard","has-post-thumbnail","hentry","category-quadradinho-em-foco"],"acf":[],"yoast_head":"<!-- This site is optimized with the Yoast SEO plugin v27.2 - https:\/\/yoast.com\/product\/yoast-seo-wordpress\/ -->\n<title>Justi\u00e7a determina prazo de 15 dias para an\u00e1lise de GPS e telefonia de suspeitos - Notibras<\/title>\n<meta name=\"robots\" content=\"index, follow, max-snippet:-1, max-image-preview:large, max-video-preview:-1\" \/>\n<link rel=\"canonical\" href=\"https:\/\/www.notibras.com\/site\/justica-determina-prazo-de-15-dias-para-analise-de-gps-e-telefonia-de-suspeitos\/\" \/>\n<meta property=\"og:locale\" content=\"pt_BR\" \/>\n<meta property=\"og:type\" content=\"article\" \/>\n<meta property=\"og:title\" content=\"Justi\u00e7a determina prazo de 15 dias para an\u00e1lise de GPS e telefonia de suspeitos - Notibras\" \/>\n<meta property=\"og:description\" content=\"O Tribunal do J\u00fari de Bras\u00edlia estabeleceu, nesta sexta-feira (13), um prazo de 15 dias para que a pol\u00edcia apresente a an\u00e1lise dos dados de telefonia e localiza\u00e7\u00e3o de oito pessoas ligadas ao &#8220;Crime da 113 Sul&#8221;. A decis\u00e3o foca nas Esta\u00e7\u00f5es R\u00e1dio-Base (ERBs), as antenas de celular, para rastrear o deslocamento de envolvidos e [&hellip;]\" \/>\n<meta property=\"og:url\" content=\"https:\/\/www.notibras.com\/site\/justica-determina-prazo-de-15-dias-para-analise-de-gps-e-telefonia-de-suspeitos\/\" \/>\n<meta property=\"og:site_name\" content=\"Notibras\" \/>\n<meta property=\"article:publisher\" content=\"https:\/\/www.facebook.com\/notibras\/\" \/>\n<meta property=\"article:published_time\" content=\"2026-03-14T04:00:31+00:00\" \/>\n<meta property=\"og:image\" content=\"https:\/\/www.notibras.com\/site\/wp-content\/uploads\/2026\/03\/WhatsApp-Image-2026-03-13-at-19.02.43.jpeg\" \/>\n\t<meta property=\"og:image:width\" content=\"888\" \/>\n\t<meta property=\"og:image:height\" content=\"530\" \/>\n\t<meta property=\"og:image:type\" content=\"image\/jpeg\" \/>\n<meta name=\"author\" content=\"Eduardo Mart\u00ednez\" \/>\n<meta name=\"twitter:card\" content=\"summary_large_image\" \/>\n<meta name=\"twitter:creator\" content=\"@Notibras\" \/>\n<meta name=\"twitter:site\" content=\"@Notibras\" \/>\n<meta name=\"twitter:label1\" content=\"Escrito por\" \/>\n\t<meta name=\"twitter:data1\" content=\"Eduardo Mart\u00ednez\" \/>\n\t<meta name=\"twitter:label2\" content=\"Est. tempo de leitura\" \/>\n\t<meta name=\"twitter:data2\" content=\"4 minutos\" \/>\n<script type=\"application\/ld+json\" class=\"yoast-schema-graph\">{\"@context\":\"https:\/\/schema.org\",\"@graph\":[{\"@type\":\"Article\",\"@id\":\"https:\/\/www.notibras.com\/site\/justica-determina-prazo-de-15-dias-para-analise-de-gps-e-telefonia-de-suspeitos\/#article\",\"isPartOf\":{\"@id\":\"https:\/\/www.notibras.com\/site\/justica-determina-prazo-de-15-dias-para-analise-de-gps-e-telefonia-de-suspeitos\/\"},\"author\":{\"name\":\"Eduardo Mart\u00ednez\",\"@id\":\"https:\/\/www.notibras.com\/site\/#\/schema\/person\/5b7fabf2aedc3ada2105f03b22b4d3dd\"},\"headline\":\"Justi\u00e7a determina prazo de 15 dias para an\u00e1lise de GPS e telefonia de suspeitos\",\"datePublished\":\"2026-03-14T04:00:31+00:00\",\"mainEntityOfPage\":{\"@id\":\"https:\/\/www.notibras.com\/site\/justica-determina-prazo-de-15-dias-para-analise-de-gps-e-telefonia-de-suspeitos\/\"},\"wordCount\":651,\"publisher\":{\"@id\":\"https:\/\/www.notibras.com\/site\/#organization\"},\"image\":{\"@id\":\"https:\/\/www.notibras.com\/site\/justica-determina-prazo-de-15-dias-para-analise-de-gps-e-telefonia-de-suspeitos\/#primaryimage\"},\"thumbnailUrl\":\"https:\/\/www.notibras.com\/site\/wp-content\/uploads\/2026\/03\/WhatsApp-Image-2026-03-13-at-19.02.43.jpeg\",\"articleSection\":[\"Quadradinho em Foco\"],\"inLanguage\":\"pt-BR\"},{\"@type\":\"WebPage\",\"@id\":\"https:\/\/www.notibras.com\/site\/justica-determina-prazo-de-15-dias-para-analise-de-gps-e-telefonia-de-suspeitos\/\",\"url\":\"https:\/\/www.notibras.com\/site\/justica-determina-prazo-de-15-dias-para-analise-de-gps-e-telefonia-de-suspeitos\/\",\"name\":\"Justi\u00e7a determina prazo de 15 dias para an\u00e1lise de GPS e telefonia de suspeitos - Notibras\",\"isPartOf\":{\"@id\":\"https:\/\/www.notibras.com\/site\/#website\"},\"primaryImageOfPage\":{\"@id\":\"https:\/\/www.notibras.com\/site\/justica-determina-prazo-de-15-dias-para-analise-de-gps-e-telefonia-de-suspeitos\/#primaryimage\"},\"image\":{\"@id\":\"https:\/\/www.notibras.com\/site\/justica-determina-prazo-de-15-dias-para-analise-de-gps-e-telefonia-de-suspeitos\/#primaryimage\"},\"thumbnailUrl\":\"https:\/\/www.notibras.com\/site\/wp-content\/uploads\/2026\/03\/WhatsApp-Image-2026-03-13-at-19.02.43.jpeg\",\"datePublished\":\"2026-03-14T04:00:31+00:00\",\"breadcrumb\":{\"@id\":\"https:\/\/www.notibras.com\/site\/justica-determina-prazo-de-15-dias-para-analise-de-gps-e-telefonia-de-suspeitos\/#breadcrumb\"},\"inLanguage\":\"pt-BR\",\"potentialAction\":[{\"@type\":\"ReadAction\",\"target\":[\"https:\/\/www.notibras.com\/site\/justica-determina-prazo-de-15-dias-para-analise-de-gps-e-telefonia-de-suspeitos\/\"]}]},{\"@type\":\"ImageObject\",\"inLanguage\":\"pt-BR\",\"@id\":\"https:\/\/www.notibras.com\/site\/justica-determina-prazo-de-15-dias-para-analise-de-gps-e-telefonia-de-suspeitos\/#primaryimage\",\"url\":\"https:\/\/www.notibras.com\/site\/wp-content\/uploads\/2026\/03\/WhatsApp-Image-2026-03-13-at-19.02.43.jpeg\",\"contentUrl\":\"https:\/\/www.notibras.com\/site\/wp-content\/uploads\/2026\/03\/WhatsApp-Image-2026-03-13-at-19.02.43.jpeg\",\"width\":888,\"height\":530},{\"@type\":\"BreadcrumbList\",\"@id\":\"https:\/\/www.notibras.com\/site\/justica-determina-prazo-de-15-dias-para-analise-de-gps-e-telefonia-de-suspeitos\/#breadcrumb\",\"itemListElement\":[{\"@type\":\"ListItem\",\"position\":1,\"name\":\"In\u00edcio\",\"item\":\"https:\/\/www.notibras.com\/site\/\"},{\"@type\":\"ListItem\",\"position\":2,\"name\":\"Justi\u00e7a determina prazo de 15 dias para an\u00e1lise de GPS e telefonia de suspeitos\"}]},{\"@type\":\"WebSite\",\"@id\":\"https:\/\/www.notibras.com\/site\/#website\",\"url\":\"https:\/\/www.notibras.com\/site\/\",\"name\":\"Notibras\",\"description\":\"Not\u00edcias de Bras\u00edlia, do Brasil e do Mundo\",\"publisher\":{\"@id\":\"https:\/\/www.notibras.com\/site\/#organization\"},\"potentialAction\":[{\"@type\":\"SearchAction\",\"target\":{\"@type\":\"EntryPoint\",\"urlTemplate\":\"https:\/\/www.notibras.com\/site\/?s={search_term_string}\"},\"query-input\":{\"@type\":\"PropertyValueSpecification\",\"valueRequired\":true,\"valueName\":\"search_term_string\"}}],\"inLanguage\":\"pt-BR\"},{\"@type\":\"Organization\",\"@id\":\"https:\/\/www.notibras.com\/site\/#organization\",\"name\":\"Grupo Notibras de Comunica\u00e7\u00e3o\",\"url\":\"https:\/\/www.notibras.com\/site\/\",\"logo\":{\"@type\":\"ImageObject\",\"inLanguage\":\"pt-BR\",\"@id\":\"https:\/\/www.notibras.com\/site\/#\/schema\/logo\/image\/\",\"url\":\"https:\/\/www.notibras.com\/site\/wp-content\/uploads\/2023\/01\/notibras23.png\",\"contentUrl\":\"https:\/\/www.notibras.com\/site\/wp-content\/uploads\/2023\/01\/notibras23.png\",\"width\":350,\"height\":87,\"caption\":\"Grupo Notibras de Comunica\u00e7\u00e3o\"},\"image\":{\"@id\":\"https:\/\/www.notibras.com\/site\/#\/schema\/logo\/image\/\"},\"sameAs\":[\"https:\/\/www.facebook.com\/notibras\/\",\"https:\/\/x.com\/Notibras\",\"https:\/\/www.instagram.com\/notibras\/\"]},{\"@type\":\"Person\",\"@id\":\"https:\/\/www.notibras.com\/site\/#\/schema\/person\/5b7fabf2aedc3ada2105f03b22b4d3dd\",\"name\":\"Eduardo Mart\u00ednez\",\"image\":{\"@type\":\"ImageObject\",\"inLanguage\":\"pt-BR\",\"@id\":\"https:\/\/secure.gravatar.com\/avatar\/7902f906289926289cbcda644b5197c796b893c6ffd7b9a536a42d290f7704a0?s=96&d=mm&r=g\",\"url\":\"https:\/\/secure.gravatar.com\/avatar\/7902f906289926289cbcda644b5197c796b893c6ffd7b9a536a42d290f7704a0?s=96&d=mm&r=g\",\"contentUrl\":\"https:\/\/secure.gravatar.com\/avatar\/7902f906289926289cbcda644b5197c796b893c6ffd7b9a536a42d290f7704a0?s=96&d=mm&r=g\",\"caption\":\"Eduardo Mart\u00ednez\"}}]}<\/script>\n<!-- \/ Yoast SEO plugin. -->","yoast_head_json":{"title":"Justi\u00e7a determina prazo de 15 dias para an\u00e1lise de GPS e telefonia de suspeitos - Notibras","robots":{"index":"index","follow":"follow","max-snippet":"max-snippet:-1","max-image-preview":"max-image-preview:large","max-video-preview":"max-video-preview:-1"},"canonical":"https:\/\/www.notibras.com\/site\/justica-determina-prazo-de-15-dias-para-analise-de-gps-e-telefonia-de-suspeitos\/","og_locale":"pt_BR","og_type":"article","og_title":"Justi\u00e7a determina prazo de 15 dias para an\u00e1lise de GPS e telefonia de suspeitos - Notibras","og_description":"O Tribunal do J\u00fari de Bras\u00edlia estabeleceu, nesta sexta-feira (13), um prazo de 15 dias para que a pol\u00edcia apresente a an\u00e1lise dos dados de telefonia e localiza\u00e7\u00e3o de oito pessoas ligadas ao &#8220;Crime da 113 Sul&#8221;. A decis\u00e3o foca nas Esta\u00e7\u00f5es R\u00e1dio-Base (ERBs), as antenas de celular, para rastrear o deslocamento de envolvidos e [&hellip;]","og_url":"https:\/\/www.notibras.com\/site\/justica-determina-prazo-de-15-dias-para-analise-de-gps-e-telefonia-de-suspeitos\/","og_site_name":"Notibras","article_publisher":"https:\/\/www.facebook.com\/notibras\/","article_published_time":"2026-03-14T04:00:31+00:00","og_image":[{"width":888,"height":530,"url":"https:\/\/www.notibras.com\/site\/wp-content\/uploads\/2026\/03\/WhatsApp-Image-2026-03-13-at-19.02.43.jpeg","type":"image\/jpeg"}],"author":"Eduardo Mart\u00ednez","twitter_card":"summary_large_image","twitter_creator":"@Notibras","twitter_site":"@Notibras","twitter_misc":{"Escrito por":"Eduardo Mart\u00ednez","Est. tempo de leitura":"4 minutos"},"schema":{"@context":"https:\/\/schema.org","@graph":[{"@type":"Article","@id":"https:\/\/www.notibras.com\/site\/justica-determina-prazo-de-15-dias-para-analise-de-gps-e-telefonia-de-suspeitos\/#article","isPartOf":{"@id":"https:\/\/www.notibras.com\/site\/justica-determina-prazo-de-15-dias-para-analise-de-gps-e-telefonia-de-suspeitos\/"},"author":{"name":"Eduardo Mart\u00ednez","@id":"https:\/\/www.notibras.com\/site\/#\/schema\/person\/5b7fabf2aedc3ada2105f03b22b4d3dd"},"headline":"Justi\u00e7a determina prazo de 15 dias para an\u00e1lise de GPS e telefonia de suspeitos","datePublished":"2026-03-14T04:00:31+00:00","mainEntityOfPage":{"@id":"https:\/\/www.notibras.com\/site\/justica-determina-prazo-de-15-dias-para-analise-de-gps-e-telefonia-de-suspeitos\/"},"wordCount":651,"publisher":{"@id":"https:\/\/www.notibras.com\/site\/#organization"},"image":{"@id":"https:\/\/www.notibras.com\/site\/justica-determina-prazo-de-15-dias-para-analise-de-gps-e-telefonia-de-suspeitos\/#primaryimage"},"thumbnailUrl":"https:\/\/www.notibras.com\/site\/wp-content\/uploads\/2026\/03\/WhatsApp-Image-2026-03-13-at-19.02.43.jpeg","articleSection":["Quadradinho em Foco"],"inLanguage":"pt-BR"},{"@type":"WebPage","@id":"https:\/\/www.notibras.com\/site\/justica-determina-prazo-de-15-dias-para-analise-de-gps-e-telefonia-de-suspeitos\/","url":"https:\/\/www.notibras.com\/site\/justica-determina-prazo-de-15-dias-para-analise-de-gps-e-telefonia-de-suspeitos\/","name":"Justi\u00e7a determina prazo de 15 dias para an\u00e1lise de GPS e telefonia de suspeitos - Notibras","isPartOf":{"@id":"https:\/\/www.notibras.com\/site\/#website"},"primaryImageOfPage":{"@id":"https:\/\/www.notibras.com\/site\/justica-determina-prazo-de-15-dias-para-analise-de-gps-e-telefonia-de-suspeitos\/#primaryimage"},"image":{"@id":"https:\/\/www.notibras.com\/site\/justica-determina-prazo-de-15-dias-para-analise-de-gps-e-telefonia-de-suspeitos\/#primaryimage"},"thumbnailUrl":"https:\/\/www.notibras.com\/site\/wp-content\/uploads\/2026\/03\/WhatsApp-Image-2026-03-13-at-19.02.43.jpeg","datePublished":"2026-03-14T04:00:31+00:00","breadcrumb":{"@id":"https:\/\/www.notibras.com\/site\/justica-determina-prazo-de-15-dias-para-analise-de-gps-e-telefonia-de-suspeitos\/#breadcrumb"},"inLanguage":"pt-BR","potentialAction":[{"@type":"ReadAction","target":["https:\/\/www.notibras.com\/site\/justica-determina-prazo-de-15-dias-para-analise-de-gps-e-telefonia-de-suspeitos\/"]}]},{"@type":"ImageObject","inLanguage":"pt-BR","@id":"https:\/\/www.notibras.com\/site\/justica-determina-prazo-de-15-dias-para-analise-de-gps-e-telefonia-de-suspeitos\/#primaryimage","url":"https:\/\/www.notibras.com\/site\/wp-content\/uploads\/2026\/03\/WhatsApp-Image-2026-03-13-at-19.02.43.jpeg","contentUrl":"https:\/\/www.notibras.com\/site\/wp-content\/uploads\/2026\/03\/WhatsApp-Image-2026-03-13-at-19.02.43.jpeg","width":888,"height":530},{"@type":"BreadcrumbList","@id":"https:\/\/www.notibras.com\/site\/justica-determina-prazo-de-15-dias-para-analise-de-gps-e-telefonia-de-suspeitos\/#breadcrumb","itemListElement":[{"@type":"ListItem","position":1,"name":"In\u00edcio","item":"https:\/\/www.notibras.com\/site\/"},{"@type":"ListItem","position":2,"name":"Justi\u00e7a determina prazo de 15 dias para an\u00e1lise de GPS e telefonia de suspeitos"}]},{"@type":"WebSite","@id":"https:\/\/www.notibras.com\/site\/#website","url":"https:\/\/www.notibras.com\/site\/","name":"Notibras","description":"Not\u00edcias de Bras\u00edlia, do Brasil e do Mundo","publisher":{"@id":"https:\/\/www.notibras.com\/site\/#organization"},"potentialAction":[{"@type":"SearchAction","target":{"@type":"EntryPoint","urlTemplate":"https:\/\/www.notibras.com\/site\/?s={search_term_string}"},"query-input":{"@type":"PropertyValueSpecification","valueRequired":true,"valueName":"search_term_string"}}],"inLanguage":"pt-BR"},{"@type":"Organization","@id":"https:\/\/www.notibras.com\/site\/#organization","name":"Grupo Notibras de Comunica\u00e7\u00e3o","url":"https:\/\/www.notibras.com\/site\/","logo":{"@type":"ImageObject","inLanguage":"pt-BR","@id":"https:\/\/www.notibras.com\/site\/#\/schema\/logo\/image\/","url":"https:\/\/www.notibras.com\/site\/wp-content\/uploads\/2023\/01\/notibras23.png","contentUrl":"https:\/\/www.notibras.com\/site\/wp-content\/uploads\/2023\/01\/notibras23.png","width":350,"height":87,"caption":"Grupo Notibras de Comunica\u00e7\u00e3o"},"image":{"@id":"https:\/\/www.notibras.com\/site\/#\/schema\/logo\/image\/"},"sameAs":["https:\/\/www.facebook.com\/notibras\/","https:\/\/x.com\/Notibras","https:\/\/www.instagram.com\/notibras\/"]},{"@type":"Person","@id":"https:\/\/www.notibras.com\/site\/#\/schema\/person\/5b7fabf2aedc3ada2105f03b22b4d3dd","name":"Eduardo Mart\u00ednez","image":{"@type":"ImageObject","inLanguage":"pt-BR","@id":"https:\/\/secure.gravatar.com\/avatar\/7902f906289926289cbcda644b5197c796b893c6ffd7b9a536a42d290f7704a0?s=96&d=mm&r=g","url":"https:\/\/secure.gravatar.com\/avatar\/7902f906289926289cbcda644b5197c796b893c6ffd7b9a536a42d290f7704a0?s=96&d=mm&r=g","contentUrl":"https:\/\/secure.gravatar.com\/avatar\/7902f906289926289cbcda644b5197c796b893c6ffd7b9a536a42d290f7704a0?s=96&d=mm&r=g","caption":"Eduardo Mart\u00ednez"}}]}},"amp_enabled":true,"_links":{"self":[{"href":"https:\/\/www.notibras.com\/site\/wp-json\/wp\/v2\/posts\/386848","targetHints":{"allow":["GET"]}}],"collection":[{"href":"https:\/\/www.notibras.com\/site\/wp-json\/wp\/v2\/posts"}],"about":[{"href":"https:\/\/www.notibras.com\/site\/wp-json\/wp\/v2\/types\/post"}],"author":[{"embeddable":true,"href":"https:\/\/www.notibras.com\/site\/wp-json\/wp\/v2\/users\/21"}],"replies":[{"embeddable":true,"href":"https:\/\/www.notibras.com\/site\/wp-json\/wp\/v2\/comments?post=386848"}],"version-history":[{"count":3,"href":"https:\/\/www.notibras.com\/site\/wp-json\/wp\/v2\/posts\/386848\/revisions"}],"predecessor-version":[{"id":386852,"href":"https:\/\/www.notibras.com\/site\/wp-json\/wp\/v2\/posts\/386848\/revisions\/386852"}],"wp:featuredmedia":[{"embeddable":true,"href":"https:\/\/www.notibras.com\/site\/wp-json\/wp\/v2\/media\/386849"}],"wp:attachment":[{"href":"https:\/\/www.notibras.com\/site\/wp-json\/wp\/v2\/media?parent=386848"}],"wp:term":[{"taxonomy":"category","embeddable":true,"href":"https:\/\/www.notibras.com\/site\/wp-json\/wp\/v2\/categories?post=386848"},{"taxonomy":"post_tag","embeddable":true,"href":"https:\/\/www.notibras.com\/site\/wp-json\/wp\/v2\/tags?post=386848"}],"curies":[{"name":"wp","href":"https:\/\/api.w.org\/{rel}","templated":true}]}}