{"id":386853,"date":"2026-03-14T00:45:54","date_gmt":"2026-03-14T03:45:54","guid":{"rendered":"https:\/\/www.notibras.com\/site\/?p=386853"},"modified":"2026-03-13T19:16:07","modified_gmt":"2026-03-13T22:16:07","slug":"casal-denuncia-homofobia-cometida-por-padre-durante-cerimonia-de-casamento","status":"publish","type":"post","link":"https:\/\/www.notibras.com\/site\/casal-denuncia-homofobia-cometida-por-padre-durante-cerimonia-de-casamento\/","title":{"rendered":"Casal denuncia homofobia cometida por padre durante cerim\u00f4nia de casamento"},"content":{"rendered":"<p>Um casal residente no Distrito Federal denunciou ter sido alvo de ofensas homof\u00f3bicas proferidas por um padre durante um casamento familiar na zona rural de Luzi\u00e2nia (GO). Jos\u00e9 Dyogo Alves e Damon Felismino relatam que os ataques verbais come\u00e7aram logo na entrada da igreja, quando caminhavam de m\u00e3os dadas, e se intensificaram durante o serm\u00e3o do sacerdote.<\/p>\n<p>Segundo as v\u00edtimas, o momento mais cr\u00edtico ocorreu durante a homilia, quando o padre utilizou o espa\u00e7o para atacar uni\u00f5es homoafetivas. &#8220;Ele disse que o que estava acontecendo hoje em dia era uma desgra\u00e7a matrimonial, pois n\u00e3o existia matrim\u00f4nio entre dois homens e duas mulheres&#8221;, relembrou Damon. O casal afirma ainda que o religioso classificou tais rela\u00e7\u00f5es como uma &#8220;patifaria&#8221; diante de todos os presentes.<\/p>\n<p>Mesmo diante do choque e da tristeza, Jos\u00e9 Dyogo e Damon decidiram permanecer na cerim\u00f4nia at\u00e9 o fim para evitar que o constrangimento dos noivos fosse ainda maior. Familiares confirmaram o epis\u00f3dio, relatando que a igreja ficou em sil\u00eancio absoluto ap\u00f3s as falas do padre. &#8220;A gente saiu de l\u00e1 muito chateado porque n\u00e3o imaginava que dentro de uma igreja um padre fizesse um coment\u00e1rio desse&#8221;, lamentou a prima C\u00e9lia Ribeiro.<\/p>\n<p>Ap\u00f3s o ocorrido, o casal decidiu buscar as vias legais e registrou um boletim de ocorr\u00eancia na Pol\u00edcia Civil de Goi\u00e1s, onde o caso foi tipificado inicialmente como &#8220;inj\u00faria&#8221;. Al\u00e9m da esfera policial, os dois formalizaram uma den\u00fancia administrativa na Diocese de Luzi\u00e2nia para que a conduta do sacerdote seja avaliada pela hierarquia da Igreja Cat\u00f3lica na regi\u00e3o.<\/p>\n<p>Nesta quarta-feira (11), a busca por justi\u00e7a ganhou um novo cap\u00edtulo com o acionamento do Minist\u00e9rio P\u00fablico do Distrito Federal (MPDF), que j\u00e1 est\u00e1 apurando o caso. Para Jos\u00e9 Dyogo, o objetivo das den\u00fancias \u00e9 garantir que o crime n\u00e3o passe impune e que medidas cab\u00edveis sejam tomadas contra o agressor, refor\u00e7ando que o ambiente religioso n\u00e3o deve ser palco para discrimina\u00e7\u00e3o.<\/p>\n<p>A reportagem aguarda um posicionamento oficial da Diocese de Luzi\u00e2nia e da defesa do padre citado. Enquanto isso, o casal espera que a investiga\u00e7\u00e3o avance para que epis\u00f3dios semelhantes n\u00e3o se repitam em celebra\u00e7\u00f5es que deveriam ser de acolhimento e respeito \u00e0 diversidade das fam\u00edlias brasileiras.<\/p>\n","protected":false},"excerpt":{"rendered":"<p>Um casal residente no Distrito Federal denunciou ter sido alvo de ofensas homof\u00f3bicas proferidas por um padre durante um casamento familiar na zona rural de Luzi\u00e2nia (GO). Jos\u00e9 Dyogo Alves e Damon Felismino relatam que os ataques verbais come\u00e7aram logo na entrada da igreja, quando caminhavam de m\u00e3os dadas, e se intensificaram durante o serm\u00e3o [&hellip;]<\/p>\n","protected":false},"author":21,"featured_media":386854,"comment_status":"closed","ping_status":"closed","sticky":false,"template":"","format":"standard","meta":{"_acf_changed":false,"footnotes":""},"categories":[161],"tags":[],"class_list":["post-386853","post","type-post","status-publish","format-standard","has-post-thumbnail","hentry","category-quadradinho-em-foco"],"acf":[],"yoast_head":"<!-- This site is optimized with the Yoast SEO plugin v27.2 - https:\/\/yoast.com\/product\/yoast-seo-wordpress\/ -->\n<title>Casal denuncia homofobia cometida por padre durante cerim\u00f4nia de casamento - Notibras<\/title>\n<meta name=\"robots\" content=\"index, follow, max-snippet:-1, max-image-preview:large, max-video-preview:-1\" \/>\n<link rel=\"canonical\" href=\"https:\/\/www.notibras.com\/site\/casal-denuncia-homofobia-cometida-por-padre-durante-cerimonia-de-casamento\/\" \/>\n<meta property=\"og:locale\" content=\"pt_BR\" \/>\n<meta property=\"og:type\" content=\"article\" \/>\n<meta property=\"og:title\" content=\"Casal denuncia homofobia cometida por padre durante cerim\u00f4nia de casamento - Notibras\" \/>\n<meta property=\"og:description\" content=\"Um casal residente no Distrito Federal denunciou ter sido alvo de ofensas homof\u00f3bicas proferidas por um padre durante um casamento familiar na zona rural de Luzi\u00e2nia (GO). Jos\u00e9 Dyogo Alves e Damon Felismino relatam que os ataques verbais come\u00e7aram logo na entrada da igreja, quando caminhavam de m\u00e3os dadas, e se intensificaram durante o serm\u00e3o [&hellip;]\" \/>\n<meta property=\"og:url\" content=\"https:\/\/www.notibras.com\/site\/casal-denuncia-homofobia-cometida-por-padre-durante-cerimonia-de-casamento\/\" \/>\n<meta property=\"og:site_name\" content=\"Notibras\" \/>\n<meta property=\"article:publisher\" content=\"https:\/\/www.facebook.com\/notibras\/\" \/>\n<meta property=\"article:published_time\" content=\"2026-03-14T03:45:54+00:00\" \/>\n<meta property=\"og:image\" content=\"https:\/\/www.notibras.com\/site\/wp-content\/uploads\/2026\/03\/WhatsApp-Image-2026-03-13-at-19.15.17.jpeg\" \/>\n\t<meta property=\"og:image:width\" content=\"984\" \/>\n\t<meta property=\"og:image:height\" content=\"554\" \/>\n\t<meta property=\"og:image:type\" content=\"image\/jpeg\" \/>\n<meta name=\"author\" content=\"Eduardo Mart\u00ednez\" \/>\n<meta name=\"twitter:card\" content=\"summary_large_image\" \/>\n<meta name=\"twitter:creator\" content=\"@Notibras\" \/>\n<meta name=\"twitter:site\" content=\"@Notibras\" \/>\n<meta name=\"twitter:label1\" content=\"Escrito por\" \/>\n\t<meta name=\"twitter:data1\" content=\"Eduardo Mart\u00ednez\" \/>\n\t<meta name=\"twitter:label2\" content=\"Est. tempo de leitura\" \/>\n\t<meta name=\"twitter:data2\" content=\"3 minutos\" \/>\n<script type=\"application\/ld+json\" class=\"yoast-schema-graph\">{\"@context\":\"https:\/\/schema.org\",\"@graph\":[{\"@type\":\"Article\",\"@id\":\"https:\/\/www.notibras.com\/site\/casal-denuncia-homofobia-cometida-por-padre-durante-cerimonia-de-casamento\/#article\",\"isPartOf\":{\"@id\":\"https:\/\/www.notibras.com\/site\/casal-denuncia-homofobia-cometida-por-padre-durante-cerimonia-de-casamento\/\"},\"author\":{\"name\":\"Eduardo Mart\u00ednez\",\"@id\":\"https:\/\/www.notibras.com\/site\/#\/schema\/person\/5b7fabf2aedc3ada2105f03b22b4d3dd\"},\"headline\":\"Casal denuncia homofobia cometida por padre durante cerim\u00f4nia de casamento\",\"datePublished\":\"2026-03-14T03:45:54+00:00\",\"mainEntityOfPage\":{\"@id\":\"https:\/\/www.notibras.com\/site\/casal-denuncia-homofobia-cometida-por-padre-durante-cerimonia-de-casamento\/\"},\"wordCount\":413,\"publisher\":{\"@id\":\"https:\/\/www.notibras.com\/site\/#organization\"},\"image\":{\"@id\":\"https:\/\/www.notibras.com\/site\/casal-denuncia-homofobia-cometida-por-padre-durante-cerimonia-de-casamento\/#primaryimage\"},\"thumbnailUrl\":\"https:\/\/www.notibras.com\/site\/wp-content\/uploads\/2026\/03\/WhatsApp-Image-2026-03-13-at-19.15.17.jpeg\",\"articleSection\":[\"Quadradinho em Foco\"],\"inLanguage\":\"pt-BR\"},{\"@type\":\"WebPage\",\"@id\":\"https:\/\/www.notibras.com\/site\/casal-denuncia-homofobia-cometida-por-padre-durante-cerimonia-de-casamento\/\",\"url\":\"https:\/\/www.notibras.com\/site\/casal-denuncia-homofobia-cometida-por-padre-durante-cerimonia-de-casamento\/\",\"name\":\"Casal denuncia homofobia cometida por padre durante cerim\u00f4nia de casamento - Notibras\",\"isPartOf\":{\"@id\":\"https:\/\/www.notibras.com\/site\/#website\"},\"primaryImageOfPage\":{\"@id\":\"https:\/\/www.notibras.com\/site\/casal-denuncia-homofobia-cometida-por-padre-durante-cerimonia-de-casamento\/#primaryimage\"},\"image\":{\"@id\":\"https:\/\/www.notibras.com\/site\/casal-denuncia-homofobia-cometida-por-padre-durante-cerimonia-de-casamento\/#primaryimage\"},\"thumbnailUrl\":\"https:\/\/www.notibras.com\/site\/wp-content\/uploads\/2026\/03\/WhatsApp-Image-2026-03-13-at-19.15.17.jpeg\",\"datePublished\":\"2026-03-14T03:45:54+00:00\",\"breadcrumb\":{\"@id\":\"https:\/\/www.notibras.com\/site\/casal-denuncia-homofobia-cometida-por-padre-durante-cerimonia-de-casamento\/#breadcrumb\"},\"inLanguage\":\"pt-BR\",\"potentialAction\":[{\"@type\":\"ReadAction\",\"target\":[\"https:\/\/www.notibras.com\/site\/casal-denuncia-homofobia-cometida-por-padre-durante-cerimonia-de-casamento\/\"]}]},{\"@type\":\"ImageObject\",\"inLanguage\":\"pt-BR\",\"@id\":\"https:\/\/www.notibras.com\/site\/casal-denuncia-homofobia-cometida-por-padre-durante-cerimonia-de-casamento\/#primaryimage\",\"url\":\"https:\/\/www.notibras.com\/site\/wp-content\/uploads\/2026\/03\/WhatsApp-Image-2026-03-13-at-19.15.17.jpeg\",\"contentUrl\":\"https:\/\/www.notibras.com\/site\/wp-content\/uploads\/2026\/03\/WhatsApp-Image-2026-03-13-at-19.15.17.jpeg\",\"width\":984,\"height\":554},{\"@type\":\"BreadcrumbList\",\"@id\":\"https:\/\/www.notibras.com\/site\/casal-denuncia-homofobia-cometida-por-padre-durante-cerimonia-de-casamento\/#breadcrumb\",\"itemListElement\":[{\"@type\":\"ListItem\",\"position\":1,\"name\":\"In\u00edcio\",\"item\":\"https:\/\/www.notibras.com\/site\/\"},{\"@type\":\"ListItem\",\"position\":2,\"name\":\"Casal denuncia homofobia cometida por padre durante cerim\u00f4nia de casamento\"}]},{\"@type\":\"WebSite\",\"@id\":\"https:\/\/www.notibras.com\/site\/#website\",\"url\":\"https:\/\/www.notibras.com\/site\/\",\"name\":\"Notibras\",\"description\":\"Not\u00edcias de Bras\u00edlia, do Brasil e do Mundo\",\"publisher\":{\"@id\":\"https:\/\/www.notibras.com\/site\/#organization\"},\"potentialAction\":[{\"@type\":\"SearchAction\",\"target\":{\"@type\":\"EntryPoint\",\"urlTemplate\":\"https:\/\/www.notibras.com\/site\/?s={search_term_string}\"},\"query-input\":{\"@type\":\"PropertyValueSpecification\",\"valueRequired\":true,\"valueName\":\"search_term_string\"}}],\"inLanguage\":\"pt-BR\"},{\"@type\":\"Organization\",\"@id\":\"https:\/\/www.notibras.com\/site\/#organization\",\"name\":\"Grupo Notibras de Comunica\u00e7\u00e3o\",\"url\":\"https:\/\/www.notibras.com\/site\/\",\"logo\":{\"@type\":\"ImageObject\",\"inLanguage\":\"pt-BR\",\"@id\":\"https:\/\/www.notibras.com\/site\/#\/schema\/logo\/image\/\",\"url\":\"https:\/\/www.notibras.com\/site\/wp-content\/uploads\/2023\/01\/notibras23.png\",\"contentUrl\":\"https:\/\/www.notibras.com\/site\/wp-content\/uploads\/2023\/01\/notibras23.png\",\"width\":350,\"height\":87,\"caption\":\"Grupo Notibras de Comunica\u00e7\u00e3o\"},\"image\":{\"@id\":\"https:\/\/www.notibras.com\/site\/#\/schema\/logo\/image\/\"},\"sameAs\":[\"https:\/\/www.facebook.com\/notibras\/\",\"https:\/\/x.com\/Notibras\",\"https:\/\/www.instagram.com\/notibras\/\"]},{\"@type\":\"Person\",\"@id\":\"https:\/\/www.notibras.com\/site\/#\/schema\/person\/5b7fabf2aedc3ada2105f03b22b4d3dd\",\"name\":\"Eduardo Mart\u00ednez\",\"image\":{\"@type\":\"ImageObject\",\"inLanguage\":\"pt-BR\",\"@id\":\"https:\/\/secure.gravatar.com\/avatar\/7902f906289926289cbcda644b5197c796b893c6ffd7b9a536a42d290f7704a0?s=96&d=mm&r=g\",\"url\":\"https:\/\/secure.gravatar.com\/avatar\/7902f906289926289cbcda644b5197c796b893c6ffd7b9a536a42d290f7704a0?s=96&d=mm&r=g\",\"contentUrl\":\"https:\/\/secure.gravatar.com\/avatar\/7902f906289926289cbcda644b5197c796b893c6ffd7b9a536a42d290f7704a0?s=96&d=mm&r=g\",\"caption\":\"Eduardo Mart\u00ednez\"}}]}<\/script>\n<!-- \/ Yoast SEO plugin. -->","yoast_head_json":{"title":"Casal denuncia homofobia cometida por padre durante cerim\u00f4nia de casamento - Notibras","robots":{"index":"index","follow":"follow","max-snippet":"max-snippet:-1","max-image-preview":"max-image-preview:large","max-video-preview":"max-video-preview:-1"},"canonical":"https:\/\/www.notibras.com\/site\/casal-denuncia-homofobia-cometida-por-padre-durante-cerimonia-de-casamento\/","og_locale":"pt_BR","og_type":"article","og_title":"Casal denuncia homofobia cometida por padre durante cerim\u00f4nia de casamento - Notibras","og_description":"Um casal residente no Distrito Federal denunciou ter sido alvo de ofensas homof\u00f3bicas proferidas por um padre durante um casamento familiar na zona rural de Luzi\u00e2nia (GO). Jos\u00e9 Dyogo Alves e Damon Felismino relatam que os ataques verbais come\u00e7aram logo na entrada da igreja, quando caminhavam de m\u00e3os dadas, e se intensificaram durante o serm\u00e3o [&hellip;]","og_url":"https:\/\/www.notibras.com\/site\/casal-denuncia-homofobia-cometida-por-padre-durante-cerimonia-de-casamento\/","og_site_name":"Notibras","article_publisher":"https:\/\/www.facebook.com\/notibras\/","article_published_time":"2026-03-14T03:45:54+00:00","og_image":[{"width":984,"height":554,"url":"https:\/\/www.notibras.com\/site\/wp-content\/uploads\/2026\/03\/WhatsApp-Image-2026-03-13-at-19.15.17.jpeg","type":"image\/jpeg"}],"author":"Eduardo Mart\u00ednez","twitter_card":"summary_large_image","twitter_creator":"@Notibras","twitter_site":"@Notibras","twitter_misc":{"Escrito por":"Eduardo Mart\u00ednez","Est. tempo de leitura":"3 minutos"},"schema":{"@context":"https:\/\/schema.org","@graph":[{"@type":"Article","@id":"https:\/\/www.notibras.com\/site\/casal-denuncia-homofobia-cometida-por-padre-durante-cerimonia-de-casamento\/#article","isPartOf":{"@id":"https:\/\/www.notibras.com\/site\/casal-denuncia-homofobia-cometida-por-padre-durante-cerimonia-de-casamento\/"},"author":{"name":"Eduardo Mart\u00ednez","@id":"https:\/\/www.notibras.com\/site\/#\/schema\/person\/5b7fabf2aedc3ada2105f03b22b4d3dd"},"headline":"Casal denuncia homofobia cometida por padre durante cerim\u00f4nia de casamento","datePublished":"2026-03-14T03:45:54+00:00","mainEntityOfPage":{"@id":"https:\/\/www.notibras.com\/site\/casal-denuncia-homofobia-cometida-por-padre-durante-cerimonia-de-casamento\/"},"wordCount":413,"publisher":{"@id":"https:\/\/www.notibras.com\/site\/#organization"},"image":{"@id":"https:\/\/www.notibras.com\/site\/casal-denuncia-homofobia-cometida-por-padre-durante-cerimonia-de-casamento\/#primaryimage"},"thumbnailUrl":"https:\/\/www.notibras.com\/site\/wp-content\/uploads\/2026\/03\/WhatsApp-Image-2026-03-13-at-19.15.17.jpeg","articleSection":["Quadradinho em Foco"],"inLanguage":"pt-BR"},{"@type":"WebPage","@id":"https:\/\/www.notibras.com\/site\/casal-denuncia-homofobia-cometida-por-padre-durante-cerimonia-de-casamento\/","url":"https:\/\/www.notibras.com\/site\/casal-denuncia-homofobia-cometida-por-padre-durante-cerimonia-de-casamento\/","name":"Casal denuncia homofobia cometida por padre durante cerim\u00f4nia de casamento - Notibras","isPartOf":{"@id":"https:\/\/www.notibras.com\/site\/#website"},"primaryImageOfPage":{"@id":"https:\/\/www.notibras.com\/site\/casal-denuncia-homofobia-cometida-por-padre-durante-cerimonia-de-casamento\/#primaryimage"},"image":{"@id":"https:\/\/www.notibras.com\/site\/casal-denuncia-homofobia-cometida-por-padre-durante-cerimonia-de-casamento\/#primaryimage"},"thumbnailUrl":"https:\/\/www.notibras.com\/site\/wp-content\/uploads\/2026\/03\/WhatsApp-Image-2026-03-13-at-19.15.17.jpeg","datePublished":"2026-03-14T03:45:54+00:00","breadcrumb":{"@id":"https:\/\/www.notibras.com\/site\/casal-denuncia-homofobia-cometida-por-padre-durante-cerimonia-de-casamento\/#breadcrumb"},"inLanguage":"pt-BR","potentialAction":[{"@type":"ReadAction","target":["https:\/\/www.notibras.com\/site\/casal-denuncia-homofobia-cometida-por-padre-durante-cerimonia-de-casamento\/"]}]},{"@type":"ImageObject","inLanguage":"pt-BR","@id":"https:\/\/www.notibras.com\/site\/casal-denuncia-homofobia-cometida-por-padre-durante-cerimonia-de-casamento\/#primaryimage","url":"https:\/\/www.notibras.com\/site\/wp-content\/uploads\/2026\/03\/WhatsApp-Image-2026-03-13-at-19.15.17.jpeg","contentUrl":"https:\/\/www.notibras.com\/site\/wp-content\/uploads\/2026\/03\/WhatsApp-Image-2026-03-13-at-19.15.17.jpeg","width":984,"height":554},{"@type":"BreadcrumbList","@id":"https:\/\/www.notibras.com\/site\/casal-denuncia-homofobia-cometida-por-padre-durante-cerimonia-de-casamento\/#breadcrumb","itemListElement":[{"@type":"ListItem","position":1,"name":"In\u00edcio","item":"https:\/\/www.notibras.com\/site\/"},{"@type":"ListItem","position":2,"name":"Casal denuncia homofobia cometida por padre durante cerim\u00f4nia de casamento"}]},{"@type":"WebSite","@id":"https:\/\/www.notibras.com\/site\/#website","url":"https:\/\/www.notibras.com\/site\/","name":"Notibras","description":"Not\u00edcias de Bras\u00edlia, do Brasil e do Mundo","publisher":{"@id":"https:\/\/www.notibras.com\/site\/#organization"},"potentialAction":[{"@type":"SearchAction","target":{"@type":"EntryPoint","urlTemplate":"https:\/\/www.notibras.com\/site\/?s={search_term_string}"},"query-input":{"@type":"PropertyValueSpecification","valueRequired":true,"valueName":"search_term_string"}}],"inLanguage":"pt-BR"},{"@type":"Organization","@id":"https:\/\/www.notibras.com\/site\/#organization","name":"Grupo Notibras de Comunica\u00e7\u00e3o","url":"https:\/\/www.notibras.com\/site\/","logo":{"@type":"ImageObject","inLanguage":"pt-BR","@id":"https:\/\/www.notibras.com\/site\/#\/schema\/logo\/image\/","url":"https:\/\/www.notibras.com\/site\/wp-content\/uploads\/2023\/01\/notibras23.png","contentUrl":"https:\/\/www.notibras.com\/site\/wp-content\/uploads\/2023\/01\/notibras23.png","width":350,"height":87,"caption":"Grupo Notibras de Comunica\u00e7\u00e3o"},"image":{"@id":"https:\/\/www.notibras.com\/site\/#\/schema\/logo\/image\/"},"sameAs":["https:\/\/www.facebook.com\/notibras\/","https:\/\/x.com\/Notibras","https:\/\/www.instagram.com\/notibras\/"]},{"@type":"Person","@id":"https:\/\/www.notibras.com\/site\/#\/schema\/person\/5b7fabf2aedc3ada2105f03b22b4d3dd","name":"Eduardo Mart\u00ednez","image":{"@type":"ImageObject","inLanguage":"pt-BR","@id":"https:\/\/secure.gravatar.com\/avatar\/7902f906289926289cbcda644b5197c796b893c6ffd7b9a536a42d290f7704a0?s=96&d=mm&r=g","url":"https:\/\/secure.gravatar.com\/avatar\/7902f906289926289cbcda644b5197c796b893c6ffd7b9a536a42d290f7704a0?s=96&d=mm&r=g","contentUrl":"https:\/\/secure.gravatar.com\/avatar\/7902f906289926289cbcda644b5197c796b893c6ffd7b9a536a42d290f7704a0?s=96&d=mm&r=g","caption":"Eduardo Mart\u00ednez"}}]}},"amp_enabled":true,"_links":{"self":[{"href":"https:\/\/www.notibras.com\/site\/wp-json\/wp\/v2\/posts\/386853","targetHints":{"allow":["GET"]}}],"collection":[{"href":"https:\/\/www.notibras.com\/site\/wp-json\/wp\/v2\/posts"}],"about":[{"href":"https:\/\/www.notibras.com\/site\/wp-json\/wp\/v2\/types\/post"}],"author":[{"embeddable":true,"href":"https:\/\/www.notibras.com\/site\/wp-json\/wp\/v2\/users\/21"}],"replies":[{"embeddable":true,"href":"https:\/\/www.notibras.com\/site\/wp-json\/wp\/v2\/comments?post=386853"}],"version-history":[{"count":2,"href":"https:\/\/www.notibras.com\/site\/wp-json\/wp\/v2\/posts\/386853\/revisions"}],"predecessor-version":[{"id":386856,"href":"https:\/\/www.notibras.com\/site\/wp-json\/wp\/v2\/posts\/386853\/revisions\/386856"}],"wp:featuredmedia":[{"embeddable":true,"href":"https:\/\/www.notibras.com\/site\/wp-json\/wp\/v2\/media\/386854"}],"wp:attachment":[{"href":"https:\/\/www.notibras.com\/site\/wp-json\/wp\/v2\/media?parent=386853"}],"wp:term":[{"taxonomy":"category","embeddable":true,"href":"https:\/\/www.notibras.com\/site\/wp-json\/wp\/v2\/categories?post=386853"},{"taxonomy":"post_tag","embeddable":true,"href":"https:\/\/www.notibras.com\/site\/wp-json\/wp\/v2\/tags?post=386853"}],"curies":[{"name":"wp","href":"https:\/\/api.w.org\/{rel}","templated":true}]}}