{"id":386857,"date":"2026-03-14T00:30:19","date_gmt":"2026-03-14T03:30:19","guid":{"rendered":"https:\/\/www.notibras.com\/site\/?p=386857"},"modified":"2026-03-13T19:55:16","modified_gmt":"2026-03-13T22:55:16","slug":"justica-acionada-contra-teste-de-barra-dinamica-para-mulheres-em-concurso","status":"publish","type":"post","link":"https:\/\/www.notibras.com\/site\/justica-acionada-contra-teste-de-barra-dinamica-para-mulheres-em-concurso\/","title":{"rendered":"Justi\u00e7a acionada contra teste de barra din\u00e2mica para mulheres em concurso"},"content":{"rendered":"<p>A seccional do Distrito Federal da Ordem dos Advogados do Brasil (OAB-DF) protocolou uma a\u00e7\u00e3o judicial questionando a exig\u00eancia do teste de barra din\u00e2mica para candidatas no concurso do Corpo de Bombeiros Militar do DF. A medida ocorre ap\u00f3s o fracasso das tentativas de negocia\u00e7\u00e3o administrativa com a corpora\u00e7\u00e3o. A entidade busca garantir a isonomia e a legalidade do Teste de Aptid\u00e3o F\u00edsica (TAF), alegando que o formato atual prejudica o ingresso feminino na carreira.<\/p>\n<p>Diferente da barra est\u00e1tica, onde a candidata apenas sustenta o peso do corpo suspensa na barra por um determinado tempo, a barra din\u00e2mica exige a flex\u00e3o e extens\u00e3o completa dos bra\u00e7os. Para a OAB-DF, essa modalidade ignora as diferen\u00e7as fisiol\u00f3gicas entre os g\u00eaneros. Segundo o procurador-geral dos Direitos Humanos da Ordem, Idamar Borges, a a\u00e7\u00e3o \u00e9 de &#8220;urg\u00eancia m\u00e1xima&#8221; para assegurar que o certame respeite crit\u00e9rios biol\u00f3gicos e funcionais adequados.<\/p>\n<p>A diretora das Mulheres da OAB-DF, Nildete Santana de Oliveira, refor\u00e7ou que o objetivo n\u00e3o \u00e9 flexibilizar o rigor exigido pela vida militar, mas sim aplicar testes que avaliem a aptid\u00e3o real para o cargo. Ela citou como exemplo positivo concursos anteriores da Pol\u00edcia Civil, onde a substitui\u00e7\u00e3o pela barra est\u00e1tica resultou em \u00edndices de reprova\u00e7\u00e3o equivalentes entre homens e mulheres, provando a efic\u00e1cia do crit\u00e9rio de isonomia.<\/p>\n<p>Dados estat\u00edsticos apresentados pela Comiss\u00e3o de Direito Militar da entidade revelam um cen\u00e1rio de exclus\u00e3o preocupante. Em concursos similares, como o do Corpo de Bombeiros do Rio de Janeiro em 2025, a taxa de reprova\u00e7\u00e3o feminina na barra din\u00e2mica atingiu impressionantes 70%, enquanto apenas 6% dos homens foram eliminados. Para a presidente da comiss\u00e3o, Ana Paula Tavares, os n\u00fameros provam que o teste seleciona com base em caracter\u00edsticas puramente masculinas.<\/p>\n<p>O posicionamento da OAB-DF ganha for\u00e7a com o apoio do Minist\u00e9rio P\u00fablico do Distrito Federal (MPDFT), que j\u00e1 havia emitido uma recomenda\u00e7\u00e3o pelo fim desse tipo de teste em fevereiro. O MP aponta que a manuten\u00e7\u00e3o desses crit\u00e9rios avaliativos atua como uma forma de discrimina\u00e7\u00e3o de g\u00eanero, limitando o acesso de mulheres a cargos p\u00fablicos e perpetuando preconceitos estruturais dentro das for\u00e7as de seguran\u00e7a.<\/p>\n<p>A recomenda\u00e7\u00e3o do Minist\u00e9rio P\u00fablico fundamenta-se em diretrizes internacionais e nacionais de direitos humanos, incluindo a Constitui\u00e7\u00e3o Federal e a Agenda 2030 da ONU. O documento destaca que a igualdade entre homens e mulheres deve ser assegurada no acesso ao trabalho, combatendo a elimina\u00e7\u00e3o desproporcional de candidatas por fatores que n\u00e3o condizem com a realidade biol\u00f3gica feminina.<\/p>\n<p>Estudos hist\u00f3ricos corroboram a tese da desproporcionalidade. Em um concurso da Pol\u00edcia Civil de 2016 que utilizou a barra din\u00e2mica, cerca de 89,5% das mulheres foram reprovadas, contra menos de 2% dos homens. Em contraste, quando a barra est\u00e1tica foi aplicada nos anos de 2008 e 2011, o equil\u00edbrio entre os g\u00eaneros foi mantido, demonstrando que a resist\u00eancia muscular pode ser medida de forma justa.<\/p>\n<p>Al\u00e9m do impacto na classifica\u00e7\u00e3o, a OAB-DF alerta para os riscos \u00e0 integridade f\u00edsica das candidatas submetidas a esfor\u00e7os biomec\u00e2nicos incompat\u00edveis. A argumenta\u00e7\u00e3o jur\u00eddica sustenta que existem diversas outras modalidades f\u00edsicas capazes de aferir a for\u00e7a e a resist\u00eancia necess\u00e1rias para a atividade de bombeiro sem desrespeitar as condi\u00e7\u00f5es fisiol\u00f3gicas das mulheres.<\/p>\n<p>O Corpo de Bombeiros do DF informou que ainda est\u00e1 analisando a recomenda\u00e7\u00e3o feita pelo Minist\u00e9rio P\u00fablico. At\u00e9 o momento, o edital permanece inalterado, o que motivou a judicializa\u00e7\u00e3o do caso pela Ordem. A decis\u00e3o da Justi\u00e7a poder\u00e1 abrir um precedente importante para outros concursos militares no pa\u00eds que ainda adotam crit\u00e9rios f\u00edsicos contestados por especialistas e \u00f3rg\u00e3os de controle.<\/p>\n<p>Enquanto a an\u00e1lise judicial prossegue, candidatas e entidades de classe aguardam um desfecho que concilie a necessidade de alto desempenho f\u00edsico para o socorro p\u00fablico com o respeito \u00e0 diversidade e \u00e0 igualdade de oportunidades. A expectativa \u00e9 que o tribunal avalie se a exig\u00eancia da barra din\u00e2mica \u00e9, de fato, indispens\u00e1vel para a fun\u00e7\u00e3o ou se configura uma barreira desnecess\u00e1ria ao ingresso feminino.<\/p>\n","protected":false},"excerpt":{"rendered":"<p>A seccional do Distrito Federal da Ordem dos Advogados do Brasil (OAB-DF) protocolou uma a\u00e7\u00e3o judicial questionando a exig\u00eancia do teste de barra din\u00e2mica para candidatas no concurso do Corpo de Bombeiros Militar do DF. A medida ocorre ap\u00f3s o fracasso das tentativas de negocia\u00e7\u00e3o administrativa com a corpora\u00e7\u00e3o. A entidade busca garantir a isonomia [&hellip;]<\/p>\n","protected":false},"author":21,"featured_media":386858,"comment_status":"closed","ping_status":"closed","sticky":false,"template":"","format":"standard","meta":{"_acf_changed":false,"footnotes":""},"categories":[161],"tags":[],"class_list":["post-386857","post","type-post","status-publish","format-standard","has-post-thumbnail","hentry","category-quadradinho-em-foco"],"acf":[],"yoast_head":"<!-- This site is optimized with the Yoast SEO plugin v27.2 - https:\/\/yoast.com\/product\/yoast-seo-wordpress\/ -->\n<title>Justi\u00e7a acionada contra teste de barra din\u00e2mica para mulheres em concurso - Notibras<\/title>\n<meta name=\"robots\" content=\"index, follow, max-snippet:-1, max-image-preview:large, max-video-preview:-1\" \/>\n<link rel=\"canonical\" href=\"https:\/\/www.notibras.com\/site\/justica-acionada-contra-teste-de-barra-dinamica-para-mulheres-em-concurso\/\" \/>\n<meta property=\"og:locale\" content=\"pt_BR\" \/>\n<meta property=\"og:type\" content=\"article\" \/>\n<meta property=\"og:title\" content=\"Justi\u00e7a acionada contra teste de barra din\u00e2mica para mulheres em concurso - Notibras\" \/>\n<meta property=\"og:description\" content=\"A seccional do Distrito Federal da Ordem dos Advogados do Brasil (OAB-DF) protocolou uma a\u00e7\u00e3o judicial questionando a exig\u00eancia do teste de barra din\u00e2mica para candidatas no concurso do Corpo de Bombeiros Militar do DF. A medida ocorre ap\u00f3s o fracasso das tentativas de negocia\u00e7\u00e3o administrativa com a corpora\u00e7\u00e3o. A entidade busca garantir a isonomia [&hellip;]\" \/>\n<meta property=\"og:url\" content=\"https:\/\/www.notibras.com\/site\/justica-acionada-contra-teste-de-barra-dinamica-para-mulheres-em-concurso\/\" \/>\n<meta property=\"og:site_name\" content=\"Notibras\" \/>\n<meta property=\"article:publisher\" content=\"https:\/\/www.facebook.com\/notibras\/\" \/>\n<meta property=\"article:published_time\" content=\"2026-03-14T03:30:19+00:00\" \/>\n<meta property=\"og:image\" content=\"https:\/\/www.notibras.com\/site\/wp-content\/uploads\/2026\/03\/WhatsApp-Image-2026-03-13-at-19.36.18.jpeg\" \/>\n\t<meta property=\"og:image:width\" content=\"984\" \/>\n\t<meta property=\"og:image:height\" content=\"612\" \/>\n\t<meta property=\"og:image:type\" content=\"image\/jpeg\" \/>\n<meta name=\"author\" content=\"Eduardo Mart\u00ednez\" \/>\n<meta name=\"twitter:card\" content=\"summary_large_image\" \/>\n<meta name=\"twitter:creator\" content=\"@Notibras\" \/>\n<meta name=\"twitter:site\" content=\"@Notibras\" \/>\n<meta name=\"twitter:label1\" content=\"Escrito por\" \/>\n\t<meta name=\"twitter:data1\" content=\"Eduardo Mart\u00ednez\" \/>\n\t<meta name=\"twitter:label2\" content=\"Est. tempo de leitura\" \/>\n\t<meta name=\"twitter:data2\" content=\"4 minutos\" \/>\n<script type=\"application\/ld+json\" class=\"yoast-schema-graph\">{\"@context\":\"https:\/\/schema.org\",\"@graph\":[{\"@type\":\"Article\",\"@id\":\"https:\/\/www.notibras.com\/site\/justica-acionada-contra-teste-de-barra-dinamica-para-mulheres-em-concurso\/#article\",\"isPartOf\":{\"@id\":\"https:\/\/www.notibras.com\/site\/justica-acionada-contra-teste-de-barra-dinamica-para-mulheres-em-concurso\/\"},\"author\":{\"name\":\"Eduardo Mart\u00ednez\",\"@id\":\"https:\/\/www.notibras.com\/site\/#\/schema\/person\/5b7fabf2aedc3ada2105f03b22b4d3dd\"},\"headline\":\"Justi\u00e7a acionada contra teste de barra din\u00e2mica para mulheres em concurso\",\"datePublished\":\"2026-03-14T03:30:19+00:00\",\"mainEntityOfPage\":{\"@id\":\"https:\/\/www.notibras.com\/site\/justica-acionada-contra-teste-de-barra-dinamica-para-mulheres-em-concurso\/\"},\"wordCount\":738,\"publisher\":{\"@id\":\"https:\/\/www.notibras.com\/site\/#organization\"},\"image\":{\"@id\":\"https:\/\/www.notibras.com\/site\/justica-acionada-contra-teste-de-barra-dinamica-para-mulheres-em-concurso\/#primaryimage\"},\"thumbnailUrl\":\"https:\/\/www.notibras.com\/site\/wp-content\/uploads\/2026\/03\/WhatsApp-Image-2026-03-13-at-19.36.18.jpeg\",\"articleSection\":[\"Quadradinho em Foco\"],\"inLanguage\":\"pt-BR\"},{\"@type\":\"WebPage\",\"@id\":\"https:\/\/www.notibras.com\/site\/justica-acionada-contra-teste-de-barra-dinamica-para-mulheres-em-concurso\/\",\"url\":\"https:\/\/www.notibras.com\/site\/justica-acionada-contra-teste-de-barra-dinamica-para-mulheres-em-concurso\/\",\"name\":\"Justi\u00e7a acionada contra teste de barra din\u00e2mica para mulheres em concurso - Notibras\",\"isPartOf\":{\"@id\":\"https:\/\/www.notibras.com\/site\/#website\"},\"primaryImageOfPage\":{\"@id\":\"https:\/\/www.notibras.com\/site\/justica-acionada-contra-teste-de-barra-dinamica-para-mulheres-em-concurso\/#primaryimage\"},\"image\":{\"@id\":\"https:\/\/www.notibras.com\/site\/justica-acionada-contra-teste-de-barra-dinamica-para-mulheres-em-concurso\/#primaryimage\"},\"thumbnailUrl\":\"https:\/\/www.notibras.com\/site\/wp-content\/uploads\/2026\/03\/WhatsApp-Image-2026-03-13-at-19.36.18.jpeg\",\"datePublished\":\"2026-03-14T03:30:19+00:00\",\"breadcrumb\":{\"@id\":\"https:\/\/www.notibras.com\/site\/justica-acionada-contra-teste-de-barra-dinamica-para-mulheres-em-concurso\/#breadcrumb\"},\"inLanguage\":\"pt-BR\",\"potentialAction\":[{\"@type\":\"ReadAction\",\"target\":[\"https:\/\/www.notibras.com\/site\/justica-acionada-contra-teste-de-barra-dinamica-para-mulheres-em-concurso\/\"]}]},{\"@type\":\"ImageObject\",\"inLanguage\":\"pt-BR\",\"@id\":\"https:\/\/www.notibras.com\/site\/justica-acionada-contra-teste-de-barra-dinamica-para-mulheres-em-concurso\/#primaryimage\",\"url\":\"https:\/\/www.notibras.com\/site\/wp-content\/uploads\/2026\/03\/WhatsApp-Image-2026-03-13-at-19.36.18.jpeg\",\"contentUrl\":\"https:\/\/www.notibras.com\/site\/wp-content\/uploads\/2026\/03\/WhatsApp-Image-2026-03-13-at-19.36.18.jpeg\",\"width\":984,\"height\":612},{\"@type\":\"BreadcrumbList\",\"@id\":\"https:\/\/www.notibras.com\/site\/justica-acionada-contra-teste-de-barra-dinamica-para-mulheres-em-concurso\/#breadcrumb\",\"itemListElement\":[{\"@type\":\"ListItem\",\"position\":1,\"name\":\"In\u00edcio\",\"item\":\"https:\/\/www.notibras.com\/site\/\"},{\"@type\":\"ListItem\",\"position\":2,\"name\":\"Justi\u00e7a acionada contra teste de barra din\u00e2mica para mulheres em concurso\"}]},{\"@type\":\"WebSite\",\"@id\":\"https:\/\/www.notibras.com\/site\/#website\",\"url\":\"https:\/\/www.notibras.com\/site\/\",\"name\":\"Notibras\",\"description\":\"Not\u00edcias de Bras\u00edlia, do Brasil e do Mundo\",\"publisher\":{\"@id\":\"https:\/\/www.notibras.com\/site\/#organization\"},\"potentialAction\":[{\"@type\":\"SearchAction\",\"target\":{\"@type\":\"EntryPoint\",\"urlTemplate\":\"https:\/\/www.notibras.com\/site\/?s={search_term_string}\"},\"query-input\":{\"@type\":\"PropertyValueSpecification\",\"valueRequired\":true,\"valueName\":\"search_term_string\"}}],\"inLanguage\":\"pt-BR\"},{\"@type\":\"Organization\",\"@id\":\"https:\/\/www.notibras.com\/site\/#organization\",\"name\":\"Grupo Notibras de Comunica\u00e7\u00e3o\",\"url\":\"https:\/\/www.notibras.com\/site\/\",\"logo\":{\"@type\":\"ImageObject\",\"inLanguage\":\"pt-BR\",\"@id\":\"https:\/\/www.notibras.com\/site\/#\/schema\/logo\/image\/\",\"url\":\"https:\/\/www.notibras.com\/site\/wp-content\/uploads\/2023\/01\/notibras23.png\",\"contentUrl\":\"https:\/\/www.notibras.com\/site\/wp-content\/uploads\/2023\/01\/notibras23.png\",\"width\":350,\"height\":87,\"caption\":\"Grupo Notibras de Comunica\u00e7\u00e3o\"},\"image\":{\"@id\":\"https:\/\/www.notibras.com\/site\/#\/schema\/logo\/image\/\"},\"sameAs\":[\"https:\/\/www.facebook.com\/notibras\/\",\"https:\/\/x.com\/Notibras\",\"https:\/\/www.instagram.com\/notibras\/\"]},{\"@type\":\"Person\",\"@id\":\"https:\/\/www.notibras.com\/site\/#\/schema\/person\/5b7fabf2aedc3ada2105f03b22b4d3dd\",\"name\":\"Eduardo Mart\u00ednez\",\"image\":{\"@type\":\"ImageObject\",\"inLanguage\":\"pt-BR\",\"@id\":\"https:\/\/secure.gravatar.com\/avatar\/7902f906289926289cbcda644b5197c796b893c6ffd7b9a536a42d290f7704a0?s=96&d=mm&r=g\",\"url\":\"https:\/\/secure.gravatar.com\/avatar\/7902f906289926289cbcda644b5197c796b893c6ffd7b9a536a42d290f7704a0?s=96&d=mm&r=g\",\"contentUrl\":\"https:\/\/secure.gravatar.com\/avatar\/7902f906289926289cbcda644b5197c796b893c6ffd7b9a536a42d290f7704a0?s=96&d=mm&r=g\",\"caption\":\"Eduardo Mart\u00ednez\"}}]}<\/script>\n<!-- \/ Yoast SEO plugin. -->","yoast_head_json":{"title":"Justi\u00e7a acionada contra teste de barra din\u00e2mica para mulheres em concurso - Notibras","robots":{"index":"index","follow":"follow","max-snippet":"max-snippet:-1","max-image-preview":"max-image-preview:large","max-video-preview":"max-video-preview:-1"},"canonical":"https:\/\/www.notibras.com\/site\/justica-acionada-contra-teste-de-barra-dinamica-para-mulheres-em-concurso\/","og_locale":"pt_BR","og_type":"article","og_title":"Justi\u00e7a acionada contra teste de barra din\u00e2mica para mulheres em concurso - Notibras","og_description":"A seccional do Distrito Federal da Ordem dos Advogados do Brasil (OAB-DF) protocolou uma a\u00e7\u00e3o judicial questionando a exig\u00eancia do teste de barra din\u00e2mica para candidatas no concurso do Corpo de Bombeiros Militar do DF. A medida ocorre ap\u00f3s o fracasso das tentativas de negocia\u00e7\u00e3o administrativa com a corpora\u00e7\u00e3o. A entidade busca garantir a isonomia [&hellip;]","og_url":"https:\/\/www.notibras.com\/site\/justica-acionada-contra-teste-de-barra-dinamica-para-mulheres-em-concurso\/","og_site_name":"Notibras","article_publisher":"https:\/\/www.facebook.com\/notibras\/","article_published_time":"2026-03-14T03:30:19+00:00","og_image":[{"width":984,"height":612,"url":"https:\/\/www.notibras.com\/site\/wp-content\/uploads\/2026\/03\/WhatsApp-Image-2026-03-13-at-19.36.18.jpeg","type":"image\/jpeg"}],"author":"Eduardo Mart\u00ednez","twitter_card":"summary_large_image","twitter_creator":"@Notibras","twitter_site":"@Notibras","twitter_misc":{"Escrito por":"Eduardo Mart\u00ednez","Est. tempo de leitura":"4 minutos"},"schema":{"@context":"https:\/\/schema.org","@graph":[{"@type":"Article","@id":"https:\/\/www.notibras.com\/site\/justica-acionada-contra-teste-de-barra-dinamica-para-mulheres-em-concurso\/#article","isPartOf":{"@id":"https:\/\/www.notibras.com\/site\/justica-acionada-contra-teste-de-barra-dinamica-para-mulheres-em-concurso\/"},"author":{"name":"Eduardo Mart\u00ednez","@id":"https:\/\/www.notibras.com\/site\/#\/schema\/person\/5b7fabf2aedc3ada2105f03b22b4d3dd"},"headline":"Justi\u00e7a acionada contra teste de barra din\u00e2mica para mulheres em concurso","datePublished":"2026-03-14T03:30:19+00:00","mainEntityOfPage":{"@id":"https:\/\/www.notibras.com\/site\/justica-acionada-contra-teste-de-barra-dinamica-para-mulheres-em-concurso\/"},"wordCount":738,"publisher":{"@id":"https:\/\/www.notibras.com\/site\/#organization"},"image":{"@id":"https:\/\/www.notibras.com\/site\/justica-acionada-contra-teste-de-barra-dinamica-para-mulheres-em-concurso\/#primaryimage"},"thumbnailUrl":"https:\/\/www.notibras.com\/site\/wp-content\/uploads\/2026\/03\/WhatsApp-Image-2026-03-13-at-19.36.18.jpeg","articleSection":["Quadradinho em Foco"],"inLanguage":"pt-BR"},{"@type":"WebPage","@id":"https:\/\/www.notibras.com\/site\/justica-acionada-contra-teste-de-barra-dinamica-para-mulheres-em-concurso\/","url":"https:\/\/www.notibras.com\/site\/justica-acionada-contra-teste-de-barra-dinamica-para-mulheres-em-concurso\/","name":"Justi\u00e7a acionada contra teste de barra din\u00e2mica para mulheres em concurso - Notibras","isPartOf":{"@id":"https:\/\/www.notibras.com\/site\/#website"},"primaryImageOfPage":{"@id":"https:\/\/www.notibras.com\/site\/justica-acionada-contra-teste-de-barra-dinamica-para-mulheres-em-concurso\/#primaryimage"},"image":{"@id":"https:\/\/www.notibras.com\/site\/justica-acionada-contra-teste-de-barra-dinamica-para-mulheres-em-concurso\/#primaryimage"},"thumbnailUrl":"https:\/\/www.notibras.com\/site\/wp-content\/uploads\/2026\/03\/WhatsApp-Image-2026-03-13-at-19.36.18.jpeg","datePublished":"2026-03-14T03:30:19+00:00","breadcrumb":{"@id":"https:\/\/www.notibras.com\/site\/justica-acionada-contra-teste-de-barra-dinamica-para-mulheres-em-concurso\/#breadcrumb"},"inLanguage":"pt-BR","potentialAction":[{"@type":"ReadAction","target":["https:\/\/www.notibras.com\/site\/justica-acionada-contra-teste-de-barra-dinamica-para-mulheres-em-concurso\/"]}]},{"@type":"ImageObject","inLanguage":"pt-BR","@id":"https:\/\/www.notibras.com\/site\/justica-acionada-contra-teste-de-barra-dinamica-para-mulheres-em-concurso\/#primaryimage","url":"https:\/\/www.notibras.com\/site\/wp-content\/uploads\/2026\/03\/WhatsApp-Image-2026-03-13-at-19.36.18.jpeg","contentUrl":"https:\/\/www.notibras.com\/site\/wp-content\/uploads\/2026\/03\/WhatsApp-Image-2026-03-13-at-19.36.18.jpeg","width":984,"height":612},{"@type":"BreadcrumbList","@id":"https:\/\/www.notibras.com\/site\/justica-acionada-contra-teste-de-barra-dinamica-para-mulheres-em-concurso\/#breadcrumb","itemListElement":[{"@type":"ListItem","position":1,"name":"In\u00edcio","item":"https:\/\/www.notibras.com\/site\/"},{"@type":"ListItem","position":2,"name":"Justi\u00e7a acionada contra teste de barra din\u00e2mica para mulheres em concurso"}]},{"@type":"WebSite","@id":"https:\/\/www.notibras.com\/site\/#website","url":"https:\/\/www.notibras.com\/site\/","name":"Notibras","description":"Not\u00edcias de Bras\u00edlia, do Brasil e do Mundo","publisher":{"@id":"https:\/\/www.notibras.com\/site\/#organization"},"potentialAction":[{"@type":"SearchAction","target":{"@type":"EntryPoint","urlTemplate":"https:\/\/www.notibras.com\/site\/?s={search_term_string}"},"query-input":{"@type":"PropertyValueSpecification","valueRequired":true,"valueName":"search_term_string"}}],"inLanguage":"pt-BR"},{"@type":"Organization","@id":"https:\/\/www.notibras.com\/site\/#organization","name":"Grupo Notibras de Comunica\u00e7\u00e3o","url":"https:\/\/www.notibras.com\/site\/","logo":{"@type":"ImageObject","inLanguage":"pt-BR","@id":"https:\/\/www.notibras.com\/site\/#\/schema\/logo\/image\/","url":"https:\/\/www.notibras.com\/site\/wp-content\/uploads\/2023\/01\/notibras23.png","contentUrl":"https:\/\/www.notibras.com\/site\/wp-content\/uploads\/2023\/01\/notibras23.png","width":350,"height":87,"caption":"Grupo Notibras de Comunica\u00e7\u00e3o"},"image":{"@id":"https:\/\/www.notibras.com\/site\/#\/schema\/logo\/image\/"},"sameAs":["https:\/\/www.facebook.com\/notibras\/","https:\/\/x.com\/Notibras","https:\/\/www.instagram.com\/notibras\/"]},{"@type":"Person","@id":"https:\/\/www.notibras.com\/site\/#\/schema\/person\/5b7fabf2aedc3ada2105f03b22b4d3dd","name":"Eduardo Mart\u00ednez","image":{"@type":"ImageObject","inLanguage":"pt-BR","@id":"https:\/\/secure.gravatar.com\/avatar\/7902f906289926289cbcda644b5197c796b893c6ffd7b9a536a42d290f7704a0?s=96&d=mm&r=g","url":"https:\/\/secure.gravatar.com\/avatar\/7902f906289926289cbcda644b5197c796b893c6ffd7b9a536a42d290f7704a0?s=96&d=mm&r=g","contentUrl":"https:\/\/secure.gravatar.com\/avatar\/7902f906289926289cbcda644b5197c796b893c6ffd7b9a536a42d290f7704a0?s=96&d=mm&r=g","caption":"Eduardo Mart\u00ednez"}}]}},"amp_enabled":true,"_links":{"self":[{"href":"https:\/\/www.notibras.com\/site\/wp-json\/wp\/v2\/posts\/386857","targetHints":{"allow":["GET"]}}],"collection":[{"href":"https:\/\/www.notibras.com\/site\/wp-json\/wp\/v2\/posts"}],"about":[{"href":"https:\/\/www.notibras.com\/site\/wp-json\/wp\/v2\/types\/post"}],"author":[{"embeddable":true,"href":"https:\/\/www.notibras.com\/site\/wp-json\/wp\/v2\/users\/21"}],"replies":[{"embeddable":true,"href":"https:\/\/www.notibras.com\/site\/wp-json\/wp\/v2\/comments?post=386857"}],"version-history":[{"count":6,"href":"https:\/\/www.notibras.com\/site\/wp-json\/wp\/v2\/posts\/386857\/revisions"}],"predecessor-version":[{"id":386864,"href":"https:\/\/www.notibras.com\/site\/wp-json\/wp\/v2\/posts\/386857\/revisions\/386864"}],"wp:featuredmedia":[{"embeddable":true,"href":"https:\/\/www.notibras.com\/site\/wp-json\/wp\/v2\/media\/386858"}],"wp:attachment":[{"href":"https:\/\/www.notibras.com\/site\/wp-json\/wp\/v2\/media?parent=386857"}],"wp:term":[{"taxonomy":"category","embeddable":true,"href":"https:\/\/www.notibras.com\/site\/wp-json\/wp\/v2\/categories?post=386857"},{"taxonomy":"post_tag","embeddable":true,"href":"https:\/\/www.notibras.com\/site\/wp-json\/wp\/v2\/tags?post=386857"}],"curies":[{"name":"wp","href":"https:\/\/api.w.org\/{rel}","templated":true}]}}