{"id":386865,"date":"2026-03-14T00:15:51","date_gmt":"2026-03-14T03:15:51","guid":{"rendered":"https:\/\/www.notibras.com\/site\/?p=386865"},"modified":"2026-03-13T20:20:32","modified_gmt":"2026-03-13T23:20:32","slug":"justica-mantem-prisao-de-sindico-que-confessou-assassinato-de-corretora","status":"publish","type":"post","link":"https:\/\/www.notibras.com\/site\/justica-mantem-prisao-de-sindico-que-confessou-assassinato-de-corretora\/","title":{"rendered":"Justi\u00e7a mant\u00e9m pris\u00e3o de s\u00edndico que confessou assassinato de corretora"},"content":{"rendered":"<p>A 1\u00aa Vara Criminal da comarca de Caldas Novas, no sul de Goi\u00e1s, decidiu manter a pris\u00e3o preventiva do s\u00edndico Cl\u00e9ber Rosa de Oliveira. Acusado de matar a corretora de im\u00f3veis Daiane Alves Sousa, de 43 anos, Cl\u00e9ber confessou o crime e permanecer\u00e1 detido para garantir a ordem p\u00fablica e evitar poss\u00edveis interfer\u00eancias nas investiga\u00e7\u00f5es. A revis\u00e3o da pris\u00e3o reafirmou que n\u00e3o surgiram fatos novos que justificassem sua soltura, mantendo os ind\u00edcios de autoria e a gravidade da conduta.<\/p>\n<p>Cl\u00e9ber est\u00e1 preso desde 28 de janeiro de 2026 e responde pelos crimes de homic\u00eddio qualificado e oculta\u00e7\u00e3o de cad\u00e1ver. A decis\u00e3o judicial enfatizou o planejamento minucioso do crime, destacando que o s\u00edndico teria desligado propositalmente a energia el\u00e9trica do apartamento de Daiane. A manobra serviu como uma &#8220;isca&#8221; para atrair a v\u00edtima ao subsolo do pr\u00e9dio, um local isolado onde o agressor a aguardava estrategicamente.<\/p>\n<p>De acordo com os autos, Cl\u00e9ber esperou a corretora encapuzado e utilizando luvas, o que refor\u00e7a a tese de premedita\u00e7\u00e3o. No momento em que Daiane chegou ao subsolo para verificar o quadro de energia, ela foi executada com dois disparos na cabe\u00e7a. A magistrada respons\u00e1vel pelo caso sublinhou que a viol\u00eancia e o c\u00e1lculo frio demonstrados na a\u00e7\u00e3o evidenciam a periculosidade do r\u00e9u, tornando a pris\u00e3o indispens\u00e1vel.<\/p>\n<p>Um dos pontos cruciais para a manuten\u00e7\u00e3o da detida foi o risco de interfer\u00eancia na produ\u00e7\u00e3o de provas. O documento judicial revela que o s\u00edndico enviou \u00e1udios a funcion\u00e1rios do condom\u00ednio orientando-os sobre como deveriam depor, o que indica uma tentativa clara de direcionar vers\u00f5es dos fatos. Como gestor do pr\u00e9dio, Cl\u00e9ber tinha influ\u00eancia direta sobre os subordinados e sobre a narrativa dos eventos ocorridos dentro do condom\u00ednio.<\/p>\n<p>Al\u00e9m disso, a Justi\u00e7a apontou irregularidades no sistema de videomonitoramento do edif\u00edcio. Houve a entrega de imagens apenas parciais e lacunas temporais nos registros, levantando suspeitas de manipula\u00e7\u00e3o. Como s\u00edndico, Cl\u00e9ber detinha o controle das c\u00e2meras e mantinha contato estreito com o t\u00e9cnico respons\u00e1vel pela extra\u00e7\u00e3o dos dados, o que representaria um risco cont\u00ednuo caso ele respondesse ao processo em liberdade.<\/p>\n<p>A motiva\u00e7\u00e3o do crime estaria ligada a um hist\u00f3rico de brigas entre o s\u00edndico e a corretora. O conflito teria come\u00e7ado ap\u00f3s Cl\u00e9ber perder a administra\u00e7\u00e3o de apartamentos pertencentes \u00e0 fam\u00edlia da v\u00edtima. A investiga\u00e7\u00e3o aponta que, antes de ser preso, o s\u00edndico chegou a confessar o assassinato para o pr\u00f3prio filho e assinou procura\u00e7\u00f5es para que o herdeiro assumisse a gest\u00e3o do condom\u00ednio em seu lugar.<\/p>\n<p>O desaparecimento de Daiane Alves Sousa, ocorrido em 17 de dezembro de 2025, mobilizou autoridades e familiares por mais de 40 dias. Durante esse per\u00edodo, o corpo permaneceu oculto em uma \u00e1rea de mata a cerca de 15 quil\u00f4metros de Caldas Novas. Somente ap\u00f3s sua pris\u00e3o e confiss\u00e3o, o acusado levou os investigadores at\u00e9 o local da desova, encerrando a angustiante busca da fam\u00edlia.<\/p>\n<p>Uma prova determinante recuperada pela Pol\u00edcia Civil foi um v\u00eddeo gravado pela pr\u00f3pria v\u00edtima no momento do ataque. O celular de Daiane foi encontrado dentro de uma tubula\u00e7\u00e3o de esgoto do pr\u00e9dio 41 dias ap\u00f3s o crime. As imagens mostram a corretora chegando ao subsolo e sendo surpreendida por Cl\u00e9ber, que j\u00e1 estava de luvas e em posi\u00e7\u00e3o de espera, confirmando visualmente a emboscada relatada no inqu\u00e9rito.<\/p>\n<p>A possibilidade de fuga tamb\u00e9m foi considerada pela magistrada ao negar a liberdade. No momento do cumprimento do mandado de pris\u00e3o tempor\u00e1ria, foram encontradas malas com roupas prontas, o que sugeria que o s\u00edndico pretendia deixar a cidade. Esse detalhe somado \u00e0 gravidade do crime de homic\u00eddio qualificado pesou contra a substitui\u00e7\u00e3o da pris\u00e3o por medidas cautelares mais leves.<\/p>\n<p>Com a manuten\u00e7\u00e3o da preventiva, o processo segue para a fase de instru\u00e7\u00e3o e julgamento. A audi\u00eancia principal do caso j\u00e1 foi marcada para o m\u00eas de maio, quando testemunhas e o r\u00e9u ser\u00e3o ouvidos formalmente. At\u00e9 l\u00e1, Cl\u00e9ber Rosa de Oliveira continuar\u00e1 \u00e0 disposi\u00e7\u00e3o da Justi\u00e7a goiana, enquanto a defesa ainda pode tentar recursos em inst\u00e2ncias superiores para contestar a manuten\u00e7\u00e3o do c\u00e1rcere.<\/p>\n<p><strong>Veja o v\u00eddeo (Aten\u00e7\u00e3o!!! Imagens tensas):<\/strong><\/p>\n<div style=\"width: 480px;\" class=\"wp-video\"><video class=\"wp-video-shortcode\" id=\"video-386865-1\" width=\"480\" height=\"832\" preload=\"metadata\" controls=\"controls\"><source type=\"video\/mp4\" src=\"https:\/\/www.notibras.com\/site\/wp-content\/uploads\/2026\/03\/WhatsApp-Video-2026-02-20-at-01.41.01-1.mp4?_=1\" \/><a href=\"https:\/\/www.notibras.com\/site\/wp-content\/uploads\/2026\/03\/WhatsApp-Video-2026-02-20-at-01.41.01-1.mp4\">https:\/\/www.notibras.com\/site\/wp-content\/uploads\/2026\/03\/WhatsApp-Video-2026-02-20-at-01.41.01-1.mp4<\/a><\/video><\/div>\n","protected":false},"excerpt":{"rendered":"<p>A 1\u00aa Vara Criminal da comarca de Caldas Novas, no sul de Goi\u00e1s, decidiu manter a pris\u00e3o preventiva do s\u00edndico Cl\u00e9ber Rosa de Oliveira. Acusado de matar a corretora de im\u00f3veis Daiane Alves Sousa, de 43 anos, Cl\u00e9ber confessou o crime e permanecer\u00e1 detido para garantir a ordem p\u00fablica e evitar poss\u00edveis interfer\u00eancias nas investiga\u00e7\u00f5es. [&hellip;]<\/p>\n","protected":false},"author":21,"featured_media":386867,"comment_status":"closed","ping_status":"closed","sticky":false,"template":"","format":"standard","meta":{"_acf_changed":false,"footnotes":""},"categories":[161],"tags":[],"class_list":["post-386865","post","type-post","status-publish","format-standard","has-post-thumbnail","hentry","category-quadradinho-em-foco"],"acf":[],"yoast_head":"<!-- This site is optimized with the Yoast SEO plugin v27.2 - https:\/\/yoast.com\/product\/yoast-seo-wordpress\/ -->\n<title>Justi\u00e7a mant\u00e9m pris\u00e3o de s\u00edndico que confessou assassinato de corretora - Notibras<\/title>\n<meta name=\"robots\" content=\"index, follow, max-snippet:-1, max-image-preview:large, max-video-preview:-1\" \/>\n<link rel=\"canonical\" href=\"https:\/\/www.notibras.com\/site\/justica-mantem-prisao-de-sindico-que-confessou-assassinato-de-corretora\/\" \/>\n<meta property=\"og:locale\" content=\"pt_BR\" \/>\n<meta property=\"og:type\" content=\"article\" \/>\n<meta property=\"og:title\" content=\"Justi\u00e7a mant\u00e9m pris\u00e3o de s\u00edndico que confessou assassinato de corretora - Notibras\" \/>\n<meta property=\"og:description\" content=\"A 1\u00aa Vara Criminal da comarca de Caldas Novas, no sul de Goi\u00e1s, decidiu manter a pris\u00e3o preventiva do s\u00edndico Cl\u00e9ber Rosa de Oliveira. Acusado de matar a corretora de im\u00f3veis Daiane Alves Sousa, de 43 anos, Cl\u00e9ber confessou o crime e permanecer\u00e1 detido para garantir a ordem p\u00fablica e evitar poss\u00edveis interfer\u00eancias nas investiga\u00e7\u00f5es. [&hellip;]\" \/>\n<meta property=\"og:url\" content=\"https:\/\/www.notibras.com\/site\/justica-mantem-prisao-de-sindico-que-confessou-assassinato-de-corretora\/\" \/>\n<meta property=\"og:site_name\" content=\"Notibras\" \/>\n<meta property=\"article:publisher\" content=\"https:\/\/www.facebook.com\/notibras\/\" \/>\n<meta property=\"article:published_time\" content=\"2026-03-14T03:15:51+00:00\" \/>\n<meta property=\"og:image\" content=\"https:\/\/www.notibras.com\/site\/wp-content\/uploads\/2026\/03\/sindico-cleber-rosa-oliveira-de-49-anos-e-o-filho-maycon-douglas-de-souza-oliveira-de-27-5.webp\" \/>\n\t<meta property=\"og:image:width\" content=\"900\" \/>\n\t<meta property=\"og:image:height\" content=\"606\" \/>\n\t<meta property=\"og:image:type\" content=\"image\/webp\" \/>\n<meta name=\"author\" content=\"Eduardo Mart\u00ednez\" \/>\n<meta name=\"twitter:card\" content=\"summary_large_image\" \/>\n<meta name=\"twitter:creator\" content=\"@Notibras\" \/>\n<meta name=\"twitter:site\" content=\"@Notibras\" \/>\n<meta name=\"twitter:label1\" content=\"Escrito por\" \/>\n\t<meta name=\"twitter:data1\" content=\"Eduardo Mart\u00ednez\" \/>\n\t<meta name=\"twitter:label2\" content=\"Est. tempo de leitura\" \/>\n\t<meta name=\"twitter:data2\" content=\"4 minutos\" \/>\n<script type=\"application\/ld+json\" class=\"yoast-schema-graph\">{\"@context\":\"https:\/\/schema.org\",\"@graph\":[{\"@type\":\"Article\",\"@id\":\"https:\/\/www.notibras.com\/site\/justica-mantem-prisao-de-sindico-que-confessou-assassinato-de-corretora\/#article\",\"isPartOf\":{\"@id\":\"https:\/\/www.notibras.com\/site\/justica-mantem-prisao-de-sindico-que-confessou-assassinato-de-corretora\/\"},\"author\":{\"name\":\"Eduardo Mart\u00ednez\",\"@id\":\"https:\/\/www.notibras.com\/site\/#\/schema\/person\/5b7fabf2aedc3ada2105f03b22b4d3dd\"},\"headline\":\"Justi\u00e7a mant\u00e9m pris\u00e3o de s\u00edndico que confessou assassinato de corretora\",\"datePublished\":\"2026-03-14T03:15:51+00:00\",\"mainEntityOfPage\":{\"@id\":\"https:\/\/www.notibras.com\/site\/justica-mantem-prisao-de-sindico-que-confessou-assassinato-de-corretora\/\"},\"wordCount\":796,\"publisher\":{\"@id\":\"https:\/\/www.notibras.com\/site\/#organization\"},\"image\":{\"@id\":\"https:\/\/www.notibras.com\/site\/justica-mantem-prisao-de-sindico-que-confessou-assassinato-de-corretora\/#primaryimage\"},\"thumbnailUrl\":\"https:\/\/www.notibras.com\/site\/wp-content\/uploads\/2026\/03\/sindico-cleber-rosa-oliveira-de-49-anos-e-o-filho-maycon-douglas-de-souza-oliveira-de-27-5.webp\",\"articleSection\":[\"Quadradinho em Foco\"],\"inLanguage\":\"pt-BR\"},{\"@type\":\"WebPage\",\"@id\":\"https:\/\/www.notibras.com\/site\/justica-mantem-prisao-de-sindico-que-confessou-assassinato-de-corretora\/\",\"url\":\"https:\/\/www.notibras.com\/site\/justica-mantem-prisao-de-sindico-que-confessou-assassinato-de-corretora\/\",\"name\":\"Justi\u00e7a mant\u00e9m pris\u00e3o de s\u00edndico que confessou assassinato de corretora - Notibras\",\"isPartOf\":{\"@id\":\"https:\/\/www.notibras.com\/site\/#website\"},\"primaryImageOfPage\":{\"@id\":\"https:\/\/www.notibras.com\/site\/justica-mantem-prisao-de-sindico-que-confessou-assassinato-de-corretora\/#primaryimage\"},\"image\":{\"@id\":\"https:\/\/www.notibras.com\/site\/justica-mantem-prisao-de-sindico-que-confessou-assassinato-de-corretora\/#primaryimage\"},\"thumbnailUrl\":\"https:\/\/www.notibras.com\/site\/wp-content\/uploads\/2026\/03\/sindico-cleber-rosa-oliveira-de-49-anos-e-o-filho-maycon-douglas-de-souza-oliveira-de-27-5.webp\",\"datePublished\":\"2026-03-14T03:15:51+00:00\",\"breadcrumb\":{\"@id\":\"https:\/\/www.notibras.com\/site\/justica-mantem-prisao-de-sindico-que-confessou-assassinato-de-corretora\/#breadcrumb\"},\"inLanguage\":\"pt-BR\",\"potentialAction\":[{\"@type\":\"ReadAction\",\"target\":[\"https:\/\/www.notibras.com\/site\/justica-mantem-prisao-de-sindico-que-confessou-assassinato-de-corretora\/\"]}]},{\"@type\":\"ImageObject\",\"inLanguage\":\"pt-BR\",\"@id\":\"https:\/\/www.notibras.com\/site\/justica-mantem-prisao-de-sindico-que-confessou-assassinato-de-corretora\/#primaryimage\",\"url\":\"https:\/\/www.notibras.com\/site\/wp-content\/uploads\/2026\/03\/sindico-cleber-rosa-oliveira-de-49-anos-e-o-filho-maycon-douglas-de-souza-oliveira-de-27-5.webp\",\"contentUrl\":\"https:\/\/www.notibras.com\/site\/wp-content\/uploads\/2026\/03\/sindico-cleber-rosa-oliveira-de-49-anos-e-o-filho-maycon-douglas-de-souza-oliveira-de-27-5.webp\",\"width\":900,\"height\":606},{\"@type\":\"BreadcrumbList\",\"@id\":\"https:\/\/www.notibras.com\/site\/justica-mantem-prisao-de-sindico-que-confessou-assassinato-de-corretora\/#breadcrumb\",\"itemListElement\":[{\"@type\":\"ListItem\",\"position\":1,\"name\":\"In\u00edcio\",\"item\":\"https:\/\/www.notibras.com\/site\/\"},{\"@type\":\"ListItem\",\"position\":2,\"name\":\"Justi\u00e7a mant\u00e9m pris\u00e3o de s\u00edndico que confessou assassinato de corretora\"}]},{\"@type\":\"WebSite\",\"@id\":\"https:\/\/www.notibras.com\/site\/#website\",\"url\":\"https:\/\/www.notibras.com\/site\/\",\"name\":\"Notibras\",\"description\":\"Not\u00edcias de Bras\u00edlia, do Brasil e do Mundo\",\"publisher\":{\"@id\":\"https:\/\/www.notibras.com\/site\/#organization\"},\"potentialAction\":[{\"@type\":\"SearchAction\",\"target\":{\"@type\":\"EntryPoint\",\"urlTemplate\":\"https:\/\/www.notibras.com\/site\/?s={search_term_string}\"},\"query-input\":{\"@type\":\"PropertyValueSpecification\",\"valueRequired\":true,\"valueName\":\"search_term_string\"}}],\"inLanguage\":\"pt-BR\"},{\"@type\":\"Organization\",\"@id\":\"https:\/\/www.notibras.com\/site\/#organization\",\"name\":\"Grupo Notibras de Comunica\u00e7\u00e3o\",\"url\":\"https:\/\/www.notibras.com\/site\/\",\"logo\":{\"@type\":\"ImageObject\",\"inLanguage\":\"pt-BR\",\"@id\":\"https:\/\/www.notibras.com\/site\/#\/schema\/logo\/image\/\",\"url\":\"https:\/\/www.notibras.com\/site\/wp-content\/uploads\/2023\/01\/notibras23.png\",\"contentUrl\":\"https:\/\/www.notibras.com\/site\/wp-content\/uploads\/2023\/01\/notibras23.png\",\"width\":350,\"height\":87,\"caption\":\"Grupo Notibras de Comunica\u00e7\u00e3o\"},\"image\":{\"@id\":\"https:\/\/www.notibras.com\/site\/#\/schema\/logo\/image\/\"},\"sameAs\":[\"https:\/\/www.facebook.com\/notibras\/\",\"https:\/\/x.com\/Notibras\",\"https:\/\/www.instagram.com\/notibras\/\"]},{\"@type\":\"Person\",\"@id\":\"https:\/\/www.notibras.com\/site\/#\/schema\/person\/5b7fabf2aedc3ada2105f03b22b4d3dd\",\"name\":\"Eduardo Mart\u00ednez\",\"image\":{\"@type\":\"ImageObject\",\"inLanguage\":\"pt-BR\",\"@id\":\"https:\/\/secure.gravatar.com\/avatar\/7902f906289926289cbcda644b5197c796b893c6ffd7b9a536a42d290f7704a0?s=96&d=mm&r=g\",\"url\":\"https:\/\/secure.gravatar.com\/avatar\/7902f906289926289cbcda644b5197c796b893c6ffd7b9a536a42d290f7704a0?s=96&d=mm&r=g\",\"contentUrl\":\"https:\/\/secure.gravatar.com\/avatar\/7902f906289926289cbcda644b5197c796b893c6ffd7b9a536a42d290f7704a0?s=96&d=mm&r=g\",\"caption\":\"Eduardo Mart\u00ednez\"}}]}<\/script>\n<!-- \/ Yoast SEO plugin. -->","yoast_head_json":{"title":"Justi\u00e7a mant\u00e9m pris\u00e3o de s\u00edndico que confessou assassinato de corretora - Notibras","robots":{"index":"index","follow":"follow","max-snippet":"max-snippet:-1","max-image-preview":"max-image-preview:large","max-video-preview":"max-video-preview:-1"},"canonical":"https:\/\/www.notibras.com\/site\/justica-mantem-prisao-de-sindico-que-confessou-assassinato-de-corretora\/","og_locale":"pt_BR","og_type":"article","og_title":"Justi\u00e7a mant\u00e9m pris\u00e3o de s\u00edndico que confessou assassinato de corretora - Notibras","og_description":"A 1\u00aa Vara Criminal da comarca de Caldas Novas, no sul de Goi\u00e1s, decidiu manter a pris\u00e3o preventiva do s\u00edndico Cl\u00e9ber Rosa de Oliveira. Acusado de matar a corretora de im\u00f3veis Daiane Alves Sousa, de 43 anos, Cl\u00e9ber confessou o crime e permanecer\u00e1 detido para garantir a ordem p\u00fablica e evitar poss\u00edveis interfer\u00eancias nas investiga\u00e7\u00f5es. [&hellip;]","og_url":"https:\/\/www.notibras.com\/site\/justica-mantem-prisao-de-sindico-que-confessou-assassinato-de-corretora\/","og_site_name":"Notibras","article_publisher":"https:\/\/www.facebook.com\/notibras\/","article_published_time":"2026-03-14T03:15:51+00:00","og_image":[{"width":900,"height":606,"url":"https:\/\/www.notibras.com\/site\/wp-content\/uploads\/2026\/03\/sindico-cleber-rosa-oliveira-de-49-anos-e-o-filho-maycon-douglas-de-souza-oliveira-de-27-5.webp","type":"image\/webp"}],"author":"Eduardo Mart\u00ednez","twitter_card":"summary_large_image","twitter_creator":"@Notibras","twitter_site":"@Notibras","twitter_misc":{"Escrito por":"Eduardo Mart\u00ednez","Est. tempo de leitura":"4 minutos"},"schema":{"@context":"https:\/\/schema.org","@graph":[{"@type":"Article","@id":"https:\/\/www.notibras.com\/site\/justica-mantem-prisao-de-sindico-que-confessou-assassinato-de-corretora\/#article","isPartOf":{"@id":"https:\/\/www.notibras.com\/site\/justica-mantem-prisao-de-sindico-que-confessou-assassinato-de-corretora\/"},"author":{"name":"Eduardo Mart\u00ednez","@id":"https:\/\/www.notibras.com\/site\/#\/schema\/person\/5b7fabf2aedc3ada2105f03b22b4d3dd"},"headline":"Justi\u00e7a mant\u00e9m pris\u00e3o de s\u00edndico que confessou assassinato de corretora","datePublished":"2026-03-14T03:15:51+00:00","mainEntityOfPage":{"@id":"https:\/\/www.notibras.com\/site\/justica-mantem-prisao-de-sindico-que-confessou-assassinato-de-corretora\/"},"wordCount":796,"publisher":{"@id":"https:\/\/www.notibras.com\/site\/#organization"},"image":{"@id":"https:\/\/www.notibras.com\/site\/justica-mantem-prisao-de-sindico-que-confessou-assassinato-de-corretora\/#primaryimage"},"thumbnailUrl":"https:\/\/www.notibras.com\/site\/wp-content\/uploads\/2026\/03\/sindico-cleber-rosa-oliveira-de-49-anos-e-o-filho-maycon-douglas-de-souza-oliveira-de-27-5.webp","articleSection":["Quadradinho em Foco"],"inLanguage":"pt-BR"},{"@type":"WebPage","@id":"https:\/\/www.notibras.com\/site\/justica-mantem-prisao-de-sindico-que-confessou-assassinato-de-corretora\/","url":"https:\/\/www.notibras.com\/site\/justica-mantem-prisao-de-sindico-que-confessou-assassinato-de-corretora\/","name":"Justi\u00e7a mant\u00e9m pris\u00e3o de s\u00edndico que confessou assassinato de corretora - Notibras","isPartOf":{"@id":"https:\/\/www.notibras.com\/site\/#website"},"primaryImageOfPage":{"@id":"https:\/\/www.notibras.com\/site\/justica-mantem-prisao-de-sindico-que-confessou-assassinato-de-corretora\/#primaryimage"},"image":{"@id":"https:\/\/www.notibras.com\/site\/justica-mantem-prisao-de-sindico-que-confessou-assassinato-de-corretora\/#primaryimage"},"thumbnailUrl":"https:\/\/www.notibras.com\/site\/wp-content\/uploads\/2026\/03\/sindico-cleber-rosa-oliveira-de-49-anos-e-o-filho-maycon-douglas-de-souza-oliveira-de-27-5.webp","datePublished":"2026-03-14T03:15:51+00:00","breadcrumb":{"@id":"https:\/\/www.notibras.com\/site\/justica-mantem-prisao-de-sindico-que-confessou-assassinato-de-corretora\/#breadcrumb"},"inLanguage":"pt-BR","potentialAction":[{"@type":"ReadAction","target":["https:\/\/www.notibras.com\/site\/justica-mantem-prisao-de-sindico-que-confessou-assassinato-de-corretora\/"]}]},{"@type":"ImageObject","inLanguage":"pt-BR","@id":"https:\/\/www.notibras.com\/site\/justica-mantem-prisao-de-sindico-que-confessou-assassinato-de-corretora\/#primaryimage","url":"https:\/\/www.notibras.com\/site\/wp-content\/uploads\/2026\/03\/sindico-cleber-rosa-oliveira-de-49-anos-e-o-filho-maycon-douglas-de-souza-oliveira-de-27-5.webp","contentUrl":"https:\/\/www.notibras.com\/site\/wp-content\/uploads\/2026\/03\/sindico-cleber-rosa-oliveira-de-49-anos-e-o-filho-maycon-douglas-de-souza-oliveira-de-27-5.webp","width":900,"height":606},{"@type":"BreadcrumbList","@id":"https:\/\/www.notibras.com\/site\/justica-mantem-prisao-de-sindico-que-confessou-assassinato-de-corretora\/#breadcrumb","itemListElement":[{"@type":"ListItem","position":1,"name":"In\u00edcio","item":"https:\/\/www.notibras.com\/site\/"},{"@type":"ListItem","position":2,"name":"Justi\u00e7a mant\u00e9m pris\u00e3o de s\u00edndico que confessou assassinato de corretora"}]},{"@type":"WebSite","@id":"https:\/\/www.notibras.com\/site\/#website","url":"https:\/\/www.notibras.com\/site\/","name":"Notibras","description":"Not\u00edcias de Bras\u00edlia, do Brasil e do Mundo","publisher":{"@id":"https:\/\/www.notibras.com\/site\/#organization"},"potentialAction":[{"@type":"SearchAction","target":{"@type":"EntryPoint","urlTemplate":"https:\/\/www.notibras.com\/site\/?s={search_term_string}"},"query-input":{"@type":"PropertyValueSpecification","valueRequired":true,"valueName":"search_term_string"}}],"inLanguage":"pt-BR"},{"@type":"Organization","@id":"https:\/\/www.notibras.com\/site\/#organization","name":"Grupo Notibras de Comunica\u00e7\u00e3o","url":"https:\/\/www.notibras.com\/site\/","logo":{"@type":"ImageObject","inLanguage":"pt-BR","@id":"https:\/\/www.notibras.com\/site\/#\/schema\/logo\/image\/","url":"https:\/\/www.notibras.com\/site\/wp-content\/uploads\/2023\/01\/notibras23.png","contentUrl":"https:\/\/www.notibras.com\/site\/wp-content\/uploads\/2023\/01\/notibras23.png","width":350,"height":87,"caption":"Grupo Notibras de Comunica\u00e7\u00e3o"},"image":{"@id":"https:\/\/www.notibras.com\/site\/#\/schema\/logo\/image\/"},"sameAs":["https:\/\/www.facebook.com\/notibras\/","https:\/\/x.com\/Notibras","https:\/\/www.instagram.com\/notibras\/"]},{"@type":"Person","@id":"https:\/\/www.notibras.com\/site\/#\/schema\/person\/5b7fabf2aedc3ada2105f03b22b4d3dd","name":"Eduardo Mart\u00ednez","image":{"@type":"ImageObject","inLanguage":"pt-BR","@id":"https:\/\/secure.gravatar.com\/avatar\/7902f906289926289cbcda644b5197c796b893c6ffd7b9a536a42d290f7704a0?s=96&d=mm&r=g","url":"https:\/\/secure.gravatar.com\/avatar\/7902f906289926289cbcda644b5197c796b893c6ffd7b9a536a42d290f7704a0?s=96&d=mm&r=g","contentUrl":"https:\/\/secure.gravatar.com\/avatar\/7902f906289926289cbcda644b5197c796b893c6ffd7b9a536a42d290f7704a0?s=96&d=mm&r=g","caption":"Eduardo Mart\u00ednez"}}]}},"amp_enabled":true,"_links":{"self":[{"href":"https:\/\/www.notibras.com\/site\/wp-json\/wp\/v2\/posts\/386865","targetHints":{"allow":["GET"]}}],"collection":[{"href":"https:\/\/www.notibras.com\/site\/wp-json\/wp\/v2\/posts"}],"about":[{"href":"https:\/\/www.notibras.com\/site\/wp-json\/wp\/v2\/types\/post"}],"author":[{"embeddable":true,"href":"https:\/\/www.notibras.com\/site\/wp-json\/wp\/v2\/users\/21"}],"replies":[{"embeddable":true,"href":"https:\/\/www.notibras.com\/site\/wp-json\/wp\/v2\/comments?post=386865"}],"version-history":[{"count":4,"href":"https:\/\/www.notibras.com\/site\/wp-json\/wp\/v2\/posts\/386865\/revisions"}],"predecessor-version":[{"id":386874,"href":"https:\/\/www.notibras.com\/site\/wp-json\/wp\/v2\/posts\/386865\/revisions\/386874"}],"wp:featuredmedia":[{"embeddable":true,"href":"https:\/\/www.notibras.com\/site\/wp-json\/wp\/v2\/media\/386867"}],"wp:attachment":[{"href":"https:\/\/www.notibras.com\/site\/wp-json\/wp\/v2\/media?parent=386865"}],"wp:term":[{"taxonomy":"category","embeddable":true,"href":"https:\/\/www.notibras.com\/site\/wp-json\/wp\/v2\/categories?post=386865"},{"taxonomy":"post_tag","embeddable":true,"href":"https:\/\/www.notibras.com\/site\/wp-json\/wp\/v2\/tags?post=386865"}],"curies":[{"name":"wp","href":"https:\/\/api.w.org\/{rel}","templated":true}]}}