{"id":386875,"date":"2026-03-14T02:00:56","date_gmt":"2026-03-14T05:00:56","guid":{"rendered":"https:\/\/www.notibras.com\/site\/?p=386875"},"modified":"2026-03-13T20:39:36","modified_gmt":"2026-03-13T23:39:36","slug":"esquerda-busca-resgatar-protagonismo-historico-nas-urnas-gauchas","status":"publish","type":"post","link":"https:\/\/www.notibras.com\/site\/esquerda-busca-resgatar-protagonismo-historico-nas-urnas-gauchas\/","title":{"rendered":"Esquerda busca resgatar protagonismo hist\u00f3rico nas urnas ga\u00fachas"},"content":{"rendered":"<p>Ao que tudo indica, no Rio Grande do Sul, finalmente a esquerda come\u00e7a a abandonar a velha pr\u00e1tica de correr atr\u00e1s do pr\u00f3prio rabo. A expectativa \u00e9 que o campo progressista consiga construir uma candidatura \u00fanica ao governo do estado, superando divis\u00f5es que, em outras elei\u00e7\u00f5es, acabaram enfraquecendo esse campo pol\u00edtico. A unifica\u00e7\u00e3o tende a organizar melhor as for\u00e7as e apresentar ao eleitorado uma alternativa clara e competitiva.<\/p>\n<p>Nesse cen\u00e1rio, a estrat\u00e9gia passa por capitalizar os votos que j\u00e1 demonstraram for\u00e7a nas urnas, como os de Edegar Pretto, do PT, e Juliana Brizola, do PDT. Ambos possuem eleitorados consolidados e representam segmentos importantes do campo progressista ga\u00facho. Somados, esses apoios podem formar uma base eleitoral robusta, capaz de disputar o governo com reais chances de vit\u00f3ria.<\/p>\n<p>N\u00e3o se trata de algo improv\u00e1vel. O Rio Grande do Sul possui uma longa tradi\u00e7\u00e3o pol\u00edtica progressista, marcada por lideran\u00e7as e projetos que dialogam com esse campo ideol\u00f3gico. Se a unidade realmente se concretizar, tudo indica que o estado poder\u00e1 voltar a eleger candidatos alinhados a essa tradi\u00e7\u00e3o, retomando um ciclo pol\u00edtico que faz parte da hist\u00f3ria ga\u00facha.<\/p>\n","protected":false},"excerpt":{"rendered":"<p>Ao que tudo indica, no Rio Grande do Sul, finalmente a esquerda come\u00e7a a abandonar a velha pr\u00e1tica de correr atr\u00e1s do pr\u00f3prio rabo. A expectativa \u00e9 que o campo progressista consiga construir uma candidatura \u00fanica ao governo do estado, superando divis\u00f5es que, em outras elei\u00e7\u00f5es, acabaram enfraquecendo esse campo pol\u00edtico. A unifica\u00e7\u00e3o tende a [&hellip;]<\/p>\n","protected":false},"author":21,"featured_media":386879,"comment_status":"closed","ping_status":"closed","sticky":false,"template":"","format":"standard","meta":{"_acf_changed":false,"footnotes":""},"categories":[235],"tags":[],"class_list":["post-386875","post","type-post","status-publish","format-standard","has-post-thumbnail","hentry","category-dona-irene"],"acf":[],"yoast_head":"<!-- This site is optimized with the Yoast SEO plugin v27.2 - https:\/\/yoast.com\/product\/yoast-seo-wordpress\/ -->\n<title>Esquerda busca resgatar protagonismo hist\u00f3rico nas urnas ga\u00fachas - Notibras<\/title>\n<meta name=\"robots\" content=\"index, follow, max-snippet:-1, max-image-preview:large, max-video-preview:-1\" \/>\n<link rel=\"canonical\" href=\"https:\/\/www.notibras.com\/site\/esquerda-busca-resgatar-protagonismo-historico-nas-urnas-gauchas\/\" \/>\n<meta property=\"og:locale\" content=\"pt_BR\" \/>\n<meta property=\"og:type\" content=\"article\" \/>\n<meta property=\"og:title\" content=\"Esquerda busca resgatar protagonismo hist\u00f3rico nas urnas ga\u00fachas - Notibras\" \/>\n<meta property=\"og:description\" content=\"Ao que tudo indica, no Rio Grande do Sul, finalmente a esquerda come\u00e7a a abandonar a velha pr\u00e1tica de correr atr\u00e1s do pr\u00f3prio rabo. A expectativa \u00e9 que o campo progressista consiga construir uma candidatura \u00fanica ao governo do estado, superando divis\u00f5es que, em outras elei\u00e7\u00f5es, acabaram enfraquecendo esse campo pol\u00edtico. A unifica\u00e7\u00e3o tende a [&hellip;]\" \/>\n<meta property=\"og:url\" content=\"https:\/\/www.notibras.com\/site\/esquerda-busca-resgatar-protagonismo-historico-nas-urnas-gauchas\/\" \/>\n<meta property=\"og:site_name\" content=\"Notibras\" \/>\n<meta property=\"article:publisher\" content=\"https:\/\/www.facebook.com\/notibras\/\" \/>\n<meta property=\"article:published_time\" content=\"2026-03-14T05:00:56+00:00\" \/>\n<meta property=\"og:image\" content=\"https:\/\/www.notibras.com\/site\/wp-content\/uploads\/2026\/03\/5894443_3733a44e8007417.webp\" \/>\n\t<meta property=\"og:image:width\" content=\"1600\" \/>\n\t<meta property=\"og:image:height\" content=\"1200\" \/>\n\t<meta property=\"og:image:type\" content=\"image\/webp\" \/>\n<meta name=\"author\" content=\"Eduardo Mart\u00ednez\" \/>\n<meta name=\"twitter:card\" content=\"summary_large_image\" \/>\n<meta name=\"twitter:creator\" content=\"@Notibras\" \/>\n<meta name=\"twitter:site\" content=\"@Notibras\" \/>\n<meta name=\"twitter:label1\" content=\"Escrito por\" \/>\n\t<meta name=\"twitter:data1\" content=\"Eduardo Mart\u00ednez\" \/>\n\t<meta name=\"twitter:label2\" content=\"Est. tempo de leitura\" \/>\n\t<meta name=\"twitter:data2\" content=\"2 minutos\" \/>\n<script type=\"application\/ld+json\" class=\"yoast-schema-graph\">{\"@context\":\"https:\/\/schema.org\",\"@graph\":[{\"@type\":\"Article\",\"@id\":\"https:\/\/www.notibras.com\/site\/esquerda-busca-resgatar-protagonismo-historico-nas-urnas-gauchas\/#article\",\"isPartOf\":{\"@id\":\"https:\/\/www.notibras.com\/site\/esquerda-busca-resgatar-protagonismo-historico-nas-urnas-gauchas\/\"},\"author\":{\"name\":\"Eduardo Mart\u00ednez\",\"@id\":\"https:\/\/www.notibras.com\/site\/#\/schema\/person\/5b7fabf2aedc3ada2105f03b22b4d3dd\"},\"headline\":\"Esquerda busca resgatar protagonismo hist\u00f3rico nas urnas ga\u00fachas\",\"datePublished\":\"2026-03-14T05:00:56+00:00\",\"mainEntityOfPage\":{\"@id\":\"https:\/\/www.notibras.com\/site\/esquerda-busca-resgatar-protagonismo-historico-nas-urnas-gauchas\/\"},\"wordCount\":217,\"publisher\":{\"@id\":\"https:\/\/www.notibras.com\/site\/#organization\"},\"image\":{\"@id\":\"https:\/\/www.notibras.com\/site\/esquerda-busca-resgatar-protagonismo-historico-nas-urnas-gauchas\/#primaryimage\"},\"thumbnailUrl\":\"https:\/\/www.notibras.com\/site\/wp-content\/uploads\/2026\/03\/5894443_3733a44e8007417.webp\",\"articleSection\":[\"Dona Irene\"],\"inLanguage\":\"pt-BR\"},{\"@type\":\"WebPage\",\"@id\":\"https:\/\/www.notibras.com\/site\/esquerda-busca-resgatar-protagonismo-historico-nas-urnas-gauchas\/\",\"url\":\"https:\/\/www.notibras.com\/site\/esquerda-busca-resgatar-protagonismo-historico-nas-urnas-gauchas\/\",\"name\":\"Esquerda busca resgatar protagonismo hist\u00f3rico nas urnas ga\u00fachas - Notibras\",\"isPartOf\":{\"@id\":\"https:\/\/www.notibras.com\/site\/#website\"},\"primaryImageOfPage\":{\"@id\":\"https:\/\/www.notibras.com\/site\/esquerda-busca-resgatar-protagonismo-historico-nas-urnas-gauchas\/#primaryimage\"},\"image\":{\"@id\":\"https:\/\/www.notibras.com\/site\/esquerda-busca-resgatar-protagonismo-historico-nas-urnas-gauchas\/#primaryimage\"},\"thumbnailUrl\":\"https:\/\/www.notibras.com\/site\/wp-content\/uploads\/2026\/03\/5894443_3733a44e8007417.webp\",\"datePublished\":\"2026-03-14T05:00:56+00:00\",\"breadcrumb\":{\"@id\":\"https:\/\/www.notibras.com\/site\/esquerda-busca-resgatar-protagonismo-historico-nas-urnas-gauchas\/#breadcrumb\"},\"inLanguage\":\"pt-BR\",\"potentialAction\":[{\"@type\":\"ReadAction\",\"target\":[\"https:\/\/www.notibras.com\/site\/esquerda-busca-resgatar-protagonismo-historico-nas-urnas-gauchas\/\"]}]},{\"@type\":\"ImageObject\",\"inLanguage\":\"pt-BR\",\"@id\":\"https:\/\/www.notibras.com\/site\/esquerda-busca-resgatar-protagonismo-historico-nas-urnas-gauchas\/#primaryimage\",\"url\":\"https:\/\/www.notibras.com\/site\/wp-content\/uploads\/2026\/03\/5894443_3733a44e8007417.webp\",\"contentUrl\":\"https:\/\/www.notibras.com\/site\/wp-content\/uploads\/2026\/03\/5894443_3733a44e8007417.webp\",\"width\":1600,\"height\":1200},{\"@type\":\"BreadcrumbList\",\"@id\":\"https:\/\/www.notibras.com\/site\/esquerda-busca-resgatar-protagonismo-historico-nas-urnas-gauchas\/#breadcrumb\",\"itemListElement\":[{\"@type\":\"ListItem\",\"position\":1,\"name\":\"In\u00edcio\",\"item\":\"https:\/\/www.notibras.com\/site\/\"},{\"@type\":\"ListItem\",\"position\":2,\"name\":\"Esquerda busca resgatar protagonismo hist\u00f3rico nas urnas ga\u00fachas\"}]},{\"@type\":\"WebSite\",\"@id\":\"https:\/\/www.notibras.com\/site\/#website\",\"url\":\"https:\/\/www.notibras.com\/site\/\",\"name\":\"Notibras\",\"description\":\"Not\u00edcias de Bras\u00edlia, do Brasil e do Mundo\",\"publisher\":{\"@id\":\"https:\/\/www.notibras.com\/site\/#organization\"},\"potentialAction\":[{\"@type\":\"SearchAction\",\"target\":{\"@type\":\"EntryPoint\",\"urlTemplate\":\"https:\/\/www.notibras.com\/site\/?s={search_term_string}\"},\"query-input\":{\"@type\":\"PropertyValueSpecification\",\"valueRequired\":true,\"valueName\":\"search_term_string\"}}],\"inLanguage\":\"pt-BR\"},{\"@type\":\"Organization\",\"@id\":\"https:\/\/www.notibras.com\/site\/#organization\",\"name\":\"Grupo Notibras de Comunica\u00e7\u00e3o\",\"url\":\"https:\/\/www.notibras.com\/site\/\",\"logo\":{\"@type\":\"ImageObject\",\"inLanguage\":\"pt-BR\",\"@id\":\"https:\/\/www.notibras.com\/site\/#\/schema\/logo\/image\/\",\"url\":\"https:\/\/www.notibras.com\/site\/wp-content\/uploads\/2023\/01\/notibras23.png\",\"contentUrl\":\"https:\/\/www.notibras.com\/site\/wp-content\/uploads\/2023\/01\/notibras23.png\",\"width\":350,\"height\":87,\"caption\":\"Grupo Notibras de Comunica\u00e7\u00e3o\"},\"image\":{\"@id\":\"https:\/\/www.notibras.com\/site\/#\/schema\/logo\/image\/\"},\"sameAs\":[\"https:\/\/www.facebook.com\/notibras\/\",\"https:\/\/x.com\/Notibras\",\"https:\/\/www.instagram.com\/notibras\/\"]},{\"@type\":\"Person\",\"@id\":\"https:\/\/www.notibras.com\/site\/#\/schema\/person\/5b7fabf2aedc3ada2105f03b22b4d3dd\",\"name\":\"Eduardo Mart\u00ednez\",\"image\":{\"@type\":\"ImageObject\",\"inLanguage\":\"pt-BR\",\"@id\":\"https:\/\/secure.gravatar.com\/avatar\/7902f906289926289cbcda644b5197c796b893c6ffd7b9a536a42d290f7704a0?s=96&d=mm&r=g\",\"url\":\"https:\/\/secure.gravatar.com\/avatar\/7902f906289926289cbcda644b5197c796b893c6ffd7b9a536a42d290f7704a0?s=96&d=mm&r=g\",\"contentUrl\":\"https:\/\/secure.gravatar.com\/avatar\/7902f906289926289cbcda644b5197c796b893c6ffd7b9a536a42d290f7704a0?s=96&d=mm&r=g\",\"caption\":\"Eduardo Mart\u00ednez\"}}]}<\/script>\n<!-- \/ Yoast SEO plugin. -->","yoast_head_json":{"title":"Esquerda busca resgatar protagonismo hist\u00f3rico nas urnas ga\u00fachas - Notibras","robots":{"index":"index","follow":"follow","max-snippet":"max-snippet:-1","max-image-preview":"max-image-preview:large","max-video-preview":"max-video-preview:-1"},"canonical":"https:\/\/www.notibras.com\/site\/esquerda-busca-resgatar-protagonismo-historico-nas-urnas-gauchas\/","og_locale":"pt_BR","og_type":"article","og_title":"Esquerda busca resgatar protagonismo hist\u00f3rico nas urnas ga\u00fachas - Notibras","og_description":"Ao que tudo indica, no Rio Grande do Sul, finalmente a esquerda come\u00e7a a abandonar a velha pr\u00e1tica de correr atr\u00e1s do pr\u00f3prio rabo. A expectativa \u00e9 que o campo progressista consiga construir uma candidatura \u00fanica ao governo do estado, superando divis\u00f5es que, em outras elei\u00e7\u00f5es, acabaram enfraquecendo esse campo pol\u00edtico. A unifica\u00e7\u00e3o tende a [&hellip;]","og_url":"https:\/\/www.notibras.com\/site\/esquerda-busca-resgatar-protagonismo-historico-nas-urnas-gauchas\/","og_site_name":"Notibras","article_publisher":"https:\/\/www.facebook.com\/notibras\/","article_published_time":"2026-03-14T05:00:56+00:00","og_image":[{"width":1600,"height":1200,"url":"https:\/\/www.notibras.com\/site\/wp-content\/uploads\/2026\/03\/5894443_3733a44e8007417.webp","type":"image\/webp"}],"author":"Eduardo Mart\u00ednez","twitter_card":"summary_large_image","twitter_creator":"@Notibras","twitter_site":"@Notibras","twitter_misc":{"Escrito por":"Eduardo Mart\u00ednez","Est. tempo de leitura":"2 minutos"},"schema":{"@context":"https:\/\/schema.org","@graph":[{"@type":"Article","@id":"https:\/\/www.notibras.com\/site\/esquerda-busca-resgatar-protagonismo-historico-nas-urnas-gauchas\/#article","isPartOf":{"@id":"https:\/\/www.notibras.com\/site\/esquerda-busca-resgatar-protagonismo-historico-nas-urnas-gauchas\/"},"author":{"name":"Eduardo Mart\u00ednez","@id":"https:\/\/www.notibras.com\/site\/#\/schema\/person\/5b7fabf2aedc3ada2105f03b22b4d3dd"},"headline":"Esquerda busca resgatar protagonismo hist\u00f3rico nas urnas ga\u00fachas","datePublished":"2026-03-14T05:00:56+00:00","mainEntityOfPage":{"@id":"https:\/\/www.notibras.com\/site\/esquerda-busca-resgatar-protagonismo-historico-nas-urnas-gauchas\/"},"wordCount":217,"publisher":{"@id":"https:\/\/www.notibras.com\/site\/#organization"},"image":{"@id":"https:\/\/www.notibras.com\/site\/esquerda-busca-resgatar-protagonismo-historico-nas-urnas-gauchas\/#primaryimage"},"thumbnailUrl":"https:\/\/www.notibras.com\/site\/wp-content\/uploads\/2026\/03\/5894443_3733a44e8007417.webp","articleSection":["Dona Irene"],"inLanguage":"pt-BR"},{"@type":"WebPage","@id":"https:\/\/www.notibras.com\/site\/esquerda-busca-resgatar-protagonismo-historico-nas-urnas-gauchas\/","url":"https:\/\/www.notibras.com\/site\/esquerda-busca-resgatar-protagonismo-historico-nas-urnas-gauchas\/","name":"Esquerda busca resgatar protagonismo hist\u00f3rico nas urnas ga\u00fachas - Notibras","isPartOf":{"@id":"https:\/\/www.notibras.com\/site\/#website"},"primaryImageOfPage":{"@id":"https:\/\/www.notibras.com\/site\/esquerda-busca-resgatar-protagonismo-historico-nas-urnas-gauchas\/#primaryimage"},"image":{"@id":"https:\/\/www.notibras.com\/site\/esquerda-busca-resgatar-protagonismo-historico-nas-urnas-gauchas\/#primaryimage"},"thumbnailUrl":"https:\/\/www.notibras.com\/site\/wp-content\/uploads\/2026\/03\/5894443_3733a44e8007417.webp","datePublished":"2026-03-14T05:00:56+00:00","breadcrumb":{"@id":"https:\/\/www.notibras.com\/site\/esquerda-busca-resgatar-protagonismo-historico-nas-urnas-gauchas\/#breadcrumb"},"inLanguage":"pt-BR","potentialAction":[{"@type":"ReadAction","target":["https:\/\/www.notibras.com\/site\/esquerda-busca-resgatar-protagonismo-historico-nas-urnas-gauchas\/"]}]},{"@type":"ImageObject","inLanguage":"pt-BR","@id":"https:\/\/www.notibras.com\/site\/esquerda-busca-resgatar-protagonismo-historico-nas-urnas-gauchas\/#primaryimage","url":"https:\/\/www.notibras.com\/site\/wp-content\/uploads\/2026\/03\/5894443_3733a44e8007417.webp","contentUrl":"https:\/\/www.notibras.com\/site\/wp-content\/uploads\/2026\/03\/5894443_3733a44e8007417.webp","width":1600,"height":1200},{"@type":"BreadcrumbList","@id":"https:\/\/www.notibras.com\/site\/esquerda-busca-resgatar-protagonismo-historico-nas-urnas-gauchas\/#breadcrumb","itemListElement":[{"@type":"ListItem","position":1,"name":"In\u00edcio","item":"https:\/\/www.notibras.com\/site\/"},{"@type":"ListItem","position":2,"name":"Esquerda busca resgatar protagonismo hist\u00f3rico nas urnas ga\u00fachas"}]},{"@type":"WebSite","@id":"https:\/\/www.notibras.com\/site\/#website","url":"https:\/\/www.notibras.com\/site\/","name":"Notibras","description":"Not\u00edcias de Bras\u00edlia, do Brasil e do Mundo","publisher":{"@id":"https:\/\/www.notibras.com\/site\/#organization"},"potentialAction":[{"@type":"SearchAction","target":{"@type":"EntryPoint","urlTemplate":"https:\/\/www.notibras.com\/site\/?s={search_term_string}"},"query-input":{"@type":"PropertyValueSpecification","valueRequired":true,"valueName":"search_term_string"}}],"inLanguage":"pt-BR"},{"@type":"Organization","@id":"https:\/\/www.notibras.com\/site\/#organization","name":"Grupo Notibras de Comunica\u00e7\u00e3o","url":"https:\/\/www.notibras.com\/site\/","logo":{"@type":"ImageObject","inLanguage":"pt-BR","@id":"https:\/\/www.notibras.com\/site\/#\/schema\/logo\/image\/","url":"https:\/\/www.notibras.com\/site\/wp-content\/uploads\/2023\/01\/notibras23.png","contentUrl":"https:\/\/www.notibras.com\/site\/wp-content\/uploads\/2023\/01\/notibras23.png","width":350,"height":87,"caption":"Grupo Notibras de Comunica\u00e7\u00e3o"},"image":{"@id":"https:\/\/www.notibras.com\/site\/#\/schema\/logo\/image\/"},"sameAs":["https:\/\/www.facebook.com\/notibras\/","https:\/\/x.com\/Notibras","https:\/\/www.instagram.com\/notibras\/"]},{"@type":"Person","@id":"https:\/\/www.notibras.com\/site\/#\/schema\/person\/5b7fabf2aedc3ada2105f03b22b4d3dd","name":"Eduardo Mart\u00ednez","image":{"@type":"ImageObject","inLanguage":"pt-BR","@id":"https:\/\/secure.gravatar.com\/avatar\/7902f906289926289cbcda644b5197c796b893c6ffd7b9a536a42d290f7704a0?s=96&d=mm&r=g","url":"https:\/\/secure.gravatar.com\/avatar\/7902f906289926289cbcda644b5197c796b893c6ffd7b9a536a42d290f7704a0?s=96&d=mm&r=g","contentUrl":"https:\/\/secure.gravatar.com\/avatar\/7902f906289926289cbcda644b5197c796b893c6ffd7b9a536a42d290f7704a0?s=96&d=mm&r=g","caption":"Eduardo Mart\u00ednez"}}]}},"amp_enabled":true,"_links":{"self":[{"href":"https:\/\/www.notibras.com\/site\/wp-json\/wp\/v2\/posts\/386875","targetHints":{"allow":["GET"]}}],"collection":[{"href":"https:\/\/www.notibras.com\/site\/wp-json\/wp\/v2\/posts"}],"about":[{"href":"https:\/\/www.notibras.com\/site\/wp-json\/wp\/v2\/types\/post"}],"author":[{"embeddable":true,"href":"https:\/\/www.notibras.com\/site\/wp-json\/wp\/v2\/users\/21"}],"replies":[{"embeddable":true,"href":"https:\/\/www.notibras.com\/site\/wp-json\/wp\/v2\/comments?post=386875"}],"version-history":[{"count":3,"href":"https:\/\/www.notibras.com\/site\/wp-json\/wp\/v2\/posts\/386875\/revisions"}],"predecessor-version":[{"id":386878,"href":"https:\/\/www.notibras.com\/site\/wp-json\/wp\/v2\/posts\/386875\/revisions\/386878"}],"wp:featuredmedia":[{"embeddable":true,"href":"https:\/\/www.notibras.com\/site\/wp-json\/wp\/v2\/media\/386879"}],"wp:attachment":[{"href":"https:\/\/www.notibras.com\/site\/wp-json\/wp\/v2\/media?parent=386875"}],"wp:term":[{"taxonomy":"category","embeddable":true,"href":"https:\/\/www.notibras.com\/site\/wp-json\/wp\/v2\/categories?post=386875"},{"taxonomy":"post_tag","embeddable":true,"href":"https:\/\/www.notibras.com\/site\/wp-json\/wp\/v2\/tags?post=386875"}],"curies":[{"name":"wp","href":"https:\/\/api.w.org\/{rel}","templated":true}]}}