{"id":386882,"date":"2026-03-14T02:15:17","date_gmt":"2026-03-14T05:15:17","guid":{"rendered":"https:\/\/www.notibras.com\/site\/?p=386882"},"modified":"2026-03-14T06:54:45","modified_gmt":"2026-03-14T09:54:45","slug":"delacao-deve-expor-raizes-e-a-origem-do-esquema","status":"publish","type":"post","link":"https:\/\/www.notibras.com\/site\/delacao-deve-expor-raizes-e-a-origem-do-esquema\/","title":{"rendered":"Dela\u00e7\u00e3o deve expor ra\u00edzes e a origem do esquema"},"content":{"rendered":"<p>A not\u00edcia de que Daniel Vorcaro trocou de advogados e estaria prestes a fechar um acordo de dela\u00e7\u00e3o premiada reacende as expectativas em torno do esc\u00e2ndalo do banco Master. Desde que o caso veio \u00e0 tona, surgiram in\u00fameras especula\u00e7\u00f5es sobre a dimens\u00e3o das irregularidades e sobre quem seriam os agentes pol\u00edticos envolvidos. A poss\u00edvel dela\u00e7\u00e3o cria a expectativa de que novas informa\u00e7\u00f5es venham a p\u00fablico e que se esclare\u00e7am pontos ainda obscuros da investiga\u00e7\u00e3o.<\/p>\n<p>Desde o in\u00edcio do esc\u00e2ndalo, repetiu-se com frequ\u00eancia que o esquema teria ramifica\u00e7\u00f5es tanto na direita quanto na esquerda. No entanto, at\u00e9 o momento, os nomes que aparecem com maior destaque nas investiga\u00e7\u00f5es est\u00e3o ligados a setores da direita. Essa discrep\u00e2ncia alimenta d\u00favidas e levanta questionamentos sobre a real extens\u00e3o pol\u00edtica do caso.<\/p>\n<p>\u00c9 justamente por isso que uma eventual dela\u00e7\u00e3o de Vorcaro \u00e9 aguardada com tanto interesse. O Brasil quer saber se, de fato, o esc\u00e2ndalo envolve representantes de todos os espectros pol\u00edticos ou se essa narrativa foi apenas uma tentativa de diluir responsabilidades. Se houver mais envolvidos, que sejam revelados. Se n\u00e3o houver, que isso tamb\u00e9m fique claro. O que a sociedade espera \u00e9 transpar\u00eancia e a apura\u00e7\u00e3o completa dos fatos.<\/p>\n","protected":false},"excerpt":{"rendered":"<p>A not\u00edcia de que Daniel Vorcaro trocou de advogados e estaria prestes a fechar um acordo de dela\u00e7\u00e3o premiada reacende as expectativas em torno do esc\u00e2ndalo do banco Master. Desde que o caso veio \u00e0 tona, surgiram in\u00fameras especula\u00e7\u00f5es sobre a dimens\u00e3o das irregularidades e sobre quem seriam os agentes pol\u00edticos envolvidos. A poss\u00edvel dela\u00e7\u00e3o [&hellip;]<\/p>\n","protected":false},"author":21,"featured_media":386885,"comment_status":"closed","ping_status":"closed","sticky":false,"template":"","format":"standard","meta":{"_acf_changed":false,"footnotes":""},"categories":[235],"tags":[],"class_list":["post-386882","post","type-post","status-publish","format-standard","has-post-thumbnail","hentry","category-dona-irene"],"acf":[],"yoast_head":"<!-- This site is optimized with the Yoast SEO plugin v27.2 - https:\/\/yoast.com\/product\/yoast-seo-wordpress\/ -->\n<title>Dela\u00e7\u00e3o deve expor ra\u00edzes e a origem do esquema - Notibras<\/title>\n<meta name=\"robots\" content=\"index, follow, max-snippet:-1, max-image-preview:large, max-video-preview:-1\" \/>\n<link rel=\"canonical\" href=\"https:\/\/www.notibras.com\/site\/delacao-deve-expor-raizes-e-a-origem-do-esquema\/\" \/>\n<meta property=\"og:locale\" content=\"pt_BR\" \/>\n<meta property=\"og:type\" content=\"article\" \/>\n<meta property=\"og:title\" content=\"Dela\u00e7\u00e3o deve expor ra\u00edzes e a origem do esquema - Notibras\" \/>\n<meta property=\"og:description\" content=\"A not\u00edcia de que Daniel Vorcaro trocou de advogados e estaria prestes a fechar um acordo de dela\u00e7\u00e3o premiada reacende as expectativas em torno do esc\u00e2ndalo do banco Master. Desde que o caso veio \u00e0 tona, surgiram in\u00fameras especula\u00e7\u00f5es sobre a dimens\u00e3o das irregularidades e sobre quem seriam os agentes pol\u00edticos envolvidos. A poss\u00edvel dela\u00e7\u00e3o [&hellip;]\" \/>\n<meta property=\"og:url\" content=\"https:\/\/www.notibras.com\/site\/delacao-deve-expor-raizes-e-a-origem-do-esquema\/\" \/>\n<meta property=\"og:site_name\" content=\"Notibras\" \/>\n<meta property=\"article:publisher\" content=\"https:\/\/www.facebook.com\/notibras\/\" \/>\n<meta property=\"article:published_time\" content=\"2026-03-14T05:15:17+00:00\" \/>\n<meta property=\"article:modified_time\" content=\"2026-03-14T09:54:45+00:00\" \/>\n<meta property=\"og:image\" content=\"https:\/\/www.notibras.com\/site\/wp-content\/uploads\/2026\/03\/HeaderFea.webp\" \/>\n\t<meta property=\"og:image:width\" content=\"720\" \/>\n\t<meta property=\"og:image:height\" content=\"405\" \/>\n\t<meta property=\"og:image:type\" content=\"image\/webp\" \/>\n<meta name=\"author\" content=\"Eduardo Mart\u00ednez\" \/>\n<meta name=\"twitter:card\" content=\"summary_large_image\" \/>\n<meta name=\"twitter:creator\" content=\"@Notibras\" \/>\n<meta name=\"twitter:site\" content=\"@Notibras\" \/>\n<meta name=\"twitter:label1\" content=\"Escrito por\" \/>\n\t<meta name=\"twitter:data1\" content=\"Eduardo Mart\u00ednez\" \/>\n\t<meta name=\"twitter:label2\" content=\"Est. tempo de leitura\" \/>\n\t<meta name=\"twitter:data2\" content=\"2 minutos\" \/>\n<script type=\"application\/ld+json\" class=\"yoast-schema-graph\">{\"@context\":\"https:\/\/schema.org\",\"@graph\":[{\"@type\":\"Article\",\"@id\":\"https:\/\/www.notibras.com\/site\/delacao-deve-expor-raizes-e-a-origem-do-esquema\/#article\",\"isPartOf\":{\"@id\":\"https:\/\/www.notibras.com\/site\/delacao-deve-expor-raizes-e-a-origem-do-esquema\/\"},\"author\":{\"name\":\"Eduardo Mart\u00ednez\",\"@id\":\"https:\/\/www.notibras.com\/site\/#\/schema\/person\/5b7fabf2aedc3ada2105f03b22b4d3dd\"},\"headline\":\"Dela\u00e7\u00e3o deve expor ra\u00edzes e a origem do esquema\",\"datePublished\":\"2026-03-14T05:15:17+00:00\",\"dateModified\":\"2026-03-14T09:54:45+00:00\",\"mainEntityOfPage\":{\"@id\":\"https:\/\/www.notibras.com\/site\/delacao-deve-expor-raizes-e-a-origem-do-esquema\/\"},\"wordCount\":234,\"publisher\":{\"@id\":\"https:\/\/www.notibras.com\/site\/#organization\"},\"image\":{\"@id\":\"https:\/\/www.notibras.com\/site\/delacao-deve-expor-raizes-e-a-origem-do-esquema\/#primaryimage\"},\"thumbnailUrl\":\"https:\/\/www.notibras.com\/site\/wp-content\/uploads\/2026\/03\/HeaderFea.webp\",\"articleSection\":[\"Dona Irene\"],\"inLanguage\":\"pt-BR\"},{\"@type\":\"WebPage\",\"@id\":\"https:\/\/www.notibras.com\/site\/delacao-deve-expor-raizes-e-a-origem-do-esquema\/\",\"url\":\"https:\/\/www.notibras.com\/site\/delacao-deve-expor-raizes-e-a-origem-do-esquema\/\",\"name\":\"Dela\u00e7\u00e3o deve expor ra\u00edzes e a origem do esquema - Notibras\",\"isPartOf\":{\"@id\":\"https:\/\/www.notibras.com\/site\/#website\"},\"primaryImageOfPage\":{\"@id\":\"https:\/\/www.notibras.com\/site\/delacao-deve-expor-raizes-e-a-origem-do-esquema\/#primaryimage\"},\"image\":{\"@id\":\"https:\/\/www.notibras.com\/site\/delacao-deve-expor-raizes-e-a-origem-do-esquema\/#primaryimage\"},\"thumbnailUrl\":\"https:\/\/www.notibras.com\/site\/wp-content\/uploads\/2026\/03\/HeaderFea.webp\",\"datePublished\":\"2026-03-14T05:15:17+00:00\",\"dateModified\":\"2026-03-14T09:54:45+00:00\",\"breadcrumb\":{\"@id\":\"https:\/\/www.notibras.com\/site\/delacao-deve-expor-raizes-e-a-origem-do-esquema\/#breadcrumb\"},\"inLanguage\":\"pt-BR\",\"potentialAction\":[{\"@type\":\"ReadAction\",\"target\":[\"https:\/\/www.notibras.com\/site\/delacao-deve-expor-raizes-e-a-origem-do-esquema\/\"]}]},{\"@type\":\"ImageObject\",\"inLanguage\":\"pt-BR\",\"@id\":\"https:\/\/www.notibras.com\/site\/delacao-deve-expor-raizes-e-a-origem-do-esquema\/#primaryimage\",\"url\":\"https:\/\/www.notibras.com\/site\/wp-content\/uploads\/2026\/03\/HeaderFea.webp\",\"contentUrl\":\"https:\/\/www.notibras.com\/site\/wp-content\/uploads\/2026\/03\/HeaderFea.webp\",\"width\":720,\"height\":405},{\"@type\":\"BreadcrumbList\",\"@id\":\"https:\/\/www.notibras.com\/site\/delacao-deve-expor-raizes-e-a-origem-do-esquema\/#breadcrumb\",\"itemListElement\":[{\"@type\":\"ListItem\",\"position\":1,\"name\":\"In\u00edcio\",\"item\":\"https:\/\/www.notibras.com\/site\/\"},{\"@type\":\"ListItem\",\"position\":2,\"name\":\"Dela\u00e7\u00e3o deve expor ra\u00edzes e a origem do esquema\"}]},{\"@type\":\"WebSite\",\"@id\":\"https:\/\/www.notibras.com\/site\/#website\",\"url\":\"https:\/\/www.notibras.com\/site\/\",\"name\":\"Notibras\",\"description\":\"Not\u00edcias de Bras\u00edlia, do Brasil e do Mundo\",\"publisher\":{\"@id\":\"https:\/\/www.notibras.com\/site\/#organization\"},\"potentialAction\":[{\"@type\":\"SearchAction\",\"target\":{\"@type\":\"EntryPoint\",\"urlTemplate\":\"https:\/\/www.notibras.com\/site\/?s={search_term_string}\"},\"query-input\":{\"@type\":\"PropertyValueSpecification\",\"valueRequired\":true,\"valueName\":\"search_term_string\"}}],\"inLanguage\":\"pt-BR\"},{\"@type\":\"Organization\",\"@id\":\"https:\/\/www.notibras.com\/site\/#organization\",\"name\":\"Grupo Notibras de Comunica\u00e7\u00e3o\",\"url\":\"https:\/\/www.notibras.com\/site\/\",\"logo\":{\"@type\":\"ImageObject\",\"inLanguage\":\"pt-BR\",\"@id\":\"https:\/\/www.notibras.com\/site\/#\/schema\/logo\/image\/\",\"url\":\"https:\/\/www.notibras.com\/site\/wp-content\/uploads\/2023\/01\/notibras23.png\",\"contentUrl\":\"https:\/\/www.notibras.com\/site\/wp-content\/uploads\/2023\/01\/notibras23.png\",\"width\":350,\"height\":87,\"caption\":\"Grupo Notibras de Comunica\u00e7\u00e3o\"},\"image\":{\"@id\":\"https:\/\/www.notibras.com\/site\/#\/schema\/logo\/image\/\"},\"sameAs\":[\"https:\/\/www.facebook.com\/notibras\/\",\"https:\/\/x.com\/Notibras\",\"https:\/\/www.instagram.com\/notibras\/\"]},{\"@type\":\"Person\",\"@id\":\"https:\/\/www.notibras.com\/site\/#\/schema\/person\/5b7fabf2aedc3ada2105f03b22b4d3dd\",\"name\":\"Eduardo Mart\u00ednez\",\"image\":{\"@type\":\"ImageObject\",\"inLanguage\":\"pt-BR\",\"@id\":\"https:\/\/secure.gravatar.com\/avatar\/7902f906289926289cbcda644b5197c796b893c6ffd7b9a536a42d290f7704a0?s=96&d=mm&r=g\",\"url\":\"https:\/\/secure.gravatar.com\/avatar\/7902f906289926289cbcda644b5197c796b893c6ffd7b9a536a42d290f7704a0?s=96&d=mm&r=g\",\"contentUrl\":\"https:\/\/secure.gravatar.com\/avatar\/7902f906289926289cbcda644b5197c796b893c6ffd7b9a536a42d290f7704a0?s=96&d=mm&r=g\",\"caption\":\"Eduardo Mart\u00ednez\"}}]}<\/script>\n<!-- \/ Yoast SEO plugin. -->","yoast_head_json":{"title":"Dela\u00e7\u00e3o deve expor ra\u00edzes e a origem do esquema - Notibras","robots":{"index":"index","follow":"follow","max-snippet":"max-snippet:-1","max-image-preview":"max-image-preview:large","max-video-preview":"max-video-preview:-1"},"canonical":"https:\/\/www.notibras.com\/site\/delacao-deve-expor-raizes-e-a-origem-do-esquema\/","og_locale":"pt_BR","og_type":"article","og_title":"Dela\u00e7\u00e3o deve expor ra\u00edzes e a origem do esquema - Notibras","og_description":"A not\u00edcia de que Daniel Vorcaro trocou de advogados e estaria prestes a fechar um acordo de dela\u00e7\u00e3o premiada reacende as expectativas em torno do esc\u00e2ndalo do banco Master. Desde que o caso veio \u00e0 tona, surgiram in\u00fameras especula\u00e7\u00f5es sobre a dimens\u00e3o das irregularidades e sobre quem seriam os agentes pol\u00edticos envolvidos. A poss\u00edvel dela\u00e7\u00e3o [&hellip;]","og_url":"https:\/\/www.notibras.com\/site\/delacao-deve-expor-raizes-e-a-origem-do-esquema\/","og_site_name":"Notibras","article_publisher":"https:\/\/www.facebook.com\/notibras\/","article_published_time":"2026-03-14T05:15:17+00:00","article_modified_time":"2026-03-14T09:54:45+00:00","og_image":[{"width":720,"height":405,"url":"https:\/\/www.notibras.com\/site\/wp-content\/uploads\/2026\/03\/HeaderFea.webp","type":"image\/webp"}],"author":"Eduardo Mart\u00ednez","twitter_card":"summary_large_image","twitter_creator":"@Notibras","twitter_site":"@Notibras","twitter_misc":{"Escrito por":"Eduardo Mart\u00ednez","Est. tempo de leitura":"2 minutos"},"schema":{"@context":"https:\/\/schema.org","@graph":[{"@type":"Article","@id":"https:\/\/www.notibras.com\/site\/delacao-deve-expor-raizes-e-a-origem-do-esquema\/#article","isPartOf":{"@id":"https:\/\/www.notibras.com\/site\/delacao-deve-expor-raizes-e-a-origem-do-esquema\/"},"author":{"name":"Eduardo Mart\u00ednez","@id":"https:\/\/www.notibras.com\/site\/#\/schema\/person\/5b7fabf2aedc3ada2105f03b22b4d3dd"},"headline":"Dela\u00e7\u00e3o deve expor ra\u00edzes e a origem do esquema","datePublished":"2026-03-14T05:15:17+00:00","dateModified":"2026-03-14T09:54:45+00:00","mainEntityOfPage":{"@id":"https:\/\/www.notibras.com\/site\/delacao-deve-expor-raizes-e-a-origem-do-esquema\/"},"wordCount":234,"publisher":{"@id":"https:\/\/www.notibras.com\/site\/#organization"},"image":{"@id":"https:\/\/www.notibras.com\/site\/delacao-deve-expor-raizes-e-a-origem-do-esquema\/#primaryimage"},"thumbnailUrl":"https:\/\/www.notibras.com\/site\/wp-content\/uploads\/2026\/03\/HeaderFea.webp","articleSection":["Dona Irene"],"inLanguage":"pt-BR"},{"@type":"WebPage","@id":"https:\/\/www.notibras.com\/site\/delacao-deve-expor-raizes-e-a-origem-do-esquema\/","url":"https:\/\/www.notibras.com\/site\/delacao-deve-expor-raizes-e-a-origem-do-esquema\/","name":"Dela\u00e7\u00e3o deve expor ra\u00edzes e a origem do esquema - Notibras","isPartOf":{"@id":"https:\/\/www.notibras.com\/site\/#website"},"primaryImageOfPage":{"@id":"https:\/\/www.notibras.com\/site\/delacao-deve-expor-raizes-e-a-origem-do-esquema\/#primaryimage"},"image":{"@id":"https:\/\/www.notibras.com\/site\/delacao-deve-expor-raizes-e-a-origem-do-esquema\/#primaryimage"},"thumbnailUrl":"https:\/\/www.notibras.com\/site\/wp-content\/uploads\/2026\/03\/HeaderFea.webp","datePublished":"2026-03-14T05:15:17+00:00","dateModified":"2026-03-14T09:54:45+00:00","breadcrumb":{"@id":"https:\/\/www.notibras.com\/site\/delacao-deve-expor-raizes-e-a-origem-do-esquema\/#breadcrumb"},"inLanguage":"pt-BR","potentialAction":[{"@type":"ReadAction","target":["https:\/\/www.notibras.com\/site\/delacao-deve-expor-raizes-e-a-origem-do-esquema\/"]}]},{"@type":"ImageObject","inLanguage":"pt-BR","@id":"https:\/\/www.notibras.com\/site\/delacao-deve-expor-raizes-e-a-origem-do-esquema\/#primaryimage","url":"https:\/\/www.notibras.com\/site\/wp-content\/uploads\/2026\/03\/HeaderFea.webp","contentUrl":"https:\/\/www.notibras.com\/site\/wp-content\/uploads\/2026\/03\/HeaderFea.webp","width":720,"height":405},{"@type":"BreadcrumbList","@id":"https:\/\/www.notibras.com\/site\/delacao-deve-expor-raizes-e-a-origem-do-esquema\/#breadcrumb","itemListElement":[{"@type":"ListItem","position":1,"name":"In\u00edcio","item":"https:\/\/www.notibras.com\/site\/"},{"@type":"ListItem","position":2,"name":"Dela\u00e7\u00e3o deve expor ra\u00edzes e a origem do esquema"}]},{"@type":"WebSite","@id":"https:\/\/www.notibras.com\/site\/#website","url":"https:\/\/www.notibras.com\/site\/","name":"Notibras","description":"Not\u00edcias de Bras\u00edlia, do Brasil e do Mundo","publisher":{"@id":"https:\/\/www.notibras.com\/site\/#organization"},"potentialAction":[{"@type":"SearchAction","target":{"@type":"EntryPoint","urlTemplate":"https:\/\/www.notibras.com\/site\/?s={search_term_string}"},"query-input":{"@type":"PropertyValueSpecification","valueRequired":true,"valueName":"search_term_string"}}],"inLanguage":"pt-BR"},{"@type":"Organization","@id":"https:\/\/www.notibras.com\/site\/#organization","name":"Grupo Notibras de Comunica\u00e7\u00e3o","url":"https:\/\/www.notibras.com\/site\/","logo":{"@type":"ImageObject","inLanguage":"pt-BR","@id":"https:\/\/www.notibras.com\/site\/#\/schema\/logo\/image\/","url":"https:\/\/www.notibras.com\/site\/wp-content\/uploads\/2023\/01\/notibras23.png","contentUrl":"https:\/\/www.notibras.com\/site\/wp-content\/uploads\/2023\/01\/notibras23.png","width":350,"height":87,"caption":"Grupo Notibras de Comunica\u00e7\u00e3o"},"image":{"@id":"https:\/\/www.notibras.com\/site\/#\/schema\/logo\/image\/"},"sameAs":["https:\/\/www.facebook.com\/notibras\/","https:\/\/x.com\/Notibras","https:\/\/www.instagram.com\/notibras\/"]},{"@type":"Person","@id":"https:\/\/www.notibras.com\/site\/#\/schema\/person\/5b7fabf2aedc3ada2105f03b22b4d3dd","name":"Eduardo Mart\u00ednez","image":{"@type":"ImageObject","inLanguage":"pt-BR","@id":"https:\/\/secure.gravatar.com\/avatar\/7902f906289926289cbcda644b5197c796b893c6ffd7b9a536a42d290f7704a0?s=96&d=mm&r=g","url":"https:\/\/secure.gravatar.com\/avatar\/7902f906289926289cbcda644b5197c796b893c6ffd7b9a536a42d290f7704a0?s=96&d=mm&r=g","contentUrl":"https:\/\/secure.gravatar.com\/avatar\/7902f906289926289cbcda644b5197c796b893c6ffd7b9a536a42d290f7704a0?s=96&d=mm&r=g","caption":"Eduardo Mart\u00ednez"}}]}},"amp_enabled":true,"_links":{"self":[{"href":"https:\/\/www.notibras.com\/site\/wp-json\/wp\/v2\/posts\/386882","targetHints":{"allow":["GET"]}}],"collection":[{"href":"https:\/\/www.notibras.com\/site\/wp-json\/wp\/v2\/posts"}],"about":[{"href":"https:\/\/www.notibras.com\/site\/wp-json\/wp\/v2\/types\/post"}],"author":[{"embeddable":true,"href":"https:\/\/www.notibras.com\/site\/wp-json\/wp\/v2\/users\/21"}],"replies":[{"embeddable":true,"href":"https:\/\/www.notibras.com\/site\/wp-json\/wp\/v2\/comments?post=386882"}],"version-history":[{"count":10,"href":"https:\/\/www.notibras.com\/site\/wp-json\/wp\/v2\/posts\/386882\/revisions"}],"predecessor-version":[{"id":386935,"href":"https:\/\/www.notibras.com\/site\/wp-json\/wp\/v2\/posts\/386882\/revisions\/386935"}],"wp:featuredmedia":[{"embeddable":true,"href":"https:\/\/www.notibras.com\/site\/wp-json\/wp\/v2\/media\/386885"}],"wp:attachment":[{"href":"https:\/\/www.notibras.com\/site\/wp-json\/wp\/v2\/media?parent=386882"}],"wp:term":[{"taxonomy":"category","embeddable":true,"href":"https:\/\/www.notibras.com\/site\/wp-json\/wp\/v2\/categories?post=386882"},{"taxonomy":"post_tag","embeddable":true,"href":"https:\/\/www.notibras.com\/site\/wp-json\/wp\/v2\/tags?post=386882"}],"curies":[{"name":"wp","href":"https:\/\/api.w.org\/{rel}","templated":true}]}}