{"id":386888,"date":"2026-03-14T02:30:28","date_gmt":"2026-03-14T05:30:28","guid":{"rendered":"https:\/\/www.notibras.com\/site\/?p=386888"},"modified":"2026-03-13T21:08:45","modified_gmt":"2026-03-14T00:08:45","slug":"sem-frescura-para-quem-tratou-milhares-de-covas-com-desdem","status":"publish","type":"post","link":"https:\/\/www.notibras.com\/site\/sem-frescura-para-quem-tratou-milhares-de-covas-com-desdem\/","title":{"rendered":"Sem frescura para quem tratou milhares de covas com desd\u00e9m"},"content":{"rendered":"<p>Em agosto de 2020 eu n\u00e3o pude nem velar nem enterrar a minha m\u00e3e. Eu moro no interior, ela morava em BH.<\/p>\n<p>Ela morreu de COVID.<\/p>\n<p>Enquanto eu chorava a perda dela, milhares de fam\u00edlias brasileiras tamb\u00e9m choravam seus pais, m\u00e3es, filhos e av\u00f3s. Naquele mesmo per\u00edodo, Jair Bolsonaro dizia coisas como:<\/p>\n<p>&#8220;Tem que deixar de ser um pa\u00eds de maricas.&#8221;<br \/>\n&#8220;N\u00e3o sou coveiro.&#8221;<br \/>\n&#8220;Isso de &#8216;fica em casa&#8217; \u00e9 coisa de fracos.&#8221;<br \/>\n&#8220;Chega de frescura e de mimimi.&#8221;<\/p>\n<p>Enquanto o Brasil acumulava mortos, o deboche vinha justamente de quem deveria liderar o pa\u00eds.<\/p>\n<p>Agora alguns querem que a gente esque\u00e7a tudo isso e ainda se compade\u00e7a dele.<\/p>\n<p>Eu n\u00e3o esque\u00e7o!<br \/>\nEu jamais vou esquecer!<\/p>\n<p>Hoje, sou eu quem digo:<\/p>\n<p>Chega de frescura e mimimi.<br \/>\nV\u00e3o ficar chorando at\u00e9 quando?<br \/>\nN\u00e3o sou geriatra, nem veterin\u00e1ria.<\/p>\n","protected":false},"excerpt":{"rendered":"<p>Em agosto de 2020 eu n\u00e3o pude nem velar nem enterrar a minha m\u00e3e. Eu moro no interior, ela morava em BH. Ela morreu de COVID. Enquanto eu chorava a perda dela, milhares de fam\u00edlias brasileiras tamb\u00e9m choravam seus pais, m\u00e3es, filhos e av\u00f3s. Naquele mesmo per\u00edodo, Jair Bolsonaro dizia coisas como: &#8220;Tem que deixar [&hellip;]<\/p>\n","protected":false},"author":21,"featured_media":386890,"comment_status":"closed","ping_status":"closed","sticky":false,"template":"","format":"standard","meta":{"_acf_changed":false,"footnotes":""},"categories":[236],"tags":[],"class_list":["post-386888","post","type-post","status-publish","format-standard","has-post-thumbnail","hentry","category-ponto-de-vista"],"acf":[],"yoast_head":"<!-- This site is optimized with the Yoast SEO plugin v27.2 - https:\/\/yoast.com\/product\/yoast-seo-wordpress\/ -->\n<title>Sem frescura para quem tratou milhares de covas com desd\u00e9m - Notibras<\/title>\n<meta name=\"robots\" content=\"index, follow, max-snippet:-1, max-image-preview:large, max-video-preview:-1\" \/>\n<link rel=\"canonical\" href=\"https:\/\/www.notibras.com\/site\/sem-frescura-para-quem-tratou-milhares-de-covas-com-desdem\/\" \/>\n<meta property=\"og:locale\" content=\"pt_BR\" \/>\n<meta property=\"og:type\" content=\"article\" \/>\n<meta property=\"og:title\" content=\"Sem frescura para quem tratou milhares de covas com desd\u00e9m - Notibras\" \/>\n<meta property=\"og:description\" content=\"Em agosto de 2020 eu n\u00e3o pude nem velar nem enterrar a minha m\u00e3e. Eu moro no interior, ela morava em BH. Ela morreu de COVID. Enquanto eu chorava a perda dela, milhares de fam\u00edlias brasileiras tamb\u00e9m choravam seus pais, m\u00e3es, filhos e av\u00f3s. Naquele mesmo per\u00edodo, Jair Bolsonaro dizia coisas como: &#8220;Tem que deixar [&hellip;]\" \/>\n<meta property=\"og:url\" content=\"https:\/\/www.notibras.com\/site\/sem-frescura-para-quem-tratou-milhares-de-covas-com-desdem\/\" \/>\n<meta property=\"og:site_name\" content=\"Notibras\" \/>\n<meta property=\"article:publisher\" content=\"https:\/\/www.facebook.com\/notibras\/\" \/>\n<meta property=\"article:published_time\" content=\"2026-03-14T05:30:28+00:00\" \/>\n<meta property=\"og:image\" content=\"https:\/\/www.notibras.com\/site\/wp-content\/uploads\/2026\/03\/1001298724-1024x683.png\" \/>\n\t<meta property=\"og:image:width\" content=\"1024\" \/>\n\t<meta property=\"og:image:height\" content=\"683\" \/>\n\t<meta property=\"og:image:type\" content=\"image\/png\" \/>\n<meta name=\"author\" content=\"Eduardo Mart\u00ednez\" \/>\n<meta name=\"twitter:card\" content=\"summary_large_image\" \/>\n<meta name=\"twitter:creator\" content=\"@Notibras\" \/>\n<meta name=\"twitter:site\" content=\"@Notibras\" \/>\n<meta name=\"twitter:label1\" content=\"Escrito por\" \/>\n\t<meta name=\"twitter:data1\" content=\"Eduardo Mart\u00ednez\" \/>\n\t<meta name=\"twitter:label2\" content=\"Est. tempo de leitura\" \/>\n\t<meta name=\"twitter:data2\" content=\"1 minuto\" \/>\n<script type=\"application\/ld+json\" class=\"yoast-schema-graph\">{\"@context\":\"https:\/\/schema.org\",\"@graph\":[{\"@type\":\"Article\",\"@id\":\"https:\/\/www.notibras.com\/site\/sem-frescura-para-quem-tratou-milhares-de-covas-com-desdem\/#article\",\"isPartOf\":{\"@id\":\"https:\/\/www.notibras.com\/site\/sem-frescura-para-quem-tratou-milhares-de-covas-com-desdem\/\"},\"author\":{\"name\":\"Eduardo Mart\u00ednez\",\"@id\":\"https:\/\/www.notibras.com\/site\/#\/schema\/person\/5b7fabf2aedc3ada2105f03b22b4d3dd\"},\"headline\":\"Sem frescura para quem tratou milhares de covas com desd\u00e9m\",\"datePublished\":\"2026-03-14T05:30:28+00:00\",\"mainEntityOfPage\":{\"@id\":\"https:\/\/www.notibras.com\/site\/sem-frescura-para-quem-tratou-milhares-de-covas-com-desdem\/\"},\"wordCount\":161,\"publisher\":{\"@id\":\"https:\/\/www.notibras.com\/site\/#organization\"},\"image\":{\"@id\":\"https:\/\/www.notibras.com\/site\/sem-frescura-para-quem-tratou-milhares-de-covas-com-desdem\/#primaryimage\"},\"thumbnailUrl\":\"https:\/\/www.notibras.com\/site\/wp-content\/uploads\/2026\/03\/1001298724.png\",\"articleSection\":[\"Ponto de Vista\"],\"inLanguage\":\"pt-BR\"},{\"@type\":\"WebPage\",\"@id\":\"https:\/\/www.notibras.com\/site\/sem-frescura-para-quem-tratou-milhares-de-covas-com-desdem\/\",\"url\":\"https:\/\/www.notibras.com\/site\/sem-frescura-para-quem-tratou-milhares-de-covas-com-desdem\/\",\"name\":\"Sem frescura para quem tratou milhares de covas com desd\u00e9m - Notibras\",\"isPartOf\":{\"@id\":\"https:\/\/www.notibras.com\/site\/#website\"},\"primaryImageOfPage\":{\"@id\":\"https:\/\/www.notibras.com\/site\/sem-frescura-para-quem-tratou-milhares-de-covas-com-desdem\/#primaryimage\"},\"image\":{\"@id\":\"https:\/\/www.notibras.com\/site\/sem-frescura-para-quem-tratou-milhares-de-covas-com-desdem\/#primaryimage\"},\"thumbnailUrl\":\"https:\/\/www.notibras.com\/site\/wp-content\/uploads\/2026\/03\/1001298724.png\",\"datePublished\":\"2026-03-14T05:30:28+00:00\",\"breadcrumb\":{\"@id\":\"https:\/\/www.notibras.com\/site\/sem-frescura-para-quem-tratou-milhares-de-covas-com-desdem\/#breadcrumb\"},\"inLanguage\":\"pt-BR\",\"potentialAction\":[{\"@type\":\"ReadAction\",\"target\":[\"https:\/\/www.notibras.com\/site\/sem-frescura-para-quem-tratou-milhares-de-covas-com-desdem\/\"]}]},{\"@type\":\"ImageObject\",\"inLanguage\":\"pt-BR\",\"@id\":\"https:\/\/www.notibras.com\/site\/sem-frescura-para-quem-tratou-milhares-de-covas-com-desdem\/#primaryimage\",\"url\":\"https:\/\/www.notibras.com\/site\/wp-content\/uploads\/2026\/03\/1001298724.png\",\"contentUrl\":\"https:\/\/www.notibras.com\/site\/wp-content\/uploads\/2026\/03\/1001298724.png\",\"width\":1536,\"height\":1024},{\"@type\":\"BreadcrumbList\",\"@id\":\"https:\/\/www.notibras.com\/site\/sem-frescura-para-quem-tratou-milhares-de-covas-com-desdem\/#breadcrumb\",\"itemListElement\":[{\"@type\":\"ListItem\",\"position\":1,\"name\":\"In\u00edcio\",\"item\":\"https:\/\/www.notibras.com\/site\/\"},{\"@type\":\"ListItem\",\"position\":2,\"name\":\"Sem frescura para quem tratou milhares de covas com desd\u00e9m\"}]},{\"@type\":\"WebSite\",\"@id\":\"https:\/\/www.notibras.com\/site\/#website\",\"url\":\"https:\/\/www.notibras.com\/site\/\",\"name\":\"Notibras\",\"description\":\"Not\u00edcias de Bras\u00edlia, do Brasil e do Mundo\",\"publisher\":{\"@id\":\"https:\/\/www.notibras.com\/site\/#organization\"},\"potentialAction\":[{\"@type\":\"SearchAction\",\"target\":{\"@type\":\"EntryPoint\",\"urlTemplate\":\"https:\/\/www.notibras.com\/site\/?s={search_term_string}\"},\"query-input\":{\"@type\":\"PropertyValueSpecification\",\"valueRequired\":true,\"valueName\":\"search_term_string\"}}],\"inLanguage\":\"pt-BR\"},{\"@type\":\"Organization\",\"@id\":\"https:\/\/www.notibras.com\/site\/#organization\",\"name\":\"Grupo Notibras de Comunica\u00e7\u00e3o\",\"url\":\"https:\/\/www.notibras.com\/site\/\",\"logo\":{\"@type\":\"ImageObject\",\"inLanguage\":\"pt-BR\",\"@id\":\"https:\/\/www.notibras.com\/site\/#\/schema\/logo\/image\/\",\"url\":\"https:\/\/www.notibras.com\/site\/wp-content\/uploads\/2023\/01\/notibras23.png\",\"contentUrl\":\"https:\/\/www.notibras.com\/site\/wp-content\/uploads\/2023\/01\/notibras23.png\",\"width\":350,\"height\":87,\"caption\":\"Grupo Notibras de Comunica\u00e7\u00e3o\"},\"image\":{\"@id\":\"https:\/\/www.notibras.com\/site\/#\/schema\/logo\/image\/\"},\"sameAs\":[\"https:\/\/www.facebook.com\/notibras\/\",\"https:\/\/x.com\/Notibras\",\"https:\/\/www.instagram.com\/notibras\/\"]},{\"@type\":\"Person\",\"@id\":\"https:\/\/www.notibras.com\/site\/#\/schema\/person\/5b7fabf2aedc3ada2105f03b22b4d3dd\",\"name\":\"Eduardo Mart\u00ednez\",\"image\":{\"@type\":\"ImageObject\",\"inLanguage\":\"pt-BR\",\"@id\":\"https:\/\/secure.gravatar.com\/avatar\/7902f906289926289cbcda644b5197c796b893c6ffd7b9a536a42d290f7704a0?s=96&d=mm&r=g\",\"url\":\"https:\/\/secure.gravatar.com\/avatar\/7902f906289926289cbcda644b5197c796b893c6ffd7b9a536a42d290f7704a0?s=96&d=mm&r=g\",\"contentUrl\":\"https:\/\/secure.gravatar.com\/avatar\/7902f906289926289cbcda644b5197c796b893c6ffd7b9a536a42d290f7704a0?s=96&d=mm&r=g\",\"caption\":\"Eduardo Mart\u00ednez\"}}]}<\/script>\n<!-- \/ Yoast SEO plugin. -->","yoast_head_json":{"title":"Sem frescura para quem tratou milhares de covas com desd\u00e9m - Notibras","robots":{"index":"index","follow":"follow","max-snippet":"max-snippet:-1","max-image-preview":"max-image-preview:large","max-video-preview":"max-video-preview:-1"},"canonical":"https:\/\/www.notibras.com\/site\/sem-frescura-para-quem-tratou-milhares-de-covas-com-desdem\/","og_locale":"pt_BR","og_type":"article","og_title":"Sem frescura para quem tratou milhares de covas com desd\u00e9m - Notibras","og_description":"Em agosto de 2020 eu n\u00e3o pude nem velar nem enterrar a minha m\u00e3e. Eu moro no interior, ela morava em BH. Ela morreu de COVID. Enquanto eu chorava a perda dela, milhares de fam\u00edlias brasileiras tamb\u00e9m choravam seus pais, m\u00e3es, filhos e av\u00f3s. Naquele mesmo per\u00edodo, Jair Bolsonaro dizia coisas como: &#8220;Tem que deixar [&hellip;]","og_url":"https:\/\/www.notibras.com\/site\/sem-frescura-para-quem-tratou-milhares-de-covas-com-desdem\/","og_site_name":"Notibras","article_publisher":"https:\/\/www.facebook.com\/notibras\/","article_published_time":"2026-03-14T05:30:28+00:00","og_image":[{"width":1024,"height":683,"url":"https:\/\/www.notibras.com\/site\/wp-content\/uploads\/2026\/03\/1001298724-1024x683.png","type":"image\/png"}],"author":"Eduardo Mart\u00ednez","twitter_card":"summary_large_image","twitter_creator":"@Notibras","twitter_site":"@Notibras","twitter_misc":{"Escrito por":"Eduardo Mart\u00ednez","Est. tempo de leitura":"1 minuto"},"schema":{"@context":"https:\/\/schema.org","@graph":[{"@type":"Article","@id":"https:\/\/www.notibras.com\/site\/sem-frescura-para-quem-tratou-milhares-de-covas-com-desdem\/#article","isPartOf":{"@id":"https:\/\/www.notibras.com\/site\/sem-frescura-para-quem-tratou-milhares-de-covas-com-desdem\/"},"author":{"name":"Eduardo Mart\u00ednez","@id":"https:\/\/www.notibras.com\/site\/#\/schema\/person\/5b7fabf2aedc3ada2105f03b22b4d3dd"},"headline":"Sem frescura para quem tratou milhares de covas com desd\u00e9m","datePublished":"2026-03-14T05:30:28+00:00","mainEntityOfPage":{"@id":"https:\/\/www.notibras.com\/site\/sem-frescura-para-quem-tratou-milhares-de-covas-com-desdem\/"},"wordCount":161,"publisher":{"@id":"https:\/\/www.notibras.com\/site\/#organization"},"image":{"@id":"https:\/\/www.notibras.com\/site\/sem-frescura-para-quem-tratou-milhares-de-covas-com-desdem\/#primaryimage"},"thumbnailUrl":"https:\/\/www.notibras.com\/site\/wp-content\/uploads\/2026\/03\/1001298724.png","articleSection":["Ponto de Vista"],"inLanguage":"pt-BR"},{"@type":"WebPage","@id":"https:\/\/www.notibras.com\/site\/sem-frescura-para-quem-tratou-milhares-de-covas-com-desdem\/","url":"https:\/\/www.notibras.com\/site\/sem-frescura-para-quem-tratou-milhares-de-covas-com-desdem\/","name":"Sem frescura para quem tratou milhares de covas com desd\u00e9m - Notibras","isPartOf":{"@id":"https:\/\/www.notibras.com\/site\/#website"},"primaryImageOfPage":{"@id":"https:\/\/www.notibras.com\/site\/sem-frescura-para-quem-tratou-milhares-de-covas-com-desdem\/#primaryimage"},"image":{"@id":"https:\/\/www.notibras.com\/site\/sem-frescura-para-quem-tratou-milhares-de-covas-com-desdem\/#primaryimage"},"thumbnailUrl":"https:\/\/www.notibras.com\/site\/wp-content\/uploads\/2026\/03\/1001298724.png","datePublished":"2026-03-14T05:30:28+00:00","breadcrumb":{"@id":"https:\/\/www.notibras.com\/site\/sem-frescura-para-quem-tratou-milhares-de-covas-com-desdem\/#breadcrumb"},"inLanguage":"pt-BR","potentialAction":[{"@type":"ReadAction","target":["https:\/\/www.notibras.com\/site\/sem-frescura-para-quem-tratou-milhares-de-covas-com-desdem\/"]}]},{"@type":"ImageObject","inLanguage":"pt-BR","@id":"https:\/\/www.notibras.com\/site\/sem-frescura-para-quem-tratou-milhares-de-covas-com-desdem\/#primaryimage","url":"https:\/\/www.notibras.com\/site\/wp-content\/uploads\/2026\/03\/1001298724.png","contentUrl":"https:\/\/www.notibras.com\/site\/wp-content\/uploads\/2026\/03\/1001298724.png","width":1536,"height":1024},{"@type":"BreadcrumbList","@id":"https:\/\/www.notibras.com\/site\/sem-frescura-para-quem-tratou-milhares-de-covas-com-desdem\/#breadcrumb","itemListElement":[{"@type":"ListItem","position":1,"name":"In\u00edcio","item":"https:\/\/www.notibras.com\/site\/"},{"@type":"ListItem","position":2,"name":"Sem frescura para quem tratou milhares de covas com desd\u00e9m"}]},{"@type":"WebSite","@id":"https:\/\/www.notibras.com\/site\/#website","url":"https:\/\/www.notibras.com\/site\/","name":"Notibras","description":"Not\u00edcias de Bras\u00edlia, do Brasil e do Mundo","publisher":{"@id":"https:\/\/www.notibras.com\/site\/#organization"},"potentialAction":[{"@type":"SearchAction","target":{"@type":"EntryPoint","urlTemplate":"https:\/\/www.notibras.com\/site\/?s={search_term_string}"},"query-input":{"@type":"PropertyValueSpecification","valueRequired":true,"valueName":"search_term_string"}}],"inLanguage":"pt-BR"},{"@type":"Organization","@id":"https:\/\/www.notibras.com\/site\/#organization","name":"Grupo Notibras de Comunica\u00e7\u00e3o","url":"https:\/\/www.notibras.com\/site\/","logo":{"@type":"ImageObject","inLanguage":"pt-BR","@id":"https:\/\/www.notibras.com\/site\/#\/schema\/logo\/image\/","url":"https:\/\/www.notibras.com\/site\/wp-content\/uploads\/2023\/01\/notibras23.png","contentUrl":"https:\/\/www.notibras.com\/site\/wp-content\/uploads\/2023\/01\/notibras23.png","width":350,"height":87,"caption":"Grupo Notibras de Comunica\u00e7\u00e3o"},"image":{"@id":"https:\/\/www.notibras.com\/site\/#\/schema\/logo\/image\/"},"sameAs":["https:\/\/www.facebook.com\/notibras\/","https:\/\/x.com\/Notibras","https:\/\/www.instagram.com\/notibras\/"]},{"@type":"Person","@id":"https:\/\/www.notibras.com\/site\/#\/schema\/person\/5b7fabf2aedc3ada2105f03b22b4d3dd","name":"Eduardo Mart\u00ednez","image":{"@type":"ImageObject","inLanguage":"pt-BR","@id":"https:\/\/secure.gravatar.com\/avatar\/7902f906289926289cbcda644b5197c796b893c6ffd7b9a536a42d290f7704a0?s=96&d=mm&r=g","url":"https:\/\/secure.gravatar.com\/avatar\/7902f906289926289cbcda644b5197c796b893c6ffd7b9a536a42d290f7704a0?s=96&d=mm&r=g","contentUrl":"https:\/\/secure.gravatar.com\/avatar\/7902f906289926289cbcda644b5197c796b893c6ffd7b9a536a42d290f7704a0?s=96&d=mm&r=g","caption":"Eduardo Mart\u00ednez"}}]}},"amp_enabled":true,"_links":{"self":[{"href":"https:\/\/www.notibras.com\/site\/wp-json\/wp\/v2\/posts\/386888","targetHints":{"allow":["GET"]}}],"collection":[{"href":"https:\/\/www.notibras.com\/site\/wp-json\/wp\/v2\/posts"}],"about":[{"href":"https:\/\/www.notibras.com\/site\/wp-json\/wp\/v2\/types\/post"}],"author":[{"embeddable":true,"href":"https:\/\/www.notibras.com\/site\/wp-json\/wp\/v2\/users\/21"}],"replies":[{"embeddable":true,"href":"https:\/\/www.notibras.com\/site\/wp-json\/wp\/v2\/comments?post=386888"}],"version-history":[{"count":3,"href":"https:\/\/www.notibras.com\/site\/wp-json\/wp\/v2\/posts\/386888\/revisions"}],"predecessor-version":[{"id":386892,"href":"https:\/\/www.notibras.com\/site\/wp-json\/wp\/v2\/posts\/386888\/revisions\/386892"}],"wp:featuredmedia":[{"embeddable":true,"href":"https:\/\/www.notibras.com\/site\/wp-json\/wp\/v2\/media\/386890"}],"wp:attachment":[{"href":"https:\/\/www.notibras.com\/site\/wp-json\/wp\/v2\/media?parent=386888"}],"wp:term":[{"taxonomy":"category","embeddable":true,"href":"https:\/\/www.notibras.com\/site\/wp-json\/wp\/v2\/categories?post=386888"},{"taxonomy":"post_tag","embeddable":true,"href":"https:\/\/www.notibras.com\/site\/wp-json\/wp\/v2\/tags?post=386888"}],"curies":[{"name":"wp","href":"https:\/\/api.w.org\/{rel}","templated":true}]}}