{"id":386897,"date":"2026-03-15T01:15:05","date_gmt":"2026-03-15T04:15:05","guid":{"rendered":"https:\/\/www.notibras.com\/site\/?p=386897"},"modified":"2026-03-14T04:39:36","modified_gmt":"2026-03-14T07:39:36","slug":"o-legado-provocador-de-carmen-dolores","status":"publish","type":"post","link":"https:\/\/www.notibras.com\/site\/o-legado-provocador-de-carmen-dolores\/","title":{"rendered":"O legado provocador de Carmen Dolores"},"content":{"rendered":"<p>A retratada de hoje em<strong> O Lado B da Literatura<\/strong> \u00e9 algu\u00e9m que desafiou as conven\u00e7\u00f5es de sua \u00e9poca sob o pseud\u00f4nimo de Carmen Dolores. Nascida no Rio de Janeiro em 11 de mar\u00e7o de 1852, Em\u00edlia Moncorvo Bandeira de Melo consolidou-se como uma figura multifacetada na cultura brasileira, atuando com maestria como jornalista, romancista, contista, dramaturga e cr\u00edtica liter\u00e1ria.<\/p>\n<p>Ao lado de Maria Benedita Bormann, ela ocupa um lugar de destaque como uma das \u00fanicas representantes femininas da est\u00e9tica naturalista em nossa literatura. Sua trajet\u00f3ria na escrita come\u00e7ou pelo puro prazer das letras, mas transformou-se em uma carreira profissional por necessidade financeira, exercida com tamanha compet\u00eancia que, ao falecer, Carmen era a colunista mais bem paga do prestigiado peri\u00f3dico <em>O Pa\u00eds<\/em>.<\/p>\n<p>A escritora foi uma voz pioneira na defesa da educa\u00e7\u00e3o feminina e na valoriza\u00e7\u00e3o da mulher no mercado de trabalho. Em um per\u00edodo de costumes r\u00edgidos, n\u00e3o hesitou em se posicionar publicamente a favor do div\u00f3rcio, embora curiosamente n\u00e3o tenha demonstrado o mesmo engajamento em rela\u00e7\u00e3o ao movimento pelo sufr\u00e1gio feminino, focando suas cr\u00edticas nas estruturas sociais e laborais.<\/p>\n<p>Sua produ\u00e7\u00e3o liter\u00e1ria mais c\u00e9lebre \u00e9 o romance <em>A Luta<\/em>, uma obra de est\u00e9tica naturalista publicada pela editora H. Garnier em 1911. Antes de ganhar o formato de livro, a hist\u00f3ria foi apresentada ao p\u00fablico em cap\u00edtulos, tendo sido publicada originalmente como folhetim pelo <em>Jornal do Commercio<\/em> durante o ano de 1909.<\/p>\n<p>A relev\u00e2ncia de sua fic\u00e7\u00e3o foi reconhecida pela cr\u00edtica L\u00facia Miguel Pereira, que destacou a habilidade da autora em focalizar a instabilidade social e moral das mulheres da virada do s\u00e9culo. Em seus textos, Carmen Dolores explorava o dilema daquelas que n\u00e3o aceitavam a sujei\u00e7\u00e3o da vida familiar tradicional, mas temiam perder a seguran\u00e7a e os benef\u00edcios que essa estrutura lhes proporcionava.<\/p>\n<p>Em\u00edlia faleceu no Rio de Janeiro em agosto de 1910 \u2014 embora algumas fontes citem o ano de 1911 \u2014, deixando um legado de colabora\u00e7\u00f5es em diversas revistas, como <em>A Vida Elegante<\/em>. Sua trajet\u00f3ria em <strong>O Lado B da Literatura<\/strong> reafirma a import\u00e2ncia de resgatar vozes que, mesmo alcan\u00e7ando grande sucesso em vida, foram obscurecidas pelo tempo na hist\u00f3ria oficial.<\/p>\n<p>\u2026\u2026\u2026\u2026\u2026\u2026\u2026..<\/p>\n<p><strong>Cassiano Cond\u00e9, 82, ga\u00facho, deixou de teclar reportagens nas reda\u00e7\u00f5es por onde passou. Agora finca os p\u00e9s nas areias da Praia do Cassino, em Rio Grande, onde extrai p\u00e9rolas que se transformam em cr\u00f4nicas.<\/strong><\/p>\n","protected":false},"excerpt":{"rendered":"<p>A retratada de hoje em O Lado B da Literatura \u00e9 algu\u00e9m que desafiou as conven\u00e7\u00f5es de sua \u00e9poca sob o pseud\u00f4nimo de Carmen Dolores. Nascida no Rio de Janeiro em 11 de mar\u00e7o de 1852, Em\u00edlia Moncorvo Bandeira de Melo consolidou-se como uma figura multifacetada na cultura brasileira, atuando com maestria como jornalista, romancista, [&hellip;]<\/p>\n","protected":false},"author":21,"featured_media":386899,"comment_status":"closed","ping_status":"closed","sticky":false,"template":"","format":"standard","meta":{"_acf_changed":false,"footnotes":""},"categories":[234],"tags":[],"class_list":["post-386897","post","type-post","status-publish","format-standard","has-post-thumbnail","hentry","category-cafe-literario"],"acf":[],"yoast_head":"<!-- This site is optimized with the Yoast SEO plugin v27.2 - https:\/\/yoast.com\/product\/yoast-seo-wordpress\/ -->\n<title>O legado provocador de Carmen Dolores - Notibras<\/title>\n<meta name=\"robots\" content=\"index, follow, max-snippet:-1, max-image-preview:large, max-video-preview:-1\" \/>\n<link rel=\"canonical\" href=\"https:\/\/www.notibras.com\/site\/o-legado-provocador-de-carmen-dolores\/\" \/>\n<meta property=\"og:locale\" content=\"pt_BR\" \/>\n<meta property=\"og:type\" content=\"article\" \/>\n<meta property=\"og:title\" content=\"O legado provocador de Carmen Dolores - Notibras\" \/>\n<meta property=\"og:description\" content=\"A retratada de hoje em O Lado B da Literatura \u00e9 algu\u00e9m que desafiou as conven\u00e7\u00f5es de sua \u00e9poca sob o pseud\u00f4nimo de Carmen Dolores. Nascida no Rio de Janeiro em 11 de mar\u00e7o de 1852, Em\u00edlia Moncorvo Bandeira de Melo consolidou-se como uma figura multifacetada na cultura brasileira, atuando com maestria como jornalista, romancista, [&hellip;]\" \/>\n<meta property=\"og:url\" content=\"https:\/\/www.notibras.com\/site\/o-legado-provocador-de-carmen-dolores\/\" \/>\n<meta property=\"og:site_name\" content=\"Notibras\" \/>\n<meta property=\"article:publisher\" content=\"https:\/\/www.facebook.com\/notibras\/\" \/>\n<meta property=\"article:published_time\" content=\"2026-03-15T04:15:05+00:00\" \/>\n<meta property=\"og:image\" content=\"https:\/\/www.notibras.com\/site\/wp-content\/uploads\/2026\/03\/17043163176595cd9d20370_1704316317_3x2_md.jpg\" \/>\n\t<meta property=\"og:image:width\" content=\"768\" \/>\n\t<meta property=\"og:image:height\" content=\"512\" \/>\n\t<meta property=\"og:image:type\" content=\"image\/jpeg\" \/>\n<meta name=\"author\" content=\"Eduardo Mart\u00ednez\" \/>\n<meta name=\"twitter:card\" content=\"summary_large_image\" \/>\n<meta name=\"twitter:creator\" content=\"@Notibras\" \/>\n<meta name=\"twitter:site\" content=\"@Notibras\" \/>\n<meta name=\"twitter:label1\" content=\"Escrito por\" \/>\n\t<meta name=\"twitter:data1\" content=\"Eduardo Mart\u00ednez\" \/>\n\t<meta name=\"twitter:label2\" content=\"Est. tempo de leitura\" \/>\n\t<meta name=\"twitter:data2\" content=\"3 minutos\" \/>\n<script type=\"application\/ld+json\" class=\"yoast-schema-graph\">{\"@context\":\"https:\/\/schema.org\",\"@graph\":[{\"@type\":\"Article\",\"@id\":\"https:\/\/www.notibras.com\/site\/o-legado-provocador-de-carmen-dolores\/#article\",\"isPartOf\":{\"@id\":\"https:\/\/www.notibras.com\/site\/o-legado-provocador-de-carmen-dolores\/\"},\"author\":{\"name\":\"Eduardo Mart\u00ednez\",\"@id\":\"https:\/\/www.notibras.com\/site\/#\/schema\/person\/5b7fabf2aedc3ada2105f03b22b4d3dd\"},\"headline\":\"O legado provocador de Carmen Dolores\",\"datePublished\":\"2026-03-15T04:15:05+00:00\",\"mainEntityOfPage\":{\"@id\":\"https:\/\/www.notibras.com\/site\/o-legado-provocador-de-carmen-dolores\/\"},\"wordCount\":434,\"publisher\":{\"@id\":\"https:\/\/www.notibras.com\/site\/#organization\"},\"image\":{\"@id\":\"https:\/\/www.notibras.com\/site\/o-legado-provocador-de-carmen-dolores\/#primaryimage\"},\"thumbnailUrl\":\"https:\/\/www.notibras.com\/site\/wp-content\/uploads\/2026\/03\/17043163176595cd9d20370_1704316317_3x2_md.jpg\",\"articleSection\":[\"Caf\u00e9 Liter\u00e1rio\"],\"inLanguage\":\"pt-BR\"},{\"@type\":\"WebPage\",\"@id\":\"https:\/\/www.notibras.com\/site\/o-legado-provocador-de-carmen-dolores\/\",\"url\":\"https:\/\/www.notibras.com\/site\/o-legado-provocador-de-carmen-dolores\/\",\"name\":\"O legado provocador de Carmen Dolores - Notibras\",\"isPartOf\":{\"@id\":\"https:\/\/www.notibras.com\/site\/#website\"},\"primaryImageOfPage\":{\"@id\":\"https:\/\/www.notibras.com\/site\/o-legado-provocador-de-carmen-dolores\/#primaryimage\"},\"image\":{\"@id\":\"https:\/\/www.notibras.com\/site\/o-legado-provocador-de-carmen-dolores\/#primaryimage\"},\"thumbnailUrl\":\"https:\/\/www.notibras.com\/site\/wp-content\/uploads\/2026\/03\/17043163176595cd9d20370_1704316317_3x2_md.jpg\",\"datePublished\":\"2026-03-15T04:15:05+00:00\",\"breadcrumb\":{\"@id\":\"https:\/\/www.notibras.com\/site\/o-legado-provocador-de-carmen-dolores\/#breadcrumb\"},\"inLanguage\":\"pt-BR\",\"potentialAction\":[{\"@type\":\"ReadAction\",\"target\":[\"https:\/\/www.notibras.com\/site\/o-legado-provocador-de-carmen-dolores\/\"]}]},{\"@type\":\"ImageObject\",\"inLanguage\":\"pt-BR\",\"@id\":\"https:\/\/www.notibras.com\/site\/o-legado-provocador-de-carmen-dolores\/#primaryimage\",\"url\":\"https:\/\/www.notibras.com\/site\/wp-content\/uploads\/2026\/03\/17043163176595cd9d20370_1704316317_3x2_md.jpg\",\"contentUrl\":\"https:\/\/www.notibras.com\/site\/wp-content\/uploads\/2026\/03\/17043163176595cd9d20370_1704316317_3x2_md.jpg\",\"width\":768,\"height\":512},{\"@type\":\"BreadcrumbList\",\"@id\":\"https:\/\/www.notibras.com\/site\/o-legado-provocador-de-carmen-dolores\/#breadcrumb\",\"itemListElement\":[{\"@type\":\"ListItem\",\"position\":1,\"name\":\"In\u00edcio\",\"item\":\"https:\/\/www.notibras.com\/site\/\"},{\"@type\":\"ListItem\",\"position\":2,\"name\":\"O legado provocador de Carmen Dolores\"}]},{\"@type\":\"WebSite\",\"@id\":\"https:\/\/www.notibras.com\/site\/#website\",\"url\":\"https:\/\/www.notibras.com\/site\/\",\"name\":\"Notibras\",\"description\":\"Not\u00edcias de Bras\u00edlia, do Brasil e do Mundo\",\"publisher\":{\"@id\":\"https:\/\/www.notibras.com\/site\/#organization\"},\"potentialAction\":[{\"@type\":\"SearchAction\",\"target\":{\"@type\":\"EntryPoint\",\"urlTemplate\":\"https:\/\/www.notibras.com\/site\/?s={search_term_string}\"},\"query-input\":{\"@type\":\"PropertyValueSpecification\",\"valueRequired\":true,\"valueName\":\"search_term_string\"}}],\"inLanguage\":\"pt-BR\"},{\"@type\":\"Organization\",\"@id\":\"https:\/\/www.notibras.com\/site\/#organization\",\"name\":\"Grupo Notibras de Comunica\u00e7\u00e3o\",\"url\":\"https:\/\/www.notibras.com\/site\/\",\"logo\":{\"@type\":\"ImageObject\",\"inLanguage\":\"pt-BR\",\"@id\":\"https:\/\/www.notibras.com\/site\/#\/schema\/logo\/image\/\",\"url\":\"https:\/\/www.notibras.com\/site\/wp-content\/uploads\/2023\/01\/notibras23.png\",\"contentUrl\":\"https:\/\/www.notibras.com\/site\/wp-content\/uploads\/2023\/01\/notibras23.png\",\"width\":350,\"height\":87,\"caption\":\"Grupo Notibras de Comunica\u00e7\u00e3o\"},\"image\":{\"@id\":\"https:\/\/www.notibras.com\/site\/#\/schema\/logo\/image\/\"},\"sameAs\":[\"https:\/\/www.facebook.com\/notibras\/\",\"https:\/\/x.com\/Notibras\",\"https:\/\/www.instagram.com\/notibras\/\"]},{\"@type\":\"Person\",\"@id\":\"https:\/\/www.notibras.com\/site\/#\/schema\/person\/5b7fabf2aedc3ada2105f03b22b4d3dd\",\"name\":\"Eduardo Mart\u00ednez\",\"image\":{\"@type\":\"ImageObject\",\"inLanguage\":\"pt-BR\",\"@id\":\"https:\/\/secure.gravatar.com\/avatar\/7902f906289926289cbcda644b5197c796b893c6ffd7b9a536a42d290f7704a0?s=96&d=mm&r=g\",\"url\":\"https:\/\/secure.gravatar.com\/avatar\/7902f906289926289cbcda644b5197c796b893c6ffd7b9a536a42d290f7704a0?s=96&d=mm&r=g\",\"contentUrl\":\"https:\/\/secure.gravatar.com\/avatar\/7902f906289926289cbcda644b5197c796b893c6ffd7b9a536a42d290f7704a0?s=96&d=mm&r=g\",\"caption\":\"Eduardo Mart\u00ednez\"}}]}<\/script>\n<!-- \/ Yoast SEO plugin. -->","yoast_head_json":{"title":"O legado provocador de Carmen Dolores - Notibras","robots":{"index":"index","follow":"follow","max-snippet":"max-snippet:-1","max-image-preview":"max-image-preview:large","max-video-preview":"max-video-preview:-1"},"canonical":"https:\/\/www.notibras.com\/site\/o-legado-provocador-de-carmen-dolores\/","og_locale":"pt_BR","og_type":"article","og_title":"O legado provocador de Carmen Dolores - Notibras","og_description":"A retratada de hoje em O Lado B da Literatura \u00e9 algu\u00e9m que desafiou as conven\u00e7\u00f5es de sua \u00e9poca sob o pseud\u00f4nimo de Carmen Dolores. Nascida no Rio de Janeiro em 11 de mar\u00e7o de 1852, Em\u00edlia Moncorvo Bandeira de Melo consolidou-se como uma figura multifacetada na cultura brasileira, atuando com maestria como jornalista, romancista, [&hellip;]","og_url":"https:\/\/www.notibras.com\/site\/o-legado-provocador-de-carmen-dolores\/","og_site_name":"Notibras","article_publisher":"https:\/\/www.facebook.com\/notibras\/","article_published_time":"2026-03-15T04:15:05+00:00","og_image":[{"width":768,"height":512,"url":"https:\/\/www.notibras.com\/site\/wp-content\/uploads\/2026\/03\/17043163176595cd9d20370_1704316317_3x2_md.jpg","type":"image\/jpeg"}],"author":"Eduardo Mart\u00ednez","twitter_card":"summary_large_image","twitter_creator":"@Notibras","twitter_site":"@Notibras","twitter_misc":{"Escrito por":"Eduardo Mart\u00ednez","Est. tempo de leitura":"3 minutos"},"schema":{"@context":"https:\/\/schema.org","@graph":[{"@type":"Article","@id":"https:\/\/www.notibras.com\/site\/o-legado-provocador-de-carmen-dolores\/#article","isPartOf":{"@id":"https:\/\/www.notibras.com\/site\/o-legado-provocador-de-carmen-dolores\/"},"author":{"name":"Eduardo Mart\u00ednez","@id":"https:\/\/www.notibras.com\/site\/#\/schema\/person\/5b7fabf2aedc3ada2105f03b22b4d3dd"},"headline":"O legado provocador de Carmen Dolores","datePublished":"2026-03-15T04:15:05+00:00","mainEntityOfPage":{"@id":"https:\/\/www.notibras.com\/site\/o-legado-provocador-de-carmen-dolores\/"},"wordCount":434,"publisher":{"@id":"https:\/\/www.notibras.com\/site\/#organization"},"image":{"@id":"https:\/\/www.notibras.com\/site\/o-legado-provocador-de-carmen-dolores\/#primaryimage"},"thumbnailUrl":"https:\/\/www.notibras.com\/site\/wp-content\/uploads\/2026\/03\/17043163176595cd9d20370_1704316317_3x2_md.jpg","articleSection":["Caf\u00e9 Liter\u00e1rio"],"inLanguage":"pt-BR"},{"@type":"WebPage","@id":"https:\/\/www.notibras.com\/site\/o-legado-provocador-de-carmen-dolores\/","url":"https:\/\/www.notibras.com\/site\/o-legado-provocador-de-carmen-dolores\/","name":"O legado provocador de Carmen Dolores - Notibras","isPartOf":{"@id":"https:\/\/www.notibras.com\/site\/#website"},"primaryImageOfPage":{"@id":"https:\/\/www.notibras.com\/site\/o-legado-provocador-de-carmen-dolores\/#primaryimage"},"image":{"@id":"https:\/\/www.notibras.com\/site\/o-legado-provocador-de-carmen-dolores\/#primaryimage"},"thumbnailUrl":"https:\/\/www.notibras.com\/site\/wp-content\/uploads\/2026\/03\/17043163176595cd9d20370_1704316317_3x2_md.jpg","datePublished":"2026-03-15T04:15:05+00:00","breadcrumb":{"@id":"https:\/\/www.notibras.com\/site\/o-legado-provocador-de-carmen-dolores\/#breadcrumb"},"inLanguage":"pt-BR","potentialAction":[{"@type":"ReadAction","target":["https:\/\/www.notibras.com\/site\/o-legado-provocador-de-carmen-dolores\/"]}]},{"@type":"ImageObject","inLanguage":"pt-BR","@id":"https:\/\/www.notibras.com\/site\/o-legado-provocador-de-carmen-dolores\/#primaryimage","url":"https:\/\/www.notibras.com\/site\/wp-content\/uploads\/2026\/03\/17043163176595cd9d20370_1704316317_3x2_md.jpg","contentUrl":"https:\/\/www.notibras.com\/site\/wp-content\/uploads\/2026\/03\/17043163176595cd9d20370_1704316317_3x2_md.jpg","width":768,"height":512},{"@type":"BreadcrumbList","@id":"https:\/\/www.notibras.com\/site\/o-legado-provocador-de-carmen-dolores\/#breadcrumb","itemListElement":[{"@type":"ListItem","position":1,"name":"In\u00edcio","item":"https:\/\/www.notibras.com\/site\/"},{"@type":"ListItem","position":2,"name":"O legado provocador de Carmen Dolores"}]},{"@type":"WebSite","@id":"https:\/\/www.notibras.com\/site\/#website","url":"https:\/\/www.notibras.com\/site\/","name":"Notibras","description":"Not\u00edcias de Bras\u00edlia, do Brasil e do Mundo","publisher":{"@id":"https:\/\/www.notibras.com\/site\/#organization"},"potentialAction":[{"@type":"SearchAction","target":{"@type":"EntryPoint","urlTemplate":"https:\/\/www.notibras.com\/site\/?s={search_term_string}"},"query-input":{"@type":"PropertyValueSpecification","valueRequired":true,"valueName":"search_term_string"}}],"inLanguage":"pt-BR"},{"@type":"Organization","@id":"https:\/\/www.notibras.com\/site\/#organization","name":"Grupo Notibras de Comunica\u00e7\u00e3o","url":"https:\/\/www.notibras.com\/site\/","logo":{"@type":"ImageObject","inLanguage":"pt-BR","@id":"https:\/\/www.notibras.com\/site\/#\/schema\/logo\/image\/","url":"https:\/\/www.notibras.com\/site\/wp-content\/uploads\/2023\/01\/notibras23.png","contentUrl":"https:\/\/www.notibras.com\/site\/wp-content\/uploads\/2023\/01\/notibras23.png","width":350,"height":87,"caption":"Grupo Notibras de Comunica\u00e7\u00e3o"},"image":{"@id":"https:\/\/www.notibras.com\/site\/#\/schema\/logo\/image\/"},"sameAs":["https:\/\/www.facebook.com\/notibras\/","https:\/\/x.com\/Notibras","https:\/\/www.instagram.com\/notibras\/"]},{"@type":"Person","@id":"https:\/\/www.notibras.com\/site\/#\/schema\/person\/5b7fabf2aedc3ada2105f03b22b4d3dd","name":"Eduardo Mart\u00ednez","image":{"@type":"ImageObject","inLanguage":"pt-BR","@id":"https:\/\/secure.gravatar.com\/avatar\/7902f906289926289cbcda644b5197c796b893c6ffd7b9a536a42d290f7704a0?s=96&d=mm&r=g","url":"https:\/\/secure.gravatar.com\/avatar\/7902f906289926289cbcda644b5197c796b893c6ffd7b9a536a42d290f7704a0?s=96&d=mm&r=g","contentUrl":"https:\/\/secure.gravatar.com\/avatar\/7902f906289926289cbcda644b5197c796b893c6ffd7b9a536a42d290f7704a0?s=96&d=mm&r=g","caption":"Eduardo Mart\u00ednez"}}]}},"amp_enabled":true,"_links":{"self":[{"href":"https:\/\/www.notibras.com\/site\/wp-json\/wp\/v2\/posts\/386897","targetHints":{"allow":["GET"]}}],"collection":[{"href":"https:\/\/www.notibras.com\/site\/wp-json\/wp\/v2\/posts"}],"about":[{"href":"https:\/\/www.notibras.com\/site\/wp-json\/wp\/v2\/types\/post"}],"author":[{"embeddable":true,"href":"https:\/\/www.notibras.com\/site\/wp-json\/wp\/v2\/users\/21"}],"replies":[{"embeddable":true,"href":"https:\/\/www.notibras.com\/site\/wp-json\/wp\/v2\/comments?post=386897"}],"version-history":[{"count":3,"href":"https:\/\/www.notibras.com\/site\/wp-json\/wp\/v2\/posts\/386897\/revisions"}],"predecessor-version":[{"id":386901,"href":"https:\/\/www.notibras.com\/site\/wp-json\/wp\/v2\/posts\/386897\/revisions\/386901"}],"wp:featuredmedia":[{"embeddable":true,"href":"https:\/\/www.notibras.com\/site\/wp-json\/wp\/v2\/media\/386899"}],"wp:attachment":[{"href":"https:\/\/www.notibras.com\/site\/wp-json\/wp\/v2\/media?parent=386897"}],"wp:term":[{"taxonomy":"category","embeddable":true,"href":"https:\/\/www.notibras.com\/site\/wp-json\/wp\/v2\/categories?post=386897"},{"taxonomy":"post_tag","embeddable":true,"href":"https:\/\/www.notibras.com\/site\/wp-json\/wp\/v2\/tags?post=386897"}],"curies":[{"name":"wp","href":"https:\/\/api.w.org\/{rel}","templated":true}]}}