{"id":386907,"date":"2026-03-15T00:30:57","date_gmt":"2026-03-15T03:30:57","guid":{"rendered":"https:\/\/www.notibras.com\/site\/?p=386907"},"modified":"2026-03-14T05:16:49","modified_gmt":"2026-03-14T08:16:49","slug":"quando-a-eternidade-respira-nas-palavras","status":"publish","type":"post","link":"https:\/\/www.notibras.com\/site\/quando-a-eternidade-respira-nas-palavras\/","title":{"rendered":"Quando a eternidade respira nas palavras"},"content":{"rendered":"<p>Diante de mim, a p\u00e1gina silenciosa me contempla,<br \/>\ncomo espelho que conhece minhas cicatrizes ocultas.<br \/>\nEla n\u00e3o me julga, apenas aguarda,<br \/>\ncomo templo aberto para receber minha confiss\u00e3o.<\/p>\n<p>Eu, tecel\u00e3o de sonhos, aproximo-me com a pena acesa,<br \/>\nvulner\u00e1vel, carregado de mem\u00f3rias que ainda ardem,<br \/>\nhist\u00f3rias que sobrevivem como brasas escondidas<br \/>\nquando pensei que j\u00e1 n\u00e3o havia chama em mim.<\/p>\n<p>O tempo n\u00e3o me apressa, apenas me acompanha.<br \/>\nO rel\u00f3gio pulsa ao meu lado como cora\u00e7\u00e3o externo,<br \/>\nlembrando-me que n\u00e3o escrevo contra o tempo,<br \/>\nmas dentro dele, como quem mergulha no infinito.<br \/>\nCada segundo n\u00e3o me rouba nada;<br \/>\nme oferece profundidade,<br \/>\npois quando escrevo com a alma,<br \/>\no instante se torna eternidade.<\/p>\n<p>No meu pulso, a pulseira vermelha e dourada<br \/>\nn\u00e3o \u00e9 ornamento: \u00e9 \u00e2ncora, \u00e9 f\u00e9, \u00e9 promessa.<br \/>\nEla me recorda que ainda estou aqui,<br \/>\nque ainda acredito,<br \/>\nque ainda tenho coragem de transformar dor em palavra<br \/>\ne palavra em ref\u00fagio.<br \/>\nCada conta \u00e9 batalha vencida em sil\u00eancio,<br \/>\ncada n\u00f3 \u00e9 ora\u00e7\u00e3o que permanece viva.<\/p>\n<p>Respiro. E nesse sopro percebo:<br \/>\na folha n\u00e3o \u00e9 vazia, \u00e9 universo.<br \/>\nEla espera que eu me despe sem medo,<br \/>\nque eu derrame sobre ela minhas sombras e minhas luzes,<br \/>\nmeus naufr\u00e1gios e meus milagres.<br \/>\nN\u00e3o escrevo por of\u00edcio;<br \/>\nescrevo porque se n\u00e3o o fizer,<br \/>\na alma se desfaz em sil\u00eancio.<\/p>\n<p>Quando a caneta toca o papel, tudo se alinha.<br \/>\nO tempo se curva, a f\u00e9 me sustenta,<br \/>\ne cumpro meu destino:<br \/>\ndar voz ao invis\u00edvel,<br \/>\nvestir de letras o que d\u00f3i, o que ama, o que sonha.<\/p>\n<p>Porque eu sou guardi\u00e3o de auroras,<br \/>\nescritor de eternidades,<br \/>\ne cada palavra que nasce de mim<br \/>\n\u00e9 um ato de f\u00e9 contra o esquecimento.<\/p>\n","protected":false},"excerpt":{"rendered":"<p>Diante de mim, a p\u00e1gina silenciosa me contempla, como espelho que conhece minhas cicatrizes ocultas. Ela n\u00e3o me julga, apenas aguarda, como templo aberto para receber minha confiss\u00e3o. Eu, tecel\u00e3o de sonhos, aproximo-me com a pena acesa, vulner\u00e1vel, carregado de mem\u00f3rias que ainda ardem, hist\u00f3rias que sobrevivem como brasas escondidas quando pensei que j\u00e1 n\u00e3o [&hellip;]<\/p>\n","protected":false},"author":21,"featured_media":386908,"comment_status":"closed","ping_status":"closed","sticky":false,"template":"","format":"standard","meta":{"_acf_changed":false,"footnotes":""},"categories":[234],"tags":[],"class_list":["post-386907","post","type-post","status-publish","format-standard","has-post-thumbnail","hentry","category-cafe-literario"],"acf":[],"yoast_head":"<!-- This site is optimized with the Yoast SEO plugin v27.2 - https:\/\/yoast.com\/product\/yoast-seo-wordpress\/ -->\n<title>Quando a eternidade respira nas palavras - Notibras<\/title>\n<meta name=\"robots\" content=\"index, follow, max-snippet:-1, max-image-preview:large, max-video-preview:-1\" \/>\n<link rel=\"canonical\" href=\"https:\/\/www.notibras.com\/site\/quando-a-eternidade-respira-nas-palavras\/\" \/>\n<meta property=\"og:locale\" content=\"pt_BR\" \/>\n<meta property=\"og:type\" content=\"article\" \/>\n<meta property=\"og:title\" content=\"Quando a eternidade respira nas palavras - Notibras\" \/>\n<meta property=\"og:description\" content=\"Diante de mim, a p\u00e1gina silenciosa me contempla, como espelho que conhece minhas cicatrizes ocultas. Ela n\u00e3o me julga, apenas aguarda, como templo aberto para receber minha confiss\u00e3o. Eu, tecel\u00e3o de sonhos, aproximo-me com a pena acesa, vulner\u00e1vel, carregado de mem\u00f3rias que ainda ardem, hist\u00f3rias que sobrevivem como brasas escondidas quando pensei que j\u00e1 n\u00e3o [&hellip;]\" \/>\n<meta property=\"og:url\" content=\"https:\/\/www.notibras.com\/site\/quando-a-eternidade-respira-nas-palavras\/\" \/>\n<meta property=\"og:site_name\" content=\"Notibras\" \/>\n<meta property=\"article:publisher\" content=\"https:\/\/www.facebook.com\/notibras\/\" \/>\n<meta property=\"article:published_time\" content=\"2026-03-15T03:30:57+00:00\" \/>\n<meta property=\"og:image\" content=\"https:\/\/www.notibras.com\/site\/wp-content\/uploads\/2026\/03\/WhatsApp-Image-2026-03-14-at-04.59.39.jpeg\" \/>\n\t<meta property=\"og:image:width\" content=\"1304\" \/>\n\t<meta property=\"og:image:height\" content=\"768\" \/>\n\t<meta property=\"og:image:type\" content=\"image\/jpeg\" \/>\n<meta name=\"author\" content=\"Eduardo Mart\u00ednez\" \/>\n<meta name=\"twitter:card\" content=\"summary_large_image\" \/>\n<meta name=\"twitter:creator\" content=\"@Notibras\" \/>\n<meta name=\"twitter:site\" content=\"@Notibras\" \/>\n<meta name=\"twitter:label1\" content=\"Escrito por\" \/>\n\t<meta name=\"twitter:data1\" content=\"Eduardo Mart\u00ednez\" \/>\n\t<meta name=\"twitter:label2\" content=\"Est. tempo de leitura\" \/>\n\t<meta name=\"twitter:data2\" content=\"2 minutos\" \/>\n<script type=\"application\/ld+json\" class=\"yoast-schema-graph\">{\"@context\":\"https:\/\/schema.org\",\"@graph\":[{\"@type\":\"Article\",\"@id\":\"https:\/\/www.notibras.com\/site\/quando-a-eternidade-respira-nas-palavras\/#article\",\"isPartOf\":{\"@id\":\"https:\/\/www.notibras.com\/site\/quando-a-eternidade-respira-nas-palavras\/\"},\"author\":{\"name\":\"Eduardo Mart\u00ednez\",\"@id\":\"https:\/\/www.notibras.com\/site\/#\/schema\/person\/5b7fabf2aedc3ada2105f03b22b4d3dd\"},\"headline\":\"Quando a eternidade respira nas palavras\",\"datePublished\":\"2026-03-15T03:30:57+00:00\",\"mainEntityOfPage\":{\"@id\":\"https:\/\/www.notibras.com\/site\/quando-a-eternidade-respira-nas-palavras\/\"},\"wordCount\":300,\"publisher\":{\"@id\":\"https:\/\/www.notibras.com\/site\/#organization\"},\"image\":{\"@id\":\"https:\/\/www.notibras.com\/site\/quando-a-eternidade-respira-nas-palavras\/#primaryimage\"},\"thumbnailUrl\":\"https:\/\/www.notibras.com\/site\/wp-content\/uploads\/2026\/03\/WhatsApp-Image-2026-03-14-at-04.59.39.jpeg\",\"articleSection\":[\"Caf\u00e9 Liter\u00e1rio\"],\"inLanguage\":\"pt-BR\"},{\"@type\":\"WebPage\",\"@id\":\"https:\/\/www.notibras.com\/site\/quando-a-eternidade-respira-nas-palavras\/\",\"url\":\"https:\/\/www.notibras.com\/site\/quando-a-eternidade-respira-nas-palavras\/\",\"name\":\"Quando a eternidade respira nas palavras - Notibras\",\"isPartOf\":{\"@id\":\"https:\/\/www.notibras.com\/site\/#website\"},\"primaryImageOfPage\":{\"@id\":\"https:\/\/www.notibras.com\/site\/quando-a-eternidade-respira-nas-palavras\/#primaryimage\"},\"image\":{\"@id\":\"https:\/\/www.notibras.com\/site\/quando-a-eternidade-respira-nas-palavras\/#primaryimage\"},\"thumbnailUrl\":\"https:\/\/www.notibras.com\/site\/wp-content\/uploads\/2026\/03\/WhatsApp-Image-2026-03-14-at-04.59.39.jpeg\",\"datePublished\":\"2026-03-15T03:30:57+00:00\",\"breadcrumb\":{\"@id\":\"https:\/\/www.notibras.com\/site\/quando-a-eternidade-respira-nas-palavras\/#breadcrumb\"},\"inLanguage\":\"pt-BR\",\"potentialAction\":[{\"@type\":\"ReadAction\",\"target\":[\"https:\/\/www.notibras.com\/site\/quando-a-eternidade-respira-nas-palavras\/\"]}]},{\"@type\":\"ImageObject\",\"inLanguage\":\"pt-BR\",\"@id\":\"https:\/\/www.notibras.com\/site\/quando-a-eternidade-respira-nas-palavras\/#primaryimage\",\"url\":\"https:\/\/www.notibras.com\/site\/wp-content\/uploads\/2026\/03\/WhatsApp-Image-2026-03-14-at-04.59.39.jpeg\",\"contentUrl\":\"https:\/\/www.notibras.com\/site\/wp-content\/uploads\/2026\/03\/WhatsApp-Image-2026-03-14-at-04.59.39.jpeg\",\"width\":1304,\"height\":768},{\"@type\":\"BreadcrumbList\",\"@id\":\"https:\/\/www.notibras.com\/site\/quando-a-eternidade-respira-nas-palavras\/#breadcrumb\",\"itemListElement\":[{\"@type\":\"ListItem\",\"position\":1,\"name\":\"In\u00edcio\",\"item\":\"https:\/\/www.notibras.com\/site\/\"},{\"@type\":\"ListItem\",\"position\":2,\"name\":\"Quando a eternidade respira nas palavras\"}]},{\"@type\":\"WebSite\",\"@id\":\"https:\/\/www.notibras.com\/site\/#website\",\"url\":\"https:\/\/www.notibras.com\/site\/\",\"name\":\"Notibras\",\"description\":\"Not\u00edcias de Bras\u00edlia, do Brasil e do Mundo\",\"publisher\":{\"@id\":\"https:\/\/www.notibras.com\/site\/#organization\"},\"potentialAction\":[{\"@type\":\"SearchAction\",\"target\":{\"@type\":\"EntryPoint\",\"urlTemplate\":\"https:\/\/www.notibras.com\/site\/?s={search_term_string}\"},\"query-input\":{\"@type\":\"PropertyValueSpecification\",\"valueRequired\":true,\"valueName\":\"search_term_string\"}}],\"inLanguage\":\"pt-BR\"},{\"@type\":\"Organization\",\"@id\":\"https:\/\/www.notibras.com\/site\/#organization\",\"name\":\"Grupo Notibras de Comunica\u00e7\u00e3o\",\"url\":\"https:\/\/www.notibras.com\/site\/\",\"logo\":{\"@type\":\"ImageObject\",\"inLanguage\":\"pt-BR\",\"@id\":\"https:\/\/www.notibras.com\/site\/#\/schema\/logo\/image\/\",\"url\":\"https:\/\/www.notibras.com\/site\/wp-content\/uploads\/2023\/01\/notibras23.png\",\"contentUrl\":\"https:\/\/www.notibras.com\/site\/wp-content\/uploads\/2023\/01\/notibras23.png\",\"width\":350,\"height\":87,\"caption\":\"Grupo Notibras de Comunica\u00e7\u00e3o\"},\"image\":{\"@id\":\"https:\/\/www.notibras.com\/site\/#\/schema\/logo\/image\/\"},\"sameAs\":[\"https:\/\/www.facebook.com\/notibras\/\",\"https:\/\/x.com\/Notibras\",\"https:\/\/www.instagram.com\/notibras\/\"]},{\"@type\":\"Person\",\"@id\":\"https:\/\/www.notibras.com\/site\/#\/schema\/person\/5b7fabf2aedc3ada2105f03b22b4d3dd\",\"name\":\"Eduardo Mart\u00ednez\",\"image\":{\"@type\":\"ImageObject\",\"inLanguage\":\"pt-BR\",\"@id\":\"https:\/\/secure.gravatar.com\/avatar\/7902f906289926289cbcda644b5197c796b893c6ffd7b9a536a42d290f7704a0?s=96&d=mm&r=g\",\"url\":\"https:\/\/secure.gravatar.com\/avatar\/7902f906289926289cbcda644b5197c796b893c6ffd7b9a536a42d290f7704a0?s=96&d=mm&r=g\",\"contentUrl\":\"https:\/\/secure.gravatar.com\/avatar\/7902f906289926289cbcda644b5197c796b893c6ffd7b9a536a42d290f7704a0?s=96&d=mm&r=g\",\"caption\":\"Eduardo Mart\u00ednez\"}}]}<\/script>\n<!-- \/ Yoast SEO plugin. -->","yoast_head_json":{"title":"Quando a eternidade respira nas palavras - Notibras","robots":{"index":"index","follow":"follow","max-snippet":"max-snippet:-1","max-image-preview":"max-image-preview:large","max-video-preview":"max-video-preview:-1"},"canonical":"https:\/\/www.notibras.com\/site\/quando-a-eternidade-respira-nas-palavras\/","og_locale":"pt_BR","og_type":"article","og_title":"Quando a eternidade respira nas palavras - Notibras","og_description":"Diante de mim, a p\u00e1gina silenciosa me contempla, como espelho que conhece minhas cicatrizes ocultas. Ela n\u00e3o me julga, apenas aguarda, como templo aberto para receber minha confiss\u00e3o. Eu, tecel\u00e3o de sonhos, aproximo-me com a pena acesa, vulner\u00e1vel, carregado de mem\u00f3rias que ainda ardem, hist\u00f3rias que sobrevivem como brasas escondidas quando pensei que j\u00e1 n\u00e3o [&hellip;]","og_url":"https:\/\/www.notibras.com\/site\/quando-a-eternidade-respira-nas-palavras\/","og_site_name":"Notibras","article_publisher":"https:\/\/www.facebook.com\/notibras\/","article_published_time":"2026-03-15T03:30:57+00:00","og_image":[{"width":1304,"height":768,"url":"https:\/\/www.notibras.com\/site\/wp-content\/uploads\/2026\/03\/WhatsApp-Image-2026-03-14-at-04.59.39.jpeg","type":"image\/jpeg"}],"author":"Eduardo Mart\u00ednez","twitter_card":"summary_large_image","twitter_creator":"@Notibras","twitter_site":"@Notibras","twitter_misc":{"Escrito por":"Eduardo Mart\u00ednez","Est. tempo de leitura":"2 minutos"},"schema":{"@context":"https:\/\/schema.org","@graph":[{"@type":"Article","@id":"https:\/\/www.notibras.com\/site\/quando-a-eternidade-respira-nas-palavras\/#article","isPartOf":{"@id":"https:\/\/www.notibras.com\/site\/quando-a-eternidade-respira-nas-palavras\/"},"author":{"name":"Eduardo Mart\u00ednez","@id":"https:\/\/www.notibras.com\/site\/#\/schema\/person\/5b7fabf2aedc3ada2105f03b22b4d3dd"},"headline":"Quando a eternidade respira nas palavras","datePublished":"2026-03-15T03:30:57+00:00","mainEntityOfPage":{"@id":"https:\/\/www.notibras.com\/site\/quando-a-eternidade-respira-nas-palavras\/"},"wordCount":300,"publisher":{"@id":"https:\/\/www.notibras.com\/site\/#organization"},"image":{"@id":"https:\/\/www.notibras.com\/site\/quando-a-eternidade-respira-nas-palavras\/#primaryimage"},"thumbnailUrl":"https:\/\/www.notibras.com\/site\/wp-content\/uploads\/2026\/03\/WhatsApp-Image-2026-03-14-at-04.59.39.jpeg","articleSection":["Caf\u00e9 Liter\u00e1rio"],"inLanguage":"pt-BR"},{"@type":"WebPage","@id":"https:\/\/www.notibras.com\/site\/quando-a-eternidade-respira-nas-palavras\/","url":"https:\/\/www.notibras.com\/site\/quando-a-eternidade-respira-nas-palavras\/","name":"Quando a eternidade respira nas palavras - Notibras","isPartOf":{"@id":"https:\/\/www.notibras.com\/site\/#website"},"primaryImageOfPage":{"@id":"https:\/\/www.notibras.com\/site\/quando-a-eternidade-respira-nas-palavras\/#primaryimage"},"image":{"@id":"https:\/\/www.notibras.com\/site\/quando-a-eternidade-respira-nas-palavras\/#primaryimage"},"thumbnailUrl":"https:\/\/www.notibras.com\/site\/wp-content\/uploads\/2026\/03\/WhatsApp-Image-2026-03-14-at-04.59.39.jpeg","datePublished":"2026-03-15T03:30:57+00:00","breadcrumb":{"@id":"https:\/\/www.notibras.com\/site\/quando-a-eternidade-respira-nas-palavras\/#breadcrumb"},"inLanguage":"pt-BR","potentialAction":[{"@type":"ReadAction","target":["https:\/\/www.notibras.com\/site\/quando-a-eternidade-respira-nas-palavras\/"]}]},{"@type":"ImageObject","inLanguage":"pt-BR","@id":"https:\/\/www.notibras.com\/site\/quando-a-eternidade-respira-nas-palavras\/#primaryimage","url":"https:\/\/www.notibras.com\/site\/wp-content\/uploads\/2026\/03\/WhatsApp-Image-2026-03-14-at-04.59.39.jpeg","contentUrl":"https:\/\/www.notibras.com\/site\/wp-content\/uploads\/2026\/03\/WhatsApp-Image-2026-03-14-at-04.59.39.jpeg","width":1304,"height":768},{"@type":"BreadcrumbList","@id":"https:\/\/www.notibras.com\/site\/quando-a-eternidade-respira-nas-palavras\/#breadcrumb","itemListElement":[{"@type":"ListItem","position":1,"name":"In\u00edcio","item":"https:\/\/www.notibras.com\/site\/"},{"@type":"ListItem","position":2,"name":"Quando a eternidade respira nas palavras"}]},{"@type":"WebSite","@id":"https:\/\/www.notibras.com\/site\/#website","url":"https:\/\/www.notibras.com\/site\/","name":"Notibras","description":"Not\u00edcias de Bras\u00edlia, do Brasil e do Mundo","publisher":{"@id":"https:\/\/www.notibras.com\/site\/#organization"},"potentialAction":[{"@type":"SearchAction","target":{"@type":"EntryPoint","urlTemplate":"https:\/\/www.notibras.com\/site\/?s={search_term_string}"},"query-input":{"@type":"PropertyValueSpecification","valueRequired":true,"valueName":"search_term_string"}}],"inLanguage":"pt-BR"},{"@type":"Organization","@id":"https:\/\/www.notibras.com\/site\/#organization","name":"Grupo Notibras de Comunica\u00e7\u00e3o","url":"https:\/\/www.notibras.com\/site\/","logo":{"@type":"ImageObject","inLanguage":"pt-BR","@id":"https:\/\/www.notibras.com\/site\/#\/schema\/logo\/image\/","url":"https:\/\/www.notibras.com\/site\/wp-content\/uploads\/2023\/01\/notibras23.png","contentUrl":"https:\/\/www.notibras.com\/site\/wp-content\/uploads\/2023\/01\/notibras23.png","width":350,"height":87,"caption":"Grupo Notibras de Comunica\u00e7\u00e3o"},"image":{"@id":"https:\/\/www.notibras.com\/site\/#\/schema\/logo\/image\/"},"sameAs":["https:\/\/www.facebook.com\/notibras\/","https:\/\/x.com\/Notibras","https:\/\/www.instagram.com\/notibras\/"]},{"@type":"Person","@id":"https:\/\/www.notibras.com\/site\/#\/schema\/person\/5b7fabf2aedc3ada2105f03b22b4d3dd","name":"Eduardo Mart\u00ednez","image":{"@type":"ImageObject","inLanguage":"pt-BR","@id":"https:\/\/secure.gravatar.com\/avatar\/7902f906289926289cbcda644b5197c796b893c6ffd7b9a536a42d290f7704a0?s=96&d=mm&r=g","url":"https:\/\/secure.gravatar.com\/avatar\/7902f906289926289cbcda644b5197c796b893c6ffd7b9a536a42d290f7704a0?s=96&d=mm&r=g","contentUrl":"https:\/\/secure.gravatar.com\/avatar\/7902f906289926289cbcda644b5197c796b893c6ffd7b9a536a42d290f7704a0?s=96&d=mm&r=g","caption":"Eduardo Mart\u00ednez"}}]}},"amp_enabled":true,"_links":{"self":[{"href":"https:\/\/www.notibras.com\/site\/wp-json\/wp\/v2\/posts\/386907","targetHints":{"allow":["GET"]}}],"collection":[{"href":"https:\/\/www.notibras.com\/site\/wp-json\/wp\/v2\/posts"}],"about":[{"href":"https:\/\/www.notibras.com\/site\/wp-json\/wp\/v2\/types\/post"}],"author":[{"embeddable":true,"href":"https:\/\/www.notibras.com\/site\/wp-json\/wp\/v2\/users\/21"}],"replies":[{"embeddable":true,"href":"https:\/\/www.notibras.com\/site\/wp-json\/wp\/v2\/comments?post=386907"}],"version-history":[{"count":2,"href":"https:\/\/www.notibras.com\/site\/wp-json\/wp\/v2\/posts\/386907\/revisions"}],"predecessor-version":[{"id":386910,"href":"https:\/\/www.notibras.com\/site\/wp-json\/wp\/v2\/posts\/386907\/revisions\/386910"}],"wp:featuredmedia":[{"embeddable":true,"href":"https:\/\/www.notibras.com\/site\/wp-json\/wp\/v2\/media\/386908"}],"wp:attachment":[{"href":"https:\/\/www.notibras.com\/site\/wp-json\/wp\/v2\/media?parent=386907"}],"wp:term":[{"taxonomy":"category","embeddable":true,"href":"https:\/\/www.notibras.com\/site\/wp-json\/wp\/v2\/categories?post=386907"},{"taxonomy":"post_tag","embeddable":true,"href":"https:\/\/www.notibras.com\/site\/wp-json\/wp\/v2\/tags?post=386907"}],"curies":[{"name":"wp","href":"https:\/\/api.w.org\/{rel}","templated":true}]}}