{"id":386911,"date":"2026-03-15T00:15:55","date_gmt":"2026-03-15T03:15:55","guid":{"rendered":"https:\/\/www.notibras.com\/site\/?p=386911"},"modified":"2026-03-14T05:25:46","modified_gmt":"2026-03-14T08:25:46","slug":"samuca-era-bom-reporter-admirado-pelos-colegas-e-respeitado-pelos-chefes","status":"publish","type":"post","link":"https:\/\/www.notibras.com\/site\/samuca-era-bom-reporter-admirado-pelos-colegas-e-respeitado-pelos-chefes\/","title":{"rendered":"Samuca era bom rep\u00f3rter, admirado pelos colegas e respeitado pelos chefes"},"content":{"rendered":"<p>Samuel, o Samuca, jornalista paulistano, 28 anos, estava insatisfeito com os rumos de sua vida.<\/p>\n<p>N\u00e3o na esfera profissional. Sabia que era um bom rep\u00f3rter, admirado pelos colegas e respeitado pelos chefes. O problema estava em sua vida amorosa. N\u00e3o que faltassem parceiras, desde os 18 anos Samuca estava na ponta dos cascos, como o diabo gosta, chutando o pau da barraca, tacando fogo no parquinho, passando o rodo e materializando outras imagens bem brasileiras de uma vida sexual mais que satisfat\u00f3ria, ampla e irrestrita. Mas, agora, isso n\u00e3o o satisfazia mais. Ele queria casar \u2013 envolver-se com a futura m\u00e3e de seus filhos, uma companheira para todas as horas, algu\u00e9m para compartilhar carinhos e uma conversa estimulante antes ou depois da transa \u2013 ou em vez de.<\/p>\n<p>O carinha tinha ideias bem definidas sobre o tipo de mulher que buscava. Nada de bela, recatada e do lar: isso era de um conservadorismo atroz. E nada de virgem, por favor: a \u00fanica vez que encarara uma, n\u00e3o foi bom para nenhum dos dois. Sonhava com uma mulher inteligente, divertida, livre&#8230; ma non tropo. Achava importante, por exemplo, que o n\u00famero de parceiros anteriores n\u00e3o ultrapassasse a torcida do Tim\u00e3o.<\/p>\n<p>O obst\u00e1culo era esse non tropo, n\u00e3o em demasia. Tinha algumas colegas jornalistas que se aproximavam desse perfil, at\u00e9 mesmo sa\u00edra com duas delas (uma de cada vez, nada de m\u00e9nage). Mas eram solteiras de carteirinha, que investiam em suas respectivas carreiras. Se ele lhes falasse em casamento e filhos, iriam olh\u00e1-lo com incredulidade e achar que ele havia enlouquecido, que peninha, um rep\u00f3rter t\u00e3o promissor&#8230;<\/p>\n<p>O pensamento de Samuca voltava-se, cada vez mais, para Ros\u00e2ngela. Tinha o corpo bem feito e era bonitinha, sempre com uma maquiagem leve e um batonzinho cor de rosa. Isso era importante, ele n\u00e3o queria um tribufu. Mas o grande trunfo de Ros\u00e2ngela era o sorriso, que irradiava simpatia. Ela tamb\u00e9m trabalhava no jornal, mas n\u00e3o na reda\u00e7\u00e3o e sim nos Recursos Humanos, ou seja, n\u00e3o estava t\u00e3o ligada em sua carreira. \u201c\u00c9, vou chegar junto e ver o que rola\u201d, pensou.<\/p>\n<p>Almo\u00e7aram juntos e, aparentemente, os deuses sorriram para ele. A mulher, de uns 24 anos, fez o mesmo, repetidas vezes \u2013 um ind\u00edcio de que estava sexualmente interessada \u2013 e terminou por convid\u00e1-lo a uma noite de queijo e vinho no apartamento dela, na sexta-feira. No final, ela brincou, com seu sotaque mineiro e um sorriso lindo:<\/p>\n<p>&#8211; De sobremesa, c\u00ea vai ganhar umas beijocas&#8230;<\/p>\n<p>Foi esse lance que conquistou Samuca. Fazia tempo que n\u00e3o ouvia a palavra \u201cbeijoca\u201d. Era um termo simp\u00e1tico e um pouco antiquado \u2013 dois atributos que, tinha de reconhecer, buscava em sua futura esposa. Ele combinou o hor\u00e1rio, 20h30, pegou o endere\u00e7o dela e voltou \u00e0 reda\u00e7\u00e3o, feliz como um pinto no lixo.<\/p>\n<p>Na sexta, \u00e0s 20h30 em ponto, ele tocou a campainha da casa de Ros\u00e2ngela. Ela estava com um vestido simples e sem maquiagem, mas havia soltado os cabelos: a coisa prometia. Comeram os queijos, beberam o vinho \u2013 nada de especial. Depois de secarem a garrafa, ela observou que estava quente, ia mudar de roupa e talvez demorasse um pouquinho. \u201cVai valer a pena esperar\u201d, falou com um sorriso misterioso.<br \/>\n\u201cAcho que vai rolar mais que umas beijocas\u201d, pensou Samuca. \u201cNo m\u00ednimo, uns amassos. E, se eu tiver sorte, uma rapidinha!\u201d<\/p>\n<p>N\u00e3o foi nada disso. Quando Ros\u00e2ngela voltou, vestia um roup\u00e3o sem nada por baixo, que deixava \u00e0 mostra um corpo escultural. Os olhos, agora esfumados, eram po\u00e7os de perdi\u00e7\u00e3o, e a boca, antes sem batom, estava rubra, a cor do desejo. A mulher bonita e simp\u00e1tica transformara-se em uma deusa do pecado que avan\u00e7ou em sua dire\u00e7\u00e3o, pegou-o pela m\u00e3o e ordenou:<\/p>\n<p>&#8211; Vamos pro quarto.<\/p>\n<p>E a\u00ed come\u00e7ou a melhor transa da vida de Samuca. Deliciosas preliminares realizadas devagar e com maestria, sob a dire\u00e7\u00e3o da fera. A coisa continuou, ela lhe dizia do que gostava e como gostava e variava de posi\u00e7\u00f5es. No final, Samuca teve o orgasmo mais prazeroso de sua vida.<\/p>\n<p>Mas n\u00e3o estava acabado. Faltava o bigode, da trilogia barba-cabelo-bigode, da s\u00e9rie O anel do poder. Ros\u00e2ngela pediu\/ordenou:<\/p>\n<p>&#8211; Me pega por tr\u00e1s, adoro!<\/p>\n<p>N\u00e3o era o prato predileto de Samuca. A parceira, por\u00e9m, dirigiu a empreitada (\u00f4 bicho pra ter nome) e foi uma del\u00edcia. Ela gozou de novo, ele tamb\u00e9m.<\/p>\n<p>Ele estava prestes a declarar os trabalhos findos, quando ela o virou de bru\u00e7os e murmurou:<\/p>\n<p>&#8211; Agora \u00e9 minha vez! \u2013 Pegou um creme na mesinha de cabeceira, aplicou uma generosa dose no rabo dele, besuntou um vibrador de tamanho m\u00e9dio e mandou ver.<\/p>\n<p>Samuca berrou de dor e susto. Mas ela foi em frente, com firmeza pero sin perder la ternura e, pouco a pouco, o intruso invasor tornou-se um visitante bem-vindo. No final, ele teve o terceiro orgasmo, enquanto ela dava um sorrisinho enigm\u00e1tico, monalisesco.<\/p>\n<p>Enquanto os dois relaxavam, trocando car\u00edcias, ela ronronou:<\/p>\n<p>&#8211; Na pr\u00f3xima vez, vou usar um vibrador maior. C\u00ea vai encarar?<\/p>\n<p>Samuca tremeu nas bases, mas faria tudo para n\u00e3o perder aquela mulher.<\/p>\n<p>&#8211; Encaro! Encaro tudo que voc\u00ea quiser.<\/p>\n<p>Ela sorriu, satisfeita, como um gato que acaba de devorar um can\u00e1rio.<\/p>\n<p>&#8211; Maravilha! Muitos carinhas fogem do pau, literalmente, mas pelo visto a gente vai ficar um bom tempo juntos.<\/p>\n<p>Depois de ir ao banheiro, o jornalista vestiu-se e, caminhando com um pouco de dificuldade, come\u00e7ou a dirigir-se \u00e0 porta. Mas ela o chamou:<\/p>\n<p>&#8211; Ei, mo\u00e7o, calminha. C\u00ea ainda n\u00e3o ganhou as beijocas.<\/p>\n<p>Foi at\u00e9 ele e deu-lhe dois beijos castos e estalados, um em cada bochecha.<\/p>\n","protected":false},"excerpt":{"rendered":"<p>Samuel, o Samuca, jornalista paulistano, 28 anos, estava insatisfeito com os rumos de sua vida. N\u00e3o na esfera profissional. Sabia que era um bom rep\u00f3rter, admirado pelos colegas e respeitado pelos chefes. O problema estava em sua vida amorosa. N\u00e3o que faltassem parceiras, desde os 18 anos Samuca estava na ponta dos cascos, como o [&hellip;]<\/p>\n","protected":false},"author":21,"featured_media":386913,"comment_status":"closed","ping_status":"closed","sticky":false,"template":"","format":"standard","meta":{"_acf_changed":false,"footnotes":""},"categories":[234],"tags":[],"class_list":["post-386911","post","type-post","status-publish","format-standard","has-post-thumbnail","hentry","category-cafe-literario"],"acf":[],"yoast_head":"<!-- This site is optimized with the Yoast SEO plugin v27.2 - https:\/\/yoast.com\/product\/yoast-seo-wordpress\/ -->\n<title>Samuca era bom rep\u00f3rter, admirado pelos colegas e respeitado pelos chefes - Notibras<\/title>\n<meta name=\"robots\" content=\"index, follow, max-snippet:-1, max-image-preview:large, max-video-preview:-1\" \/>\n<link rel=\"canonical\" href=\"https:\/\/www.notibras.com\/site\/samuca-era-bom-reporter-admirado-pelos-colegas-e-respeitado-pelos-chefes\/\" \/>\n<meta property=\"og:locale\" content=\"pt_BR\" \/>\n<meta property=\"og:type\" content=\"article\" \/>\n<meta property=\"og:title\" content=\"Samuca era bom rep\u00f3rter, admirado pelos colegas e respeitado pelos chefes - Notibras\" \/>\n<meta property=\"og:description\" content=\"Samuel, o Samuca, jornalista paulistano, 28 anos, estava insatisfeito com os rumos de sua vida. N\u00e3o na esfera profissional. Sabia que era um bom rep\u00f3rter, admirado pelos colegas e respeitado pelos chefes. O problema estava em sua vida amorosa. N\u00e3o que faltassem parceiras, desde os 18 anos Samuca estava na ponta dos cascos, como o [&hellip;]\" \/>\n<meta property=\"og:url\" content=\"https:\/\/www.notibras.com\/site\/samuca-era-bom-reporter-admirado-pelos-colegas-e-respeitado-pelos-chefes\/\" \/>\n<meta property=\"og:site_name\" content=\"Notibras\" \/>\n<meta property=\"article:publisher\" content=\"https:\/\/www.facebook.com\/notibras\/\" \/>\n<meta property=\"article:published_time\" content=\"2026-03-15T03:15:55+00:00\" \/>\n<meta property=\"og:image\" content=\"https:\/\/www.notibras.com\/site\/wp-content\/uploads\/2026\/03\/WhatsApp-Image-2026-03-14-at-05.21.05.jpeg\" \/>\n\t<meta property=\"og:image:width\" content=\"1301\" \/>\n\t<meta property=\"og:image:height\" content=\"768\" \/>\n\t<meta property=\"og:image:type\" content=\"image\/jpeg\" \/>\n<meta name=\"author\" content=\"Eduardo Mart\u00ednez\" \/>\n<meta name=\"twitter:card\" content=\"summary_large_image\" \/>\n<meta name=\"twitter:creator\" content=\"@Notibras\" \/>\n<meta name=\"twitter:site\" content=\"@Notibras\" \/>\n<meta name=\"twitter:label1\" content=\"Escrito por\" \/>\n\t<meta name=\"twitter:data1\" content=\"Eduardo Mart\u00ednez\" \/>\n\t<meta name=\"twitter:label2\" content=\"Est. tempo de leitura\" \/>\n\t<meta name=\"twitter:data2\" content=\"6 minutos\" \/>\n<script type=\"application\/ld+json\" class=\"yoast-schema-graph\">{\"@context\":\"https:\/\/schema.org\",\"@graph\":[{\"@type\":\"Article\",\"@id\":\"https:\/\/www.notibras.com\/site\/samuca-era-bom-reporter-admirado-pelos-colegas-e-respeitado-pelos-chefes\/#article\",\"isPartOf\":{\"@id\":\"https:\/\/www.notibras.com\/site\/samuca-era-bom-reporter-admirado-pelos-colegas-e-respeitado-pelos-chefes\/\"},\"author\":{\"name\":\"Eduardo Mart\u00ednez\",\"@id\":\"https:\/\/www.notibras.com\/site\/#\/schema\/person\/5b7fabf2aedc3ada2105f03b22b4d3dd\"},\"headline\":\"Samuca era bom rep\u00f3rter, admirado pelos colegas e respeitado pelos chefes\",\"datePublished\":\"2026-03-15T03:15:55+00:00\",\"mainEntityOfPage\":{\"@id\":\"https:\/\/www.notibras.com\/site\/samuca-era-bom-reporter-admirado-pelos-colegas-e-respeitado-pelos-chefes\/\"},\"wordCount\":992,\"publisher\":{\"@id\":\"https:\/\/www.notibras.com\/site\/#organization\"},\"image\":{\"@id\":\"https:\/\/www.notibras.com\/site\/samuca-era-bom-reporter-admirado-pelos-colegas-e-respeitado-pelos-chefes\/#primaryimage\"},\"thumbnailUrl\":\"https:\/\/www.notibras.com\/site\/wp-content\/uploads\/2026\/03\/WhatsApp-Image-2026-03-14-at-05.21.05.jpeg\",\"articleSection\":[\"Caf\u00e9 Liter\u00e1rio\"],\"inLanguage\":\"pt-BR\"},{\"@type\":\"WebPage\",\"@id\":\"https:\/\/www.notibras.com\/site\/samuca-era-bom-reporter-admirado-pelos-colegas-e-respeitado-pelos-chefes\/\",\"url\":\"https:\/\/www.notibras.com\/site\/samuca-era-bom-reporter-admirado-pelos-colegas-e-respeitado-pelos-chefes\/\",\"name\":\"Samuca era bom rep\u00f3rter, admirado pelos colegas e respeitado pelos chefes - Notibras\",\"isPartOf\":{\"@id\":\"https:\/\/www.notibras.com\/site\/#website\"},\"primaryImageOfPage\":{\"@id\":\"https:\/\/www.notibras.com\/site\/samuca-era-bom-reporter-admirado-pelos-colegas-e-respeitado-pelos-chefes\/#primaryimage\"},\"image\":{\"@id\":\"https:\/\/www.notibras.com\/site\/samuca-era-bom-reporter-admirado-pelos-colegas-e-respeitado-pelos-chefes\/#primaryimage\"},\"thumbnailUrl\":\"https:\/\/www.notibras.com\/site\/wp-content\/uploads\/2026\/03\/WhatsApp-Image-2026-03-14-at-05.21.05.jpeg\",\"datePublished\":\"2026-03-15T03:15:55+00:00\",\"breadcrumb\":{\"@id\":\"https:\/\/www.notibras.com\/site\/samuca-era-bom-reporter-admirado-pelos-colegas-e-respeitado-pelos-chefes\/#breadcrumb\"},\"inLanguage\":\"pt-BR\",\"potentialAction\":[{\"@type\":\"ReadAction\",\"target\":[\"https:\/\/www.notibras.com\/site\/samuca-era-bom-reporter-admirado-pelos-colegas-e-respeitado-pelos-chefes\/\"]}]},{\"@type\":\"ImageObject\",\"inLanguage\":\"pt-BR\",\"@id\":\"https:\/\/www.notibras.com\/site\/samuca-era-bom-reporter-admirado-pelos-colegas-e-respeitado-pelos-chefes\/#primaryimage\",\"url\":\"https:\/\/www.notibras.com\/site\/wp-content\/uploads\/2026\/03\/WhatsApp-Image-2026-03-14-at-05.21.05.jpeg\",\"contentUrl\":\"https:\/\/www.notibras.com\/site\/wp-content\/uploads\/2026\/03\/WhatsApp-Image-2026-03-14-at-05.21.05.jpeg\",\"width\":1301,\"height\":768},{\"@type\":\"BreadcrumbList\",\"@id\":\"https:\/\/www.notibras.com\/site\/samuca-era-bom-reporter-admirado-pelos-colegas-e-respeitado-pelos-chefes\/#breadcrumb\",\"itemListElement\":[{\"@type\":\"ListItem\",\"position\":1,\"name\":\"In\u00edcio\",\"item\":\"https:\/\/www.notibras.com\/site\/\"},{\"@type\":\"ListItem\",\"position\":2,\"name\":\"Samuca era bom rep\u00f3rter, admirado pelos colegas e respeitado pelos chefes\"}]},{\"@type\":\"WebSite\",\"@id\":\"https:\/\/www.notibras.com\/site\/#website\",\"url\":\"https:\/\/www.notibras.com\/site\/\",\"name\":\"Notibras\",\"description\":\"Not\u00edcias de Bras\u00edlia, do Brasil e do Mundo\",\"publisher\":{\"@id\":\"https:\/\/www.notibras.com\/site\/#organization\"},\"potentialAction\":[{\"@type\":\"SearchAction\",\"target\":{\"@type\":\"EntryPoint\",\"urlTemplate\":\"https:\/\/www.notibras.com\/site\/?s={search_term_string}\"},\"query-input\":{\"@type\":\"PropertyValueSpecification\",\"valueRequired\":true,\"valueName\":\"search_term_string\"}}],\"inLanguage\":\"pt-BR\"},{\"@type\":\"Organization\",\"@id\":\"https:\/\/www.notibras.com\/site\/#organization\",\"name\":\"Grupo Notibras de Comunica\u00e7\u00e3o\",\"url\":\"https:\/\/www.notibras.com\/site\/\",\"logo\":{\"@type\":\"ImageObject\",\"inLanguage\":\"pt-BR\",\"@id\":\"https:\/\/www.notibras.com\/site\/#\/schema\/logo\/image\/\",\"url\":\"https:\/\/www.notibras.com\/site\/wp-content\/uploads\/2023\/01\/notibras23.png\",\"contentUrl\":\"https:\/\/www.notibras.com\/site\/wp-content\/uploads\/2023\/01\/notibras23.png\",\"width\":350,\"height\":87,\"caption\":\"Grupo Notibras de Comunica\u00e7\u00e3o\"},\"image\":{\"@id\":\"https:\/\/www.notibras.com\/site\/#\/schema\/logo\/image\/\"},\"sameAs\":[\"https:\/\/www.facebook.com\/notibras\/\",\"https:\/\/x.com\/Notibras\",\"https:\/\/www.instagram.com\/notibras\/\"]},{\"@type\":\"Person\",\"@id\":\"https:\/\/www.notibras.com\/site\/#\/schema\/person\/5b7fabf2aedc3ada2105f03b22b4d3dd\",\"name\":\"Eduardo Mart\u00ednez\",\"image\":{\"@type\":\"ImageObject\",\"inLanguage\":\"pt-BR\",\"@id\":\"https:\/\/secure.gravatar.com\/avatar\/7902f906289926289cbcda644b5197c796b893c6ffd7b9a536a42d290f7704a0?s=96&d=mm&r=g\",\"url\":\"https:\/\/secure.gravatar.com\/avatar\/7902f906289926289cbcda644b5197c796b893c6ffd7b9a536a42d290f7704a0?s=96&d=mm&r=g\",\"contentUrl\":\"https:\/\/secure.gravatar.com\/avatar\/7902f906289926289cbcda644b5197c796b893c6ffd7b9a536a42d290f7704a0?s=96&d=mm&r=g\",\"caption\":\"Eduardo Mart\u00ednez\"}}]}<\/script>\n<!-- \/ Yoast SEO plugin. -->","yoast_head_json":{"title":"Samuca era bom rep\u00f3rter, admirado pelos colegas e respeitado pelos chefes - Notibras","robots":{"index":"index","follow":"follow","max-snippet":"max-snippet:-1","max-image-preview":"max-image-preview:large","max-video-preview":"max-video-preview:-1"},"canonical":"https:\/\/www.notibras.com\/site\/samuca-era-bom-reporter-admirado-pelos-colegas-e-respeitado-pelos-chefes\/","og_locale":"pt_BR","og_type":"article","og_title":"Samuca era bom rep\u00f3rter, admirado pelos colegas e respeitado pelos chefes - Notibras","og_description":"Samuel, o Samuca, jornalista paulistano, 28 anos, estava insatisfeito com os rumos de sua vida. N\u00e3o na esfera profissional. Sabia que era um bom rep\u00f3rter, admirado pelos colegas e respeitado pelos chefes. O problema estava em sua vida amorosa. N\u00e3o que faltassem parceiras, desde os 18 anos Samuca estava na ponta dos cascos, como o [&hellip;]","og_url":"https:\/\/www.notibras.com\/site\/samuca-era-bom-reporter-admirado-pelos-colegas-e-respeitado-pelos-chefes\/","og_site_name":"Notibras","article_publisher":"https:\/\/www.facebook.com\/notibras\/","article_published_time":"2026-03-15T03:15:55+00:00","og_image":[{"width":1301,"height":768,"url":"https:\/\/www.notibras.com\/site\/wp-content\/uploads\/2026\/03\/WhatsApp-Image-2026-03-14-at-05.21.05.jpeg","type":"image\/jpeg"}],"author":"Eduardo Mart\u00ednez","twitter_card":"summary_large_image","twitter_creator":"@Notibras","twitter_site":"@Notibras","twitter_misc":{"Escrito por":"Eduardo Mart\u00ednez","Est. tempo de leitura":"6 minutos"},"schema":{"@context":"https:\/\/schema.org","@graph":[{"@type":"Article","@id":"https:\/\/www.notibras.com\/site\/samuca-era-bom-reporter-admirado-pelos-colegas-e-respeitado-pelos-chefes\/#article","isPartOf":{"@id":"https:\/\/www.notibras.com\/site\/samuca-era-bom-reporter-admirado-pelos-colegas-e-respeitado-pelos-chefes\/"},"author":{"name":"Eduardo Mart\u00ednez","@id":"https:\/\/www.notibras.com\/site\/#\/schema\/person\/5b7fabf2aedc3ada2105f03b22b4d3dd"},"headline":"Samuca era bom rep\u00f3rter, admirado pelos colegas e respeitado pelos chefes","datePublished":"2026-03-15T03:15:55+00:00","mainEntityOfPage":{"@id":"https:\/\/www.notibras.com\/site\/samuca-era-bom-reporter-admirado-pelos-colegas-e-respeitado-pelos-chefes\/"},"wordCount":992,"publisher":{"@id":"https:\/\/www.notibras.com\/site\/#organization"},"image":{"@id":"https:\/\/www.notibras.com\/site\/samuca-era-bom-reporter-admirado-pelos-colegas-e-respeitado-pelos-chefes\/#primaryimage"},"thumbnailUrl":"https:\/\/www.notibras.com\/site\/wp-content\/uploads\/2026\/03\/WhatsApp-Image-2026-03-14-at-05.21.05.jpeg","articleSection":["Caf\u00e9 Liter\u00e1rio"],"inLanguage":"pt-BR"},{"@type":"WebPage","@id":"https:\/\/www.notibras.com\/site\/samuca-era-bom-reporter-admirado-pelos-colegas-e-respeitado-pelos-chefes\/","url":"https:\/\/www.notibras.com\/site\/samuca-era-bom-reporter-admirado-pelos-colegas-e-respeitado-pelos-chefes\/","name":"Samuca era bom rep\u00f3rter, admirado pelos colegas e respeitado pelos chefes - Notibras","isPartOf":{"@id":"https:\/\/www.notibras.com\/site\/#website"},"primaryImageOfPage":{"@id":"https:\/\/www.notibras.com\/site\/samuca-era-bom-reporter-admirado-pelos-colegas-e-respeitado-pelos-chefes\/#primaryimage"},"image":{"@id":"https:\/\/www.notibras.com\/site\/samuca-era-bom-reporter-admirado-pelos-colegas-e-respeitado-pelos-chefes\/#primaryimage"},"thumbnailUrl":"https:\/\/www.notibras.com\/site\/wp-content\/uploads\/2026\/03\/WhatsApp-Image-2026-03-14-at-05.21.05.jpeg","datePublished":"2026-03-15T03:15:55+00:00","breadcrumb":{"@id":"https:\/\/www.notibras.com\/site\/samuca-era-bom-reporter-admirado-pelos-colegas-e-respeitado-pelos-chefes\/#breadcrumb"},"inLanguage":"pt-BR","potentialAction":[{"@type":"ReadAction","target":["https:\/\/www.notibras.com\/site\/samuca-era-bom-reporter-admirado-pelos-colegas-e-respeitado-pelos-chefes\/"]}]},{"@type":"ImageObject","inLanguage":"pt-BR","@id":"https:\/\/www.notibras.com\/site\/samuca-era-bom-reporter-admirado-pelos-colegas-e-respeitado-pelos-chefes\/#primaryimage","url":"https:\/\/www.notibras.com\/site\/wp-content\/uploads\/2026\/03\/WhatsApp-Image-2026-03-14-at-05.21.05.jpeg","contentUrl":"https:\/\/www.notibras.com\/site\/wp-content\/uploads\/2026\/03\/WhatsApp-Image-2026-03-14-at-05.21.05.jpeg","width":1301,"height":768},{"@type":"BreadcrumbList","@id":"https:\/\/www.notibras.com\/site\/samuca-era-bom-reporter-admirado-pelos-colegas-e-respeitado-pelos-chefes\/#breadcrumb","itemListElement":[{"@type":"ListItem","position":1,"name":"In\u00edcio","item":"https:\/\/www.notibras.com\/site\/"},{"@type":"ListItem","position":2,"name":"Samuca era bom rep\u00f3rter, admirado pelos colegas e respeitado pelos chefes"}]},{"@type":"WebSite","@id":"https:\/\/www.notibras.com\/site\/#website","url":"https:\/\/www.notibras.com\/site\/","name":"Notibras","description":"Not\u00edcias de Bras\u00edlia, do Brasil e do Mundo","publisher":{"@id":"https:\/\/www.notibras.com\/site\/#organization"},"potentialAction":[{"@type":"SearchAction","target":{"@type":"EntryPoint","urlTemplate":"https:\/\/www.notibras.com\/site\/?s={search_term_string}"},"query-input":{"@type":"PropertyValueSpecification","valueRequired":true,"valueName":"search_term_string"}}],"inLanguage":"pt-BR"},{"@type":"Organization","@id":"https:\/\/www.notibras.com\/site\/#organization","name":"Grupo Notibras de Comunica\u00e7\u00e3o","url":"https:\/\/www.notibras.com\/site\/","logo":{"@type":"ImageObject","inLanguage":"pt-BR","@id":"https:\/\/www.notibras.com\/site\/#\/schema\/logo\/image\/","url":"https:\/\/www.notibras.com\/site\/wp-content\/uploads\/2023\/01\/notibras23.png","contentUrl":"https:\/\/www.notibras.com\/site\/wp-content\/uploads\/2023\/01\/notibras23.png","width":350,"height":87,"caption":"Grupo Notibras de Comunica\u00e7\u00e3o"},"image":{"@id":"https:\/\/www.notibras.com\/site\/#\/schema\/logo\/image\/"},"sameAs":["https:\/\/www.facebook.com\/notibras\/","https:\/\/x.com\/Notibras","https:\/\/www.instagram.com\/notibras\/"]},{"@type":"Person","@id":"https:\/\/www.notibras.com\/site\/#\/schema\/person\/5b7fabf2aedc3ada2105f03b22b4d3dd","name":"Eduardo Mart\u00ednez","image":{"@type":"ImageObject","inLanguage":"pt-BR","@id":"https:\/\/secure.gravatar.com\/avatar\/7902f906289926289cbcda644b5197c796b893c6ffd7b9a536a42d290f7704a0?s=96&d=mm&r=g","url":"https:\/\/secure.gravatar.com\/avatar\/7902f906289926289cbcda644b5197c796b893c6ffd7b9a536a42d290f7704a0?s=96&d=mm&r=g","contentUrl":"https:\/\/secure.gravatar.com\/avatar\/7902f906289926289cbcda644b5197c796b893c6ffd7b9a536a42d290f7704a0?s=96&d=mm&r=g","caption":"Eduardo Mart\u00ednez"}}]}},"amp_enabled":true,"_links":{"self":[{"href":"https:\/\/www.notibras.com\/site\/wp-json\/wp\/v2\/posts\/386911","targetHints":{"allow":["GET"]}}],"collection":[{"href":"https:\/\/www.notibras.com\/site\/wp-json\/wp\/v2\/posts"}],"about":[{"href":"https:\/\/www.notibras.com\/site\/wp-json\/wp\/v2\/types\/post"}],"author":[{"embeddable":true,"href":"https:\/\/www.notibras.com\/site\/wp-json\/wp\/v2\/users\/21"}],"replies":[{"embeddable":true,"href":"https:\/\/www.notibras.com\/site\/wp-json\/wp\/v2\/comments?post=386911"}],"version-history":[{"count":3,"href":"https:\/\/www.notibras.com\/site\/wp-json\/wp\/v2\/posts\/386911\/revisions"}],"predecessor-version":[{"id":386915,"href":"https:\/\/www.notibras.com\/site\/wp-json\/wp\/v2\/posts\/386911\/revisions\/386915"}],"wp:featuredmedia":[{"embeddable":true,"href":"https:\/\/www.notibras.com\/site\/wp-json\/wp\/v2\/media\/386913"}],"wp:attachment":[{"href":"https:\/\/www.notibras.com\/site\/wp-json\/wp\/v2\/media?parent=386911"}],"wp:term":[{"taxonomy":"category","embeddable":true,"href":"https:\/\/www.notibras.com\/site\/wp-json\/wp\/v2\/categories?post=386911"},{"taxonomy":"post_tag","embeddable":true,"href":"https:\/\/www.notibras.com\/site\/wp-json\/wp\/v2\/tags?post=386911"}],"curies":[{"name":"wp","href":"https:\/\/api.w.org\/{rel}","templated":true}]}}