{"id":386941,"date":"2026-03-14T07:13:07","date_gmt":"2026-03-14T10:13:07","guid":{"rendered":"https:\/\/www.notibras.com\/site\/?p=386941"},"modified":"2026-03-14T10:11:36","modified_gmt":"2026-03-14T13:11:36","slug":"se-abrir-a-boca-daniel-tera-muita-companhia-gorda-na-cova-dos-leoes","status":"publish","type":"post","link":"https:\/\/www.notibras.com\/site\/se-abrir-a-boca-daniel-tera-muita-companhia-gorda-na-cova-dos-leoes\/","title":{"rendered":"Se abrir a boca, Daniel ter\u00e1 muita companhia gorda na cova dos le\u00f5es"},"content":{"rendered":"<p>H\u00e1 um sil\u00eancio curioso pairando sobre Bras\u00edlia, que n\u00e3o \u00e9 de paz nem de serenidade institucional. \u00c9 algo t\u00edpico de antessala de hospital quando algu\u00e9m importante entra no centro cir\u00fargico e metade dos parentes come\u00e7a a recalcular heran\u00e7as, amizades e vers\u00f5es.<\/p>\n<p>O nome da vez \u00e9 Vorcaro, homem de cofre largo, tr\u00e2nsito refinado e agenda que, se um dia for aberta por inteiro, talvez revele que o sistema financeiro nacional tem corredores mais movimentados do que certos gabinetes ministeriais. Jogado \u00e0 cova, Daniel agora observa o mundo por entre grades, enquanto a capital da Rep\u00fablica observa o banqueiro como quem olha um f\u00f3sforo aceso cair perto do paiol.<\/p>\n<p>A sa\u00edda do advogado Pierpaolo Bottini, conhecido por tratar dela\u00e7\u00e3o como quem v\u00ea um sacramento proibido, e a entrada do criminalista Jos\u00e9 Luis Oliveira Lima, veterano em guerras onde a palavra vale redu\u00e7\u00e3o de pena, foi lida nos corredores do Poder como se algu\u00e9m tivesse puxado discretamente a toalha da mesa antes do jantar. Ningu\u00e9m confirma nada, ningu\u00e9m admite nada, mas at\u00e9 os cafezinhos do Congresso ficaram menos inocentes.<\/p>\n<p>Nunca \u00e9 demais lembrar que banqueiro n\u00e3o cai sozinho, e que quando trope\u00e7a, costuma segurar no palet\u00f3 de quem estiver por perto. Nessas horas, dependendo do desespero, leva junto quem estava longe tamb\u00e9m.<\/p>\n<p>H\u00e1 deputados que passaram a falar baixo. H\u00e1 operadores que reaprenderam a apagar mensagens. H\u00e1 ex-amigos redescobrindo subitamente a virtude do esquecimento e, em certos gabinetes, a palavra \u201ccolabora\u00e7\u00e3o\u201d j\u00e1 provoca mais calafrio do que vota\u00e7\u00e3o secreta.<\/p>\n<p>Se vier, a eventual dela\u00e7\u00e3o de Vorcaro n\u00e3o ser\u00e1 apenas um documento jur\u00eddico. Pode virar um \u00e1lbum de fotografias de bastidores, onde h\u00e1 encontros discretos, favores elegantes, telefonemas de madrugada, jantares onde ningu\u00e9m pagava a conta e todos fingiam discutir o futuro do pa\u00eds, quando na verdade tratavam do presente de poucos.<\/p>\n<p>Bras\u00edlia \u00e9 pr\u00f3diga em fabricar her\u00f3is de ocasi\u00e3o, mas tamb\u00e9m coleciona sobreviventes que conhecem demais uns aos outros. Por isso, quando algu\u00e9m do andar de cima \u00e9 encurralado, n\u00e3o falta quem tema que a mem\u00f3ria dele seja melhor do que a pr\u00f3pria defesa.<\/p>\n<p>No fundo, o pavor n\u00e3o est\u00e1 no que j\u00e1 se sabe. Est\u00e1 no que ainda pode ser dito. \u00c9 que no centro do Poder, aprendeu-se que o le\u00e3o s\u00f3 parece domesticado enquanto est\u00e1 alimentado. Quando falta carne, ele come\u00e7a a reconhecer rostos. E h\u00e1 muita gazela elegante travestida de Daniel circulando por perto.<\/p>\n<p>Nos sal\u00f5es refrigerados do mercado financeiro, teme-se que uma eventual colabora\u00e7\u00e3o revele engrenagens que sempre funcionaram melhor longe dos holofotes. Nos gabinetes pol\u00edticos, o receio \u00e9 que antigos favores ganhem data, hora e sobrenome. Em escrit\u00f3rios discretos, h\u00e1 quem j\u00e1 revise agendas passadas como quem procura pegadas antes da chuva. E at\u00e9 nos corredores mais solenes da Rep\u00fablica existe quem saiba que certas amizades empresariais, cultivadas com ta\u00e7as erguidas e sorrisos protocolares, podem perder o verniz no instante em que algu\u00e9m resolve trocar sil\u00eancio por sobreviv\u00eancia.<\/p>\n<p><em>p\/s &#8211; segundo a B\u00edblia, Daniel saiu ileso da cova dos le\u00f5es.<\/em><\/p>\n<p>&#8230;&#8230;&#8230;<\/p>\n<p><strong>Jos\u00e9 Seabra \u00e9 CEO fundador de Notibras<\/strong><\/p>\n","protected":false},"excerpt":{"rendered":"<p>H\u00e1 um sil\u00eancio curioso pairando sobre Bras\u00edlia, que n\u00e3o \u00e9 de paz nem de serenidade institucional. \u00c9 algo t\u00edpico de antessala de hospital quando algu\u00e9m importante entra no centro cir\u00fargico e metade dos parentes come\u00e7a a recalcular heran\u00e7as, amizades e vers\u00f5es. O nome da vez \u00e9 Vorcaro, homem de cofre largo, tr\u00e2nsito refinado e agenda [&hellip;]<\/p>\n","protected":false},"author":2,"featured_media":363124,"comment_status":"closed","ping_status":"closed","sticky":false,"template":"","format":"standard","meta":{"_acf_changed":false,"footnotes":""},"categories":[16],"tags":[95],"class_list":["post-386941","post","type-post","status-publish","format-standard","has-post-thumbnail","hentry","category-brasil","tag-capa"],"acf":[],"yoast_head":"<!-- This site is optimized with the Yoast SEO plugin v27.2 - https:\/\/yoast.com\/product\/yoast-seo-wordpress\/ -->\n<title>Se abrir a boca, Daniel ter\u00e1 muita companhia gorda na cova dos le\u00f5es - Notibras<\/title>\n<meta name=\"robots\" content=\"index, follow, max-snippet:-1, max-image-preview:large, max-video-preview:-1\" \/>\n<link rel=\"canonical\" href=\"https:\/\/www.notibras.com\/site\/se-abrir-a-boca-daniel-tera-muita-companhia-gorda-na-cova-dos-leoes\/\" \/>\n<meta property=\"og:locale\" content=\"pt_BR\" \/>\n<meta property=\"og:type\" content=\"article\" \/>\n<meta property=\"og:title\" content=\"Se abrir a boca, Daniel ter\u00e1 muita companhia gorda na cova dos le\u00f5es - Notibras\" \/>\n<meta property=\"og:description\" content=\"H\u00e1 um sil\u00eancio curioso pairando sobre Bras\u00edlia, que n\u00e3o \u00e9 de paz nem de serenidade institucional. \u00c9 algo t\u00edpico de antessala de hospital quando algu\u00e9m importante entra no centro cir\u00fargico e metade dos parentes come\u00e7a a recalcular heran\u00e7as, amizades e vers\u00f5es. O nome da vez \u00e9 Vorcaro, homem de cofre largo, tr\u00e2nsito refinado e agenda [&hellip;]\" \/>\n<meta property=\"og:url\" content=\"https:\/\/www.notibras.com\/site\/se-abrir-a-boca-daniel-tera-muita-companhia-gorda-na-cova-dos-leoes\/\" \/>\n<meta property=\"og:site_name\" content=\"Notibras\" \/>\n<meta property=\"article:publisher\" content=\"https:\/\/www.facebook.com\/notibras\/\" \/>\n<meta property=\"article:published_time\" content=\"2026-03-14T10:13:07+00:00\" \/>\n<meta property=\"article:modified_time\" content=\"2026-03-14T13:11:36+00:00\" \/>\n<meta property=\"og:image\" content=\"https:\/\/www.notibras.com\/site\/wp-content\/uploads\/2025\/09\/1_banco-master-45658547-58910159-1.webp\" \/>\n\t<meta property=\"og:image:width\" content=\"1080\" \/>\n\t<meta property=\"og:image:height\" content=\"565\" \/>\n\t<meta property=\"og:image:type\" content=\"image\/webp\" \/>\n<meta name=\"author\" content=\"Reda\u00e7\u00e3o\" \/>\n<meta name=\"twitter:card\" content=\"summary_large_image\" \/>\n<meta name=\"twitter:creator\" content=\"@Notibras\" \/>\n<meta name=\"twitter:site\" content=\"@Notibras\" \/>\n<meta name=\"twitter:label1\" content=\"Escrito por\" \/>\n\t<meta name=\"twitter:data1\" content=\"Reda\u00e7\u00e3o\" \/>\n\t<meta name=\"twitter:label2\" content=\"Est. tempo de leitura\" \/>\n\t<meta name=\"twitter:data2\" content=\"3 minutos\" \/>\n<script type=\"application\/ld+json\" class=\"yoast-schema-graph\">{\"@context\":\"https:\/\/schema.org\",\"@graph\":[{\"@type\":\"Article\",\"@id\":\"https:\/\/www.notibras.com\/site\/se-abrir-a-boca-daniel-tera-muita-companhia-gorda-na-cova-dos-leoes\/#article\",\"isPartOf\":{\"@id\":\"https:\/\/www.notibras.com\/site\/se-abrir-a-boca-daniel-tera-muita-companhia-gorda-na-cova-dos-leoes\/\"},\"author\":{\"name\":\"Reda\u00e7\u00e3o\",\"@id\":\"https:\/\/www.notibras.com\/site\/#\/schema\/person\/36ab0979449956132d3e5b517ea76ac8\"},\"headline\":\"Se abrir a boca, Daniel ter\u00e1 muita companhia gorda na cova dos le\u00f5es\",\"datePublished\":\"2026-03-14T10:13:07+00:00\",\"dateModified\":\"2026-03-14T13:11:36+00:00\",\"mainEntityOfPage\":{\"@id\":\"https:\/\/www.notibras.com\/site\/se-abrir-a-boca-daniel-tera-muita-companhia-gorda-na-cova-dos-leoes\/\"},\"wordCount\":556,\"publisher\":{\"@id\":\"https:\/\/www.notibras.com\/site\/#organization\"},\"image\":{\"@id\":\"https:\/\/www.notibras.com\/site\/se-abrir-a-boca-daniel-tera-muita-companhia-gorda-na-cova-dos-leoes\/#primaryimage\"},\"thumbnailUrl\":\"https:\/\/www.notibras.com\/site\/wp-content\/uploads\/2025\/09\/1_banco-master-45658547-58910159-1.webp\",\"keywords\":[\"capa\"],\"articleSection\":[\"Brasil\"],\"inLanguage\":\"pt-BR\"},{\"@type\":\"WebPage\",\"@id\":\"https:\/\/www.notibras.com\/site\/se-abrir-a-boca-daniel-tera-muita-companhia-gorda-na-cova-dos-leoes\/\",\"url\":\"https:\/\/www.notibras.com\/site\/se-abrir-a-boca-daniel-tera-muita-companhia-gorda-na-cova-dos-leoes\/\",\"name\":\"Se abrir a boca, Daniel ter\u00e1 muita companhia gorda na cova dos le\u00f5es - Notibras\",\"isPartOf\":{\"@id\":\"https:\/\/www.notibras.com\/site\/#website\"},\"primaryImageOfPage\":{\"@id\":\"https:\/\/www.notibras.com\/site\/se-abrir-a-boca-daniel-tera-muita-companhia-gorda-na-cova-dos-leoes\/#primaryimage\"},\"image\":{\"@id\":\"https:\/\/www.notibras.com\/site\/se-abrir-a-boca-daniel-tera-muita-companhia-gorda-na-cova-dos-leoes\/#primaryimage\"},\"thumbnailUrl\":\"https:\/\/www.notibras.com\/site\/wp-content\/uploads\/2025\/09\/1_banco-master-45658547-58910159-1.webp\",\"datePublished\":\"2026-03-14T10:13:07+00:00\",\"dateModified\":\"2026-03-14T13:11:36+00:00\",\"breadcrumb\":{\"@id\":\"https:\/\/www.notibras.com\/site\/se-abrir-a-boca-daniel-tera-muita-companhia-gorda-na-cova-dos-leoes\/#breadcrumb\"},\"inLanguage\":\"pt-BR\",\"potentialAction\":[{\"@type\":\"ReadAction\",\"target\":[\"https:\/\/www.notibras.com\/site\/se-abrir-a-boca-daniel-tera-muita-companhia-gorda-na-cova-dos-leoes\/\"]}]},{\"@type\":\"ImageObject\",\"inLanguage\":\"pt-BR\",\"@id\":\"https:\/\/www.notibras.com\/site\/se-abrir-a-boca-daniel-tera-muita-companhia-gorda-na-cova-dos-leoes\/#primaryimage\",\"url\":\"https:\/\/www.notibras.com\/site\/wp-content\/uploads\/2025\/09\/1_banco-master-45658547-58910159-1.webp\",\"contentUrl\":\"https:\/\/www.notibras.com\/site\/wp-content\/uploads\/2025\/09\/1_banco-master-45658547-58910159-1.webp\",\"width\":1080,\"height\":565},{\"@type\":\"BreadcrumbList\",\"@id\":\"https:\/\/www.notibras.com\/site\/se-abrir-a-boca-daniel-tera-muita-companhia-gorda-na-cova-dos-leoes\/#breadcrumb\",\"itemListElement\":[{\"@type\":\"ListItem\",\"position\":1,\"name\":\"In\u00edcio\",\"item\":\"https:\/\/www.notibras.com\/site\/\"},{\"@type\":\"ListItem\",\"position\":2,\"name\":\"Se abrir a boca, Daniel ter\u00e1 muita companhia gorda na cova dos le\u00f5es\"}]},{\"@type\":\"WebSite\",\"@id\":\"https:\/\/www.notibras.com\/site\/#website\",\"url\":\"https:\/\/www.notibras.com\/site\/\",\"name\":\"Notibras\",\"description\":\"Not\u00edcias de Bras\u00edlia, do Brasil e do Mundo\",\"publisher\":{\"@id\":\"https:\/\/www.notibras.com\/site\/#organization\"},\"potentialAction\":[{\"@type\":\"SearchAction\",\"target\":{\"@type\":\"EntryPoint\",\"urlTemplate\":\"https:\/\/www.notibras.com\/site\/?s={search_term_string}\"},\"query-input\":{\"@type\":\"PropertyValueSpecification\",\"valueRequired\":true,\"valueName\":\"search_term_string\"}}],\"inLanguage\":\"pt-BR\"},{\"@type\":\"Organization\",\"@id\":\"https:\/\/www.notibras.com\/site\/#organization\",\"name\":\"Grupo Notibras de Comunica\u00e7\u00e3o\",\"url\":\"https:\/\/www.notibras.com\/site\/\",\"logo\":{\"@type\":\"ImageObject\",\"inLanguage\":\"pt-BR\",\"@id\":\"https:\/\/www.notibras.com\/site\/#\/schema\/logo\/image\/\",\"url\":\"https:\/\/www.notibras.com\/site\/wp-content\/uploads\/2023\/01\/notibras23.png\",\"contentUrl\":\"https:\/\/www.notibras.com\/site\/wp-content\/uploads\/2023\/01\/notibras23.png\",\"width\":350,\"height\":87,\"caption\":\"Grupo Notibras de Comunica\u00e7\u00e3o\"},\"image\":{\"@id\":\"https:\/\/www.notibras.com\/site\/#\/schema\/logo\/image\/\"},\"sameAs\":[\"https:\/\/www.facebook.com\/notibras\/\",\"https:\/\/x.com\/Notibras\",\"https:\/\/www.instagram.com\/notibras\/\"]},{\"@type\":\"Person\",\"@id\":\"https:\/\/www.notibras.com\/site\/#\/schema\/person\/36ab0979449956132d3e5b517ea76ac8\",\"name\":\"Reda\u00e7\u00e3o\",\"image\":{\"@type\":\"ImageObject\",\"inLanguage\":\"pt-BR\",\"@id\":\"https:\/\/secure.gravatar.com\/avatar\/e0a867bdedb85fd243eadf09663511f96fc81e0720a4a42581f334ad4303aa6b?s=96&d=mm&r=g\",\"url\":\"https:\/\/secure.gravatar.com\/avatar\/e0a867bdedb85fd243eadf09663511f96fc81e0720a4a42581f334ad4303aa6b?s=96&d=mm&r=g\",\"contentUrl\":\"https:\/\/secure.gravatar.com\/avatar\/e0a867bdedb85fd243eadf09663511f96fc81e0720a4a42581f334ad4303aa6b?s=96&d=mm&r=g\",\"caption\":\"Reda\u00e7\u00e3o\"}}]}<\/script>\n<!-- \/ Yoast SEO plugin. -->","yoast_head_json":{"title":"Se abrir a boca, Daniel ter\u00e1 muita companhia gorda na cova dos le\u00f5es - Notibras","robots":{"index":"index","follow":"follow","max-snippet":"max-snippet:-1","max-image-preview":"max-image-preview:large","max-video-preview":"max-video-preview:-1"},"canonical":"https:\/\/www.notibras.com\/site\/se-abrir-a-boca-daniel-tera-muita-companhia-gorda-na-cova-dos-leoes\/","og_locale":"pt_BR","og_type":"article","og_title":"Se abrir a boca, Daniel ter\u00e1 muita companhia gorda na cova dos le\u00f5es - Notibras","og_description":"H\u00e1 um sil\u00eancio curioso pairando sobre Bras\u00edlia, que n\u00e3o \u00e9 de paz nem de serenidade institucional. \u00c9 algo t\u00edpico de antessala de hospital quando algu\u00e9m importante entra no centro cir\u00fargico e metade dos parentes come\u00e7a a recalcular heran\u00e7as, amizades e vers\u00f5es. O nome da vez \u00e9 Vorcaro, homem de cofre largo, tr\u00e2nsito refinado e agenda [&hellip;]","og_url":"https:\/\/www.notibras.com\/site\/se-abrir-a-boca-daniel-tera-muita-companhia-gorda-na-cova-dos-leoes\/","og_site_name":"Notibras","article_publisher":"https:\/\/www.facebook.com\/notibras\/","article_published_time":"2026-03-14T10:13:07+00:00","article_modified_time":"2026-03-14T13:11:36+00:00","og_image":[{"width":1080,"height":565,"url":"https:\/\/www.notibras.com\/site\/wp-content\/uploads\/2025\/09\/1_banco-master-45658547-58910159-1.webp","type":"image\/webp"}],"author":"Reda\u00e7\u00e3o","twitter_card":"summary_large_image","twitter_creator":"@Notibras","twitter_site":"@Notibras","twitter_misc":{"Escrito por":"Reda\u00e7\u00e3o","Est. tempo de leitura":"3 minutos"},"schema":{"@context":"https:\/\/schema.org","@graph":[{"@type":"Article","@id":"https:\/\/www.notibras.com\/site\/se-abrir-a-boca-daniel-tera-muita-companhia-gorda-na-cova-dos-leoes\/#article","isPartOf":{"@id":"https:\/\/www.notibras.com\/site\/se-abrir-a-boca-daniel-tera-muita-companhia-gorda-na-cova-dos-leoes\/"},"author":{"name":"Reda\u00e7\u00e3o","@id":"https:\/\/www.notibras.com\/site\/#\/schema\/person\/36ab0979449956132d3e5b517ea76ac8"},"headline":"Se abrir a boca, Daniel ter\u00e1 muita companhia gorda na cova dos le\u00f5es","datePublished":"2026-03-14T10:13:07+00:00","dateModified":"2026-03-14T13:11:36+00:00","mainEntityOfPage":{"@id":"https:\/\/www.notibras.com\/site\/se-abrir-a-boca-daniel-tera-muita-companhia-gorda-na-cova-dos-leoes\/"},"wordCount":556,"publisher":{"@id":"https:\/\/www.notibras.com\/site\/#organization"},"image":{"@id":"https:\/\/www.notibras.com\/site\/se-abrir-a-boca-daniel-tera-muita-companhia-gorda-na-cova-dos-leoes\/#primaryimage"},"thumbnailUrl":"https:\/\/www.notibras.com\/site\/wp-content\/uploads\/2025\/09\/1_banco-master-45658547-58910159-1.webp","keywords":["capa"],"articleSection":["Brasil"],"inLanguage":"pt-BR"},{"@type":"WebPage","@id":"https:\/\/www.notibras.com\/site\/se-abrir-a-boca-daniel-tera-muita-companhia-gorda-na-cova-dos-leoes\/","url":"https:\/\/www.notibras.com\/site\/se-abrir-a-boca-daniel-tera-muita-companhia-gorda-na-cova-dos-leoes\/","name":"Se abrir a boca, Daniel ter\u00e1 muita companhia gorda na cova dos le\u00f5es - Notibras","isPartOf":{"@id":"https:\/\/www.notibras.com\/site\/#website"},"primaryImageOfPage":{"@id":"https:\/\/www.notibras.com\/site\/se-abrir-a-boca-daniel-tera-muita-companhia-gorda-na-cova-dos-leoes\/#primaryimage"},"image":{"@id":"https:\/\/www.notibras.com\/site\/se-abrir-a-boca-daniel-tera-muita-companhia-gorda-na-cova-dos-leoes\/#primaryimage"},"thumbnailUrl":"https:\/\/www.notibras.com\/site\/wp-content\/uploads\/2025\/09\/1_banco-master-45658547-58910159-1.webp","datePublished":"2026-03-14T10:13:07+00:00","dateModified":"2026-03-14T13:11:36+00:00","breadcrumb":{"@id":"https:\/\/www.notibras.com\/site\/se-abrir-a-boca-daniel-tera-muita-companhia-gorda-na-cova-dos-leoes\/#breadcrumb"},"inLanguage":"pt-BR","potentialAction":[{"@type":"ReadAction","target":["https:\/\/www.notibras.com\/site\/se-abrir-a-boca-daniel-tera-muita-companhia-gorda-na-cova-dos-leoes\/"]}]},{"@type":"ImageObject","inLanguage":"pt-BR","@id":"https:\/\/www.notibras.com\/site\/se-abrir-a-boca-daniel-tera-muita-companhia-gorda-na-cova-dos-leoes\/#primaryimage","url":"https:\/\/www.notibras.com\/site\/wp-content\/uploads\/2025\/09\/1_banco-master-45658547-58910159-1.webp","contentUrl":"https:\/\/www.notibras.com\/site\/wp-content\/uploads\/2025\/09\/1_banco-master-45658547-58910159-1.webp","width":1080,"height":565},{"@type":"BreadcrumbList","@id":"https:\/\/www.notibras.com\/site\/se-abrir-a-boca-daniel-tera-muita-companhia-gorda-na-cova-dos-leoes\/#breadcrumb","itemListElement":[{"@type":"ListItem","position":1,"name":"In\u00edcio","item":"https:\/\/www.notibras.com\/site\/"},{"@type":"ListItem","position":2,"name":"Se abrir a boca, Daniel ter\u00e1 muita companhia gorda na cova dos le\u00f5es"}]},{"@type":"WebSite","@id":"https:\/\/www.notibras.com\/site\/#website","url":"https:\/\/www.notibras.com\/site\/","name":"Notibras","description":"Not\u00edcias de Bras\u00edlia, do Brasil e do Mundo","publisher":{"@id":"https:\/\/www.notibras.com\/site\/#organization"},"potentialAction":[{"@type":"SearchAction","target":{"@type":"EntryPoint","urlTemplate":"https:\/\/www.notibras.com\/site\/?s={search_term_string}"},"query-input":{"@type":"PropertyValueSpecification","valueRequired":true,"valueName":"search_term_string"}}],"inLanguage":"pt-BR"},{"@type":"Organization","@id":"https:\/\/www.notibras.com\/site\/#organization","name":"Grupo Notibras de Comunica\u00e7\u00e3o","url":"https:\/\/www.notibras.com\/site\/","logo":{"@type":"ImageObject","inLanguage":"pt-BR","@id":"https:\/\/www.notibras.com\/site\/#\/schema\/logo\/image\/","url":"https:\/\/www.notibras.com\/site\/wp-content\/uploads\/2023\/01\/notibras23.png","contentUrl":"https:\/\/www.notibras.com\/site\/wp-content\/uploads\/2023\/01\/notibras23.png","width":350,"height":87,"caption":"Grupo Notibras de Comunica\u00e7\u00e3o"},"image":{"@id":"https:\/\/www.notibras.com\/site\/#\/schema\/logo\/image\/"},"sameAs":["https:\/\/www.facebook.com\/notibras\/","https:\/\/x.com\/Notibras","https:\/\/www.instagram.com\/notibras\/"]},{"@type":"Person","@id":"https:\/\/www.notibras.com\/site\/#\/schema\/person\/36ab0979449956132d3e5b517ea76ac8","name":"Reda\u00e7\u00e3o","image":{"@type":"ImageObject","inLanguage":"pt-BR","@id":"https:\/\/secure.gravatar.com\/avatar\/e0a867bdedb85fd243eadf09663511f96fc81e0720a4a42581f334ad4303aa6b?s=96&d=mm&r=g","url":"https:\/\/secure.gravatar.com\/avatar\/e0a867bdedb85fd243eadf09663511f96fc81e0720a4a42581f334ad4303aa6b?s=96&d=mm&r=g","contentUrl":"https:\/\/secure.gravatar.com\/avatar\/e0a867bdedb85fd243eadf09663511f96fc81e0720a4a42581f334ad4303aa6b?s=96&d=mm&r=g","caption":"Reda\u00e7\u00e3o"}}]}},"amp_enabled":true,"_links":{"self":[{"href":"https:\/\/www.notibras.com\/site\/wp-json\/wp\/v2\/posts\/386941","targetHints":{"allow":["GET"]}}],"collection":[{"href":"https:\/\/www.notibras.com\/site\/wp-json\/wp\/v2\/posts"}],"about":[{"href":"https:\/\/www.notibras.com\/site\/wp-json\/wp\/v2\/types\/post"}],"author":[{"embeddable":true,"href":"https:\/\/www.notibras.com\/site\/wp-json\/wp\/v2\/users\/2"}],"replies":[{"embeddable":true,"href":"https:\/\/www.notibras.com\/site\/wp-json\/wp\/v2\/comments?post=386941"}],"version-history":[{"count":6,"href":"https:\/\/www.notibras.com\/site\/wp-json\/wp\/v2\/posts\/386941\/revisions"}],"predecessor-version":[{"id":386994,"href":"https:\/\/www.notibras.com\/site\/wp-json\/wp\/v2\/posts\/386941\/revisions\/386994"}],"wp:featuredmedia":[{"embeddable":true,"href":"https:\/\/www.notibras.com\/site\/wp-json\/wp\/v2\/media\/363124"}],"wp:attachment":[{"href":"https:\/\/www.notibras.com\/site\/wp-json\/wp\/v2\/media?parent=386941"}],"wp:term":[{"taxonomy":"category","embeddable":true,"href":"https:\/\/www.notibras.com\/site\/wp-json\/wp\/v2\/categories?post=386941"},{"taxonomy":"post_tag","embeddable":true,"href":"https:\/\/www.notibras.com\/site\/wp-json\/wp\/v2\/tags?post=386941"}],"curies":[{"name":"wp","href":"https:\/\/api.w.org\/{rel}","templated":true}]}}